{"id":94608,"date":"2025-10-03T11:01:11","date_gmt":"2025-10-03T08:01:11","guid":{"rendered":"https:\/\/kibrisdakik.com\/index.php\/2025\/10\/03\/ayse-barim-hakkinda-yeniden-tutuklama-karari\/"},"modified":"2025-10-03T11:01:11","modified_gmt":"2025-10-03T08:01:11","slug":"ayse-barim-hakkinda-yeniden-tutuklama-karari","status":"publish","type":"post","link":"https:\/\/kibrisdakik.com\/?p=94608","title":{"rendered":"AY\u015eE BARIM HAKKINDA YEN\u0130DEN TUTUKLAMA KARARI"},"content":{"rendered":"<p><\/p>\n<div data-text-id=\"185666\" property=\"articleBody\">\n<p>\u0130stanbul 27. A\u011f\u0131r Ceza Mahkemesi, menajer Ay\u015fe Bar\u0131m\u2019\u0131n tahliyesine yap\u0131lan itiraz\u0131 kabul ederek, hakk\u0131nda yeniden tutuklama karar\u0131 verdi.<\/p>\n<p>Bar\u0131m, Gezi Park\u0131 olaylar\u0131nda baz\u0131 sanat\u00e7\u0131lar\u0131 eylemlere kat\u0131lmas\u0131 i\u00e7in y\u00f6nlendirdi\u011fi ve olaylar\u0131n planlay\u0131c\u0131lar\u0131ndan oldu\u011fu iddias\u0131yla yarg\u0131lan\u0131yor. Daha \u00f6nce 22 y\u0131l 6 aydan 30 y\u0131la kadar hapis cezas\u0131 talebiyle tutuklu olarak yarg\u0131lanan Bar\u0131m, ge\u00e7ti\u011fimiz g\u00fcnlerde tahliye edilmi\u015fti.<\/p>\n<p>Duru\u015fma savc\u0131s\u0131n\u0131n tahliyeye yapt\u0131\u011f\u0131 itiraz, \u0130stanbul 26. A\u011f\u0131r Ceza Mahkemesi taraf\u0131ndan reddedilmi\u015f ve dosya \u0130stanbul 27. A\u011f\u0131r Ceza Mahkemesi\u2019ne g\u00f6nderilmi\u015fti. \u00dcst mahkeme, itiraz\u0131 kabul ederek Bar\u0131m hakk\u0131nda yeniden tutuklama karar\u0131 verdi.<\/p>\n<\/p><\/div>\n","protected":false},"excerpt":{"rendered":"<p>\u0130stanbul 27. A\u011f\u0131r Ceza Mahkemesi, menajer Ay\u015fe Bar\u0131m\u2019\u0131n tahliyesine yap\u0131lan itiraz\u0131 kabul ederek, hakk\u0131nda yeniden tutuklama karar\u0131 verdi. Bar\u0131m, Gezi Park\u0131 olaylar\u0131nda baz\u0131 sanat\u00e7\u0131lar\u0131 eylemlere kat\u0131lmas\u0131 i\u00e7in y\u00f6nlendirdi\u011fi ve olaylar\u0131n planlay\u0131c\u0131lar\u0131ndan oldu\u011fu iddias\u0131yla yarg\u0131lan\u0131yor. Daha \u00f6nce 22 y\u0131l 6 aydan 30 y\u0131la kadar hapis cezas\u0131 talebiyle tutuklu olarak yarg\u0131lanan Bar\u0131m, ge\u00e7ti\u011fimiz g\u00fcnlerde tahliye edilmi\u015fti. Duru\u015fma<\/p>\n","protected":false},"author":1,"featured_media":94609,"comment_status":"open","ping_status":"open","sticky":false,"template":"","format":"standard","meta":{"footnotes":""},"categories":[81],"tags":[],"class_list":["post-94608","post","type-post","status-publish","format-standard","has-post-thumbnail","hentry","category-kibris"],"yoast_head":"<!-- This site is optimized with the Yoast SEO plugin v27.5 - https:\/\/yoast.com\/product\/yoast-seo-wordpress\/ -->\n<title>AY\u015eE BARIM HAKKINDA YEN\u0130DEN TUTUKLAMA KARARI -<\/title>\n<meta name=\"robots\" content=\"index, follow, max-snippet:-1, max-image-preview:large, max-video-preview:-1\" \/>\n<link rel=\"canonical\" href=\"https:\/\/kibrisdakik.com\/?p=94608\" \/>\n<meta property=\"og:locale\" content=\"tr_TR\" \/>\n<meta property=\"og:type\" content=\"article\" \/>\n<meta property=\"og:title\" content=\"AY\u015eE BARIM HAKKINDA YEN\u0130DEN TUTUKLAMA KARARI -\" \/>\n<meta property=\"og:description\" content=\"\u0130stanbul 27. A\u011f\u0131r Ceza Mahkemesi, menajer Ay\u015fe Bar\u0131m\u2019\u0131n tahliyesine yap\u0131lan itiraz\u0131 kabul ederek, hakk\u0131nda yeniden tutuklama karar\u0131 verdi. Bar\u0131m, Gezi Park\u0131 olaylar\u0131nda baz\u0131 sanat\u00e7\u0131lar\u0131 eylemlere kat\u0131lmas\u0131 i\u00e7in y\u00f6nlendirdi\u011fi ve olaylar\u0131n planlay\u0131c\u0131lar\u0131ndan oldu\u011fu iddias\u0131yla yarg\u0131lan\u0131yor. Daha \u00f6nce 22 y\u0131l 6 aydan 30 y\u0131la kadar hapis cezas\u0131 talebiyle tutuklu olarak yarg\u0131lanan Bar\u0131m, ge\u00e7ti\u011fimiz g\u00fcnlerde tahliye edilmi\u015fti. Duru\u015fma\" \/>\n<meta property=\"og:url\" content=\"https:\/\/kibrisdakik.com\/?p=94608\" \/>\n<meta property=\"article:published_time\" content=\"2025-10-03T08:01:11+00:00\" \/>\n<meta property=\"og:image\" content=\"https:\/\/kibrisdakik.com\/wp-content\/uploads\/2025\/10\/mha-1275.png\" \/>\n\t<meta property=\"og:image:width\" content=\"1280\" \/>\n\t<meta property=\"og:image:height\" content=\"720\" \/>\n\t<meta property=\"og:image:type\" content=\"image\/png\" \/>\n<meta name=\"author\" content=\"admin\" \/>\n<meta name=\"twitter:card\" content=\"summary_large_image\" \/>\n<meta name=\"twitter:label1\" content=\"Yazan:\" \/>\n\t<meta name=\"twitter:data1\" content=\"admin\" \/>\n\t<meta name=\"twitter:label2\" content=\"Tahmini okuma s\u00fcresi\" \/>\n\t<meta name=\"twitter:data2\" content=\"1 dakika\" \/>\n<script type=\"application\/ld+json\" class=\"yoast-schema-graph\">{\"@context\":\"https:\\\/\\\/schema.org\",\"@graph\":[{\"@type\":\"Article\",\"@id\":\"https:\\\/\\\/kibrisdakik.com\\\/?p=94608#article\",\"isPartOf\":{\"@id\":\"https:\\\/\\\/kibrisdakik.com\\\/?p=94608\"},\"author\":{\"name\":\"admin\",\"@id\":\"https:\\\/\\\/kibrisdakik.com\\\/#\\\/schema\\\/person\\\/9cd9d437bbb44f72b73ba127e06d8e79\"},\"headline\":\"AY\u015eE BARIM HAKKINDA YEN\u0130DEN TUTUKLAMA KARARI\",\"datePublished\":\"2025-10-03T08:01:11+00:00\",\"mainEntityOfPage\":{\"@id\":\"https:\\\/\\\/kibrisdakik.com\\\/?p=94608\"},\"wordCount\":128,\"commentCount\":0,\"image\":{\"@id\":\"https:\\\/\\\/kibrisdakik.com\\\/?p=94608#primaryimage\"},\"thumbnailUrl\":\"https:\\\/\\\/kibrisdakik.com\\\/wp-content\\\/uploads\\\/2025\\\/10\\\/mha-1275.png\",\"articleSection\":[\"K\u0131br\u0131s\"],\"inLanguage\":\"tr\",\"potentialAction\":[{\"@type\":\"CommentAction\",\"name\":\"Comment\",\"target\":[\"https:\\\/\\\/kibrisdakik.com\\\/?p=94608#respond\"]}]},{\"@type\":\"WebPage\",\"@id\":\"https:\\\/\\\/kibrisdakik.com\\\/?p=94608\",\"url\":\"https:\\\/\\\/kibrisdakik.com\\\/?p=94608\",\"name\":\"AY\u015eE BARIM HAKKINDA YEN\u0130DEN TUTUKLAMA KARARI -\",\"isPartOf\":{\"@id\":\"https:\\\/\\\/kibrisdakik.com\\\/#website\"},\"primaryImageOfPage\":{\"@id\":\"https:\\\/\\\/kibrisdakik.com\\\/?p=94608#primaryimage\"},\"image\":{\"@id\":\"https:\\\/\\\/kibrisdakik.com\\\/?p=94608#primaryimage\"},\"thumbnailUrl\":\"https:\\\/\\\/kibrisdakik.com\\\/wp-content\\\/uploads\\\/2025\\\/10\\\/mha-1275.png\",\"datePublished\":\"2025-10-03T08:01:11+00:00\",\"author\":{\"@id\":\"https:\\\/\\\/kibrisdakik.com\\\/#\\\/schema\\\/person\\\/9cd9d437bbb44f72b73ba127e06d8e79\"},\"breadcrumb\":{\"@id\":\"https:\\\/\\\/kibrisdakik.com\\\/?p=94608#breadcrumb\"},\"inLanguage\":\"tr\",\"potentialAction\":[{\"@type\":\"ReadAction\",\"target\":[\"https:\\\/\\\/kibrisdakik.com\\\/?p=94608\"]}]},{\"@type\":\"ImageObject\",\"inLanguage\":\"tr\",\"@id\":\"https:\\\/\\\/kibrisdakik.com\\\/?p=94608#primaryimage\",\"url\":\"https:\\\/\\\/kibrisdakik.com\\\/wp-content\\\/uploads\\\/2025\\\/10\\\/mha-1275.png\",\"contentUrl\":\"https:\\\/\\\/kibrisdakik.com\\\/wp-content\\\/uploads\\\/2025\\\/10\\\/mha-1275.png\",\"width\":1280,\"height\":720},{\"@type\":\"BreadcrumbList\",\"@id\":\"https:\\\/\\\/kibrisdakik.com\\\/?p=94608#breadcrumb\",\"itemListElement\":[{\"@type\":\"ListItem\",\"position\":1,\"name\":\"Home\",\"item\":\"https:\\\/\\\/kibrisdakik.com\\\/\"},{\"@type\":\"ListItem\",\"position\":2,\"name\":\"AY\u015eE BARIM HAKKINDA YEN\u0130DEN TUTUKLAMA KARARI\"}]},{\"@type\":\"WebSite\",\"@id\":\"https:\\\/\\\/kibrisdakik.com\\\/#website\",\"url\":\"https:\\\/\\\/kibrisdakik.com\\\/\",\"name\":\"\",\"description\":\"Tam vaktinde haber\",\"potentialAction\":[{\"@type\":\"SearchAction\",\"target\":{\"@type\":\"EntryPoint\",\"urlTemplate\":\"https:\\\/\\\/kibrisdakik.com\\\/?s={search_term_string}\"},\"query-input\":{\"@type\":\"PropertyValueSpecification\",\"valueRequired\":true,\"valueName\":\"search_term_string\"}}],\"inLanguage\":\"tr\"},{\"@type\":\"Person\",\"@id\":\"https:\\\/\\\/kibrisdakik.com\\\/#\\\/schema\\\/person\\\/9cd9d437bbb44f72b73ba127e06d8e79\",\"name\":\"admin\",\"image\":{\"@type\":\"ImageObject\",\"inLanguage\":\"tr\",\"@id\":\"https:\\\/\\\/secure.gravatar.com\\\/avatar\\\/ccc17943b9d660506c869530f897617f7cb1c21a4bf30023f252596d83e1f007?s=96&d=mm&r=g\",\"url\":\"https:\\\/\\\/secure.gravatar.com\\\/avatar\\\/ccc17943b9d660506c869530f897617f7cb1c21a4bf30023f252596d83e1f007?s=96&d=mm&r=g\",\"contentUrl\":\"https:\\\/\\\/secure.gravatar.com\\\/avatar\\\/ccc17943b9d660506c869530f897617f7cb1c21a4bf30023f252596d83e1f007?s=96&d=mm&r=g\",\"caption\":\"admin\"},\"sameAs\":[\"https:\\\/\\\/kibrisdakik.com\"],\"url\":\"https:\\\/\\\/kibrisdakik.com\\\/?author=1\"}]}<\/script>\n<!-- \/ Yoast SEO plugin. -->","yoast_head_json":{"title":"AY\u015eE BARIM HAKKINDA YEN\u0130DEN TUTUKLAMA KARARI -","robots":{"index":"index","follow":"follow","max-snippet":"max-snippet:-1","max-image-preview":"max-image-preview:large","max-video-preview":"max-video-preview:-1"},"canonical":"https:\/\/kibrisdakik.com\/?p=94608","og_locale":"tr_TR","og_type":"article","og_title":"AY\u015eE BARIM HAKKINDA YEN\u0130DEN TUTUKLAMA KARARI -","og_description":"\u0130stanbul 27. A\u011f\u0131r Ceza Mahkemesi, menajer Ay\u015fe Bar\u0131m\u2019\u0131n tahliyesine yap\u0131lan itiraz\u0131 kabul ederek, hakk\u0131nda yeniden tutuklama karar\u0131 verdi. Bar\u0131m, Gezi Park\u0131 olaylar\u0131nda baz\u0131 sanat\u00e7\u0131lar\u0131 eylemlere kat\u0131lmas\u0131 i\u00e7in y\u00f6nlendirdi\u011fi ve olaylar\u0131n planlay\u0131c\u0131lar\u0131ndan oldu\u011fu iddias\u0131yla yarg\u0131lan\u0131yor. Daha \u00f6nce 22 y\u0131l 6 aydan 30 y\u0131la kadar hapis cezas\u0131 talebiyle tutuklu olarak yarg\u0131lanan Bar\u0131m, ge\u00e7ti\u011fimiz g\u00fcnlerde tahliye edilmi\u015fti. Duru\u015fma","og_url":"https:\/\/kibrisdakik.com\/?p=94608","article_published_time":"2025-10-03T08:01:11+00:00","og_image":[{"width":1280,"height":720,"url":"https:\/\/kibrisdakik.com\/wp-content\/uploads\/2025\/10\/mha-1275.png","type":"image\/png"}],"author":"admin","twitter_card":"summary_large_image","twitter_misc":{"Yazan:":"admin","Tahmini okuma s\u00fcresi":"1 dakika"},"schema":{"@context":"https:\/\/schema.org","@graph":[{"@type":"Article","@id":"https:\/\/kibrisdakik.com\/?p=94608#article","isPartOf":{"@id":"https:\/\/kibrisdakik.com\/?p=94608"},"author":{"name":"admin","@id":"https:\/\/kibrisdakik.com\/#\/schema\/person\/9cd9d437bbb44f72b73ba127e06d8e79"},"headline":"AY\u015eE BARIM HAKKINDA YEN\u0130DEN TUTUKLAMA KARARI","datePublished":"2025-10-03T08:01:11+00:00","mainEntityOfPage":{"@id":"https:\/\/kibrisdakik.com\/?p=94608"},"wordCount":128,"commentCount":0,"image":{"@id":"https:\/\/kibrisdakik.com\/?p=94608#primaryimage"},"thumbnailUrl":"https:\/\/kibrisdakik.com\/wp-content\/uploads\/2025\/10\/mha-1275.png","articleSection":["K\u0131br\u0131s"],"inLanguage":"tr","potentialAction":[{"@type":"CommentAction","name":"Comment","target":["https:\/\/kibrisdakik.com\/?p=94608#respond"]}]},{"@type":"WebPage","@id":"https:\/\/kibrisdakik.com\/?p=94608","url":"https:\/\/kibrisdakik.com\/?p=94608","name":"AY\u015eE BARIM HAKKINDA YEN\u0130DEN TUTUKLAMA KARARI -","isPartOf":{"@id":"https:\/\/kibrisdakik.com\/#website"},"primaryImageOfPage":{"@id":"https:\/\/kibrisdakik.com\/?p=94608#primaryimage"},"image":{"@id":"https:\/\/kibrisdakik.com\/?p=94608#primaryimage"},"thumbnailUrl":"https:\/\/kibrisdakik.com\/wp-content\/uploads\/2025\/10\/mha-1275.png","datePublished":"2025-10-03T08:01:11+00:00","author":{"@id":"https:\/\/kibrisdakik.com\/#\/schema\/person\/9cd9d437bbb44f72b73ba127e06d8e79"},"breadcrumb":{"@id":"https:\/\/kibrisdakik.com\/?p=94608#breadcrumb"},"inLanguage":"tr","potentialAction":[{"@type":"ReadAction","target":["https:\/\/kibrisdakik.com\/?p=94608"]}]},{"@type":"ImageObject","inLanguage":"tr","@id":"https:\/\/kibrisdakik.com\/?p=94608#primaryimage","url":"https:\/\/kibrisdakik.com\/wp-content\/uploads\/2025\/10\/mha-1275.png","contentUrl":"https:\/\/kibrisdakik.com\/wp-content\/uploads\/2025\/10\/mha-1275.png","width":1280,"height":720},{"@type":"BreadcrumbList","@id":"https:\/\/kibrisdakik.com\/?p=94608#breadcrumb","itemListElement":[{"@type":"ListItem","position":1,"name":"Home","item":"https:\/\/kibrisdakik.com\/"},{"@type":"ListItem","position":2,"name":"AY\u015eE BARIM HAKKINDA YEN\u0130DEN TUTUKLAMA KARARI"}]},{"@type":"WebSite","@id":"https:\/\/kibrisdakik.com\/#website","url":"https:\/\/kibrisdakik.com\/","name":"","description":"Tam vaktinde haber","potentialAction":[{"@type":"SearchAction","target":{"@type":"EntryPoint","urlTemplate":"https:\/\/kibrisdakik.com\/?s={search_term_string}"},"query-input":{"@type":"PropertyValueSpecification","valueRequired":true,"valueName":"search_term_string"}}],"inLanguage":"tr"},{"@type":"Person","@id":"https:\/\/kibrisdakik.com\/#\/schema\/person\/9cd9d437bbb44f72b73ba127e06d8e79","name":"admin","image":{"@type":"ImageObject","inLanguage":"tr","@id":"https:\/\/secure.gravatar.com\/avatar\/ccc17943b9d660506c869530f897617f7cb1c21a4bf30023f252596d83e1f007?s=96&d=mm&r=g","url":"https:\/\/secure.gravatar.com\/avatar\/ccc17943b9d660506c869530f897617f7cb1c21a4bf30023f252596d83e1f007?s=96&d=mm&r=g","contentUrl":"https:\/\/secure.gravatar.com\/avatar\/ccc17943b9d660506c869530f897617f7cb1c21a4bf30023f252596d83e1f007?s=96&d=mm&r=g","caption":"admin"},"sameAs":["https:\/\/kibrisdakik.com"],"url":"https:\/\/kibrisdakik.com\/?author=1"}]}},"_links":{"self":[{"href":"https:\/\/kibrisdakik.com\/index.php?rest_route=\/wp\/v2\/posts\/94608","targetHints":{"allow":["GET"]}}],"collection":[{"href":"https:\/\/kibrisdakik.com\/index.php?rest_route=\/wp\/v2\/posts"}],"about":[{"href":"https:\/\/kibrisdakik.com\/index.php?rest_route=\/wp\/v2\/types\/post"}],"author":[{"embeddable":true,"href":"https:\/\/kibrisdakik.com\/index.php?rest_route=\/wp\/v2\/users\/1"}],"replies":[{"embeddable":true,"href":"https:\/\/kibrisdakik.com\/index.php?rest_route=%2Fwp%2Fv2%2Fcomments&post=94608"}],"version-history":[{"count":0,"href":"https:\/\/kibrisdakik.com\/index.php?rest_route=\/wp\/v2\/posts\/94608\/revisions"}],"wp:featuredmedia":[{"embeddable":true,"href":"https:\/\/kibrisdakik.com\/index.php?rest_route=\/wp\/v2\/media\/94609"}],"wp:attachment":[{"href":"https:\/\/kibrisdakik.com\/index.php?rest_route=%2Fwp%2Fv2%2Fmedia&parent=94608"}],"wp:term":[{"taxonomy":"category","embeddable":true,"href":"https:\/\/kibrisdakik.com\/index.php?rest_route=%2Fwp%2Fv2%2Fcategories&post=94608"},{"taxonomy":"post_tag","embeddable":true,"href":"https:\/\/kibrisdakik.com\/index.php?rest_route=%2Fwp%2Fv2%2Ftags&post=94608"}],"curies":[{"name":"wp","href":"https:\/\/api.w.org\/{rel}","templated":true}]}}