{"id":9462,"date":"2023-06-26T17:20:24","date_gmt":"2023-06-26T17:20:24","guid":{"rendered":"https:\/\/kibrisdakik.com\/index.php\/2023\/06\/26\/tuglubazi-yerel-basin-organlarinda-cikan-bafra-halk-plajina-lagim-suyu-aktigi-iddialarina-aciklik-getirdi\/"},"modified":"2023-06-26T17:20:24","modified_gmt":"2023-06-26T17:20:24","slug":"tuglubazi-yerel-basin-organlarinda-cikan-bafra-halk-plajina-lagim-suyu-aktigi-iddialarina-aciklik-getirdi","status":"publish","type":"post","link":"https:\/\/kibrisdakik.com\/?p=9462","title":{"rendered":"Tu\u011flu,baz\u0131 yerel bas\u0131n organlar\u0131nda \u00e7\u0131kan Bafra Halk Plaj\u0131\u2019na la\u011f\u0131m suyu akt\u0131\u011f\u0131 iddialar\u0131na a\u00e7\u0131kl\u0131k getirdi"},"content":{"rendered":"<p><\/p>\n<div>\n<div class=\"mariselle-image-container center\">\n                <img width=\"2560\" height=\"1438\" class=\"lazy-image\" alt=\"\" decoding=\"async\" loading=\"lazy\" sizes=\"auto, (max-width: 2560px) 100vw, 2560px\" src=\"https:\/\/brtk.net\/wp-content\/uploads\/2023\/06\/26\/ririrj-scaled.jpg?ver=c84f0762681276131f26fc75d912af6d\" srcset=\"https:\/\/brtk.net\/wp-content\/uploads\/2023\/06\/26\/ririrj-scaled.jpg?ver=c84f0762681276131f26fc75d912af6d 2560w, https:\/\/brtk.net\/wp-content\/uploads\/2023\/06\/26\/ririrj-300x169.jpg?ver=c84f0762681276131f26fc75d912af6d 300w, https:\/\/brtk.net\/wp-content\/uploads\/2023\/06\/26\/ririrj-1024x575.jpg?ver=2c12f090ac125530f1bc674d5671eb4b 1024w, https:\/\/brtk.net\/wp-content\/uploads\/2023\/06\/26\/ririrj-768x431.jpg?ver=e26ea27c01c92e2376acd6ee5bcf2e63 768w, https:\/\/brtk.net\/wp-content\/uploads\/2023\/06\/26\/ririrj-1536x863.jpg?ver=e26ea27c01c92e2376acd6ee5bcf2e63 1536w, https:\/\/brtk.net\/wp-content\/uploads\/2023\/06\/26\/ririrj-2048x1150.jpg?ver=053a2f948617fc2f3eb10633298b84e4 2048w\"\/>                            <\/div>\n<p>Mehmet\u00e7ik B\u00fcy\u00fckkonuk Belediye Ba\u015fkan\u0131 Dr. Fatma \u00c7imen Tu\u011flu d\u00fczenledi\u011fi bas\u0131n toplant\u0131s\u0131 ile baz\u0131 yerel bas\u0131n organlar\u0131nda \u00e7\u0131kan Bafra Halk Plaj\u0131\u2019na la\u011f\u0131m suyu akt\u0131\u011f\u0131 iddialar\u0131na a\u00e7\u0131kl\u0131k getirdi.<\/p>\n<p>Temel Sa\u011fl\u0131k Hizmetleri Dairesi M\u00fcfetti\u015fi \u0130brahim K\u00f6ro\u011flu, yosunlar\u0131n, ar\u0131tma tesisinin ta\u015fmas\u0131 sonucu dereye akan la\u011f\u0131m suyu olarak lanse edilmesinin do\u011fru olmad\u0131\u011f\u0131n\u0131 belirtti.<\/p>\n<p>Sa\u011fl\u0131k bakanl\u0131\u011f\u0131n\u0131n her ay b\u00fct\u00fcn denizlerden numune ald\u0131\u011f\u0131n\u0131 ifade eden K\u00f6ro\u011flu, s\u00f6z konusu b\u00f6lgedeki deniz suyu tahlillerinin 14 Haziran da yap\u0131ld\u0131\u011f\u0131n\u0131 ve sonu\u00e7lar\u0131n da temiz \u00e7\u0131kt\u0131\u011f\u0131n\u0131 kaydetti.<\/p>\n<p>Mehmet\u00e7ik B\u00fcy\u00fckkonuk Belediye Ba\u015fkan\u0131 Fatma \u00c7imen Tu\u011flu da yap\u0131lan haberlerinin art niyetli oldu\u011funu belirterek, Bafra Halk plaj\u0131n\u0131n kendileri ve b\u00f6lge i\u00e7in \u00e7ok \u00f6nemli oldu\u011funu vurgulad\u0131.<\/p>\n<p>B\u00f6lgedeki lag\u00fcn sorunuyla ilgili olarak \u015eubat ay\u0131ndan itibaren temizlik \u00e7al\u0131\u015fmas\u0131n\u0131n y\u00fcr\u00fct\u00fcld\u00fc\u011f\u00fcn\u00fc an\u0131msatan Tu\u011flu, s\u0131caklar\u0131n artmas\u0131 ve Mehmet\u00e7ik g\u00f6letindeki su seviyesinin azalmas\u0131yla birlikte g\u00f6lette yosunla\u015fma oldu\u011funu belirtti.<\/p>\n<p>Yosunla\u015fmay\u0131 zaman zaman temizlediklerini ifade eden Tu\u011flu, dura\u011fan bir g\u00f6let olan Mehmet\u00e7ik g\u00f6letinin \u00fczerindeki tabakan\u0131n; kirlikten de\u011fil yosunla\u015fmadan kaynakland\u0131\u011f\u0131n\u0131 vurgulad\u0131.<\/p>\n<p>Tu\u011flu, 14 Haziran tarihinde al\u0131nan ve 22 Haziranda sonu\u00e7lar\u0131 \u00e7\u0131kan numunelere g\u00f6re Bafra\u2019dan Karpaz\u2019a kadar olan t\u00fcm sahillerin temiz oldu\u011funu vurgulayarak yap\u0131lan yalan haberlerle ilgili yasal s\u00fcreci ba\u015flatt\u0131\u011f\u0131n\u0131 s\u00f6zlerine ekledi.<\/p>\n<p><a href=\"https:\/\/brtk.net\/\">BRT<\/a><\/p>\n<\/p><\/div>\n<p><script async\n                    defer\n                    crossorigin=\"anonymous\"\n                    src=\"https:\/\/connect.facebook.net\/tr_TR\/sdk.js#xfbml=1&#038;version=v3.3\"\n            ><\/script><\/p>\n","protected":false},"excerpt":{"rendered":"<p>Mehmet\u00e7ik B\u00fcy\u00fckkonuk Belediye Ba\u015fkan\u0131 Dr. Fatma \u00c7imen Tu\u011flu d\u00fczenledi\u011fi bas\u0131n toplant\u0131s\u0131 ile baz\u0131 yerel bas\u0131n organlar\u0131nda \u00e7\u0131kan Bafra Halk Plaj\u0131\u2019na la\u011f\u0131m suyu akt\u0131\u011f\u0131 iddialar\u0131na a\u00e7\u0131kl\u0131k getirdi. Temel Sa\u011fl\u0131k Hizmetleri Dairesi M\u00fcfetti\u015fi \u0130brahim K\u00f6ro\u011flu, yosunlar\u0131n, ar\u0131tma tesisinin ta\u015fmas\u0131 sonucu dereye akan la\u011f\u0131m suyu olarak lanse edilmesinin do\u011fru olmad\u0131\u011f\u0131n\u0131 belirtti. Sa\u011fl\u0131k bakanl\u0131\u011f\u0131n\u0131n her ay b\u00fct\u00fcn denizlerden numune<\/p>\n","protected":false},"author":1,"featured_media":9463,"comment_status":"open","ping_status":"open","sticky":false,"template":"","format":"standard","meta":{"footnotes":""},"categories":[1],"tags":[],"class_list":["post-9462","post","type-post","status-publish","format-standard","has-post-thumbnail","hentry","category-gundem"],"yoast_head":"<!-- This site is optimized with the Yoast SEO plugin v27.4 - https:\/\/yoast.com\/product\/yoast-seo-wordpress\/ -->\n<title>Tu\u011flu,baz\u0131 yerel bas\u0131n organlar\u0131nda \u00e7\u0131kan Bafra Halk Plaj\u0131\u2019na la\u011f\u0131m suyu akt\u0131\u011f\u0131 iddialar\u0131na a\u00e7\u0131kl\u0131k getirdi -<\/title>\n<meta name=\"robots\" content=\"index, follow, max-snippet:-1, max-image-preview:large, max-video-preview:-1\" \/>\n<link rel=\"canonical\" href=\"https:\/\/kibrisdakik.com\/?p=9462\" \/>\n<meta property=\"og:locale\" content=\"tr_TR\" \/>\n<meta property=\"og:type\" content=\"article\" \/>\n<meta property=\"og:title\" content=\"Tu\u011flu,baz\u0131 yerel bas\u0131n organlar\u0131nda \u00e7\u0131kan Bafra Halk Plaj\u0131\u2019na la\u011f\u0131m suyu akt\u0131\u011f\u0131 iddialar\u0131na a\u00e7\u0131kl\u0131k getirdi -\" \/>\n<meta property=\"og:description\" content=\"Mehmet\u00e7ik B\u00fcy\u00fckkonuk Belediye Ba\u015fkan\u0131 Dr. Fatma \u00c7imen Tu\u011flu d\u00fczenledi\u011fi bas\u0131n toplant\u0131s\u0131 ile baz\u0131 yerel bas\u0131n organlar\u0131nda \u00e7\u0131kan Bafra Halk Plaj\u0131\u2019na la\u011f\u0131m suyu akt\u0131\u011f\u0131 iddialar\u0131na a\u00e7\u0131kl\u0131k getirdi. Temel Sa\u011fl\u0131k Hizmetleri Dairesi M\u00fcfetti\u015fi \u0130brahim K\u00f6ro\u011flu, yosunlar\u0131n, ar\u0131tma tesisinin ta\u015fmas\u0131 sonucu dereye akan la\u011f\u0131m suyu olarak lanse edilmesinin do\u011fru olmad\u0131\u011f\u0131n\u0131 belirtti. Sa\u011fl\u0131k bakanl\u0131\u011f\u0131n\u0131n her ay b\u00fct\u00fcn denizlerden numune\" \/>\n<meta property=\"og:url\" content=\"https:\/\/kibrisdakik.com\/?p=9462\" \/>\n<meta property=\"article:published_time\" content=\"2023-06-26T17:20:24+00:00\" \/>\n<meta property=\"og:image\" content=\"https:\/\/kibrisdakik.com\/wp-content\/uploads\/2023\/06\/ririrj-scaled-740x420.jpg\" \/>\n\t<meta property=\"og:image:width\" content=\"2560\" \/>\n\t<meta property=\"og:image:height\" content=\"1438\" \/>\n\t<meta property=\"og:image:type\" content=\"image\/jpeg\" \/>\n<meta name=\"author\" content=\"admin\" \/>\n<meta name=\"twitter:card\" content=\"summary_large_image\" \/>\n<meta name=\"twitter:label1\" content=\"Yazan:\" \/>\n\t<meta name=\"twitter:data1\" content=\"admin\" \/>\n\t<meta name=\"twitter:label2\" content=\"Tahmini okuma s\u00fcresi\" \/>\n\t<meta name=\"twitter:data2\" content=\"1 dakika\" \/>\n<script type=\"application\/ld+json\" class=\"yoast-schema-graph\">{\"@context\":\"https:\\\/\\\/schema.org\",\"@graph\":[{\"@type\":\"Article\",\"@id\":\"https:\\\/\\\/kibrisdakik.com\\\/?p=9462#article\",\"isPartOf\":{\"@id\":\"https:\\\/\\\/kibrisdakik.com\\\/?p=9462\"},\"author\":{\"name\":\"admin\",\"@id\":\"https:\\\/\\\/kibrisdakik.com\\\/#\\\/schema\\\/person\\\/9cd9d437bbb44f72b73ba127e06d8e79\"},\"headline\":\"Tu\u011flu,baz\u0131 yerel bas\u0131n organlar\u0131nda \u00e7\u0131kan Bafra Halk Plaj\u0131\u2019na la\u011f\u0131m suyu akt\u0131\u011f\u0131 iddialar\u0131na a\u00e7\u0131kl\u0131k getirdi\",\"datePublished\":\"2023-06-26T17:20:24+00:00\",\"mainEntityOfPage\":{\"@id\":\"https:\\\/\\\/kibrisdakik.com\\\/?p=9462\"},\"wordCount\":296,\"commentCount\":0,\"image\":{\"@id\":\"https:\\\/\\\/kibrisdakik.com\\\/?p=9462#primaryimage\"},\"thumbnailUrl\":\"https:\\\/\\\/kibrisdakik.com\\\/wp-content\\\/uploads\\\/2023\\\/06\\\/ririrj-scaled-740x420.jpg\",\"articleSection\":[\"G\u00fcndem\"],\"inLanguage\":\"tr\",\"potentialAction\":[{\"@type\":\"CommentAction\",\"name\":\"Comment\",\"target\":[\"https:\\\/\\\/kibrisdakik.com\\\/?p=9462#respond\"]}]},{\"@type\":\"WebPage\",\"@id\":\"https:\\\/\\\/kibrisdakik.com\\\/?p=9462\",\"url\":\"https:\\\/\\\/kibrisdakik.com\\\/?p=9462\",\"name\":\"Tu\u011flu,baz\u0131 yerel bas\u0131n organlar\u0131nda \u00e7\u0131kan Bafra Halk Plaj\u0131\u2019na la\u011f\u0131m suyu akt\u0131\u011f\u0131 iddialar\u0131na a\u00e7\u0131kl\u0131k getirdi -\",\"isPartOf\":{\"@id\":\"https:\\\/\\\/kibrisdakik.com\\\/#website\"},\"primaryImageOfPage\":{\"@id\":\"https:\\\/\\\/kibrisdakik.com\\\/?p=9462#primaryimage\"},\"image\":{\"@id\":\"https:\\\/\\\/kibrisdakik.com\\\/?p=9462#primaryimage\"},\"thumbnailUrl\":\"https:\\\/\\\/kibrisdakik.com\\\/wp-content\\\/uploads\\\/2023\\\/06\\\/ririrj-scaled-740x420.jpg\",\"datePublished\":\"2023-06-26T17:20:24+00:00\",\"author\":{\"@id\":\"https:\\\/\\\/kibrisdakik.com\\\/#\\\/schema\\\/person\\\/9cd9d437bbb44f72b73ba127e06d8e79\"},\"breadcrumb\":{\"@id\":\"https:\\\/\\\/kibrisdakik.com\\\/?p=9462#breadcrumb\"},\"inLanguage\":\"tr\",\"potentialAction\":[{\"@type\":\"ReadAction\",\"target\":[\"https:\\\/\\\/kibrisdakik.com\\\/?p=9462\"]}]},{\"@type\":\"ImageObject\",\"inLanguage\":\"tr\",\"@id\":\"https:\\\/\\\/kibrisdakik.com\\\/?p=9462#primaryimage\",\"url\":\"https:\\\/\\\/kibrisdakik.com\\\/wp-content\\\/uploads\\\/2023\\\/06\\\/ririrj-scaled-740x420.jpg\",\"contentUrl\":\"https:\\\/\\\/kibrisdakik.com\\\/wp-content\\\/uploads\\\/2023\\\/06\\\/ririrj-scaled-740x420.jpg\",\"width\":2560,\"height\":1438},{\"@type\":\"BreadcrumbList\",\"@id\":\"https:\\\/\\\/kibrisdakik.com\\\/?p=9462#breadcrumb\",\"itemListElement\":[{\"@type\":\"ListItem\",\"position\":1,\"name\":\"Home\",\"item\":\"https:\\\/\\\/kibrisdakik.com\\\/\"},{\"@type\":\"ListItem\",\"position\":2,\"name\":\"Tu\u011flu,baz\u0131 yerel bas\u0131n organlar\u0131nda \u00e7\u0131kan Bafra Halk Plaj\u0131\u2019na la\u011f\u0131m suyu akt\u0131\u011f\u0131 iddialar\u0131na a\u00e7\u0131kl\u0131k getirdi\"}]},{\"@type\":\"WebSite\",\"@id\":\"https:\\\/\\\/kibrisdakik.com\\\/#website\",\"url\":\"https:\\\/\\\/kibrisdakik.com\\\/\",\"name\":\"\",\"description\":\"Tam vaktinde haber\",\"potentialAction\":[{\"@type\":\"SearchAction\",\"target\":{\"@type\":\"EntryPoint\",\"urlTemplate\":\"https:\\\/\\\/kibrisdakik.com\\\/?s={search_term_string}\"},\"query-input\":{\"@type\":\"PropertyValueSpecification\",\"valueRequired\":true,\"valueName\":\"search_term_string\"}}],\"inLanguage\":\"tr\"},{\"@type\":\"Person\",\"@id\":\"https:\\\/\\\/kibrisdakik.com\\\/#\\\/schema\\\/person\\\/9cd9d437bbb44f72b73ba127e06d8e79\",\"name\":\"admin\",\"image\":{\"@type\":\"ImageObject\",\"inLanguage\":\"tr\",\"@id\":\"https:\\\/\\\/secure.gravatar.com\\\/avatar\\\/ccc17943b9d660506c869530f897617f7cb1c21a4bf30023f252596d83e1f007?s=96&d=mm&r=g\",\"url\":\"https:\\\/\\\/secure.gravatar.com\\\/avatar\\\/ccc17943b9d660506c869530f897617f7cb1c21a4bf30023f252596d83e1f007?s=96&d=mm&r=g\",\"contentUrl\":\"https:\\\/\\\/secure.gravatar.com\\\/avatar\\\/ccc17943b9d660506c869530f897617f7cb1c21a4bf30023f252596d83e1f007?s=96&d=mm&r=g\",\"caption\":\"admin\"},\"sameAs\":[\"https:\\\/\\\/kibrisdakik.com\"],\"url\":\"https:\\\/\\\/kibrisdakik.com\\\/?author=1\"}]}<\/script>\n<!-- \/ Yoast SEO plugin. -->","yoast_head_json":{"title":"Tu\u011flu,baz\u0131 yerel bas\u0131n organlar\u0131nda \u00e7\u0131kan Bafra Halk Plaj\u0131\u2019na la\u011f\u0131m suyu akt\u0131\u011f\u0131 iddialar\u0131na a\u00e7\u0131kl\u0131k getirdi -","robots":{"index":"index","follow":"follow","max-snippet":"max-snippet:-1","max-image-preview":"max-image-preview:large","max-video-preview":"max-video-preview:-1"},"canonical":"https:\/\/kibrisdakik.com\/?p=9462","og_locale":"tr_TR","og_type":"article","og_title":"Tu\u011flu,baz\u0131 yerel bas\u0131n organlar\u0131nda \u00e7\u0131kan Bafra Halk Plaj\u0131\u2019na la\u011f\u0131m suyu akt\u0131\u011f\u0131 iddialar\u0131na a\u00e7\u0131kl\u0131k getirdi -","og_description":"Mehmet\u00e7ik B\u00fcy\u00fckkonuk Belediye Ba\u015fkan\u0131 Dr. Fatma \u00c7imen Tu\u011flu d\u00fczenledi\u011fi bas\u0131n toplant\u0131s\u0131 ile baz\u0131 yerel bas\u0131n organlar\u0131nda \u00e7\u0131kan Bafra Halk Plaj\u0131\u2019na la\u011f\u0131m suyu akt\u0131\u011f\u0131 iddialar\u0131na a\u00e7\u0131kl\u0131k getirdi. Temel Sa\u011fl\u0131k Hizmetleri Dairesi M\u00fcfetti\u015fi \u0130brahim K\u00f6ro\u011flu, yosunlar\u0131n, ar\u0131tma tesisinin ta\u015fmas\u0131 sonucu dereye akan la\u011f\u0131m suyu olarak lanse edilmesinin do\u011fru olmad\u0131\u011f\u0131n\u0131 belirtti. Sa\u011fl\u0131k bakanl\u0131\u011f\u0131n\u0131n her ay b\u00fct\u00fcn denizlerden numune","og_url":"https:\/\/kibrisdakik.com\/?p=9462","article_published_time":"2023-06-26T17:20:24+00:00","og_image":[{"width":2560,"height":1438,"url":"https:\/\/kibrisdakik.com\/wp-content\/uploads\/2023\/06\/ririrj-scaled-740x420.jpg","type":"image\/jpeg"}],"author":"admin","twitter_card":"summary_large_image","twitter_misc":{"Yazan:":"admin","Tahmini okuma s\u00fcresi":"1 dakika"},"schema":{"@context":"https:\/\/schema.org","@graph":[{"@type":"Article","@id":"https:\/\/kibrisdakik.com\/?p=9462#article","isPartOf":{"@id":"https:\/\/kibrisdakik.com\/?p=9462"},"author":{"name":"admin","@id":"https:\/\/kibrisdakik.com\/#\/schema\/person\/9cd9d437bbb44f72b73ba127e06d8e79"},"headline":"Tu\u011flu,baz\u0131 yerel bas\u0131n organlar\u0131nda \u00e7\u0131kan Bafra Halk Plaj\u0131\u2019na la\u011f\u0131m suyu akt\u0131\u011f\u0131 iddialar\u0131na a\u00e7\u0131kl\u0131k getirdi","datePublished":"2023-06-26T17:20:24+00:00","mainEntityOfPage":{"@id":"https:\/\/kibrisdakik.com\/?p=9462"},"wordCount":296,"commentCount":0,"image":{"@id":"https:\/\/kibrisdakik.com\/?p=9462#primaryimage"},"thumbnailUrl":"https:\/\/kibrisdakik.com\/wp-content\/uploads\/2023\/06\/ririrj-scaled-740x420.jpg","articleSection":["G\u00fcndem"],"inLanguage":"tr","potentialAction":[{"@type":"CommentAction","name":"Comment","target":["https:\/\/kibrisdakik.com\/?p=9462#respond"]}]},{"@type":"WebPage","@id":"https:\/\/kibrisdakik.com\/?p=9462","url":"https:\/\/kibrisdakik.com\/?p=9462","name":"Tu\u011flu,baz\u0131 yerel bas\u0131n organlar\u0131nda \u00e7\u0131kan Bafra Halk Plaj\u0131\u2019na la\u011f\u0131m suyu akt\u0131\u011f\u0131 iddialar\u0131na a\u00e7\u0131kl\u0131k getirdi -","isPartOf":{"@id":"https:\/\/kibrisdakik.com\/#website"},"primaryImageOfPage":{"@id":"https:\/\/kibrisdakik.com\/?p=9462#primaryimage"},"image":{"@id":"https:\/\/kibrisdakik.com\/?p=9462#primaryimage"},"thumbnailUrl":"https:\/\/kibrisdakik.com\/wp-content\/uploads\/2023\/06\/ririrj-scaled-740x420.jpg","datePublished":"2023-06-26T17:20:24+00:00","author":{"@id":"https:\/\/kibrisdakik.com\/#\/schema\/person\/9cd9d437bbb44f72b73ba127e06d8e79"},"breadcrumb":{"@id":"https:\/\/kibrisdakik.com\/?p=9462#breadcrumb"},"inLanguage":"tr","potentialAction":[{"@type":"ReadAction","target":["https:\/\/kibrisdakik.com\/?p=9462"]}]},{"@type":"ImageObject","inLanguage":"tr","@id":"https:\/\/kibrisdakik.com\/?p=9462#primaryimage","url":"https:\/\/kibrisdakik.com\/wp-content\/uploads\/2023\/06\/ririrj-scaled-740x420.jpg","contentUrl":"https:\/\/kibrisdakik.com\/wp-content\/uploads\/2023\/06\/ririrj-scaled-740x420.jpg","width":2560,"height":1438},{"@type":"BreadcrumbList","@id":"https:\/\/kibrisdakik.com\/?p=9462#breadcrumb","itemListElement":[{"@type":"ListItem","position":1,"name":"Home","item":"https:\/\/kibrisdakik.com\/"},{"@type":"ListItem","position":2,"name":"Tu\u011flu,baz\u0131 yerel bas\u0131n organlar\u0131nda \u00e7\u0131kan Bafra Halk Plaj\u0131\u2019na la\u011f\u0131m suyu akt\u0131\u011f\u0131 iddialar\u0131na a\u00e7\u0131kl\u0131k getirdi"}]},{"@type":"WebSite","@id":"https:\/\/kibrisdakik.com\/#website","url":"https:\/\/kibrisdakik.com\/","name":"","description":"Tam vaktinde haber","potentialAction":[{"@type":"SearchAction","target":{"@type":"EntryPoint","urlTemplate":"https:\/\/kibrisdakik.com\/?s={search_term_string}"},"query-input":{"@type":"PropertyValueSpecification","valueRequired":true,"valueName":"search_term_string"}}],"inLanguage":"tr"},{"@type":"Person","@id":"https:\/\/kibrisdakik.com\/#\/schema\/person\/9cd9d437bbb44f72b73ba127e06d8e79","name":"admin","image":{"@type":"ImageObject","inLanguage":"tr","@id":"https:\/\/secure.gravatar.com\/avatar\/ccc17943b9d660506c869530f897617f7cb1c21a4bf30023f252596d83e1f007?s=96&d=mm&r=g","url":"https:\/\/secure.gravatar.com\/avatar\/ccc17943b9d660506c869530f897617f7cb1c21a4bf30023f252596d83e1f007?s=96&d=mm&r=g","contentUrl":"https:\/\/secure.gravatar.com\/avatar\/ccc17943b9d660506c869530f897617f7cb1c21a4bf30023f252596d83e1f007?s=96&d=mm&r=g","caption":"admin"},"sameAs":["https:\/\/kibrisdakik.com"],"url":"https:\/\/kibrisdakik.com\/?author=1"}]}},"_links":{"self":[{"href":"https:\/\/kibrisdakik.com\/index.php?rest_route=\/wp\/v2\/posts\/9462","targetHints":{"allow":["GET"]}}],"collection":[{"href":"https:\/\/kibrisdakik.com\/index.php?rest_route=\/wp\/v2\/posts"}],"about":[{"href":"https:\/\/kibrisdakik.com\/index.php?rest_route=\/wp\/v2\/types\/post"}],"author":[{"embeddable":true,"href":"https:\/\/kibrisdakik.com\/index.php?rest_route=\/wp\/v2\/users\/1"}],"replies":[{"embeddable":true,"href":"https:\/\/kibrisdakik.com\/index.php?rest_route=%2Fwp%2Fv2%2Fcomments&post=9462"}],"version-history":[{"count":0,"href":"https:\/\/kibrisdakik.com\/index.php?rest_route=\/wp\/v2\/posts\/9462\/revisions"}],"wp:featuredmedia":[{"embeddable":true,"href":"https:\/\/kibrisdakik.com\/index.php?rest_route=\/wp\/v2\/media\/9463"}],"wp:attachment":[{"href":"https:\/\/kibrisdakik.com\/index.php?rest_route=%2Fwp%2Fv2%2Fmedia&parent=9462"}],"wp:term":[{"taxonomy":"category","embeddable":true,"href":"https:\/\/kibrisdakik.com\/index.php?rest_route=%2Fwp%2Fv2%2Fcategories&post=9462"},{"taxonomy":"post_tag","embeddable":true,"href":"https:\/\/kibrisdakik.com\/index.php?rest_route=%2Fwp%2Fv2%2Ftags&post=9462"}],"curies":[{"name":"wp","href":"https:\/\/api.w.org\/{rel}","templated":true}]}}