{"id":9464,"date":"2023-06-26T18:21:11","date_gmt":"2023-06-26T18:21:11","guid":{"rendered":"https:\/\/kibrisdakik.com\/index.php\/2023\/06\/26\/ysk-baskani-narin-ferdi-sefik-ara-secimin-ardindan-yasanan-sureci-degerlendirdi\/"},"modified":"2023-06-26T18:21:11","modified_gmt":"2023-06-26T18:21:11","slug":"ysk-baskani-narin-ferdi-sefik-ara-secimin-ardindan-yasanan-sureci-degerlendirdi","status":"publish","type":"post","link":"https:\/\/kibrisdakik.com\/?p=9464","title":{"rendered":"YSK Ba\u015fkan\u0131 Narin Ferdi \u015eefik, ara se\u00e7imin ard\u0131ndan ya\u015fanan s\u00fcreci de\u011ferlendirdi"},"content":{"rendered":"<p><\/p>\n<div>\n<div class=\"mariselle-image-container center\">\n                <img width=\"1654\" height=\"1104\" class=\"lazy-image\" alt=\"\" decoding=\"async\" loading=\"lazy\" sizes=\"auto, (max-width: 1654px) 100vw, 1654px\" src=\"https:\/\/brtk.net\/wp-content\/uploads\/2023\/06\/15\/narin-sefik-1-ero-1-.jpg?ver=c240132623bb92771d53e7ae15236adb\" srcset=\"https:\/\/brtk.net\/wp-content\/uploads\/2023\/06\/15\/narin-sefik-1-ero-1-.jpg?ver=c240132623bb92771d53e7ae15236adb 1654w, https:\/\/brtk.net\/wp-content\/uploads\/2023\/06\/15\/narin-sefik-1-ero-1--300x200.jpg?ver=c240132623bb92771d53e7ae15236adb 300w, https:\/\/brtk.net\/wp-content\/uploads\/2023\/06\/15\/narin-sefik-1-ero-1--1024x683.jpg?ver=53340c54c5850e7c7c5009cb3786f173 1024w, https:\/\/brtk.net\/wp-content\/uploads\/2023\/06\/15\/narin-sefik-1-ero-1--768x513.jpg?ver=53340c54c5850e7c7c5009cb3786f173 768w, https:\/\/brtk.net\/wp-content\/uploads\/2023\/06\/15\/narin-sefik-1-ero-1--1536x1025.jpg?ver=0ba795d844f9145aac6a9675d9046c06 1536w\"\/>                            <\/div>\n<p>Y\u00fcksek Se\u00e7im Kurulu Ba\u015fkan\u0131 Narin Ferdi \u015eefik, ara se\u00e7imin ard\u0131ndan ya\u015fanan s\u00fcreci <a href=\"https:\/\/brtk.net\/\">BRT<\/a>\u2019ye de\u011ferlendirdi.<\/p>\n<p>Ana Haber B\u00fclteni\u2019ne telefonla ba\u011flanan \u015eefik, \u00fclkede ilk defa kat\u0131l\u0131m\u0131n bu kadar az oldu\u011fu bir se\u00e7im ya\u015fand\u0131\u011f\u0131n\u0131 s\u00f6yleyerek, bug\u00fcn saat 17.00\u2019ye kadar olan itiraz s\u00fcrecinde, se\u00e7im sonu\u00e7lar\u0131na herhangi bir itiraz\u0131n olmad\u0131\u011f\u0131n\u0131 a\u00e7\u0131klad\u0131.<\/p>\n<p>\u201cSe\u00e7im sonu\u00e7lar\u0131na itiraz s\u00fcrecinde de herhangi bir biritiraz yap\u0131lmad\u0131 se\u00e7im sonu\u00e7lar\u0131na. Yasaya g\u00f6re 3\u2019\u00fcnc\u00fc g\u00fcn saat 17.00 ye kadar ve 7 g\u00fcn i\u00e7erisinde de itiraz yap\u0131labilir, bu nedenle biz bu s\u00fcreci de bekeleyece\u011fiz. Bayram sonras\u0131 kesin sonu\u00e7lar\u0131 resmi gazetede yaya\u0131mlayaca\u011f\u0131z ve se\u00e7imi kazananlara maz batalar verilecek.\u201d<\/p>\n<p>\u00a0<\/p>\n<p>\u00a0<\/p>\n<\/p><\/div>\n<p><script async\n                    defer\n                    crossorigin=\"anonymous\"\n                    src=\"https:\/\/connect.facebook.net\/tr_TR\/sdk.js#xfbml=1&#038;version=v3.3\"\n            ><\/script><\/p>\n","protected":false},"excerpt":{"rendered":"<p>Y\u00fcksek Se\u00e7im Kurulu Ba\u015fkan\u0131 Narin Ferdi \u015eefik, ara se\u00e7imin ard\u0131ndan ya\u015fanan s\u00fcreci BRT\u2019ye de\u011ferlendirdi. Ana Haber B\u00fclteni\u2019ne telefonla ba\u011flanan \u015eefik, \u00fclkede ilk defa kat\u0131l\u0131m\u0131n bu kadar az oldu\u011fu bir se\u00e7im ya\u015fand\u0131\u011f\u0131n\u0131 s\u00f6yleyerek, bug\u00fcn saat 17.00\u2019ye kadar olan itiraz s\u00fcrecinde, se\u00e7im sonu\u00e7lar\u0131na herhangi bir itiraz\u0131n olmad\u0131\u011f\u0131n\u0131 a\u00e7\u0131klad\u0131. \u201cSe\u00e7im sonu\u00e7lar\u0131na itiraz s\u00fcrecinde de herhangi bir biritiraz yap\u0131lmad\u0131<\/p>\n","protected":false},"author":1,"featured_media":9306,"comment_status":"open","ping_status":"open","sticky":false,"template":"","format":"standard","meta":{"footnotes":""},"categories":[1],"tags":[],"class_list":["post-9464","post","type-post","status-publish","format-standard","has-post-thumbnail","hentry","category-gundem"],"yoast_head":"<!-- This site is optimized with the Yoast SEO plugin v27.4 - https:\/\/yoast.com\/product\/yoast-seo-wordpress\/ -->\n<title>YSK Ba\u015fkan\u0131 Narin Ferdi \u015eefik, ara se\u00e7imin ard\u0131ndan ya\u015fanan s\u00fcreci de\u011ferlendirdi -<\/title>\n<meta name=\"robots\" content=\"index, follow, max-snippet:-1, max-image-preview:large, max-video-preview:-1\" \/>\n<link rel=\"canonical\" href=\"https:\/\/kibrisdakik.com\/?p=9464\" \/>\n<meta property=\"og:locale\" content=\"tr_TR\" \/>\n<meta property=\"og:type\" content=\"article\" \/>\n<meta property=\"og:title\" content=\"YSK Ba\u015fkan\u0131 Narin Ferdi \u015eefik, ara se\u00e7imin ard\u0131ndan ya\u015fanan s\u00fcreci de\u011ferlendirdi -\" \/>\n<meta property=\"og:description\" content=\"Y\u00fcksek Se\u00e7im Kurulu Ba\u015fkan\u0131 Narin Ferdi \u015eefik, ara se\u00e7imin ard\u0131ndan ya\u015fanan s\u00fcreci BRT\u2019ye de\u011ferlendirdi. Ana Haber B\u00fclteni\u2019ne telefonla ba\u011flanan \u015eefik, \u00fclkede ilk defa kat\u0131l\u0131m\u0131n bu kadar az oldu\u011fu bir se\u00e7im ya\u015fand\u0131\u011f\u0131n\u0131 s\u00f6yleyerek, bug\u00fcn saat 17.00\u2019ye kadar olan itiraz s\u00fcrecinde, se\u00e7im sonu\u00e7lar\u0131na herhangi bir itiraz\u0131n olmad\u0131\u011f\u0131n\u0131 a\u00e7\u0131klad\u0131. \u201cSe\u00e7im sonu\u00e7lar\u0131na itiraz s\u00fcrecinde de herhangi bir biritiraz yap\u0131lmad\u0131\" \/>\n<meta property=\"og:url\" content=\"https:\/\/kibrisdakik.com\/?p=9464\" \/>\n<meta property=\"article:published_time\" content=\"2023-06-26T18:21:11+00:00\" \/>\n<meta property=\"og:image\" content=\"https:\/\/kibrisdakik.com\/wp-content\/uploads\/2023\/06\/narin-sefik-1-ero-1--740x420.jpg\" \/>\n\t<meta property=\"og:image:width\" content=\"1654\" \/>\n\t<meta property=\"og:image:height\" content=\"1104\" \/>\n\t<meta property=\"og:image:type\" content=\"image\/jpeg\" \/>\n<meta name=\"author\" content=\"admin\" \/>\n<meta name=\"twitter:card\" content=\"summary_large_image\" \/>\n<meta name=\"twitter:label1\" content=\"Yazan:\" \/>\n\t<meta name=\"twitter:data1\" content=\"admin\" \/>\n\t<meta name=\"twitter:label2\" content=\"Tahmini okuma s\u00fcresi\" \/>\n\t<meta name=\"twitter:data2\" content=\"1 dakika\" \/>\n<script type=\"application\/ld+json\" class=\"yoast-schema-graph\">{\"@context\":\"https:\\\/\\\/schema.org\",\"@graph\":[{\"@type\":\"Article\",\"@id\":\"https:\\\/\\\/kibrisdakik.com\\\/?p=9464#article\",\"isPartOf\":{\"@id\":\"https:\\\/\\\/kibrisdakik.com\\\/?p=9464\"},\"author\":{\"name\":\"admin\",\"@id\":\"https:\\\/\\\/kibrisdakik.com\\\/#\\\/schema\\\/person\\\/9cd9d437bbb44f72b73ba127e06d8e79\"},\"headline\":\"YSK Ba\u015fkan\u0131 Narin Ferdi \u015eefik, ara se\u00e7imin ard\u0131ndan ya\u015fanan s\u00fcreci de\u011ferlendirdi\",\"datePublished\":\"2023-06-26T18:21:11+00:00\",\"mainEntityOfPage\":{\"@id\":\"https:\\\/\\\/kibrisdakik.com\\\/?p=9464\"},\"wordCount\":154,\"commentCount\":0,\"image\":{\"@id\":\"https:\\\/\\\/kibrisdakik.com\\\/?p=9464#primaryimage\"},\"thumbnailUrl\":\"https:\\\/\\\/kibrisdakik.com\\\/wp-content\\\/uploads\\\/2023\\\/06\\\/narin-sefik-1-ero-1--740x420.jpg\",\"articleSection\":[\"G\u00fcndem\"],\"inLanguage\":\"tr\",\"potentialAction\":[{\"@type\":\"CommentAction\",\"name\":\"Comment\",\"target\":[\"https:\\\/\\\/kibrisdakik.com\\\/?p=9464#respond\"]}]},{\"@type\":\"WebPage\",\"@id\":\"https:\\\/\\\/kibrisdakik.com\\\/?p=9464\",\"url\":\"https:\\\/\\\/kibrisdakik.com\\\/?p=9464\",\"name\":\"YSK Ba\u015fkan\u0131 Narin Ferdi \u015eefik, ara se\u00e7imin ard\u0131ndan ya\u015fanan s\u00fcreci de\u011ferlendirdi -\",\"isPartOf\":{\"@id\":\"https:\\\/\\\/kibrisdakik.com\\\/#website\"},\"primaryImageOfPage\":{\"@id\":\"https:\\\/\\\/kibrisdakik.com\\\/?p=9464#primaryimage\"},\"image\":{\"@id\":\"https:\\\/\\\/kibrisdakik.com\\\/?p=9464#primaryimage\"},\"thumbnailUrl\":\"https:\\\/\\\/kibrisdakik.com\\\/wp-content\\\/uploads\\\/2023\\\/06\\\/narin-sefik-1-ero-1--740x420.jpg\",\"datePublished\":\"2023-06-26T18:21:11+00:00\",\"author\":{\"@id\":\"https:\\\/\\\/kibrisdakik.com\\\/#\\\/schema\\\/person\\\/9cd9d437bbb44f72b73ba127e06d8e79\"},\"breadcrumb\":{\"@id\":\"https:\\\/\\\/kibrisdakik.com\\\/?p=9464#breadcrumb\"},\"inLanguage\":\"tr\",\"potentialAction\":[{\"@type\":\"ReadAction\",\"target\":[\"https:\\\/\\\/kibrisdakik.com\\\/?p=9464\"]}]},{\"@type\":\"ImageObject\",\"inLanguage\":\"tr\",\"@id\":\"https:\\\/\\\/kibrisdakik.com\\\/?p=9464#primaryimage\",\"url\":\"https:\\\/\\\/kibrisdakik.com\\\/wp-content\\\/uploads\\\/2023\\\/06\\\/narin-sefik-1-ero-1--740x420.jpg\",\"contentUrl\":\"https:\\\/\\\/kibrisdakik.com\\\/wp-content\\\/uploads\\\/2023\\\/06\\\/narin-sefik-1-ero-1--740x420.jpg\",\"width\":1654,\"height\":1104},{\"@type\":\"BreadcrumbList\",\"@id\":\"https:\\\/\\\/kibrisdakik.com\\\/?p=9464#breadcrumb\",\"itemListElement\":[{\"@type\":\"ListItem\",\"position\":1,\"name\":\"Home\",\"item\":\"https:\\\/\\\/kibrisdakik.com\\\/\"},{\"@type\":\"ListItem\",\"position\":2,\"name\":\"YSK Ba\u015fkan\u0131 Narin Ferdi \u015eefik, ara se\u00e7imin ard\u0131ndan ya\u015fanan s\u00fcreci de\u011ferlendirdi\"}]},{\"@type\":\"WebSite\",\"@id\":\"https:\\\/\\\/kibrisdakik.com\\\/#website\",\"url\":\"https:\\\/\\\/kibrisdakik.com\\\/\",\"name\":\"\",\"description\":\"Tam vaktinde haber\",\"potentialAction\":[{\"@type\":\"SearchAction\",\"target\":{\"@type\":\"EntryPoint\",\"urlTemplate\":\"https:\\\/\\\/kibrisdakik.com\\\/?s={search_term_string}\"},\"query-input\":{\"@type\":\"PropertyValueSpecification\",\"valueRequired\":true,\"valueName\":\"search_term_string\"}}],\"inLanguage\":\"tr\"},{\"@type\":\"Person\",\"@id\":\"https:\\\/\\\/kibrisdakik.com\\\/#\\\/schema\\\/person\\\/9cd9d437bbb44f72b73ba127e06d8e79\",\"name\":\"admin\",\"image\":{\"@type\":\"ImageObject\",\"inLanguage\":\"tr\",\"@id\":\"https:\\\/\\\/secure.gravatar.com\\\/avatar\\\/ccc17943b9d660506c869530f897617f7cb1c21a4bf30023f252596d83e1f007?s=96&d=mm&r=g\",\"url\":\"https:\\\/\\\/secure.gravatar.com\\\/avatar\\\/ccc17943b9d660506c869530f897617f7cb1c21a4bf30023f252596d83e1f007?s=96&d=mm&r=g\",\"contentUrl\":\"https:\\\/\\\/secure.gravatar.com\\\/avatar\\\/ccc17943b9d660506c869530f897617f7cb1c21a4bf30023f252596d83e1f007?s=96&d=mm&r=g\",\"caption\":\"admin\"},\"sameAs\":[\"https:\\\/\\\/kibrisdakik.com\"],\"url\":\"https:\\\/\\\/kibrisdakik.com\\\/?author=1\"}]}<\/script>\n<!-- \/ Yoast SEO plugin. -->","yoast_head_json":{"title":"YSK Ba\u015fkan\u0131 Narin Ferdi \u015eefik, ara se\u00e7imin ard\u0131ndan ya\u015fanan s\u00fcreci de\u011ferlendirdi -","robots":{"index":"index","follow":"follow","max-snippet":"max-snippet:-1","max-image-preview":"max-image-preview:large","max-video-preview":"max-video-preview:-1"},"canonical":"https:\/\/kibrisdakik.com\/?p=9464","og_locale":"tr_TR","og_type":"article","og_title":"YSK Ba\u015fkan\u0131 Narin Ferdi \u015eefik, ara se\u00e7imin ard\u0131ndan ya\u015fanan s\u00fcreci de\u011ferlendirdi -","og_description":"Y\u00fcksek Se\u00e7im Kurulu Ba\u015fkan\u0131 Narin Ferdi \u015eefik, ara se\u00e7imin ard\u0131ndan ya\u015fanan s\u00fcreci BRT\u2019ye de\u011ferlendirdi. Ana Haber B\u00fclteni\u2019ne telefonla ba\u011flanan \u015eefik, \u00fclkede ilk defa kat\u0131l\u0131m\u0131n bu kadar az oldu\u011fu bir se\u00e7im ya\u015fand\u0131\u011f\u0131n\u0131 s\u00f6yleyerek, bug\u00fcn saat 17.00\u2019ye kadar olan itiraz s\u00fcrecinde, se\u00e7im sonu\u00e7lar\u0131na herhangi bir itiraz\u0131n olmad\u0131\u011f\u0131n\u0131 a\u00e7\u0131klad\u0131. \u201cSe\u00e7im sonu\u00e7lar\u0131na itiraz s\u00fcrecinde de herhangi bir biritiraz yap\u0131lmad\u0131","og_url":"https:\/\/kibrisdakik.com\/?p=9464","article_published_time":"2023-06-26T18:21:11+00:00","og_image":[{"width":1654,"height":1104,"url":"https:\/\/kibrisdakik.com\/wp-content\/uploads\/2023\/06\/narin-sefik-1-ero-1--740x420.jpg","type":"image\/jpeg"}],"author":"admin","twitter_card":"summary_large_image","twitter_misc":{"Yazan:":"admin","Tahmini okuma s\u00fcresi":"1 dakika"},"schema":{"@context":"https:\/\/schema.org","@graph":[{"@type":"Article","@id":"https:\/\/kibrisdakik.com\/?p=9464#article","isPartOf":{"@id":"https:\/\/kibrisdakik.com\/?p=9464"},"author":{"name":"admin","@id":"https:\/\/kibrisdakik.com\/#\/schema\/person\/9cd9d437bbb44f72b73ba127e06d8e79"},"headline":"YSK Ba\u015fkan\u0131 Narin Ferdi \u015eefik, ara se\u00e7imin ard\u0131ndan ya\u015fanan s\u00fcreci de\u011ferlendirdi","datePublished":"2023-06-26T18:21:11+00:00","mainEntityOfPage":{"@id":"https:\/\/kibrisdakik.com\/?p=9464"},"wordCount":154,"commentCount":0,"image":{"@id":"https:\/\/kibrisdakik.com\/?p=9464#primaryimage"},"thumbnailUrl":"https:\/\/kibrisdakik.com\/wp-content\/uploads\/2023\/06\/narin-sefik-1-ero-1--740x420.jpg","articleSection":["G\u00fcndem"],"inLanguage":"tr","potentialAction":[{"@type":"CommentAction","name":"Comment","target":["https:\/\/kibrisdakik.com\/?p=9464#respond"]}]},{"@type":"WebPage","@id":"https:\/\/kibrisdakik.com\/?p=9464","url":"https:\/\/kibrisdakik.com\/?p=9464","name":"YSK Ba\u015fkan\u0131 Narin Ferdi \u015eefik, ara se\u00e7imin ard\u0131ndan ya\u015fanan s\u00fcreci de\u011ferlendirdi -","isPartOf":{"@id":"https:\/\/kibrisdakik.com\/#website"},"primaryImageOfPage":{"@id":"https:\/\/kibrisdakik.com\/?p=9464#primaryimage"},"image":{"@id":"https:\/\/kibrisdakik.com\/?p=9464#primaryimage"},"thumbnailUrl":"https:\/\/kibrisdakik.com\/wp-content\/uploads\/2023\/06\/narin-sefik-1-ero-1--740x420.jpg","datePublished":"2023-06-26T18:21:11+00:00","author":{"@id":"https:\/\/kibrisdakik.com\/#\/schema\/person\/9cd9d437bbb44f72b73ba127e06d8e79"},"breadcrumb":{"@id":"https:\/\/kibrisdakik.com\/?p=9464#breadcrumb"},"inLanguage":"tr","potentialAction":[{"@type":"ReadAction","target":["https:\/\/kibrisdakik.com\/?p=9464"]}]},{"@type":"ImageObject","inLanguage":"tr","@id":"https:\/\/kibrisdakik.com\/?p=9464#primaryimage","url":"https:\/\/kibrisdakik.com\/wp-content\/uploads\/2023\/06\/narin-sefik-1-ero-1--740x420.jpg","contentUrl":"https:\/\/kibrisdakik.com\/wp-content\/uploads\/2023\/06\/narin-sefik-1-ero-1--740x420.jpg","width":1654,"height":1104},{"@type":"BreadcrumbList","@id":"https:\/\/kibrisdakik.com\/?p=9464#breadcrumb","itemListElement":[{"@type":"ListItem","position":1,"name":"Home","item":"https:\/\/kibrisdakik.com\/"},{"@type":"ListItem","position":2,"name":"YSK Ba\u015fkan\u0131 Narin Ferdi \u015eefik, ara se\u00e7imin ard\u0131ndan ya\u015fanan s\u00fcreci de\u011ferlendirdi"}]},{"@type":"WebSite","@id":"https:\/\/kibrisdakik.com\/#website","url":"https:\/\/kibrisdakik.com\/","name":"","description":"Tam vaktinde haber","potentialAction":[{"@type":"SearchAction","target":{"@type":"EntryPoint","urlTemplate":"https:\/\/kibrisdakik.com\/?s={search_term_string}"},"query-input":{"@type":"PropertyValueSpecification","valueRequired":true,"valueName":"search_term_string"}}],"inLanguage":"tr"},{"@type":"Person","@id":"https:\/\/kibrisdakik.com\/#\/schema\/person\/9cd9d437bbb44f72b73ba127e06d8e79","name":"admin","image":{"@type":"ImageObject","inLanguage":"tr","@id":"https:\/\/secure.gravatar.com\/avatar\/ccc17943b9d660506c869530f897617f7cb1c21a4bf30023f252596d83e1f007?s=96&d=mm&r=g","url":"https:\/\/secure.gravatar.com\/avatar\/ccc17943b9d660506c869530f897617f7cb1c21a4bf30023f252596d83e1f007?s=96&d=mm&r=g","contentUrl":"https:\/\/secure.gravatar.com\/avatar\/ccc17943b9d660506c869530f897617f7cb1c21a4bf30023f252596d83e1f007?s=96&d=mm&r=g","caption":"admin"},"sameAs":["https:\/\/kibrisdakik.com"],"url":"https:\/\/kibrisdakik.com\/?author=1"}]}},"_links":{"self":[{"href":"https:\/\/kibrisdakik.com\/index.php?rest_route=\/wp\/v2\/posts\/9464","targetHints":{"allow":["GET"]}}],"collection":[{"href":"https:\/\/kibrisdakik.com\/index.php?rest_route=\/wp\/v2\/posts"}],"about":[{"href":"https:\/\/kibrisdakik.com\/index.php?rest_route=\/wp\/v2\/types\/post"}],"author":[{"embeddable":true,"href":"https:\/\/kibrisdakik.com\/index.php?rest_route=\/wp\/v2\/users\/1"}],"replies":[{"embeddable":true,"href":"https:\/\/kibrisdakik.com\/index.php?rest_route=%2Fwp%2Fv2%2Fcomments&post=9464"}],"version-history":[{"count":0,"href":"https:\/\/kibrisdakik.com\/index.php?rest_route=\/wp\/v2\/posts\/9464\/revisions"}],"wp:featuredmedia":[{"embeddable":true,"href":"https:\/\/kibrisdakik.com\/index.php?rest_route=\/wp\/v2\/media\/9306"}],"wp:attachment":[{"href":"https:\/\/kibrisdakik.com\/index.php?rest_route=%2Fwp%2Fv2%2Fmedia&parent=9464"}],"wp:term":[{"taxonomy":"category","embeddable":true,"href":"https:\/\/kibrisdakik.com\/index.php?rest_route=%2Fwp%2Fv2%2Fcategories&post=9464"},{"taxonomy":"post_tag","embeddable":true,"href":"https:\/\/kibrisdakik.com\/index.php?rest_route=%2Fwp%2Fv2%2Ftags&post=9464"}],"curies":[{"name":"wp","href":"https:\/\/api.w.org\/{rel}","templated":true}]}}