{"id":94661,"date":"2025-10-03T15:58:04","date_gmt":"2025-10-03T12:58:04","guid":{"rendered":"https:\/\/kibrisdakik.com\/index.php\/2025\/10\/03\/erhurman-dogancida-konustu-bu-is-bitti-gun-sayiyoruz\/"},"modified":"2025-10-03T15:58:04","modified_gmt":"2025-10-03T12:58:04","slug":"erhurman-dogancida-konustu-bu-is-bitti-gun-sayiyoruz","status":"publish","type":"post","link":"https:\/\/kibrisdakik.com\/?p=94661","title":{"rendered":"ERH\u00dcRMAN DO\u011eANCI\u2019DA KONU\u015eTU: \u201cBU \u0130\u015e B\u0130TT\u0130, G\u00dcN SAYIYORUZ\u201d"},"content":{"rendered":"<p><\/p>\n<div data-text-id=\"185718\" property=\"articleBody\">\n<p>Cumhurba\u015fkan\u0131 aday\u0131 ve Cumhuriyet\u00e7i T\u00fcrk Partisi (CTP) Genel Ba\u015fkan\u0131 Tufan Erh\u00fcrman, \u201cBu i\u015f bitti, g\u00fcn say\u0131yoruz. 20\u2019sinde hep birlikte bu memleketi yeni ufuklara ta\u015f\u0131maya haz\u0131rlan\u0131yoruz\u201d dedi.<\/p>\n<p>CTP\u2019den yap\u0131lan a\u00e7\u0131klamaya g\u00f6re Erh\u00fcrman, Ye\u015fil\u0131rmak ve Yedidalga k\u00f6ylerini ziyaret etti, ard\u0131ndan Do\u011fanc\u0131\u2019da ger\u00e7ekle\u015ftirilen halk bulu\u015fmas\u0131na kat\u0131larak, Cumhurba\u015fkanl\u0131\u011f\u0131 vizyonunu payla\u015ft\u0131.<\/p>\n<p>Erh\u00fcrman\u2019a, Toplumcu Demokrasi Partisi (TDP) Genel Ba\u015fkan\u0131 Zeki \u00c7eler, Lefke Belediye Ba\u015fkan\u0131 Aziz Kaya, CTP Lefke \u0130l\u00e7e Ba\u015fkan\u0131 Tuncay Sar\u0131yer ve baz\u0131 milletvekilleri e\u015flik etti.<\/p>\n<p>-Erh\u00fcrman<\/p>\n<p>Cumhurba\u015fkan\u0131 aday\u0131 Erh\u00fcrman konu\u015fmas\u0131nda, \u201cBu \u00fclkeye be\u015f bo\u015f y\u0131l ya\u015fatt\u0131lar, cumhurba\u015fkanl\u0131\u011f\u0131 makam\u0131n\u0131 manas\u0131z, anlams\u0131z bir duruma indirdiler\u201d diyerek, kar\u015f\u0131lar\u0131ndaki zihniyetin ge\u00e7mi\u015f d\u00f6neme dair anlatacak bir \u015feyi olmad\u0131\u011f\u0131n\u0131 kaydetti. Erh\u00fcrman, \u201c \u2018\u015eunu yapt\u0131k, bunu yapt\u0131k\u2019 diyemedikleri ve \u00f6n\u00fcm\u00fcze bir vizyon koyamayacaklar\u0131 i\u00e7in memleketi germeye \u00e7al\u0131\u015ft\u0131lar\u201d diye konu\u015ftu.<\/p>\n<p>20 Ekim sabah\u0131 derin bir nefes alacaklar\u0131n\u0131 kaydeden Erh\u00fcrman, \u201c\u0130lk i\u015fimiz \u00e7ocuklar\u0131m\u0131za sar\u0131laca\u011f\u0131z. \u2018Sizin i\u00e7in y\u00fcr\u00fcyece\u011fiz\u2019 diyece\u011fiz. Bu toplumun gailesini \u00e7ekenler gelecek 20 Ekim\u2019de\u201d dedi.<\/p>\n<p>Tufan Erh\u00fcrman, \u201cBe\u015f senedir bu memlekette neler ya\u015fad\u0131k? Kanser hastalar\u0131na ila\u00e7 bulamad\u0131\u011f\u0131m\u0131z g\u00fcnler oldu. Sosyal sigorta emeklilerinden al\u0131nan ila\u00e7larda \u2018y\u00fczde 20 \u00f6deme yapmazsan ila\u00e7 alamazs\u0131n\u2019 denilen d\u00f6nemler oldu. Cumhurba\u015fkanl\u0131\u011f\u0131ndan buna dair tek kelime \u00e7\u0131kmad\u0131. Aniden bir bakt\u0131k, \u00f6n\u00fcm\u00fczdeki be\u015f y\u0131l i\u00e7in her il\u00e7ede hastane vaat ediyorlar. Be\u015f senedir ila\u00e7 yokken \u015fimdi hem\u015fire ve doktor vaat etmeye ba\u015flad\u0131lar. Ge\u00e7mi\u015f be\u015f y\u0131lda elini, aya\u011f\u0131n\u0131 tutan m\u0131 vard\u0131?\u201d diye sordu.<\/p>\n<p>\u0130nsanlar\u0131n akl\u0131yla dalga ge\u00e7ildi\u011fini savunan Erh\u00fcrman, \u201cBenim bir vaadim var. Bu memlekette 20 Ekim\u2019den sonra cumhurba\u015fkanl\u0131\u011f\u0131na ciddiyet gelecek, halk\u0131yla alay etmeyen bir cumhurba\u015fkan\u0131 gelecek. Bu halka g\u00fcvenen, bu halka inanan herkes kazanm\u0131\u015ft\u0131r. Ben de halk\u0131ma g\u00fcvenmeye, inanmaya devam edece\u011fim\u201d dedi.<\/p>\n<p>-\u201cBe\u015f senedir bu \u00fclkede yap\u0131lmayan bir \u015feyi yapma pe\u015findeyim, Cumhurba\u015fkanl\u0131\u011f\u0131 yapmak i\u00e7in aday\u0131m\u201d<\/p>\n<p>\u201cMemleketi \u00f6yle bir yere \u00e7evirdiler ki \u00e7eteler gelir, kur\u015funlama yapar hale geldi. Bunlar ya\u015fan\u0131rken, Cumhurba\u015fkan\u0131n\u0131n ba\u015f\u0131nda oldu\u011fu Cumhuriyet G\u00fcvenlik Kurulu\u2019nu bir kere bile toplamad\u0131lar. Be\u015f y\u0131l\u0131 sadece makam y\u0131l\u0131 olarak g\u00f6rd\u00fcler\u201d diye konu\u015fan Erh\u00fcrman, cumhurba\u015fkan\u0131 olmak gibi bir merak pe\u015finde olmad\u0131\u011f\u0131n\u0131 s\u00f6yledi. Erg\u00fcrman, \u201cBe\u015f senedir bu \u00fclkede yap\u0131lmayan bir \u015feyi yapma pe\u015findeyim. Cumhurba\u015fkanl\u0131\u011f\u0131 yapmak i\u00e7in aday\u0131m. Bu memlekette cumhurba\u015fkanl\u0131\u011f\u0131 bir k\u00f6\u015fk de\u011fil, bu halk\u0131n evi olarak g\u00f6r\u00fcls\u00fcn diye aday\u0131m\u201d ifadelerini kulland\u0131.<\/p>\n<p>-\u201cCumhurba\u015fkanl\u0131\u011f\u0131, bu \u00fclkede \u00f6zg\u00fcrl\u00fcklerin ve demokrasinin bek\u00e7isi olacak\u201d<\/p>\n<p>19 Ekim\u2019e say\u0131l\u0131 g\u00fcnler kald\u0131\u011f\u0131na dikkat \u00e7eken Tufan Erh\u00fcrman, \u201cBu \u00fclkeye \u00f6yle bir cumhurba\u015fkanl\u0131\u011f\u0131 geliyor ki \u2018like atma\u2019 \u00f6zg\u00fcrl\u00fc\u011f\u00fc getirecek. Cumhurba\u015fkanl\u0131\u011f\u0131, \u00f6zg\u00fcrl\u00fcklerin ihlal edildi\u011fi bir makam de\u011fil; bu \u00fclkede \u00f6zg\u00fcrl\u00fcklerin ve demokrasinin bek\u00e7isi olacak\u201d dedi.<\/p>\n<p>\u201cSesiniz, s\u00f6z\u00fcn\u00fcz benden d\u00fcnyaya yans\u0131yacak. 20 Ekim\u2019den itibaren hep beraber kazanaca\u011f\u0131z ve y\u00f6netece\u011fiz. \u00c7ocuklar\u0131m\u0131za, torunlar\u0131m\u0131za borcumuz var, bu borcumuzu \u00f6deyece\u011fiz. Vard\u0131k, hep var\u0131z ve hep var olaca\u011f\u0131z. Kimse bu adada yokmu\u015fuz gibi davranamayacak. Gitgide \u00e7o\u011falaca\u011f\u0131z, beraber kazanaca\u011f\u0131z\u201d diye konu\u015fan Erh\u00fcrman, \u00fclkeyi hep birlikte \u00e7ok g\u00fczel y\u00f6neteceklerini kaydetti.<\/p>\n<p>-\u00c7eler: \u201cToplumda b\u00fcy\u00fck bir heyecan var, de\u011fi\u015fim \u015fart\u201d<\/p>\n<p>TDP Genel Ba\u015fkan\u0131 Zeki \u00c7eler de konu\u015fmas\u0131nda, \u201cMersin dal\u0131 asfalta d\u00fc\u015ft\u00fcyse bu se\u00e7im bitmi\u015ftir\u201d dedi. Toplumda b\u00fcy\u00fck bir ilgi, heyecan, inan\u00e7 ve umut oldu\u011funun alt\u0131n\u0131 \u00e7izen \u00c7eler, \u015f\u00f6yle konu\u015ftu:<\/p>\n<p>\u201c\u00c7\u00fcnk\u00fc de\u011fi\u015fim \u015fartt\u0131r. Senelerdir boynumuzu e\u011fdirdiler. Toplumu savunmak yerine partizanl\u0131k yapt\u0131lar. Biz bunu hak etmedik. Hi\u00e7birimiz bu g\u00fcnleri b\u00f6yle ya\u015famak i\u00e7in m\u00fccadele etmedik. Toplumun siyasete olan g\u00fcvensizli\u011finde insanlara umut a\u015f\u0131lamal\u0131yd\u0131k. G\u00fcvercinle, ba\u015fa\u011f\u0131 yan yana koyup cumhurba\u015fkanl\u0131\u011f\u0131n\u0131 almak zorundayd\u0131k, gerisi \u00e7orap s\u00f6k\u00fc\u011f\u00fc gibi gelecek. Hep birlikte bu birlikteli\u011fi ileriye ta\u015f\u0131yaca\u011f\u0131z. Bu \u00fclkeye \u00f6zlenen g\u00fczel g\u00fcnleri getirece\u011fiz.\u201d<\/p>\n<p>\u00c7eler, Tufan Erh\u00fcrman\u2019a sonuna kadar g\u00fcvendiklerini vurgulayarak, be\u015f y\u0131ll\u0131k g\u00f6rev s\u00fcresinde de yan\u0131nda olacaklar\u0131n\u0131 belirtti.<\/p>\n<p>-Sar\u0131yer: \u201cDe\u011fi\u015fim ba\u015flad\u0131\u201d<\/p>\n<p>CTP Lefke \u0130l\u00e7e Ba\u015fkan\u0131 Tuncay Sar\u0131yer ise, b\u00f6lge halk\u0131n\u0131n yo\u011fun ilgisine te\u015fekk\u00fcr etti. T\u0131rnaklar\u0131n\u0131 bu topraklara inatla ge\u00e7irip, \u00fcretimden vazge\u00e7meyen bir yerde olduklar\u0131n\u0131 dile getiren Sar\u0131yer, art\u0131k de\u011fi\u015fimin ba\u015flad\u0131\u011f\u0131n\u0131 vurgulad\u0131.<\/p>\n<p>Bu k\u00f6t\u00fc gidi\u015fata 19 Ekim\u2019de son verilece\u011fini belirten Sar\u0131yer, \u201cBa\u015flang\u0131c\u0131 ba\u015ftan yaparak, a\u015fa\u011f\u0131ya do\u011fru inece\u011fiz. Hepimize b\u00fcy\u00fck g\u00f6rev d\u00fc\u015f\u00fcyor. 19\u2019undan sonra yeni ufuklara a\u00e7\u0131laca\u011f\u0131z\u201d dedi.<\/p>\n<\/p><\/div>\n","protected":false},"excerpt":{"rendered":"<p>Cumhurba\u015fkan\u0131 aday\u0131 ve Cumhuriyet\u00e7i T\u00fcrk Partisi (CTP) Genel Ba\u015fkan\u0131 Tufan Erh\u00fcrman, \u201cBu i\u015f bitti, g\u00fcn say\u0131yoruz. 20\u2019sinde hep birlikte bu memleketi yeni ufuklara ta\u015f\u0131maya haz\u0131rlan\u0131yoruz\u201d dedi. CTP\u2019den yap\u0131lan a\u00e7\u0131klamaya g\u00f6re Erh\u00fcrman, Ye\u015fil\u0131rmak ve Yedidalga k\u00f6ylerini ziyaret etti, ard\u0131ndan Do\u011fanc\u0131\u2019da ger\u00e7ekle\u015ftirilen halk bulu\u015fmas\u0131na kat\u0131larak, Cumhurba\u015fkanl\u0131\u011f\u0131 vizyonunu payla\u015ft\u0131. Erh\u00fcrman\u2019a, Toplumcu Demokrasi Partisi (TDP) Genel Ba\u015fkan\u0131 Zeki \u00c7eler,<\/p>\n","protected":false},"author":1,"featured_media":94662,"comment_status":"open","ping_status":"open","sticky":false,"template":"","format":"standard","meta":{"footnotes":""},"categories":[81],"tags":[],"class_list":["post-94661","post","type-post","status-publish","format-standard","has-post-thumbnail","hentry","category-kibris"],"yoast_head":"<!-- This site is optimized with the Yoast SEO plugin v27.5 - https:\/\/yoast.com\/product\/yoast-seo-wordpress\/ -->\n<title>ERH\u00dcRMAN DO\u011eANCI\u2019DA KONU\u015eTU: \u201cBU \u0130\u015e B\u0130TT\u0130, G\u00dcN SAYIYORUZ\u201d -<\/title>\n<meta name=\"robots\" content=\"index, follow, max-snippet:-1, max-image-preview:large, max-video-preview:-1\" \/>\n<link rel=\"canonical\" href=\"https:\/\/kibrisdakik.com\/?p=94661\" \/>\n<meta property=\"og:locale\" content=\"tr_TR\" \/>\n<meta property=\"og:type\" content=\"article\" \/>\n<meta property=\"og:title\" content=\"ERH\u00dcRMAN DO\u011eANCI\u2019DA KONU\u015eTU: \u201cBU \u0130\u015e B\u0130TT\u0130, G\u00dcN SAYIYORUZ\u201d -\" \/>\n<meta property=\"og:description\" content=\"Cumhurba\u015fkan\u0131 aday\u0131 ve Cumhuriyet\u00e7i T\u00fcrk Partisi (CTP) Genel Ba\u015fkan\u0131 Tufan Erh\u00fcrman, \u201cBu i\u015f bitti, g\u00fcn say\u0131yoruz. 20\u2019sinde hep birlikte bu memleketi yeni ufuklara ta\u015f\u0131maya haz\u0131rlan\u0131yoruz\u201d dedi. CTP\u2019den yap\u0131lan a\u00e7\u0131klamaya g\u00f6re Erh\u00fcrman, Ye\u015fil\u0131rmak ve Yedidalga k\u00f6ylerini ziyaret etti, ard\u0131ndan Do\u011fanc\u0131\u2019da ger\u00e7ekle\u015ftirilen halk bulu\u015fmas\u0131na kat\u0131larak, Cumhurba\u015fkanl\u0131\u011f\u0131 vizyonunu payla\u015ft\u0131. Erh\u00fcrman\u2019a, Toplumcu Demokrasi Partisi (TDP) Genel Ba\u015fkan\u0131 Zeki \u00c7eler,\" \/>\n<meta property=\"og:url\" content=\"https:\/\/kibrisdakik.com\/?p=94661\" \/>\n<meta property=\"article:published_time\" content=\"2025-10-03T12:58:04+00:00\" \/>\n<meta property=\"og:image\" content=\"https:\/\/kibrisdakik.com\/wp-content\/uploads\/2025\/10\/mha-1293.png\" \/>\n\t<meta property=\"og:image:width\" content=\"1280\" \/>\n\t<meta property=\"og:image:height\" content=\"720\" \/>\n\t<meta property=\"og:image:type\" content=\"image\/png\" \/>\n<meta name=\"author\" content=\"admin\" \/>\n<meta name=\"twitter:card\" content=\"summary_large_image\" \/>\n<meta name=\"twitter:label1\" content=\"Yazan:\" \/>\n\t<meta name=\"twitter:data1\" content=\"admin\" \/>\n\t<meta name=\"twitter:label2\" content=\"Tahmini okuma s\u00fcresi\" \/>\n\t<meta name=\"twitter:data2\" content=\"4 dakika\" \/>\n<script type=\"application\/ld+json\" class=\"yoast-schema-graph\">{\"@context\":\"https:\\\/\\\/schema.org\",\"@graph\":[{\"@type\":\"Article\",\"@id\":\"https:\\\/\\\/kibrisdakik.com\\\/?p=94661#article\",\"isPartOf\":{\"@id\":\"https:\\\/\\\/kibrisdakik.com\\\/?p=94661\"},\"author\":{\"name\":\"admin\",\"@id\":\"https:\\\/\\\/kibrisdakik.com\\\/#\\\/schema\\\/person\\\/9cd9d437bbb44f72b73ba127e06d8e79\"},\"headline\":\"ERH\u00dcRMAN DO\u011eANCI\u2019DA KONU\u015eTU: \u201cBU \u0130\u015e B\u0130TT\u0130, G\u00dcN SAYIYORUZ\u201d\",\"datePublished\":\"2025-10-03T12:58:04+00:00\",\"mainEntityOfPage\":{\"@id\":\"https:\\\/\\\/kibrisdakik.com\\\/?p=94661\"},\"wordCount\":894,\"commentCount\":0,\"image\":{\"@id\":\"https:\\\/\\\/kibrisdakik.com\\\/?p=94661#primaryimage\"},\"thumbnailUrl\":\"https:\\\/\\\/kibrisdakik.com\\\/wp-content\\\/uploads\\\/2025\\\/10\\\/mha-1293.png\",\"articleSection\":[\"K\u0131br\u0131s\"],\"inLanguage\":\"tr\",\"potentialAction\":[{\"@type\":\"CommentAction\",\"name\":\"Comment\",\"target\":[\"https:\\\/\\\/kibrisdakik.com\\\/?p=94661#respond\"]}]},{\"@type\":\"WebPage\",\"@id\":\"https:\\\/\\\/kibrisdakik.com\\\/?p=94661\",\"url\":\"https:\\\/\\\/kibrisdakik.com\\\/?p=94661\",\"name\":\"ERH\u00dcRMAN DO\u011eANCI\u2019DA KONU\u015eTU: \u201cBU \u0130\u015e B\u0130TT\u0130, G\u00dcN SAYIYORUZ\u201d -\",\"isPartOf\":{\"@id\":\"https:\\\/\\\/kibrisdakik.com\\\/#website\"},\"primaryImageOfPage\":{\"@id\":\"https:\\\/\\\/kibrisdakik.com\\\/?p=94661#primaryimage\"},\"image\":{\"@id\":\"https:\\\/\\\/kibrisdakik.com\\\/?p=94661#primaryimage\"},\"thumbnailUrl\":\"https:\\\/\\\/kibrisdakik.com\\\/wp-content\\\/uploads\\\/2025\\\/10\\\/mha-1293.png\",\"datePublished\":\"2025-10-03T12:58:04+00:00\",\"author\":{\"@id\":\"https:\\\/\\\/kibrisdakik.com\\\/#\\\/schema\\\/person\\\/9cd9d437bbb44f72b73ba127e06d8e79\"},\"breadcrumb\":{\"@id\":\"https:\\\/\\\/kibrisdakik.com\\\/?p=94661#breadcrumb\"},\"inLanguage\":\"tr\",\"potentialAction\":[{\"@type\":\"ReadAction\",\"target\":[\"https:\\\/\\\/kibrisdakik.com\\\/?p=94661\"]}]},{\"@type\":\"ImageObject\",\"inLanguage\":\"tr\",\"@id\":\"https:\\\/\\\/kibrisdakik.com\\\/?p=94661#primaryimage\",\"url\":\"https:\\\/\\\/kibrisdakik.com\\\/wp-content\\\/uploads\\\/2025\\\/10\\\/mha-1293.png\",\"contentUrl\":\"https:\\\/\\\/kibrisdakik.com\\\/wp-content\\\/uploads\\\/2025\\\/10\\\/mha-1293.png\",\"width\":1280,\"height\":720},{\"@type\":\"BreadcrumbList\",\"@id\":\"https:\\\/\\\/kibrisdakik.com\\\/?p=94661#breadcrumb\",\"itemListElement\":[{\"@type\":\"ListItem\",\"position\":1,\"name\":\"Home\",\"item\":\"https:\\\/\\\/kibrisdakik.com\\\/\"},{\"@type\":\"ListItem\",\"position\":2,\"name\":\"ERH\u00dcRMAN DO\u011eANCI\u2019DA KONU\u015eTU: \u201cBU \u0130\u015e B\u0130TT\u0130, G\u00dcN SAYIYORUZ\u201d\"}]},{\"@type\":\"WebSite\",\"@id\":\"https:\\\/\\\/kibrisdakik.com\\\/#website\",\"url\":\"https:\\\/\\\/kibrisdakik.com\\\/\",\"name\":\"\",\"description\":\"Tam vaktinde haber\",\"potentialAction\":[{\"@type\":\"SearchAction\",\"target\":{\"@type\":\"EntryPoint\",\"urlTemplate\":\"https:\\\/\\\/kibrisdakik.com\\\/?s={search_term_string}\"},\"query-input\":{\"@type\":\"PropertyValueSpecification\",\"valueRequired\":true,\"valueName\":\"search_term_string\"}}],\"inLanguage\":\"tr\"},{\"@type\":\"Person\",\"@id\":\"https:\\\/\\\/kibrisdakik.com\\\/#\\\/schema\\\/person\\\/9cd9d437bbb44f72b73ba127e06d8e79\",\"name\":\"admin\",\"image\":{\"@type\":\"ImageObject\",\"inLanguage\":\"tr\",\"@id\":\"https:\\\/\\\/secure.gravatar.com\\\/avatar\\\/ccc17943b9d660506c869530f897617f7cb1c21a4bf30023f252596d83e1f007?s=96&d=mm&r=g\",\"url\":\"https:\\\/\\\/secure.gravatar.com\\\/avatar\\\/ccc17943b9d660506c869530f897617f7cb1c21a4bf30023f252596d83e1f007?s=96&d=mm&r=g\",\"contentUrl\":\"https:\\\/\\\/secure.gravatar.com\\\/avatar\\\/ccc17943b9d660506c869530f897617f7cb1c21a4bf30023f252596d83e1f007?s=96&d=mm&r=g\",\"caption\":\"admin\"},\"sameAs\":[\"https:\\\/\\\/kibrisdakik.com\"],\"url\":\"https:\\\/\\\/kibrisdakik.com\\\/?author=1\"}]}<\/script>\n<!-- \/ Yoast SEO plugin. -->","yoast_head_json":{"title":"ERH\u00dcRMAN DO\u011eANCI\u2019DA KONU\u015eTU: \u201cBU \u0130\u015e B\u0130TT\u0130, G\u00dcN SAYIYORUZ\u201d -","robots":{"index":"index","follow":"follow","max-snippet":"max-snippet:-1","max-image-preview":"max-image-preview:large","max-video-preview":"max-video-preview:-1"},"canonical":"https:\/\/kibrisdakik.com\/?p=94661","og_locale":"tr_TR","og_type":"article","og_title":"ERH\u00dcRMAN DO\u011eANCI\u2019DA KONU\u015eTU: \u201cBU \u0130\u015e B\u0130TT\u0130, G\u00dcN SAYIYORUZ\u201d -","og_description":"Cumhurba\u015fkan\u0131 aday\u0131 ve Cumhuriyet\u00e7i T\u00fcrk Partisi (CTP) Genel Ba\u015fkan\u0131 Tufan Erh\u00fcrman, \u201cBu i\u015f bitti, g\u00fcn say\u0131yoruz. 20\u2019sinde hep birlikte bu memleketi yeni ufuklara ta\u015f\u0131maya haz\u0131rlan\u0131yoruz\u201d dedi. CTP\u2019den yap\u0131lan a\u00e7\u0131klamaya g\u00f6re Erh\u00fcrman, Ye\u015fil\u0131rmak ve Yedidalga k\u00f6ylerini ziyaret etti, ard\u0131ndan Do\u011fanc\u0131\u2019da ger\u00e7ekle\u015ftirilen halk bulu\u015fmas\u0131na kat\u0131larak, Cumhurba\u015fkanl\u0131\u011f\u0131 vizyonunu payla\u015ft\u0131. Erh\u00fcrman\u2019a, Toplumcu Demokrasi Partisi (TDP) Genel Ba\u015fkan\u0131 Zeki \u00c7eler,","og_url":"https:\/\/kibrisdakik.com\/?p=94661","article_published_time":"2025-10-03T12:58:04+00:00","og_image":[{"width":1280,"height":720,"url":"https:\/\/kibrisdakik.com\/wp-content\/uploads\/2025\/10\/mha-1293.png","type":"image\/png"}],"author":"admin","twitter_card":"summary_large_image","twitter_misc":{"Yazan:":"admin","Tahmini okuma s\u00fcresi":"4 dakika"},"schema":{"@context":"https:\/\/schema.org","@graph":[{"@type":"Article","@id":"https:\/\/kibrisdakik.com\/?p=94661#article","isPartOf":{"@id":"https:\/\/kibrisdakik.com\/?p=94661"},"author":{"name":"admin","@id":"https:\/\/kibrisdakik.com\/#\/schema\/person\/9cd9d437bbb44f72b73ba127e06d8e79"},"headline":"ERH\u00dcRMAN DO\u011eANCI\u2019DA KONU\u015eTU: \u201cBU \u0130\u015e B\u0130TT\u0130, G\u00dcN SAYIYORUZ\u201d","datePublished":"2025-10-03T12:58:04+00:00","mainEntityOfPage":{"@id":"https:\/\/kibrisdakik.com\/?p=94661"},"wordCount":894,"commentCount":0,"image":{"@id":"https:\/\/kibrisdakik.com\/?p=94661#primaryimage"},"thumbnailUrl":"https:\/\/kibrisdakik.com\/wp-content\/uploads\/2025\/10\/mha-1293.png","articleSection":["K\u0131br\u0131s"],"inLanguage":"tr","potentialAction":[{"@type":"CommentAction","name":"Comment","target":["https:\/\/kibrisdakik.com\/?p=94661#respond"]}]},{"@type":"WebPage","@id":"https:\/\/kibrisdakik.com\/?p=94661","url":"https:\/\/kibrisdakik.com\/?p=94661","name":"ERH\u00dcRMAN DO\u011eANCI\u2019DA KONU\u015eTU: \u201cBU \u0130\u015e B\u0130TT\u0130, G\u00dcN SAYIYORUZ\u201d -","isPartOf":{"@id":"https:\/\/kibrisdakik.com\/#website"},"primaryImageOfPage":{"@id":"https:\/\/kibrisdakik.com\/?p=94661#primaryimage"},"image":{"@id":"https:\/\/kibrisdakik.com\/?p=94661#primaryimage"},"thumbnailUrl":"https:\/\/kibrisdakik.com\/wp-content\/uploads\/2025\/10\/mha-1293.png","datePublished":"2025-10-03T12:58:04+00:00","author":{"@id":"https:\/\/kibrisdakik.com\/#\/schema\/person\/9cd9d437bbb44f72b73ba127e06d8e79"},"breadcrumb":{"@id":"https:\/\/kibrisdakik.com\/?p=94661#breadcrumb"},"inLanguage":"tr","potentialAction":[{"@type":"ReadAction","target":["https:\/\/kibrisdakik.com\/?p=94661"]}]},{"@type":"ImageObject","inLanguage":"tr","@id":"https:\/\/kibrisdakik.com\/?p=94661#primaryimage","url":"https:\/\/kibrisdakik.com\/wp-content\/uploads\/2025\/10\/mha-1293.png","contentUrl":"https:\/\/kibrisdakik.com\/wp-content\/uploads\/2025\/10\/mha-1293.png","width":1280,"height":720},{"@type":"BreadcrumbList","@id":"https:\/\/kibrisdakik.com\/?p=94661#breadcrumb","itemListElement":[{"@type":"ListItem","position":1,"name":"Home","item":"https:\/\/kibrisdakik.com\/"},{"@type":"ListItem","position":2,"name":"ERH\u00dcRMAN DO\u011eANCI\u2019DA KONU\u015eTU: \u201cBU \u0130\u015e B\u0130TT\u0130, G\u00dcN SAYIYORUZ\u201d"}]},{"@type":"WebSite","@id":"https:\/\/kibrisdakik.com\/#website","url":"https:\/\/kibrisdakik.com\/","name":"","description":"Tam vaktinde haber","potentialAction":[{"@type":"SearchAction","target":{"@type":"EntryPoint","urlTemplate":"https:\/\/kibrisdakik.com\/?s={search_term_string}"},"query-input":{"@type":"PropertyValueSpecification","valueRequired":true,"valueName":"search_term_string"}}],"inLanguage":"tr"},{"@type":"Person","@id":"https:\/\/kibrisdakik.com\/#\/schema\/person\/9cd9d437bbb44f72b73ba127e06d8e79","name":"admin","image":{"@type":"ImageObject","inLanguage":"tr","@id":"https:\/\/secure.gravatar.com\/avatar\/ccc17943b9d660506c869530f897617f7cb1c21a4bf30023f252596d83e1f007?s=96&d=mm&r=g","url":"https:\/\/secure.gravatar.com\/avatar\/ccc17943b9d660506c869530f897617f7cb1c21a4bf30023f252596d83e1f007?s=96&d=mm&r=g","contentUrl":"https:\/\/secure.gravatar.com\/avatar\/ccc17943b9d660506c869530f897617f7cb1c21a4bf30023f252596d83e1f007?s=96&d=mm&r=g","caption":"admin"},"sameAs":["https:\/\/kibrisdakik.com"],"url":"https:\/\/kibrisdakik.com\/?author=1"}]}},"_links":{"self":[{"href":"https:\/\/kibrisdakik.com\/index.php?rest_route=\/wp\/v2\/posts\/94661","targetHints":{"allow":["GET"]}}],"collection":[{"href":"https:\/\/kibrisdakik.com\/index.php?rest_route=\/wp\/v2\/posts"}],"about":[{"href":"https:\/\/kibrisdakik.com\/index.php?rest_route=\/wp\/v2\/types\/post"}],"author":[{"embeddable":true,"href":"https:\/\/kibrisdakik.com\/index.php?rest_route=\/wp\/v2\/users\/1"}],"replies":[{"embeddable":true,"href":"https:\/\/kibrisdakik.com\/index.php?rest_route=%2Fwp%2Fv2%2Fcomments&post=94661"}],"version-history":[{"count":0,"href":"https:\/\/kibrisdakik.com\/index.php?rest_route=\/wp\/v2\/posts\/94661\/revisions"}],"wp:featuredmedia":[{"embeddable":true,"href":"https:\/\/kibrisdakik.com\/index.php?rest_route=\/wp\/v2\/media\/94662"}],"wp:attachment":[{"href":"https:\/\/kibrisdakik.com\/index.php?rest_route=%2Fwp%2Fv2%2Fmedia&parent=94661"}],"wp:term":[{"taxonomy":"category","embeddable":true,"href":"https:\/\/kibrisdakik.com\/index.php?rest_route=%2Fwp%2Fv2%2Fcategories&post=94661"},{"taxonomy":"post_tag","embeddable":true,"href":"https:\/\/kibrisdakik.com\/index.php?rest_route=%2Fwp%2Fv2%2Ftags&post=94661"}],"curies":[{"name":"wp","href":"https:\/\/api.w.org\/{rel}","templated":true}]}}