{"id":9467,"date":"2023-06-26T19:22:13","date_gmt":"2023-06-26T19:22:13","guid":{"rendered":"https:\/\/kibrisdakik.com\/index.php\/2023\/06\/26\/bayramin-huzur-ve-guven-icerisinde-gecirilmesi-icin-tum-onlemler-alindi\/"},"modified":"2023-06-26T19:22:13","modified_gmt":"2023-06-26T19:22:13","slug":"bayramin-huzur-ve-guven-icerisinde-gecirilmesi-icin-tum-onlemler-alindi","status":"publish","type":"post","link":"https:\/\/kibrisdakik.com\/?p=9467","title":{"rendered":"Bayram\u0131n huzur ve g\u00fcven i\u00e7erisinde ge\u00e7irilmesi i\u00e7in t\u00fcm \u00f6nlemler al\u0131nd\u0131"},"content":{"rendered":"<p><\/p>\n<div>\n<div class=\"mariselle-image-container center\">\n                <img width=\"640\" height=\"359\" class=\"lazy-image\" alt=\"\" decoding=\"async\" loading=\"lazy\" sizes=\"auto, (max-width: 640px) 100vw, 640px\" src=\"https:\/\/brtk.net\/wp-content\/uploads\/2023\/06\/26\/resized_3ec40-daabf5eekurbanbayrami_2998-1.jpg?ver=0176e5939c25d32d1cddc930347d5251\" srcset=\"https:\/\/brtk.net\/wp-content\/uploads\/2023\/06\/26\/resized_3ec40-daabf5eekurbanbayrami_2998-1.jpg?ver=0176e5939c25d32d1cddc930347d5251 640w, https:\/\/brtk.net\/wp-content\/uploads\/2023\/06\/26\/resized_3ec40-daabf5eekurbanbayrami_2998-1-300x168.jpg?ver=6cc457d9a575755cbb34ce32130e7d72 300w\"\/>                            <\/div>\n<p>\u0130slam aleminin iki bayram\u0131ndan biri olan Kurban Bayram\u0131 \u00c7ar\u015famba g\u00fcn\u00fc ba\u015fl\u0131yor. 4 g\u00fcnl\u00fck Kurban Bayram\u0131\u2019n\u0131n ilk g\u00fcn\u00fcnde bayram namaz\u0131 saat 06.09\u2019da k\u0131l\u0131nacak.<\/p>\n<p>Cumhurba\u015fkan\u0131 <a href=\"https:\/\/brtk.net\/\" target=\"_blank\" rel=\"noopener\">Ersin <\/a><a href=\"https:\/\/brtk.net\/\">Tatar<\/a> ve e\u015fi Sibel <a href=\"https:\/\/brtk.net\/\">Tatar<\/a>, bayram\u0131n birinci g\u00fcn\u00fc Cumhurba\u015fkanl\u0131\u011f\u0131\u2019nda bayram tebri\u011fi kabul edecek. Saat 10.30\u2019da ba\u015flayacak bayram tebri\u011fi halka a\u00e7\u0131k olacak.<\/p>\n<p>Mezarl\u0131klar\u0131n da ziyaret edildi\u011fi Kurban Bayram\u0131\u2019n\u0131n huzurlu ve sorunsuz ge\u00e7mesi i\u00e7in Polis Genel M\u00fcd\u00fcrl\u00fc\u011f\u00fc ve belediyeler \u00f6nlemler ald\u0131.<\/p>\n<p>Din \u0130\u015fleri Ba\u015fkanl\u0131\u011f\u0131\u2019ndan verilen bilgiye g\u00f6re <a href=\"https:\/\/brtk.net\/\">KKTC<\/a>\u2018den 210 civar\u0131nda ki\u015fi, hac ibadetini yerine getirmek \u00fczere kutsal topraklar\u0131 ziyaret ediyor.<\/p>\n<p>Meteoroloji Dairesi\u2019nden verilen bilgiye g\u00f6re, bayram tatilini de kapsayan 27 Haziran \u2013 3 Temmuz tarihleri aras\u0131nda b\u00f6lge al\u00e7ak bas\u0131n\u00e7 sistemi ile s\u0131cak hava k\u00fctlesinin etkisi alt\u0131nda kalacak. Hava, a\u00e7\u0131k az bulutlu olacak.<\/p>\n<p>En y\u00fcksek hava s\u0131cakl\u0131\u011f\u0131, genellikle i\u00e7 kesimlerde 35 \u2013 38 derece, sahillerde ise 29 \u2013 32 derece dolaylar\u0131nda seyredecek.<\/p>\n<p>R\u00fczgar, genellikle g\u00fcney ve bat\u0131dan orta kuvvette zaman zaman kuvvetli esecek.<\/p>\n<p>Polis Genel M\u00fcd\u00fcrl\u00fc\u011f\u00fc, halk\u0131n Kurban Bayram\u0131\u2019n\u0131 en i\u00e7ten dilekleriyle kutlayarak, sa\u011fl\u0131kl\u0131, huzurlu ve kazas\u0131z bir bayram temennisinde bulundu. Polis Genel M\u00fcd\u00fcrl\u00fc\u011f\u00fc, Kurban Bayram\u0131\u2019n\u0131 halk\u0131n huzur ve g\u00fcven ortam\u0131 i\u00e7erisinde idrak edebilmesi i\u00e7in g\u00f6rev ve sorumluluklar\u0131n\u0131n gerektirdi\u011fi t\u00fcm emniyet tedbirlerini ald\u0131\u011f\u0131n\u0131 a\u00e7\u0131klad\u0131.<\/p>\n<p>Kurban Bayram\u0131\u2019nda vatanda\u015flar \u015fikayetlerini ve yard\u0131m taleplerini \u201c155 Polis \u0130mdat, 199 \u0130tfaiye, 156 Alo Narkotik\u201d ve di\u011fer telefon hatlar\u0131ndan kesintisiz 24 saat polise iletebilecek. Polis, bayram nedeniyle daha da yo\u011funla\u015facak trafikte, can ve mal g\u00fcvenli\u011fini tehlikeye d\u00fc\u015f\u00fcrmemek i\u00e7in vatanda\u015flara; \u201cTrafik kurallar\u0131na uymas\u0131, uymayanlar\u0131 uyarmas\u0131 ve alkoll\u00fcyken ara\u00e7 kullanmamas\u0131\u201d \u00e7a\u011fr\u0131s\u0131nda bulundu.<\/p>\n<p>T\u00fcm belediyeler de bayram\u0131n huzur i\u00e7erisinde ge\u00e7mesi i\u00e7in \u00f6nlemlerini ald\u0131\u011f\u0131n\u0131 duyurdu.<\/p>\n<\/p><\/div>\n<p><script async\n                    defer\n                    crossorigin=\"anonymous\"\n                    src=\"https:\/\/connect.facebook.net\/tr_TR\/sdk.js#xfbml=1&#038;version=v3.3\"\n            ><\/script><\/p>\n","protected":false},"excerpt":{"rendered":"<p>\u0130slam aleminin iki bayram\u0131ndan biri olan Kurban Bayram\u0131 \u00c7ar\u015famba g\u00fcn\u00fc ba\u015fl\u0131yor. 4 g\u00fcnl\u00fck Kurban Bayram\u0131\u2019n\u0131n ilk g\u00fcn\u00fcnde bayram namaz\u0131 saat 06.09\u2019da k\u0131l\u0131nacak. Cumhurba\u015fkan\u0131 Ersin Tatar ve e\u015fi Sibel Tatar, bayram\u0131n birinci g\u00fcn\u00fc Cumhurba\u015fkanl\u0131\u011f\u0131\u2019nda bayram tebri\u011fi kabul edecek. Saat 10.30\u2019da ba\u015flayacak bayram tebri\u011fi halka a\u00e7\u0131k olacak. Mezarl\u0131klar\u0131n da ziyaret edildi\u011fi Kurban Bayram\u0131\u2019n\u0131n huzurlu ve sorunsuz ge\u00e7mesi<\/p>\n","protected":false},"author":1,"featured_media":9468,"comment_status":"open","ping_status":"open","sticky":false,"template":"","format":"standard","meta":{"footnotes":""},"categories":[1],"tags":[],"class_list":["post-9467","post","type-post","status-publish","format-standard","has-post-thumbnail","hentry","category-gundem"],"yoast_head":"<!-- This site is optimized with the Yoast SEO plugin v28.3 - https:\/\/yoast.com\/product\/yoast-seo-wordpress\/ -->\n<title>Bayram\u0131n huzur ve g\u00fcven i\u00e7erisinde ge\u00e7irilmesi i\u00e7in t\u00fcm \u00f6nlemler al\u0131nd\u0131 -<\/title>\n<meta name=\"robots\" content=\"index, follow, max-snippet:-1, max-image-preview:large, max-video-preview:-1\" \/>\n<link rel=\"canonical\" href=\"https:\/\/kibrisdakik.com\/?p=9467\" \/>\n<meta property=\"og:locale\" content=\"tr_TR\" \/>\n<meta property=\"og:type\" content=\"article\" \/>\n<meta property=\"og:title\" content=\"Bayram\u0131n huzur ve g\u00fcven i\u00e7erisinde ge\u00e7irilmesi i\u00e7in t\u00fcm \u00f6nlemler al\u0131nd\u0131 -\" \/>\n<meta property=\"og:description\" content=\"\u0130slam aleminin iki bayram\u0131ndan biri olan Kurban Bayram\u0131 \u00c7ar\u015famba g\u00fcn\u00fc ba\u015fl\u0131yor. 4 g\u00fcnl\u00fck Kurban Bayram\u0131\u2019n\u0131n ilk g\u00fcn\u00fcnde bayram namaz\u0131 saat 06.09\u2019da k\u0131l\u0131nacak. Cumhurba\u015fkan\u0131 Ersin Tatar ve e\u015fi Sibel Tatar, bayram\u0131n birinci g\u00fcn\u00fc Cumhurba\u015fkanl\u0131\u011f\u0131\u2019nda bayram tebri\u011fi kabul edecek. Saat 10.30\u2019da ba\u015flayacak bayram tebri\u011fi halka a\u00e7\u0131k olacak. Mezarl\u0131klar\u0131n da ziyaret edildi\u011fi Kurban Bayram\u0131\u2019n\u0131n huzurlu ve sorunsuz ge\u00e7mesi\" \/>\n<meta property=\"og:url\" content=\"https:\/\/kibrisdakik.com\/?p=9467\" \/>\n<meta property=\"article:published_time\" content=\"2023-06-26T19:22:13+00:00\" \/>\n<meta property=\"og:image\" content=\"https:\/\/kibrisdakik.com\/wp-content\/uploads\/2023\/06\/resized_3ec40-daabf5eekurbanbayrami_2998-1.jpg\" \/>\n\t<meta property=\"og:image:width\" content=\"640\" \/>\n\t<meta property=\"og:image:height\" content=\"359\" \/>\n\t<meta property=\"og:image:type\" content=\"image\/jpeg\" \/>\n<meta name=\"author\" content=\"admin\" \/>\n<meta name=\"twitter:card\" content=\"summary_large_image\" \/>\n<meta name=\"twitter:label1\" content=\"Yazan:\" \/>\n\t<meta name=\"twitter:data1\" content=\"admin\" \/>\n\t<meta name=\"twitter:label2\" content=\"Tahmini okuma s\u00fcresi\" \/>\n\t<meta name=\"twitter:data2\" content=\"2 dakika\" \/>\n<script type=\"application\/ld+json\" class=\"yoast-schema-graph\">{\"@context\":\"https:\\\/\\\/schema.org\",\"@graph\":[{\"@type\":\"Article\",\"@id\":\"https:\\\/\\\/kibrisdakik.com\\\/?p=9467#article\",\"isPartOf\":{\"@id\":\"https:\\\/\\\/kibrisdakik.com\\\/?p=9467\"},\"author\":{\"name\":\"admin\",\"@id\":\"https:\\\/\\\/kibrisdakik.com\\\/#\\\/schema\\\/person\\\/9cd9d437bbb44f72b73ba127e06d8e79\"},\"headline\":\"Bayram\u0131n huzur ve g\u00fcven i\u00e7erisinde ge\u00e7irilmesi i\u00e7in t\u00fcm \u00f6nlemler al\u0131nd\u0131\",\"datePublished\":\"2023-06-26T19:22:13+00:00\",\"mainEntityOfPage\":{\"@id\":\"https:\\\/\\\/kibrisdakik.com\\\/?p=9467\"},\"wordCount\":347,\"commentCount\":0,\"publisher\":{\"@id\":\"https:\\\/\\\/kibrisdakik.com\\\/#organization\"},\"image\":{\"@id\":\"https:\\\/\\\/kibrisdakik.com\\\/?p=9467#primaryimage\"},\"thumbnailUrl\":\"https:\\\/\\\/kibrisdakik.com\\\/wp-content\\\/uploads\\\/2023\\\/06\\\/resized_3ec40-daabf5eekurbanbayrami_2998-1.jpg\",\"articleSection\":[\"G\u00fcndem\"],\"inLanguage\":\"tr\",\"potentialAction\":[{\"@type\":\"CommentAction\",\"name\":\"Comment\",\"target\":[\"https:\\\/\\\/kibrisdakik.com\\\/?p=9467#respond\"]}]},{\"@type\":\"WebPage\",\"@id\":\"https:\\\/\\\/kibrisdakik.com\\\/?p=9467\",\"url\":\"https:\\\/\\\/kibrisdakik.com\\\/?p=9467\",\"name\":\"Bayram\u0131n huzur ve g\u00fcven i\u00e7erisinde ge\u00e7irilmesi i\u00e7in t\u00fcm \u00f6nlemler al\u0131nd\u0131 -\",\"isPartOf\":{\"@id\":\"https:\\\/\\\/kibrisdakik.com\\\/#website\"},\"primaryImageOfPage\":{\"@id\":\"https:\\\/\\\/kibrisdakik.com\\\/?p=9467#primaryimage\"},\"image\":{\"@id\":\"https:\\\/\\\/kibrisdakik.com\\\/?p=9467#primaryimage\"},\"thumbnailUrl\":\"https:\\\/\\\/kibrisdakik.com\\\/wp-content\\\/uploads\\\/2023\\\/06\\\/resized_3ec40-daabf5eekurbanbayrami_2998-1.jpg\",\"datePublished\":\"2023-06-26T19:22:13+00:00\",\"breadcrumb\":{\"@id\":\"https:\\\/\\\/kibrisdakik.com\\\/?p=9467#breadcrumb\"},\"inLanguage\":\"tr\",\"potentialAction\":[{\"@type\":\"ReadAction\",\"target\":[\"https:\\\/\\\/kibrisdakik.com\\\/?p=9467\"]}]},{\"@type\":\"ImageObject\",\"inLanguage\":\"tr\",\"@id\":\"https:\\\/\\\/kibrisdakik.com\\\/?p=9467#primaryimage\",\"url\":\"https:\\\/\\\/kibrisdakik.com\\\/wp-content\\\/uploads\\\/2023\\\/06\\\/resized_3ec40-daabf5eekurbanbayrami_2998-1.jpg\",\"contentUrl\":\"https:\\\/\\\/kibrisdakik.com\\\/wp-content\\\/uploads\\\/2023\\\/06\\\/resized_3ec40-daabf5eekurbanbayrami_2998-1.jpg\",\"width\":640,\"height\":359},{\"@type\":\"BreadcrumbList\",\"@id\":\"https:\\\/\\\/kibrisdakik.com\\\/?p=9467#breadcrumb\",\"itemListElement\":[{\"@type\":\"ListItem\",\"position\":1,\"name\":\"Home\",\"item\":\"https:\\\/\\\/kibrisdakik.com\\\/\"},{\"@type\":\"ListItem\",\"position\":2,\"name\":\"Bayram\u0131n huzur ve g\u00fcven i\u00e7erisinde ge\u00e7irilmesi i\u00e7in t\u00fcm \u00f6nlemler al\u0131nd\u0131\"}]},{\"@type\":\"WebSite\",\"@id\":\"https:\\\/\\\/kibrisdakik.com\\\/#website\",\"url\":\"https:\\\/\\\/kibrisdakik.com\\\/\",\"name\":\"K\u0131br\u0131s Dakik\",\"description\":\"Tam vaktinde haber\",\"publisher\":{\"@id\":\"https:\\\/\\\/kibrisdakik.com\\\/#organization\"},\"potentialAction\":[{\"@type\":\"SearchAction\",\"target\":{\"@type\":\"EntryPoint\",\"urlTemplate\":\"https:\\\/\\\/kibrisdakik.com\\\/?s={search_term_string}\"},\"query-input\":{\"@type\":\"PropertyValueSpecification\",\"valueRequired\":true,\"valueName\":\"search_term_string\"}}],\"inLanguage\":\"tr\"},{\"@type\":\"Organization\",\"@id\":\"https:\\\/\\\/kibrisdakik.com\\\/#organization\",\"name\":\"K\u0131br\u0131s Dakik\",\"url\":\"https:\\\/\\\/kibrisdakik.com\\\/\",\"logo\":{\"@type\":\"ImageObject\",\"inLanguage\":\"tr\",\"@id\":\"https:\\\/\\\/kibrisdakik.com\\\/#\\\/schema\\\/logo\\\/image\\\/\",\"url\":\"https:\\\/\\\/kibrisdakik.com\\\/wp-content\\\/uploads\\\/2025\\\/10\\\/cropped-WhatsApp-Image-2025-10-02-at-12.58.31.jpeg\",\"contentUrl\":\"https:\\\/\\\/kibrisdakik.com\\\/wp-content\\\/uploads\\\/2025\\\/10\\\/cropped-WhatsApp-Image-2025-10-02-at-12.58.31.jpeg\",\"width\":1237,\"height\":190,\"caption\":\"K\u0131br\u0131s Dakik\"},\"image\":{\"@id\":\"https:\\\/\\\/kibrisdakik.com\\\/#\\\/schema\\\/logo\\\/image\\\/\"}},{\"@type\":\"Person\",\"@id\":\"https:\\\/\\\/kibrisdakik.com\\\/#\\\/schema\\\/person\\\/9cd9d437bbb44f72b73ba127e06d8e79\",\"name\":\"admin\",\"image\":{\"@type\":\"ImageObject\",\"inLanguage\":\"tr\",\"@id\":\"https:\\\/\\\/secure.gravatar.com\\\/avatar\\\/ccc17943b9d660506c869530f897617f7cb1c21a4bf30023f252596d83e1f007?s=96&d=mm&r=g\",\"url\":\"https:\\\/\\\/secure.gravatar.com\\\/avatar\\\/ccc17943b9d660506c869530f897617f7cb1c21a4bf30023f252596d83e1f007?s=96&d=mm&r=g\",\"contentUrl\":\"https:\\\/\\\/secure.gravatar.com\\\/avatar\\\/ccc17943b9d660506c869530f897617f7cb1c21a4bf30023f252596d83e1f007?s=96&d=mm&r=g\",\"caption\":\"admin\"},\"sameAs\":[\"https:\\\/\\\/kibrisdakik.com\"],\"url\":\"https:\\\/\\\/kibrisdakik.com\\\/?author=1\"}]}<\/script>\n<!-- \/ Yoast SEO plugin. -->","yoast_head_json":{"title":"Bayram\u0131n huzur ve g\u00fcven i\u00e7erisinde ge\u00e7irilmesi i\u00e7in t\u00fcm \u00f6nlemler al\u0131nd\u0131 -","robots":{"index":"index","follow":"follow","max-snippet":"max-snippet:-1","max-image-preview":"max-image-preview:large","max-video-preview":"max-video-preview:-1"},"canonical":"https:\/\/kibrisdakik.com\/?p=9467","og_locale":"tr_TR","og_type":"article","og_title":"Bayram\u0131n huzur ve g\u00fcven i\u00e7erisinde ge\u00e7irilmesi i\u00e7in t\u00fcm \u00f6nlemler al\u0131nd\u0131 -","og_description":"\u0130slam aleminin iki bayram\u0131ndan biri olan Kurban Bayram\u0131 \u00c7ar\u015famba g\u00fcn\u00fc ba\u015fl\u0131yor. 4 g\u00fcnl\u00fck Kurban Bayram\u0131\u2019n\u0131n ilk g\u00fcn\u00fcnde bayram namaz\u0131 saat 06.09\u2019da k\u0131l\u0131nacak. Cumhurba\u015fkan\u0131 Ersin Tatar ve e\u015fi Sibel Tatar, bayram\u0131n birinci g\u00fcn\u00fc Cumhurba\u015fkanl\u0131\u011f\u0131\u2019nda bayram tebri\u011fi kabul edecek. Saat 10.30\u2019da ba\u015flayacak bayram tebri\u011fi halka a\u00e7\u0131k olacak. Mezarl\u0131klar\u0131n da ziyaret edildi\u011fi Kurban Bayram\u0131\u2019n\u0131n huzurlu ve sorunsuz ge\u00e7mesi","og_url":"https:\/\/kibrisdakik.com\/?p=9467","article_published_time":"2023-06-26T19:22:13+00:00","og_image":[{"width":640,"height":359,"url":"https:\/\/kibrisdakik.com\/wp-content\/uploads\/2023\/06\/resized_3ec40-daabf5eekurbanbayrami_2998-1.jpg","type":"image\/jpeg"}],"author":"admin","twitter_card":"summary_large_image","twitter_misc":{"Yazan:":"admin","Tahmini okuma s\u00fcresi":"2 dakika"},"schema":{"@context":"https:\/\/schema.org","@graph":[{"@type":"Article","@id":"https:\/\/kibrisdakik.com\/?p=9467#article","isPartOf":{"@id":"https:\/\/kibrisdakik.com\/?p=9467"},"author":{"name":"admin","@id":"https:\/\/kibrisdakik.com\/#\/schema\/person\/9cd9d437bbb44f72b73ba127e06d8e79"},"headline":"Bayram\u0131n huzur ve g\u00fcven i\u00e7erisinde ge\u00e7irilmesi i\u00e7in t\u00fcm \u00f6nlemler al\u0131nd\u0131","datePublished":"2023-06-26T19:22:13+00:00","mainEntityOfPage":{"@id":"https:\/\/kibrisdakik.com\/?p=9467"},"wordCount":347,"commentCount":0,"publisher":{"@id":"https:\/\/kibrisdakik.com\/#organization"},"image":{"@id":"https:\/\/kibrisdakik.com\/?p=9467#primaryimage"},"thumbnailUrl":"https:\/\/kibrisdakik.com\/wp-content\/uploads\/2023\/06\/resized_3ec40-daabf5eekurbanbayrami_2998-1.jpg","articleSection":["G\u00fcndem"],"inLanguage":"tr","potentialAction":[{"@type":"CommentAction","name":"Comment","target":["https:\/\/kibrisdakik.com\/?p=9467#respond"]}]},{"@type":"WebPage","@id":"https:\/\/kibrisdakik.com\/?p=9467","url":"https:\/\/kibrisdakik.com\/?p=9467","name":"Bayram\u0131n huzur ve g\u00fcven i\u00e7erisinde ge\u00e7irilmesi i\u00e7in t\u00fcm \u00f6nlemler al\u0131nd\u0131 -","isPartOf":{"@id":"https:\/\/kibrisdakik.com\/#website"},"primaryImageOfPage":{"@id":"https:\/\/kibrisdakik.com\/?p=9467#primaryimage"},"image":{"@id":"https:\/\/kibrisdakik.com\/?p=9467#primaryimage"},"thumbnailUrl":"https:\/\/kibrisdakik.com\/wp-content\/uploads\/2023\/06\/resized_3ec40-daabf5eekurbanbayrami_2998-1.jpg","datePublished":"2023-06-26T19:22:13+00:00","breadcrumb":{"@id":"https:\/\/kibrisdakik.com\/?p=9467#breadcrumb"},"inLanguage":"tr","potentialAction":[{"@type":"ReadAction","target":["https:\/\/kibrisdakik.com\/?p=9467"]}]},{"@type":"ImageObject","inLanguage":"tr","@id":"https:\/\/kibrisdakik.com\/?p=9467#primaryimage","url":"https:\/\/kibrisdakik.com\/wp-content\/uploads\/2023\/06\/resized_3ec40-daabf5eekurbanbayrami_2998-1.jpg","contentUrl":"https:\/\/kibrisdakik.com\/wp-content\/uploads\/2023\/06\/resized_3ec40-daabf5eekurbanbayrami_2998-1.jpg","width":640,"height":359},{"@type":"BreadcrumbList","@id":"https:\/\/kibrisdakik.com\/?p=9467#breadcrumb","itemListElement":[{"@type":"ListItem","position":1,"name":"Home","item":"https:\/\/kibrisdakik.com\/"},{"@type":"ListItem","position":2,"name":"Bayram\u0131n huzur ve g\u00fcven i\u00e7erisinde ge\u00e7irilmesi i\u00e7in t\u00fcm \u00f6nlemler al\u0131nd\u0131"}]},{"@type":"WebSite","@id":"https:\/\/kibrisdakik.com\/#website","url":"https:\/\/kibrisdakik.com\/","name":"K\u0131br\u0131s Dakik","description":"Tam vaktinde haber","publisher":{"@id":"https:\/\/kibrisdakik.com\/#organization"},"potentialAction":[{"@type":"SearchAction","target":{"@type":"EntryPoint","urlTemplate":"https:\/\/kibrisdakik.com\/?s={search_term_string}"},"query-input":{"@type":"PropertyValueSpecification","valueRequired":true,"valueName":"search_term_string"}}],"inLanguage":"tr"},{"@type":"Organization","@id":"https:\/\/kibrisdakik.com\/#organization","name":"K\u0131br\u0131s Dakik","url":"https:\/\/kibrisdakik.com\/","logo":{"@type":"ImageObject","inLanguage":"tr","@id":"https:\/\/kibrisdakik.com\/#\/schema\/logo\/image\/","url":"https:\/\/kibrisdakik.com\/wp-content\/uploads\/2025\/10\/cropped-WhatsApp-Image-2025-10-02-at-12.58.31.jpeg","contentUrl":"https:\/\/kibrisdakik.com\/wp-content\/uploads\/2025\/10\/cropped-WhatsApp-Image-2025-10-02-at-12.58.31.jpeg","width":1237,"height":190,"caption":"K\u0131br\u0131s Dakik"},"image":{"@id":"https:\/\/kibrisdakik.com\/#\/schema\/logo\/image\/"}},{"@type":"Person","@id":"https:\/\/kibrisdakik.com\/#\/schema\/person\/9cd9d437bbb44f72b73ba127e06d8e79","name":"admin","image":{"@type":"ImageObject","inLanguage":"tr","@id":"https:\/\/secure.gravatar.com\/avatar\/ccc17943b9d660506c869530f897617f7cb1c21a4bf30023f252596d83e1f007?s=96&d=mm&r=g","url":"https:\/\/secure.gravatar.com\/avatar\/ccc17943b9d660506c869530f897617f7cb1c21a4bf30023f252596d83e1f007?s=96&d=mm&r=g","contentUrl":"https:\/\/secure.gravatar.com\/avatar\/ccc17943b9d660506c869530f897617f7cb1c21a4bf30023f252596d83e1f007?s=96&d=mm&r=g","caption":"admin"},"sameAs":["https:\/\/kibrisdakik.com"],"url":"https:\/\/kibrisdakik.com\/?author=1"}]}},"_links":{"self":[{"href":"https:\/\/kibrisdakik.com\/index.php?rest_route=\/wp\/v2\/posts\/9467","targetHints":{"allow":["GET"]}}],"collection":[{"href":"https:\/\/kibrisdakik.com\/index.php?rest_route=\/wp\/v2\/posts"}],"about":[{"href":"https:\/\/kibrisdakik.com\/index.php?rest_route=\/wp\/v2\/types\/post"}],"author":[{"embeddable":true,"href":"https:\/\/kibrisdakik.com\/index.php?rest_route=\/wp\/v2\/users\/1"}],"replies":[{"embeddable":true,"href":"https:\/\/kibrisdakik.com\/index.php?rest_route=%2Fwp%2Fv2%2Fcomments&post=9467"}],"version-history":[{"count":0,"href":"https:\/\/kibrisdakik.com\/index.php?rest_route=\/wp\/v2\/posts\/9467\/revisions"}],"wp:featuredmedia":[{"embeddable":true,"href":"https:\/\/kibrisdakik.com\/index.php?rest_route=\/wp\/v2\/media\/9468"}],"wp:attachment":[{"href":"https:\/\/kibrisdakik.com\/index.php?rest_route=%2Fwp%2Fv2%2Fmedia&parent=9467"}],"wp:term":[{"taxonomy":"category","embeddable":true,"href":"https:\/\/kibrisdakik.com\/index.php?rest_route=%2Fwp%2Fv2%2Fcategories&post=9467"},{"taxonomy":"post_tag","embeddable":true,"href":"https:\/\/kibrisdakik.com\/index.php?rest_route=%2Fwp%2Fv2%2Ftags&post=9467"}],"curies":[{"name":"wp","href":"https:\/\/api.w.org\/{rel}","templated":true}]}}