{"id":94798,"date":"2025-10-06T10:11:12","date_gmt":"2025-10-06T07:11:12","guid":{"rendered":"https:\/\/kibrisdakik.com\/index.php\/2025\/10\/06\/beyarmudunda-2-adana-kebabi-ve-salgam-festivali-yapilacak\/"},"modified":"2025-10-06T10:11:12","modified_gmt":"2025-10-06T07:11:12","slug":"beyarmudunda-2-adana-kebabi-ve-salgam-festivali-yapilacak","status":"publish","type":"post","link":"https:\/\/kibrisdakik.com\/?p=94798","title":{"rendered":"BEYARMUDU\u2019NDA 2. ADANA KEBABI VE \u015eALGAM FEST\u0130VAL\u0130 YAPILACAK"},"content":{"rendered":"<p><\/p>\n<div data-text-id=\"185807\" property=\"articleBody\">\n<p>Beyarmudu Belediyesi, Adanal\u0131lar Dayan\u0131\u015fma Aktivite ve K\u00fclt\u00fcr Derne\u011fi (ADAK DER) i\u015f birli\u011fiyle, K\u0131br\u0131s ve Anadolu k\u00fclt\u00fcrlerini bir araya getiren <strong>2. Adana Kebab\u0131 ve \u015ealgam Festivali<\/strong>ni d\u00fczenliyor.<\/p>\n<p>Festival, <strong>12 Ekim Pazar g\u00fcn\u00fc saat 16.00\u2019da G\u00fcney Mesarya Sosyal Tesisleri\u2019nde<\/strong> ger\u00e7ekle\u015ftirilecek. Kat\u0131l\u0131m\u0131n \u00fccretsiz oldu\u011fu etkinlikte, Adana kebab\u0131 ve \u015falgam ikramlar\u0131n\u0131n yan\u0131 s\u0131ra renkli aktiviteler, sahne g\u00f6sterileri ve \u00e7ocuklara \u00f6zel e\u011flenceler yer alacak.<\/p>\n<p>K\u0131br\u0131s ve Anadolu t\u00fcrk\u00fclerinin sevilen isimleri <strong>Hilmi \u015eahball\u0131, Arda G\u00fcnd\u00fcz ve Serdar Demir<\/strong>, sahne performanslar\u0131yla festivale m\u00fczik dolu anlar ya\u015fatacak. Ayr\u0131ca \u015fi\u015fme balon alan\u0131, s\u00fcrpriz etkinlikler ve \u00e7e\u015fitli sahne g\u00f6sterileri de g\u00fcn boyunca kat\u0131l\u0131mc\u0131lara keyifli zaman ge\u00e7irme imk\u00e2n\u0131 sunacak.<\/p>\n<p>Beyarmudu Belediye Ba\u015fkan\u0131 <strong>B\u00fclent Bebek<\/strong>, etkinlikle ilgili yapt\u0131\u011f\u0131 a\u00e7\u0131klamada, \u201cBu festival ile K\u0131br\u0131s ve Adana k\u00fclt\u00fcrlerinin kayna\u015fmas\u0131n\u0131, halk\u0131m\u0131z\u0131n bir arada m\u00fczik ve lezzet dolu bir g\u00fcn ge\u00e7irmesini hedefliyoruz. T\u00fcm halk\u0131m\u0131z\u0131 bu g\u00fczel etkinli\u011fe davet ediyoruz.\u201d dedi.<\/p>\n<p>Festival, <strong>Beyarmudu Belediyesi<\/strong> i\u015f birli\u011fiyle <strong>Adanal\u0131lar Dayan\u0131\u015fma Aktivite ve K\u00fclt\u00fcr Derne\u011fi (ADAK DER)<\/strong> taraf\u0131ndan organize ediliyor.<\/p>\n<\/p><\/div>\n","protected":false},"excerpt":{"rendered":"<p>Beyarmudu Belediyesi, Adanal\u0131lar Dayan\u0131\u015fma Aktivite ve K\u00fclt\u00fcr Derne\u011fi (ADAK DER) i\u015f birli\u011fiyle, K\u0131br\u0131s ve Anadolu k\u00fclt\u00fcrlerini bir araya getiren 2. Adana Kebab\u0131 ve \u015ealgam Festivalini d\u00fczenliyor. Festival, 12 Ekim Pazar g\u00fcn\u00fc saat 16.00\u2019da G\u00fcney Mesarya Sosyal Tesisleri\u2019nde ger\u00e7ekle\u015ftirilecek. Kat\u0131l\u0131m\u0131n \u00fccretsiz oldu\u011fu etkinlikte, Adana kebab\u0131 ve \u015falgam ikramlar\u0131n\u0131n yan\u0131 s\u0131ra renkli aktiviteler, sahne g\u00f6sterileri ve \u00e7ocuklara<\/p>\n","protected":false},"author":1,"featured_media":94799,"comment_status":"open","ping_status":"open","sticky":false,"template":"","format":"standard","meta":{"footnotes":""},"categories":[81],"tags":[],"class_list":["post-94798","post","type-post","status-publish","format-standard","has-post-thumbnail","hentry","category-kibris"],"yoast_head":"<!-- This site is optimized with the Yoast SEO plugin v27.4 - https:\/\/yoast.com\/product\/yoast-seo-wordpress\/ -->\n<title>BEYARMUDU\u2019NDA 2. ADANA KEBABI VE \u015eALGAM FEST\u0130VAL\u0130 YAPILACAK -<\/title>\n<meta name=\"robots\" content=\"index, follow, max-snippet:-1, max-image-preview:large, max-video-preview:-1\" \/>\n<link rel=\"canonical\" href=\"https:\/\/kibrisdakik.com\/?p=94798\" \/>\n<meta property=\"og:locale\" content=\"tr_TR\" \/>\n<meta property=\"og:type\" content=\"article\" \/>\n<meta property=\"og:title\" content=\"BEYARMUDU\u2019NDA 2. ADANA KEBABI VE \u015eALGAM FEST\u0130VAL\u0130 YAPILACAK -\" \/>\n<meta property=\"og:description\" content=\"Beyarmudu Belediyesi, Adanal\u0131lar Dayan\u0131\u015fma Aktivite ve K\u00fclt\u00fcr Derne\u011fi (ADAK DER) i\u015f birli\u011fiyle, K\u0131br\u0131s ve Anadolu k\u00fclt\u00fcrlerini bir araya getiren 2. Adana Kebab\u0131 ve \u015ealgam Festivalini d\u00fczenliyor. Festival, 12 Ekim Pazar g\u00fcn\u00fc saat 16.00\u2019da G\u00fcney Mesarya Sosyal Tesisleri\u2019nde ger\u00e7ekle\u015ftirilecek. Kat\u0131l\u0131m\u0131n \u00fccretsiz oldu\u011fu etkinlikte, Adana kebab\u0131 ve \u015falgam ikramlar\u0131n\u0131n yan\u0131 s\u0131ra renkli aktiviteler, sahne g\u00f6sterileri ve \u00e7ocuklara\" \/>\n<meta property=\"og:url\" content=\"https:\/\/kibrisdakik.com\/?p=94798\" \/>\n<meta property=\"article:published_time\" content=\"2025-10-06T07:11:12+00:00\" \/>\n<meta property=\"og:image\" content=\"https:\/\/kibrisdakik.com\/wp-content\/uploads\/2025\/10\/m-h-a-m-h-a-78.png\" \/>\n\t<meta property=\"og:image:width\" content=\"1280\" \/>\n\t<meta property=\"og:image:height\" content=\"720\" \/>\n\t<meta property=\"og:image:type\" content=\"image\/png\" \/>\n<meta name=\"author\" content=\"admin\" \/>\n<meta name=\"twitter:card\" content=\"summary_large_image\" \/>\n<meta name=\"twitter:label1\" content=\"Yazan:\" \/>\n\t<meta name=\"twitter:data1\" content=\"admin\" \/>\n\t<meta name=\"twitter:label2\" content=\"Tahmini okuma s\u00fcresi\" \/>\n\t<meta name=\"twitter:data2\" content=\"1 dakika\" \/>\n<script type=\"application\/ld+json\" class=\"yoast-schema-graph\">{\"@context\":\"https:\\\/\\\/schema.org\",\"@graph\":[{\"@type\":\"Article\",\"@id\":\"https:\\\/\\\/kibrisdakik.com\\\/?p=94798#article\",\"isPartOf\":{\"@id\":\"https:\\\/\\\/kibrisdakik.com\\\/?p=94798\"},\"author\":{\"name\":\"admin\",\"@id\":\"https:\\\/\\\/kibrisdakik.com\\\/#\\\/schema\\\/person\\\/9cd9d437bbb44f72b73ba127e06d8e79\"},\"headline\":\"BEYARMUDU\u2019NDA 2. ADANA KEBABI VE \u015eALGAM FEST\u0130VAL\u0130 YAPILACAK\",\"datePublished\":\"2025-10-06T07:11:12+00:00\",\"mainEntityOfPage\":{\"@id\":\"https:\\\/\\\/kibrisdakik.com\\\/?p=94798\"},\"wordCount\":229,\"commentCount\":0,\"image\":{\"@id\":\"https:\\\/\\\/kibrisdakik.com\\\/?p=94798#primaryimage\"},\"thumbnailUrl\":\"https:\\\/\\\/kibrisdakik.com\\\/wp-content\\\/uploads\\\/2025\\\/10\\\/m-h-a-m-h-a-78.png\",\"articleSection\":[\"K\u0131br\u0131s\"],\"inLanguage\":\"tr\",\"potentialAction\":[{\"@type\":\"CommentAction\",\"name\":\"Comment\",\"target\":[\"https:\\\/\\\/kibrisdakik.com\\\/?p=94798#respond\"]}]},{\"@type\":\"WebPage\",\"@id\":\"https:\\\/\\\/kibrisdakik.com\\\/?p=94798\",\"url\":\"https:\\\/\\\/kibrisdakik.com\\\/?p=94798\",\"name\":\"BEYARMUDU\u2019NDA 2. ADANA KEBABI VE \u015eALGAM FEST\u0130VAL\u0130 YAPILACAK -\",\"isPartOf\":{\"@id\":\"https:\\\/\\\/kibrisdakik.com\\\/#website\"},\"primaryImageOfPage\":{\"@id\":\"https:\\\/\\\/kibrisdakik.com\\\/?p=94798#primaryimage\"},\"image\":{\"@id\":\"https:\\\/\\\/kibrisdakik.com\\\/?p=94798#primaryimage\"},\"thumbnailUrl\":\"https:\\\/\\\/kibrisdakik.com\\\/wp-content\\\/uploads\\\/2025\\\/10\\\/m-h-a-m-h-a-78.png\",\"datePublished\":\"2025-10-06T07:11:12+00:00\",\"author\":{\"@id\":\"https:\\\/\\\/kibrisdakik.com\\\/#\\\/schema\\\/person\\\/9cd9d437bbb44f72b73ba127e06d8e79\"},\"breadcrumb\":{\"@id\":\"https:\\\/\\\/kibrisdakik.com\\\/?p=94798#breadcrumb\"},\"inLanguage\":\"tr\",\"potentialAction\":[{\"@type\":\"ReadAction\",\"target\":[\"https:\\\/\\\/kibrisdakik.com\\\/?p=94798\"]}]},{\"@type\":\"ImageObject\",\"inLanguage\":\"tr\",\"@id\":\"https:\\\/\\\/kibrisdakik.com\\\/?p=94798#primaryimage\",\"url\":\"https:\\\/\\\/kibrisdakik.com\\\/wp-content\\\/uploads\\\/2025\\\/10\\\/m-h-a-m-h-a-78.png\",\"contentUrl\":\"https:\\\/\\\/kibrisdakik.com\\\/wp-content\\\/uploads\\\/2025\\\/10\\\/m-h-a-m-h-a-78.png\",\"width\":1280,\"height\":720},{\"@type\":\"BreadcrumbList\",\"@id\":\"https:\\\/\\\/kibrisdakik.com\\\/?p=94798#breadcrumb\",\"itemListElement\":[{\"@type\":\"ListItem\",\"position\":1,\"name\":\"Home\",\"item\":\"https:\\\/\\\/kibrisdakik.com\\\/\"},{\"@type\":\"ListItem\",\"position\":2,\"name\":\"BEYARMUDU\u2019NDA 2. ADANA KEBABI VE \u015eALGAM FEST\u0130VAL\u0130 YAPILACAK\"}]},{\"@type\":\"WebSite\",\"@id\":\"https:\\\/\\\/kibrisdakik.com\\\/#website\",\"url\":\"https:\\\/\\\/kibrisdakik.com\\\/\",\"name\":\"\",\"description\":\"Tam vaktinde haber\",\"potentialAction\":[{\"@type\":\"SearchAction\",\"target\":{\"@type\":\"EntryPoint\",\"urlTemplate\":\"https:\\\/\\\/kibrisdakik.com\\\/?s={search_term_string}\"},\"query-input\":{\"@type\":\"PropertyValueSpecification\",\"valueRequired\":true,\"valueName\":\"search_term_string\"}}],\"inLanguage\":\"tr\"},{\"@type\":\"Person\",\"@id\":\"https:\\\/\\\/kibrisdakik.com\\\/#\\\/schema\\\/person\\\/9cd9d437bbb44f72b73ba127e06d8e79\",\"name\":\"admin\",\"image\":{\"@type\":\"ImageObject\",\"inLanguage\":\"tr\",\"@id\":\"https:\\\/\\\/secure.gravatar.com\\\/avatar\\\/ccc17943b9d660506c869530f897617f7cb1c21a4bf30023f252596d83e1f007?s=96&d=mm&r=g\",\"url\":\"https:\\\/\\\/secure.gravatar.com\\\/avatar\\\/ccc17943b9d660506c869530f897617f7cb1c21a4bf30023f252596d83e1f007?s=96&d=mm&r=g\",\"contentUrl\":\"https:\\\/\\\/secure.gravatar.com\\\/avatar\\\/ccc17943b9d660506c869530f897617f7cb1c21a4bf30023f252596d83e1f007?s=96&d=mm&r=g\",\"caption\":\"admin\"},\"sameAs\":[\"https:\\\/\\\/kibrisdakik.com\"],\"url\":\"https:\\\/\\\/kibrisdakik.com\\\/?author=1\"}]}<\/script>\n<!-- \/ Yoast SEO plugin. -->","yoast_head_json":{"title":"BEYARMUDU\u2019NDA 2. ADANA KEBABI VE \u015eALGAM FEST\u0130VAL\u0130 YAPILACAK -","robots":{"index":"index","follow":"follow","max-snippet":"max-snippet:-1","max-image-preview":"max-image-preview:large","max-video-preview":"max-video-preview:-1"},"canonical":"https:\/\/kibrisdakik.com\/?p=94798","og_locale":"tr_TR","og_type":"article","og_title":"BEYARMUDU\u2019NDA 2. ADANA KEBABI VE \u015eALGAM FEST\u0130VAL\u0130 YAPILACAK -","og_description":"Beyarmudu Belediyesi, Adanal\u0131lar Dayan\u0131\u015fma Aktivite ve K\u00fclt\u00fcr Derne\u011fi (ADAK DER) i\u015f birli\u011fiyle, K\u0131br\u0131s ve Anadolu k\u00fclt\u00fcrlerini bir araya getiren 2. Adana Kebab\u0131 ve \u015ealgam Festivalini d\u00fczenliyor. Festival, 12 Ekim Pazar g\u00fcn\u00fc saat 16.00\u2019da G\u00fcney Mesarya Sosyal Tesisleri\u2019nde ger\u00e7ekle\u015ftirilecek. Kat\u0131l\u0131m\u0131n \u00fccretsiz oldu\u011fu etkinlikte, Adana kebab\u0131 ve \u015falgam ikramlar\u0131n\u0131n yan\u0131 s\u0131ra renkli aktiviteler, sahne g\u00f6sterileri ve \u00e7ocuklara","og_url":"https:\/\/kibrisdakik.com\/?p=94798","article_published_time":"2025-10-06T07:11:12+00:00","og_image":[{"width":1280,"height":720,"url":"https:\/\/kibrisdakik.com\/wp-content\/uploads\/2025\/10\/m-h-a-m-h-a-78.png","type":"image\/png"}],"author":"admin","twitter_card":"summary_large_image","twitter_misc":{"Yazan:":"admin","Tahmini okuma s\u00fcresi":"1 dakika"},"schema":{"@context":"https:\/\/schema.org","@graph":[{"@type":"Article","@id":"https:\/\/kibrisdakik.com\/?p=94798#article","isPartOf":{"@id":"https:\/\/kibrisdakik.com\/?p=94798"},"author":{"name":"admin","@id":"https:\/\/kibrisdakik.com\/#\/schema\/person\/9cd9d437bbb44f72b73ba127e06d8e79"},"headline":"BEYARMUDU\u2019NDA 2. ADANA KEBABI VE \u015eALGAM FEST\u0130VAL\u0130 YAPILACAK","datePublished":"2025-10-06T07:11:12+00:00","mainEntityOfPage":{"@id":"https:\/\/kibrisdakik.com\/?p=94798"},"wordCount":229,"commentCount":0,"image":{"@id":"https:\/\/kibrisdakik.com\/?p=94798#primaryimage"},"thumbnailUrl":"https:\/\/kibrisdakik.com\/wp-content\/uploads\/2025\/10\/m-h-a-m-h-a-78.png","articleSection":["K\u0131br\u0131s"],"inLanguage":"tr","potentialAction":[{"@type":"CommentAction","name":"Comment","target":["https:\/\/kibrisdakik.com\/?p=94798#respond"]}]},{"@type":"WebPage","@id":"https:\/\/kibrisdakik.com\/?p=94798","url":"https:\/\/kibrisdakik.com\/?p=94798","name":"BEYARMUDU\u2019NDA 2. ADANA KEBABI VE \u015eALGAM FEST\u0130VAL\u0130 YAPILACAK -","isPartOf":{"@id":"https:\/\/kibrisdakik.com\/#website"},"primaryImageOfPage":{"@id":"https:\/\/kibrisdakik.com\/?p=94798#primaryimage"},"image":{"@id":"https:\/\/kibrisdakik.com\/?p=94798#primaryimage"},"thumbnailUrl":"https:\/\/kibrisdakik.com\/wp-content\/uploads\/2025\/10\/m-h-a-m-h-a-78.png","datePublished":"2025-10-06T07:11:12+00:00","author":{"@id":"https:\/\/kibrisdakik.com\/#\/schema\/person\/9cd9d437bbb44f72b73ba127e06d8e79"},"breadcrumb":{"@id":"https:\/\/kibrisdakik.com\/?p=94798#breadcrumb"},"inLanguage":"tr","potentialAction":[{"@type":"ReadAction","target":["https:\/\/kibrisdakik.com\/?p=94798"]}]},{"@type":"ImageObject","inLanguage":"tr","@id":"https:\/\/kibrisdakik.com\/?p=94798#primaryimage","url":"https:\/\/kibrisdakik.com\/wp-content\/uploads\/2025\/10\/m-h-a-m-h-a-78.png","contentUrl":"https:\/\/kibrisdakik.com\/wp-content\/uploads\/2025\/10\/m-h-a-m-h-a-78.png","width":1280,"height":720},{"@type":"BreadcrumbList","@id":"https:\/\/kibrisdakik.com\/?p=94798#breadcrumb","itemListElement":[{"@type":"ListItem","position":1,"name":"Home","item":"https:\/\/kibrisdakik.com\/"},{"@type":"ListItem","position":2,"name":"BEYARMUDU\u2019NDA 2. ADANA KEBABI VE \u015eALGAM FEST\u0130VAL\u0130 YAPILACAK"}]},{"@type":"WebSite","@id":"https:\/\/kibrisdakik.com\/#website","url":"https:\/\/kibrisdakik.com\/","name":"","description":"Tam vaktinde haber","potentialAction":[{"@type":"SearchAction","target":{"@type":"EntryPoint","urlTemplate":"https:\/\/kibrisdakik.com\/?s={search_term_string}"},"query-input":{"@type":"PropertyValueSpecification","valueRequired":true,"valueName":"search_term_string"}}],"inLanguage":"tr"},{"@type":"Person","@id":"https:\/\/kibrisdakik.com\/#\/schema\/person\/9cd9d437bbb44f72b73ba127e06d8e79","name":"admin","image":{"@type":"ImageObject","inLanguage":"tr","@id":"https:\/\/secure.gravatar.com\/avatar\/ccc17943b9d660506c869530f897617f7cb1c21a4bf30023f252596d83e1f007?s=96&d=mm&r=g","url":"https:\/\/secure.gravatar.com\/avatar\/ccc17943b9d660506c869530f897617f7cb1c21a4bf30023f252596d83e1f007?s=96&d=mm&r=g","contentUrl":"https:\/\/secure.gravatar.com\/avatar\/ccc17943b9d660506c869530f897617f7cb1c21a4bf30023f252596d83e1f007?s=96&d=mm&r=g","caption":"admin"},"sameAs":["https:\/\/kibrisdakik.com"],"url":"https:\/\/kibrisdakik.com\/?author=1"}]}},"_links":{"self":[{"href":"https:\/\/kibrisdakik.com\/index.php?rest_route=\/wp\/v2\/posts\/94798","targetHints":{"allow":["GET"]}}],"collection":[{"href":"https:\/\/kibrisdakik.com\/index.php?rest_route=\/wp\/v2\/posts"}],"about":[{"href":"https:\/\/kibrisdakik.com\/index.php?rest_route=\/wp\/v2\/types\/post"}],"author":[{"embeddable":true,"href":"https:\/\/kibrisdakik.com\/index.php?rest_route=\/wp\/v2\/users\/1"}],"replies":[{"embeddable":true,"href":"https:\/\/kibrisdakik.com\/index.php?rest_route=%2Fwp%2Fv2%2Fcomments&post=94798"}],"version-history":[{"count":0,"href":"https:\/\/kibrisdakik.com\/index.php?rest_route=\/wp\/v2\/posts\/94798\/revisions"}],"wp:featuredmedia":[{"embeddable":true,"href":"https:\/\/kibrisdakik.com\/index.php?rest_route=\/wp\/v2\/media\/94799"}],"wp:attachment":[{"href":"https:\/\/kibrisdakik.com\/index.php?rest_route=%2Fwp%2Fv2%2Fmedia&parent=94798"}],"wp:term":[{"taxonomy":"category","embeddable":true,"href":"https:\/\/kibrisdakik.com\/index.php?rest_route=%2Fwp%2Fv2%2Fcategories&post=94798"},{"taxonomy":"post_tag","embeddable":true,"href":"https:\/\/kibrisdakik.com\/index.php?rest_route=%2Fwp%2Fv2%2Ftags&post=94798"}],"curies":[{"name":"wp","href":"https:\/\/api.w.org\/{rel}","templated":true}]}}