{"id":94877,"date":"2025-10-06T18:03:08","date_gmt":"2025-10-06T15:03:08","guid":{"rendered":"https:\/\/kibrisdakik.com\/index.php\/2025\/10\/06\/tatar-azerbaycan-cumhurbaskani-aliyev-ile-gorustu\/"},"modified":"2025-10-06T18:03:08","modified_gmt":"2025-10-06T15:03:08","slug":"tatar-azerbaycan-cumhurbaskani-aliyev-ile-gorustu","status":"publish","type":"post","link":"https:\/\/kibrisdakik.com\/?p=94877","title":{"rendered":"TATAR, AZERBAYCAN CUMHURBA\u015eKANI AL\u0130YEV \u0130LE G\u00d6R\u00dc\u015eT\u00dc"},"content":{"rendered":"<p><\/p>\n<div data-text-id=\"185865\" property=\"articleBody\">\n<p>Cumhurba\u015fkan\u0131 Ersin Tatar ile g\u00f6r\u00fc\u015fen Azerbaycan Cumhurba\u015fkan\u0131 \u0130lham Aliyev, Azerbaycan\u2019\u0131n KKTC\u2019ye deste\u011fini s\u00fcrd\u00fcrece\u011fini vurgulad\u0131.<\/p>\n<p>Cumhurba\u015fkan\u0131 Ersin Tatar, Azerbaycan Cumhuriyeti Cumhurba\u015fkan\u0131 \u0130lham Aliyev ile Gebele\u2019de bir araya geldi.<\/p>\n<p>Cumhurba\u015fkanl\u0131\u011f\u0131\u2019ndan yap\u0131lan a\u00e7\u0131klamaya g\u00f6re, g\u00f6r\u00fc\u015fme Azerbaycan Cumhurba\u015fkan\u0131 Aliyev\u2019in resmi ikametgah\u0131nda ger\u00e7ekle\u015fti.<\/p>\n<p>Cumhurba\u015fkan\u0131 Ersin Tatar, g\u00f6r\u00fc\u015fmede daha \u00f6nce Azerbaycan\u2019da ve uluslararas\u0131 etkinlikler kapsam\u0131nda Cumhurba\u015fkan\u0131 \u0130lham Aliyev ile ger\u00e7ekle\u015ftirdi\u011fi g\u00f6r\u00fc\u015fmelerden dolay\u0131 memnuniyetini ifade etti.<\/p>\n<p>Cumhurba\u015fkan\u0131 Tatar, \u015eu\u015fa\u2019da d\u00fczenlenen T\u00fcrk Devletleri Te\u015fkilat\u0131 (TDT) Gayriresm\u00ee Devlet Ba\u015fkanlar\u0131 Zirvesi\u2019ne kat\u0131l\u0131m\u0131n\u0131 hat\u0131rlatt\u0131 ve Azerbaycan Cumhurba\u015fkan\u0131 Aliyev\u2019e KKTC\u2019ye verdi\u011fi destekten dolay\u0131 te\u015fekk\u00fcr etti.<\/p>\n<p>Tatar, Azerbaycan ile Ermenistan aras\u0131nda Amerika Birle\u015fik Devletleri Ba\u015fkan\u0131\u2019n\u0131n kat\u0131l\u0131m\u0131yla Washington\u2019da var\u0131lan bar\u0131\u015f g\u00fcndemine ili\u015fkin ilerlemeler dolay\u0131s\u0131yla Cumhurba\u015fkan\u0131 \u0130lham Aliyev\u2019i tebrik etti.<\/p>\n<p>Cumhurba\u015fkan\u0131 \u0130lham Aliyev ise Cumhurba\u015fkan\u0131 Tatar\u2019\u0131n tebri\u011finden dolay\u0131 duydu\u011fu memnuniyetini dile getirdi, Azerbaycan\u2019\u0131n KKTC\u2019ye deste\u011fini s\u00fcrd\u00fcrece\u011fini vurgulad\u0131.<\/p>\n<p>G\u00f6r\u00fc\u015fmede, KKTC\u2019nin TDT\u2019ye g\u00f6zlemci olarak kat\u0131l\u0131m\u0131n\u0131n \u00f6nemi vurguland\u0131.<\/p>\n<p>Gebele\u2019de d\u00fczenlenen Zirve\u2019nin, TDT b\u00fcnyesindeki \u00fclkeler aras\u0131nda i\u015f birli\u011finin daha da geni\u015fletilmesine katk\u0131 sa\u011flad\u0131\u011f\u0131na dikkat \u00e7ekildi. Toplant\u0131da \u00e7e\u015fitli alanlarda i\u015f birli\u011fi konular\u0131 ele al\u0131nd\u0131.<\/p>\n<p>G\u00f6r\u00fc\u015fmenin ard\u0131ndan a\u00e7\u0131klama yapan Cumhurba\u015fkan\u0131 Ersin Tatar, Aliyev ile ger\u00e7ekle\u015ftirdikleri toplant\u0131n\u0131n olduk\u00e7a s\u0131cak ve samimi bir ortamda ger\u00e7ekle\u015fti\u011fini, Aliyev&#8217;in, kendisiyle bir araya gelmekten duydu\u011fu memnuniyeti ifade etti\u011fini s\u00f6yledi.<\/p>\n<p>Cumhurba\u015fkan\u0131 Tatar, Azerbaycan Cumhurba\u015fkan\u0131 Aliyev&#8217;in, T\u00fcrk Devletleri Te\u015fkilat\u0131 12. Devlet Ba\u015fkanlar\u0131 Zirvesi&#8217;nde KKTC Cumhurba\u015fkan\u0131 olarak kendisini Gebele\u2019de a\u011f\u0131rlamaktan b\u00fcy\u00fck bir memnuniyet duydu\u011funu da ifade etti.<\/p>\n<p>Cumhurba\u015fkan\u0131 Tatar a\u00e7\u0131klamas\u0131nda, \u201c Say\u0131n Aliyev KKTC\u2019nin T\u00fcrk D\u00fcnyas\u0131 ailesinin bir par\u00e7as\u0131 olarak 3 y\u0131ld\u0131r T\u00fcrk Devletleri Te\u015fkilat\u0131 g\u00f6zlemci \u00fcyesi olmas\u0131ndan b\u00fcy\u00fck memnuniyet duydu\u011funu ve ayr\u0131ca bu \u00fcyeli\u011fin Ersin Tatar d\u00f6neminde ger\u00e7ekle\u015fmesinin de kendisi i\u00e7in ayr\u0131 bir memnuniyet konusu oldu\u011funu belirtti\u201d ifadelerini kulland\u0131.<\/p>\n<\/p><\/div>\n","protected":false},"excerpt":{"rendered":"<p>Cumhurba\u015fkan\u0131 Ersin Tatar ile g\u00f6r\u00fc\u015fen Azerbaycan Cumhurba\u015fkan\u0131 \u0130lham Aliyev, Azerbaycan\u2019\u0131n KKTC\u2019ye deste\u011fini s\u00fcrd\u00fcrece\u011fini vurgulad\u0131. Cumhurba\u015fkan\u0131 Ersin Tatar, Azerbaycan Cumhuriyeti Cumhurba\u015fkan\u0131 \u0130lham Aliyev ile Gebele\u2019de bir araya geldi. Cumhurba\u015fkanl\u0131\u011f\u0131\u2019ndan yap\u0131lan a\u00e7\u0131klamaya g\u00f6re, g\u00f6r\u00fc\u015fme Azerbaycan Cumhurba\u015fkan\u0131 Aliyev\u2019in resmi ikametgah\u0131nda ger\u00e7ekle\u015fti. Cumhurba\u015fkan\u0131 Ersin Tatar, g\u00f6r\u00fc\u015fmede daha \u00f6nce Azerbaycan\u2019da ve uluslararas\u0131 etkinlikler kapsam\u0131nda Cumhurba\u015fkan\u0131 \u0130lham Aliyev ile ger\u00e7ekle\u015ftirdi\u011fi g\u00f6r\u00fc\u015fmelerden<\/p>\n","protected":false},"author":1,"featured_media":94878,"comment_status":"open","ping_status":"open","sticky":false,"template":"","format":"standard","meta":{"footnotes":""},"categories":[81],"tags":[],"class_list":["post-94877","post","type-post","status-publish","format-standard","has-post-thumbnail","hentry","category-kibris"],"yoast_head":"<!-- This site is optimized with the Yoast SEO plugin v27.5 - https:\/\/yoast.com\/product\/yoast-seo-wordpress\/ -->\n<title>TATAR, AZERBAYCAN CUMHURBA\u015eKANI AL\u0130YEV \u0130LE G\u00d6R\u00dc\u015eT\u00dc -<\/title>\n<meta name=\"robots\" content=\"index, follow, max-snippet:-1, max-image-preview:large, max-video-preview:-1\" \/>\n<link rel=\"canonical\" href=\"https:\/\/kibrisdakik.com\/?p=94877\" \/>\n<meta property=\"og:locale\" content=\"tr_TR\" \/>\n<meta property=\"og:type\" content=\"article\" \/>\n<meta property=\"og:title\" content=\"TATAR, AZERBAYCAN CUMHURBA\u015eKANI AL\u0130YEV \u0130LE G\u00d6R\u00dc\u015eT\u00dc -\" \/>\n<meta property=\"og:description\" content=\"Cumhurba\u015fkan\u0131 Ersin Tatar ile g\u00f6r\u00fc\u015fen Azerbaycan Cumhurba\u015fkan\u0131 \u0130lham Aliyev, Azerbaycan\u2019\u0131n KKTC\u2019ye deste\u011fini s\u00fcrd\u00fcrece\u011fini vurgulad\u0131. Cumhurba\u015fkan\u0131 Ersin Tatar, Azerbaycan Cumhuriyeti Cumhurba\u015fkan\u0131 \u0130lham Aliyev ile Gebele\u2019de bir araya geldi. Cumhurba\u015fkanl\u0131\u011f\u0131\u2019ndan yap\u0131lan a\u00e7\u0131klamaya g\u00f6re, g\u00f6r\u00fc\u015fme Azerbaycan Cumhurba\u015fkan\u0131 Aliyev\u2019in resmi ikametgah\u0131nda ger\u00e7ekle\u015fti. Cumhurba\u015fkan\u0131 Ersin Tatar, g\u00f6r\u00fc\u015fmede daha \u00f6nce Azerbaycan\u2019da ve uluslararas\u0131 etkinlikler kapsam\u0131nda Cumhurba\u015fkan\u0131 \u0130lham Aliyev ile ger\u00e7ekle\u015ftirdi\u011fi g\u00f6r\u00fc\u015fmelerden\" \/>\n<meta property=\"og:url\" content=\"https:\/\/kibrisdakik.com\/?p=94877\" \/>\n<meta property=\"article:published_time\" content=\"2025-10-06T15:03:08+00:00\" \/>\n<meta property=\"og:image\" content=\"https:\/\/kibrisdakik.com\/wp-content\/uploads\/2025\/10\/mha-1345.png\" \/>\n\t<meta property=\"og:image:width\" content=\"1280\" \/>\n\t<meta property=\"og:image:height\" content=\"720\" \/>\n\t<meta property=\"og:image:type\" content=\"image\/png\" \/>\n<meta name=\"author\" content=\"admin\" \/>\n<meta name=\"twitter:card\" content=\"summary_large_image\" \/>\n<meta name=\"twitter:label1\" content=\"Yazan:\" \/>\n\t<meta name=\"twitter:data1\" content=\"admin\" \/>\n\t<meta name=\"twitter:label2\" content=\"Tahmini okuma s\u00fcresi\" \/>\n\t<meta name=\"twitter:data2\" content=\"2 dakika\" \/>\n<script type=\"application\/ld+json\" class=\"yoast-schema-graph\">{\"@context\":\"https:\\\/\\\/schema.org\",\"@graph\":[{\"@type\":\"Article\",\"@id\":\"https:\\\/\\\/kibrisdakik.com\\\/?p=94877#article\",\"isPartOf\":{\"@id\":\"https:\\\/\\\/kibrisdakik.com\\\/?p=94877\"},\"author\":{\"name\":\"admin\",\"@id\":\"https:\\\/\\\/kibrisdakik.com\\\/#\\\/schema\\\/person\\\/9cd9d437bbb44f72b73ba127e06d8e79\"},\"headline\":\"TATAR, AZERBAYCAN CUMHURBA\u015eKANI AL\u0130YEV \u0130LE G\u00d6R\u00dc\u015eT\u00dc\",\"datePublished\":\"2025-10-06T15:03:08+00:00\",\"mainEntityOfPage\":{\"@id\":\"https:\\\/\\\/kibrisdakik.com\\\/?p=94877\"},\"wordCount\":412,\"commentCount\":0,\"image\":{\"@id\":\"https:\\\/\\\/kibrisdakik.com\\\/?p=94877#primaryimage\"},\"thumbnailUrl\":\"https:\\\/\\\/kibrisdakik.com\\\/wp-content\\\/uploads\\\/2025\\\/10\\\/mha-1345.png\",\"articleSection\":[\"K\u0131br\u0131s\"],\"inLanguage\":\"tr\",\"potentialAction\":[{\"@type\":\"CommentAction\",\"name\":\"Comment\",\"target\":[\"https:\\\/\\\/kibrisdakik.com\\\/?p=94877#respond\"]}]},{\"@type\":\"WebPage\",\"@id\":\"https:\\\/\\\/kibrisdakik.com\\\/?p=94877\",\"url\":\"https:\\\/\\\/kibrisdakik.com\\\/?p=94877\",\"name\":\"TATAR, AZERBAYCAN CUMHURBA\u015eKANI AL\u0130YEV \u0130LE G\u00d6R\u00dc\u015eT\u00dc -\",\"isPartOf\":{\"@id\":\"https:\\\/\\\/kibrisdakik.com\\\/#website\"},\"primaryImageOfPage\":{\"@id\":\"https:\\\/\\\/kibrisdakik.com\\\/?p=94877#primaryimage\"},\"image\":{\"@id\":\"https:\\\/\\\/kibrisdakik.com\\\/?p=94877#primaryimage\"},\"thumbnailUrl\":\"https:\\\/\\\/kibrisdakik.com\\\/wp-content\\\/uploads\\\/2025\\\/10\\\/mha-1345.png\",\"datePublished\":\"2025-10-06T15:03:08+00:00\",\"author\":{\"@id\":\"https:\\\/\\\/kibrisdakik.com\\\/#\\\/schema\\\/person\\\/9cd9d437bbb44f72b73ba127e06d8e79\"},\"breadcrumb\":{\"@id\":\"https:\\\/\\\/kibrisdakik.com\\\/?p=94877#breadcrumb\"},\"inLanguage\":\"tr\",\"potentialAction\":[{\"@type\":\"ReadAction\",\"target\":[\"https:\\\/\\\/kibrisdakik.com\\\/?p=94877\"]}]},{\"@type\":\"ImageObject\",\"inLanguage\":\"tr\",\"@id\":\"https:\\\/\\\/kibrisdakik.com\\\/?p=94877#primaryimage\",\"url\":\"https:\\\/\\\/kibrisdakik.com\\\/wp-content\\\/uploads\\\/2025\\\/10\\\/mha-1345.png\",\"contentUrl\":\"https:\\\/\\\/kibrisdakik.com\\\/wp-content\\\/uploads\\\/2025\\\/10\\\/mha-1345.png\",\"width\":1280,\"height\":720},{\"@type\":\"BreadcrumbList\",\"@id\":\"https:\\\/\\\/kibrisdakik.com\\\/?p=94877#breadcrumb\",\"itemListElement\":[{\"@type\":\"ListItem\",\"position\":1,\"name\":\"Home\",\"item\":\"https:\\\/\\\/kibrisdakik.com\\\/\"},{\"@type\":\"ListItem\",\"position\":2,\"name\":\"TATAR, AZERBAYCAN CUMHURBA\u015eKANI AL\u0130YEV \u0130LE G\u00d6R\u00dc\u015eT\u00dc\"}]},{\"@type\":\"WebSite\",\"@id\":\"https:\\\/\\\/kibrisdakik.com\\\/#website\",\"url\":\"https:\\\/\\\/kibrisdakik.com\\\/\",\"name\":\"\",\"description\":\"Tam vaktinde haber\",\"potentialAction\":[{\"@type\":\"SearchAction\",\"target\":{\"@type\":\"EntryPoint\",\"urlTemplate\":\"https:\\\/\\\/kibrisdakik.com\\\/?s={search_term_string}\"},\"query-input\":{\"@type\":\"PropertyValueSpecification\",\"valueRequired\":true,\"valueName\":\"search_term_string\"}}],\"inLanguage\":\"tr\"},{\"@type\":\"Person\",\"@id\":\"https:\\\/\\\/kibrisdakik.com\\\/#\\\/schema\\\/person\\\/9cd9d437bbb44f72b73ba127e06d8e79\",\"name\":\"admin\",\"image\":{\"@type\":\"ImageObject\",\"inLanguage\":\"tr\",\"@id\":\"https:\\\/\\\/secure.gravatar.com\\\/avatar\\\/ccc17943b9d660506c869530f897617f7cb1c21a4bf30023f252596d83e1f007?s=96&d=mm&r=g\",\"url\":\"https:\\\/\\\/secure.gravatar.com\\\/avatar\\\/ccc17943b9d660506c869530f897617f7cb1c21a4bf30023f252596d83e1f007?s=96&d=mm&r=g\",\"contentUrl\":\"https:\\\/\\\/secure.gravatar.com\\\/avatar\\\/ccc17943b9d660506c869530f897617f7cb1c21a4bf30023f252596d83e1f007?s=96&d=mm&r=g\",\"caption\":\"admin\"},\"sameAs\":[\"https:\\\/\\\/kibrisdakik.com\"],\"url\":\"https:\\\/\\\/kibrisdakik.com\\\/?author=1\"}]}<\/script>\n<!-- \/ Yoast SEO plugin. -->","yoast_head_json":{"title":"TATAR, AZERBAYCAN CUMHURBA\u015eKANI AL\u0130YEV \u0130LE G\u00d6R\u00dc\u015eT\u00dc -","robots":{"index":"index","follow":"follow","max-snippet":"max-snippet:-1","max-image-preview":"max-image-preview:large","max-video-preview":"max-video-preview:-1"},"canonical":"https:\/\/kibrisdakik.com\/?p=94877","og_locale":"tr_TR","og_type":"article","og_title":"TATAR, AZERBAYCAN CUMHURBA\u015eKANI AL\u0130YEV \u0130LE G\u00d6R\u00dc\u015eT\u00dc -","og_description":"Cumhurba\u015fkan\u0131 Ersin Tatar ile g\u00f6r\u00fc\u015fen Azerbaycan Cumhurba\u015fkan\u0131 \u0130lham Aliyev, Azerbaycan\u2019\u0131n KKTC\u2019ye deste\u011fini s\u00fcrd\u00fcrece\u011fini vurgulad\u0131. Cumhurba\u015fkan\u0131 Ersin Tatar, Azerbaycan Cumhuriyeti Cumhurba\u015fkan\u0131 \u0130lham Aliyev ile Gebele\u2019de bir araya geldi. Cumhurba\u015fkanl\u0131\u011f\u0131\u2019ndan yap\u0131lan a\u00e7\u0131klamaya g\u00f6re, g\u00f6r\u00fc\u015fme Azerbaycan Cumhurba\u015fkan\u0131 Aliyev\u2019in resmi ikametgah\u0131nda ger\u00e7ekle\u015fti. Cumhurba\u015fkan\u0131 Ersin Tatar, g\u00f6r\u00fc\u015fmede daha \u00f6nce Azerbaycan\u2019da ve uluslararas\u0131 etkinlikler kapsam\u0131nda Cumhurba\u015fkan\u0131 \u0130lham Aliyev ile ger\u00e7ekle\u015ftirdi\u011fi g\u00f6r\u00fc\u015fmelerden","og_url":"https:\/\/kibrisdakik.com\/?p=94877","article_published_time":"2025-10-06T15:03:08+00:00","og_image":[{"width":1280,"height":720,"url":"https:\/\/kibrisdakik.com\/wp-content\/uploads\/2025\/10\/mha-1345.png","type":"image\/png"}],"author":"admin","twitter_card":"summary_large_image","twitter_misc":{"Yazan:":"admin","Tahmini okuma s\u00fcresi":"2 dakika"},"schema":{"@context":"https:\/\/schema.org","@graph":[{"@type":"Article","@id":"https:\/\/kibrisdakik.com\/?p=94877#article","isPartOf":{"@id":"https:\/\/kibrisdakik.com\/?p=94877"},"author":{"name":"admin","@id":"https:\/\/kibrisdakik.com\/#\/schema\/person\/9cd9d437bbb44f72b73ba127e06d8e79"},"headline":"TATAR, AZERBAYCAN CUMHURBA\u015eKANI AL\u0130YEV \u0130LE G\u00d6R\u00dc\u015eT\u00dc","datePublished":"2025-10-06T15:03:08+00:00","mainEntityOfPage":{"@id":"https:\/\/kibrisdakik.com\/?p=94877"},"wordCount":412,"commentCount":0,"image":{"@id":"https:\/\/kibrisdakik.com\/?p=94877#primaryimage"},"thumbnailUrl":"https:\/\/kibrisdakik.com\/wp-content\/uploads\/2025\/10\/mha-1345.png","articleSection":["K\u0131br\u0131s"],"inLanguage":"tr","potentialAction":[{"@type":"CommentAction","name":"Comment","target":["https:\/\/kibrisdakik.com\/?p=94877#respond"]}]},{"@type":"WebPage","@id":"https:\/\/kibrisdakik.com\/?p=94877","url":"https:\/\/kibrisdakik.com\/?p=94877","name":"TATAR, AZERBAYCAN CUMHURBA\u015eKANI AL\u0130YEV \u0130LE G\u00d6R\u00dc\u015eT\u00dc -","isPartOf":{"@id":"https:\/\/kibrisdakik.com\/#website"},"primaryImageOfPage":{"@id":"https:\/\/kibrisdakik.com\/?p=94877#primaryimage"},"image":{"@id":"https:\/\/kibrisdakik.com\/?p=94877#primaryimage"},"thumbnailUrl":"https:\/\/kibrisdakik.com\/wp-content\/uploads\/2025\/10\/mha-1345.png","datePublished":"2025-10-06T15:03:08+00:00","author":{"@id":"https:\/\/kibrisdakik.com\/#\/schema\/person\/9cd9d437bbb44f72b73ba127e06d8e79"},"breadcrumb":{"@id":"https:\/\/kibrisdakik.com\/?p=94877#breadcrumb"},"inLanguage":"tr","potentialAction":[{"@type":"ReadAction","target":["https:\/\/kibrisdakik.com\/?p=94877"]}]},{"@type":"ImageObject","inLanguage":"tr","@id":"https:\/\/kibrisdakik.com\/?p=94877#primaryimage","url":"https:\/\/kibrisdakik.com\/wp-content\/uploads\/2025\/10\/mha-1345.png","contentUrl":"https:\/\/kibrisdakik.com\/wp-content\/uploads\/2025\/10\/mha-1345.png","width":1280,"height":720},{"@type":"BreadcrumbList","@id":"https:\/\/kibrisdakik.com\/?p=94877#breadcrumb","itemListElement":[{"@type":"ListItem","position":1,"name":"Home","item":"https:\/\/kibrisdakik.com\/"},{"@type":"ListItem","position":2,"name":"TATAR, AZERBAYCAN CUMHURBA\u015eKANI AL\u0130YEV \u0130LE G\u00d6R\u00dc\u015eT\u00dc"}]},{"@type":"WebSite","@id":"https:\/\/kibrisdakik.com\/#website","url":"https:\/\/kibrisdakik.com\/","name":"","description":"Tam vaktinde haber","potentialAction":[{"@type":"SearchAction","target":{"@type":"EntryPoint","urlTemplate":"https:\/\/kibrisdakik.com\/?s={search_term_string}"},"query-input":{"@type":"PropertyValueSpecification","valueRequired":true,"valueName":"search_term_string"}}],"inLanguage":"tr"},{"@type":"Person","@id":"https:\/\/kibrisdakik.com\/#\/schema\/person\/9cd9d437bbb44f72b73ba127e06d8e79","name":"admin","image":{"@type":"ImageObject","inLanguage":"tr","@id":"https:\/\/secure.gravatar.com\/avatar\/ccc17943b9d660506c869530f897617f7cb1c21a4bf30023f252596d83e1f007?s=96&d=mm&r=g","url":"https:\/\/secure.gravatar.com\/avatar\/ccc17943b9d660506c869530f897617f7cb1c21a4bf30023f252596d83e1f007?s=96&d=mm&r=g","contentUrl":"https:\/\/secure.gravatar.com\/avatar\/ccc17943b9d660506c869530f897617f7cb1c21a4bf30023f252596d83e1f007?s=96&d=mm&r=g","caption":"admin"},"sameAs":["https:\/\/kibrisdakik.com"],"url":"https:\/\/kibrisdakik.com\/?author=1"}]}},"_links":{"self":[{"href":"https:\/\/kibrisdakik.com\/index.php?rest_route=\/wp\/v2\/posts\/94877","targetHints":{"allow":["GET"]}}],"collection":[{"href":"https:\/\/kibrisdakik.com\/index.php?rest_route=\/wp\/v2\/posts"}],"about":[{"href":"https:\/\/kibrisdakik.com\/index.php?rest_route=\/wp\/v2\/types\/post"}],"author":[{"embeddable":true,"href":"https:\/\/kibrisdakik.com\/index.php?rest_route=\/wp\/v2\/users\/1"}],"replies":[{"embeddable":true,"href":"https:\/\/kibrisdakik.com\/index.php?rest_route=%2Fwp%2Fv2%2Fcomments&post=94877"}],"version-history":[{"count":0,"href":"https:\/\/kibrisdakik.com\/index.php?rest_route=\/wp\/v2\/posts\/94877\/revisions"}],"wp:featuredmedia":[{"embeddable":true,"href":"https:\/\/kibrisdakik.com\/index.php?rest_route=\/wp\/v2\/media\/94878"}],"wp:attachment":[{"href":"https:\/\/kibrisdakik.com\/index.php?rest_route=%2Fwp%2Fv2%2Fmedia&parent=94877"}],"wp:term":[{"taxonomy":"category","embeddable":true,"href":"https:\/\/kibrisdakik.com\/index.php?rest_route=%2Fwp%2Fv2%2Fcategories&post=94877"},{"taxonomy":"post_tag","embeddable":true,"href":"https:\/\/kibrisdakik.com\/index.php?rest_route=%2Fwp%2Fv2%2Ftags&post=94877"}],"curies":[{"name":"wp","href":"https:\/\/api.w.org\/{rel}","templated":true}]}}