{"id":9489,"date":"2023-06-27T11:48:32","date_gmt":"2023-06-27T11:48:32","guid":{"rendered":"https:\/\/kibrisdakik.com\/index.php\/2023\/06\/27\/kttodan-kurban-bayrami-mesaji\/"},"modified":"2023-06-27T11:48:32","modified_gmt":"2023-06-27T11:48:32","slug":"kttodan-kurban-bayrami-mesaji","status":"publish","type":"post","link":"https:\/\/kibrisdakik.com\/?p=9489","title":{"rendered":"KTTO\u2019dan Kurban Bayram\u0131 mesaj\u0131"},"content":{"rendered":"<p><\/p>\n<div>\n<div class=\"mariselle-image-container center\">\n                <img width=\"706\" height=\"431\" class=\"lazy-image\" alt=\"\" decoding=\"async\" loading=\"lazy\" sizes=\"auto, (max-width: 706px) 100vw, 706px\" src=\"https:\/\/brtk.net\/wp-content\/uploads\/2023\/02\/06\/ktto-is-insanlarini-ve-hukumeti-fiyatlari-dusurmeye-cagirdi-h122975-43bf3.jpg?ver=6d196dee91a4bb89f22d1d3f315aa1a1\" srcset=\"https:\/\/brtk.net\/wp-content\/uploads\/2023\/02\/06\/ktto-is-insanlarini-ve-hukumeti-fiyatlari-dusurmeye-cagirdi-h122975-43bf3.jpg?ver=6d196dee91a4bb89f22d1d3f315aa1a1 706w, https:\/\/brtk.net\/wp-content\/uploads\/2023\/02\/06\/ktto-is-insanlarini-ve-hukumeti-fiyatlari-dusurmeye-cagirdi-h122975-43bf3-300x183.jpg?ver=6d196dee91a4bb89f22d1d3f315aa1a1 300w\"\/>                            <\/div>\n<p>K\u0131br\u0131s T\u00fcrk Ticaret Odas\u0131 (KTTO), Kurban Bayram\u0131 nedeniyle yay\u0131mald\u0131\u011f\u0131 mesajda, \u201cK\u0131br\u0131s T\u00fcrk halk\u0131, ayr\u0131mc\u0131l\u0131\u011f\u0131n ne demek oldu\u011funu, kendi yurdunda bask\u0131 alt\u0131nda tutulman\u0131n nelere mal oldu\u011funu ya\u015fayarak \u00f6\u011frenmi\u015ftir. Bu kutlu g\u00fcnde, b\u00fct\u00fcn d\u00fcnya halklar\u0131na bar\u0131\u015f ve \u00f6zg\u00fcrl\u00fck diliyoruz\u201d ifadelerine yer verdi.<\/p>\n<p>KTTO\u2019dan yay\u0131mlanan mesajda \u0130slam aleminin en \u00f6nemli g\u00fcnlerinden olan Kurban Bayram\u0131\u2019n\u0131 idrak etmenin huzurunun ya\u015fand\u0131\u011f\u0131 kaydedilerek \u201cYard\u0131mla\u015fman\u0131n, sevin\u00e7te ve tasada ortak olman\u0131n en anlaml\u0131 ifadesi olan bu bayram g\u00fcnlerinde, t\u00fcm yurtta\u015flar\u0131m\u0131za ve b\u00fct\u00fcn \u0130slam d\u00fcnyas\u0131na huzur, bar\u0131\u015f ve mutluluk diliyoruz\u201d denildi.<\/p>\n<p>Mesajda \u015funlar kaydedildi:<\/p>\n<p>\u201cK\u0131br\u0131s T\u00fcrk halk\u0131, ayr\u0131mc\u0131l\u0131\u011f\u0131n ne demek oldu\u011funu, kendi yurdunda bask\u0131 alt\u0131nda tutulman\u0131n nelere mal oldu\u011funu ya\u015fayarak \u00f6\u011frenmi\u015ftir. Bu kutlu g\u00fcnde, b\u00fct\u00fcn d\u00fcnya halklar\u0131na bar\u0131\u015f ve \u00f6zg\u00fcrl\u00fck diliyoruz. Bayram vesilesi ile d\u00fcnyam\u0131zdaki sava\u015flar\u0131n en erken zamanda sonu\u00e7land\u0131r\u0131lmas\u0131n\u0131, insanl\u0131\u011f\u0131n kar\u015f\u0131l\u0131kl\u0131 dayan\u0131\u015fmay\u0131 geli\u015ftirecek ve d\u00fcnyay\u0131 daha iyi ya\u015fanabilecek bir yer haline getirecek, yoksullar\u0131 kalk\u0131nd\u0131racak, a\u00e7l\u0131\u011f\u0131 yok edecek \u00f6nlemleri alabilmesini i\u00e7tenlikle temenni ediyoruz. Bayram\u0131m\u0131z kutlu olsun.\u201d<\/p>\n<\/p><\/div>\n<p><script async\n                    defer\n                    crossorigin=\"anonymous\"\n                    src=\"https:\/\/connect.facebook.net\/tr_TR\/sdk.js#xfbml=1&#038;version=v3.3\"\n            ><\/script><\/p>\n","protected":false},"excerpt":{"rendered":"<p>K\u0131br\u0131s T\u00fcrk Ticaret Odas\u0131 (KTTO), Kurban Bayram\u0131 nedeniyle yay\u0131mald\u0131\u011f\u0131 mesajda, \u201cK\u0131br\u0131s T\u00fcrk halk\u0131, ayr\u0131mc\u0131l\u0131\u011f\u0131n ne demek oldu\u011funu, kendi yurdunda bask\u0131 alt\u0131nda tutulman\u0131n nelere mal oldu\u011funu ya\u015fayarak \u00f6\u011frenmi\u015ftir. Bu kutlu g\u00fcnde, b\u00fct\u00fcn d\u00fcnya halklar\u0131na bar\u0131\u015f ve \u00f6zg\u00fcrl\u00fck diliyoruz\u201d ifadelerine yer verdi. KTTO\u2019dan yay\u0131mlanan mesajda \u0130slam aleminin en \u00f6nemli g\u00fcnlerinden olan Kurban Bayram\u0131\u2019n\u0131 idrak etmenin huzurunun ya\u015fand\u0131\u011f\u0131<\/p>\n","protected":false},"author":1,"featured_media":4148,"comment_status":"open","ping_status":"open","sticky":false,"template":"","format":"standard","meta":{"footnotes":""},"categories":[1],"tags":[],"class_list":["post-9489","post","type-post","status-publish","format-standard","has-post-thumbnail","hentry","category-gundem"],"yoast_head":"<!-- This site is optimized with the Yoast SEO plugin v27.5 - https:\/\/yoast.com\/product\/yoast-seo-wordpress\/ -->\n<title>KTTO\u2019dan Kurban Bayram\u0131 mesaj\u0131 -<\/title>\n<meta name=\"robots\" content=\"index, follow, max-snippet:-1, max-image-preview:large, max-video-preview:-1\" \/>\n<link rel=\"canonical\" href=\"https:\/\/kibrisdakik.com\/?p=9489\" \/>\n<meta property=\"og:locale\" content=\"tr_TR\" \/>\n<meta property=\"og:type\" content=\"article\" \/>\n<meta property=\"og:title\" content=\"KTTO\u2019dan Kurban Bayram\u0131 mesaj\u0131 -\" \/>\n<meta property=\"og:description\" content=\"K\u0131br\u0131s T\u00fcrk Ticaret Odas\u0131 (KTTO), Kurban Bayram\u0131 nedeniyle yay\u0131mald\u0131\u011f\u0131 mesajda, \u201cK\u0131br\u0131s T\u00fcrk halk\u0131, ayr\u0131mc\u0131l\u0131\u011f\u0131n ne demek oldu\u011funu, kendi yurdunda bask\u0131 alt\u0131nda tutulman\u0131n nelere mal oldu\u011funu ya\u015fayarak \u00f6\u011frenmi\u015ftir. Bu kutlu g\u00fcnde, b\u00fct\u00fcn d\u00fcnya halklar\u0131na bar\u0131\u015f ve \u00f6zg\u00fcrl\u00fck diliyoruz\u201d ifadelerine yer verdi. KTTO\u2019dan yay\u0131mlanan mesajda \u0130slam aleminin en \u00f6nemli g\u00fcnlerinden olan Kurban Bayram\u0131\u2019n\u0131 idrak etmenin huzurunun ya\u015fand\u0131\u011f\u0131\" \/>\n<meta property=\"og:url\" content=\"https:\/\/kibrisdakik.com\/?p=9489\" \/>\n<meta property=\"article:published_time\" content=\"2023-06-27T11:48:32+00:00\" \/>\n<meta property=\"og:image\" content=\"https:\/\/kibrisdakik.com\/wp-content\/uploads\/2023\/03\/ktto-is-insanlarini-ve-hukumeti-fiyatlari-dusurmeye-cagirdi-h122975-43bf3-706x420.jpg\" \/>\n\t<meta property=\"og:image:width\" content=\"706\" \/>\n\t<meta property=\"og:image:height\" content=\"431\" \/>\n\t<meta property=\"og:image:type\" content=\"image\/jpeg\" \/>\n<meta name=\"author\" content=\"admin\" \/>\n<meta name=\"twitter:card\" content=\"summary_large_image\" \/>\n<meta name=\"twitter:label1\" content=\"Yazan:\" \/>\n\t<meta name=\"twitter:data1\" content=\"admin\" \/>\n\t<meta name=\"twitter:label2\" content=\"Tahmini okuma s\u00fcresi\" \/>\n\t<meta name=\"twitter:data2\" content=\"1 dakika\" \/>\n<script type=\"application\/ld+json\" class=\"yoast-schema-graph\">{\"@context\":\"https:\\\/\\\/schema.org\",\"@graph\":[{\"@type\":\"Article\",\"@id\":\"https:\\\/\\\/kibrisdakik.com\\\/?p=9489#article\",\"isPartOf\":{\"@id\":\"https:\\\/\\\/kibrisdakik.com\\\/?p=9489\"},\"author\":{\"name\":\"admin\",\"@id\":\"https:\\\/\\\/kibrisdakik.com\\\/#\\\/schema\\\/person\\\/9cd9d437bbb44f72b73ba127e06d8e79\"},\"headline\":\"KTTO\u2019dan Kurban Bayram\u0131 mesaj\u0131\",\"datePublished\":\"2023-06-27T11:48:32+00:00\",\"mainEntityOfPage\":{\"@id\":\"https:\\\/\\\/kibrisdakik.com\\\/?p=9489\"},\"wordCount\":233,\"commentCount\":0,\"image\":{\"@id\":\"https:\\\/\\\/kibrisdakik.com\\\/?p=9489#primaryimage\"},\"thumbnailUrl\":\"https:\\\/\\\/kibrisdakik.com\\\/wp-content\\\/uploads\\\/2023\\\/03\\\/ktto-is-insanlarini-ve-hukumeti-fiyatlari-dusurmeye-cagirdi-h122975-43bf3-706x420.jpg\",\"articleSection\":[\"G\u00fcndem\"],\"inLanguage\":\"tr\",\"potentialAction\":[{\"@type\":\"CommentAction\",\"name\":\"Comment\",\"target\":[\"https:\\\/\\\/kibrisdakik.com\\\/?p=9489#respond\"]}]},{\"@type\":\"WebPage\",\"@id\":\"https:\\\/\\\/kibrisdakik.com\\\/?p=9489\",\"url\":\"https:\\\/\\\/kibrisdakik.com\\\/?p=9489\",\"name\":\"KTTO\u2019dan Kurban Bayram\u0131 mesaj\u0131 -\",\"isPartOf\":{\"@id\":\"https:\\\/\\\/kibrisdakik.com\\\/#website\"},\"primaryImageOfPage\":{\"@id\":\"https:\\\/\\\/kibrisdakik.com\\\/?p=9489#primaryimage\"},\"image\":{\"@id\":\"https:\\\/\\\/kibrisdakik.com\\\/?p=9489#primaryimage\"},\"thumbnailUrl\":\"https:\\\/\\\/kibrisdakik.com\\\/wp-content\\\/uploads\\\/2023\\\/03\\\/ktto-is-insanlarini-ve-hukumeti-fiyatlari-dusurmeye-cagirdi-h122975-43bf3-706x420.jpg\",\"datePublished\":\"2023-06-27T11:48:32+00:00\",\"author\":{\"@id\":\"https:\\\/\\\/kibrisdakik.com\\\/#\\\/schema\\\/person\\\/9cd9d437bbb44f72b73ba127e06d8e79\"},\"breadcrumb\":{\"@id\":\"https:\\\/\\\/kibrisdakik.com\\\/?p=9489#breadcrumb\"},\"inLanguage\":\"tr\",\"potentialAction\":[{\"@type\":\"ReadAction\",\"target\":[\"https:\\\/\\\/kibrisdakik.com\\\/?p=9489\"]}]},{\"@type\":\"ImageObject\",\"inLanguage\":\"tr\",\"@id\":\"https:\\\/\\\/kibrisdakik.com\\\/?p=9489#primaryimage\",\"url\":\"https:\\\/\\\/kibrisdakik.com\\\/wp-content\\\/uploads\\\/2023\\\/03\\\/ktto-is-insanlarini-ve-hukumeti-fiyatlari-dusurmeye-cagirdi-h122975-43bf3-706x420.jpg\",\"contentUrl\":\"https:\\\/\\\/kibrisdakik.com\\\/wp-content\\\/uploads\\\/2023\\\/03\\\/ktto-is-insanlarini-ve-hukumeti-fiyatlari-dusurmeye-cagirdi-h122975-43bf3-706x420.jpg\",\"width\":706,\"height\":431},{\"@type\":\"BreadcrumbList\",\"@id\":\"https:\\\/\\\/kibrisdakik.com\\\/?p=9489#breadcrumb\",\"itemListElement\":[{\"@type\":\"ListItem\",\"position\":1,\"name\":\"Home\",\"item\":\"https:\\\/\\\/kibrisdakik.com\\\/\"},{\"@type\":\"ListItem\",\"position\":2,\"name\":\"KTTO\u2019dan Kurban Bayram\u0131 mesaj\u0131\"}]},{\"@type\":\"WebSite\",\"@id\":\"https:\\\/\\\/kibrisdakik.com\\\/#website\",\"url\":\"https:\\\/\\\/kibrisdakik.com\\\/\",\"name\":\"\",\"description\":\"Tam vaktinde haber\",\"potentialAction\":[{\"@type\":\"SearchAction\",\"target\":{\"@type\":\"EntryPoint\",\"urlTemplate\":\"https:\\\/\\\/kibrisdakik.com\\\/?s={search_term_string}\"},\"query-input\":{\"@type\":\"PropertyValueSpecification\",\"valueRequired\":true,\"valueName\":\"search_term_string\"}}],\"inLanguage\":\"tr\"},{\"@type\":\"Person\",\"@id\":\"https:\\\/\\\/kibrisdakik.com\\\/#\\\/schema\\\/person\\\/9cd9d437bbb44f72b73ba127e06d8e79\",\"name\":\"admin\",\"image\":{\"@type\":\"ImageObject\",\"inLanguage\":\"tr\",\"@id\":\"https:\\\/\\\/secure.gravatar.com\\\/avatar\\\/ccc17943b9d660506c869530f897617f7cb1c21a4bf30023f252596d83e1f007?s=96&d=mm&r=g\",\"url\":\"https:\\\/\\\/secure.gravatar.com\\\/avatar\\\/ccc17943b9d660506c869530f897617f7cb1c21a4bf30023f252596d83e1f007?s=96&d=mm&r=g\",\"contentUrl\":\"https:\\\/\\\/secure.gravatar.com\\\/avatar\\\/ccc17943b9d660506c869530f897617f7cb1c21a4bf30023f252596d83e1f007?s=96&d=mm&r=g\",\"caption\":\"admin\"},\"sameAs\":[\"https:\\\/\\\/kibrisdakik.com\"],\"url\":\"https:\\\/\\\/kibrisdakik.com\\\/?author=1\"}]}<\/script>\n<!-- \/ Yoast SEO plugin. -->","yoast_head_json":{"title":"KTTO\u2019dan Kurban Bayram\u0131 mesaj\u0131 -","robots":{"index":"index","follow":"follow","max-snippet":"max-snippet:-1","max-image-preview":"max-image-preview:large","max-video-preview":"max-video-preview:-1"},"canonical":"https:\/\/kibrisdakik.com\/?p=9489","og_locale":"tr_TR","og_type":"article","og_title":"KTTO\u2019dan Kurban Bayram\u0131 mesaj\u0131 -","og_description":"K\u0131br\u0131s T\u00fcrk Ticaret Odas\u0131 (KTTO), Kurban Bayram\u0131 nedeniyle yay\u0131mald\u0131\u011f\u0131 mesajda, \u201cK\u0131br\u0131s T\u00fcrk halk\u0131, ayr\u0131mc\u0131l\u0131\u011f\u0131n ne demek oldu\u011funu, kendi yurdunda bask\u0131 alt\u0131nda tutulman\u0131n nelere mal oldu\u011funu ya\u015fayarak \u00f6\u011frenmi\u015ftir. Bu kutlu g\u00fcnde, b\u00fct\u00fcn d\u00fcnya halklar\u0131na bar\u0131\u015f ve \u00f6zg\u00fcrl\u00fck diliyoruz\u201d ifadelerine yer verdi. KTTO\u2019dan yay\u0131mlanan mesajda \u0130slam aleminin en \u00f6nemli g\u00fcnlerinden olan Kurban Bayram\u0131\u2019n\u0131 idrak etmenin huzurunun ya\u015fand\u0131\u011f\u0131","og_url":"https:\/\/kibrisdakik.com\/?p=9489","article_published_time":"2023-06-27T11:48:32+00:00","og_image":[{"width":706,"height":431,"url":"https:\/\/kibrisdakik.com\/wp-content\/uploads\/2023\/03\/ktto-is-insanlarini-ve-hukumeti-fiyatlari-dusurmeye-cagirdi-h122975-43bf3-706x420.jpg","type":"image\/jpeg"}],"author":"admin","twitter_card":"summary_large_image","twitter_misc":{"Yazan:":"admin","Tahmini okuma s\u00fcresi":"1 dakika"},"schema":{"@context":"https:\/\/schema.org","@graph":[{"@type":"Article","@id":"https:\/\/kibrisdakik.com\/?p=9489#article","isPartOf":{"@id":"https:\/\/kibrisdakik.com\/?p=9489"},"author":{"name":"admin","@id":"https:\/\/kibrisdakik.com\/#\/schema\/person\/9cd9d437bbb44f72b73ba127e06d8e79"},"headline":"KTTO\u2019dan Kurban Bayram\u0131 mesaj\u0131","datePublished":"2023-06-27T11:48:32+00:00","mainEntityOfPage":{"@id":"https:\/\/kibrisdakik.com\/?p=9489"},"wordCount":233,"commentCount":0,"image":{"@id":"https:\/\/kibrisdakik.com\/?p=9489#primaryimage"},"thumbnailUrl":"https:\/\/kibrisdakik.com\/wp-content\/uploads\/2023\/03\/ktto-is-insanlarini-ve-hukumeti-fiyatlari-dusurmeye-cagirdi-h122975-43bf3-706x420.jpg","articleSection":["G\u00fcndem"],"inLanguage":"tr","potentialAction":[{"@type":"CommentAction","name":"Comment","target":["https:\/\/kibrisdakik.com\/?p=9489#respond"]}]},{"@type":"WebPage","@id":"https:\/\/kibrisdakik.com\/?p=9489","url":"https:\/\/kibrisdakik.com\/?p=9489","name":"KTTO\u2019dan Kurban Bayram\u0131 mesaj\u0131 -","isPartOf":{"@id":"https:\/\/kibrisdakik.com\/#website"},"primaryImageOfPage":{"@id":"https:\/\/kibrisdakik.com\/?p=9489#primaryimage"},"image":{"@id":"https:\/\/kibrisdakik.com\/?p=9489#primaryimage"},"thumbnailUrl":"https:\/\/kibrisdakik.com\/wp-content\/uploads\/2023\/03\/ktto-is-insanlarini-ve-hukumeti-fiyatlari-dusurmeye-cagirdi-h122975-43bf3-706x420.jpg","datePublished":"2023-06-27T11:48:32+00:00","author":{"@id":"https:\/\/kibrisdakik.com\/#\/schema\/person\/9cd9d437bbb44f72b73ba127e06d8e79"},"breadcrumb":{"@id":"https:\/\/kibrisdakik.com\/?p=9489#breadcrumb"},"inLanguage":"tr","potentialAction":[{"@type":"ReadAction","target":["https:\/\/kibrisdakik.com\/?p=9489"]}]},{"@type":"ImageObject","inLanguage":"tr","@id":"https:\/\/kibrisdakik.com\/?p=9489#primaryimage","url":"https:\/\/kibrisdakik.com\/wp-content\/uploads\/2023\/03\/ktto-is-insanlarini-ve-hukumeti-fiyatlari-dusurmeye-cagirdi-h122975-43bf3-706x420.jpg","contentUrl":"https:\/\/kibrisdakik.com\/wp-content\/uploads\/2023\/03\/ktto-is-insanlarini-ve-hukumeti-fiyatlari-dusurmeye-cagirdi-h122975-43bf3-706x420.jpg","width":706,"height":431},{"@type":"BreadcrumbList","@id":"https:\/\/kibrisdakik.com\/?p=9489#breadcrumb","itemListElement":[{"@type":"ListItem","position":1,"name":"Home","item":"https:\/\/kibrisdakik.com\/"},{"@type":"ListItem","position":2,"name":"KTTO\u2019dan Kurban Bayram\u0131 mesaj\u0131"}]},{"@type":"WebSite","@id":"https:\/\/kibrisdakik.com\/#website","url":"https:\/\/kibrisdakik.com\/","name":"","description":"Tam vaktinde haber","potentialAction":[{"@type":"SearchAction","target":{"@type":"EntryPoint","urlTemplate":"https:\/\/kibrisdakik.com\/?s={search_term_string}"},"query-input":{"@type":"PropertyValueSpecification","valueRequired":true,"valueName":"search_term_string"}}],"inLanguage":"tr"},{"@type":"Person","@id":"https:\/\/kibrisdakik.com\/#\/schema\/person\/9cd9d437bbb44f72b73ba127e06d8e79","name":"admin","image":{"@type":"ImageObject","inLanguage":"tr","@id":"https:\/\/secure.gravatar.com\/avatar\/ccc17943b9d660506c869530f897617f7cb1c21a4bf30023f252596d83e1f007?s=96&d=mm&r=g","url":"https:\/\/secure.gravatar.com\/avatar\/ccc17943b9d660506c869530f897617f7cb1c21a4bf30023f252596d83e1f007?s=96&d=mm&r=g","contentUrl":"https:\/\/secure.gravatar.com\/avatar\/ccc17943b9d660506c869530f897617f7cb1c21a4bf30023f252596d83e1f007?s=96&d=mm&r=g","caption":"admin"},"sameAs":["https:\/\/kibrisdakik.com"],"url":"https:\/\/kibrisdakik.com\/?author=1"}]}},"_links":{"self":[{"href":"https:\/\/kibrisdakik.com\/index.php?rest_route=\/wp\/v2\/posts\/9489","targetHints":{"allow":["GET"]}}],"collection":[{"href":"https:\/\/kibrisdakik.com\/index.php?rest_route=\/wp\/v2\/posts"}],"about":[{"href":"https:\/\/kibrisdakik.com\/index.php?rest_route=\/wp\/v2\/types\/post"}],"author":[{"embeddable":true,"href":"https:\/\/kibrisdakik.com\/index.php?rest_route=\/wp\/v2\/users\/1"}],"replies":[{"embeddable":true,"href":"https:\/\/kibrisdakik.com\/index.php?rest_route=%2Fwp%2Fv2%2Fcomments&post=9489"}],"version-history":[{"count":0,"href":"https:\/\/kibrisdakik.com\/index.php?rest_route=\/wp\/v2\/posts\/9489\/revisions"}],"wp:featuredmedia":[{"embeddable":true,"href":"https:\/\/kibrisdakik.com\/index.php?rest_route=\/wp\/v2\/media\/4148"}],"wp:attachment":[{"href":"https:\/\/kibrisdakik.com\/index.php?rest_route=%2Fwp%2Fv2%2Fmedia&parent=9489"}],"wp:term":[{"taxonomy":"category","embeddable":true,"href":"https:\/\/kibrisdakik.com\/index.php?rest_route=%2Fwp%2Fv2%2Fcategories&post=9489"},{"taxonomy":"post_tag","embeddable":true,"href":"https:\/\/kibrisdakik.com\/index.php?rest_route=%2Fwp%2Fv2%2Ftags&post=9489"}],"curies":[{"name":"wp","href":"https:\/\/api.w.org\/{rel}","templated":true}]}}