{"id":9502,"date":"2023-06-27T15:53:38","date_gmt":"2023-06-27T15:53:38","guid":{"rendered":"https:\/\/kibrisdakik.com\/index.php\/2023\/06\/27\/3uncu-cumhurbaskani-eroglukktcnin-gun-gele-taninacagindan-eminim\/"},"modified":"2023-06-27T15:53:38","modified_gmt":"2023-06-27T15:53:38","slug":"3uncu-cumhurbaskani-eroglukktcnin-gun-gele-taninacagindan-eminim","status":"publish","type":"post","link":"https:\/\/kibrisdakik.com\/?p=9502","title":{"rendered":"3\u2019\u00fcnc\u00fc Cumhurba\u015fkan\u0131 Ero\u011flu:KKTC\u2019nin g\u00fcn gele tan\u0131naca\u011f\u0131ndan eminim"},"content":{"rendered":"<p><\/p>\n<div>\n<div class=\"mariselle-image-container center\">\n                <img width=\"630\" height=\"288\" class=\"lazy-image\" alt=\"\" decoding=\"async\" loading=\"lazy\" sizes=\"auto, (max-width: 630px) 100vw, 630px\" src=\"https:\/\/brtk.net\/wp-content\/uploads\/2023\/01\/13\/eroglu2-1.jpg?ver=212d5a18740bbab0773c390be3dfa7e9\" srcset=\"https:\/\/brtk.net\/wp-content\/uploads\/2023\/01\/13\/eroglu2-1.jpg?ver=212d5a18740bbab0773c390be3dfa7e9 630w, https:\/\/brtk.net\/wp-content\/uploads\/2023\/01\/13\/eroglu2-1-300x137.jpg?ver=212d5a18740bbab0773c390be3dfa7e9 300w\"\/>                            <\/div>\n<p>3\u2019\u00fcnc\u00fc Cumhurba\u015fkan\u0131 Dervi\u015f Ero\u011flu, <a href=\"https:\/\/brtk.net\/\"\/><a href=\"https:\/\/brtk.net\/\"\/><a href=\"https:\/\/brtk.net\/\">KKTC<\/a>\u2019nin g\u00fcn gele tan\u0131naca\u011f\u0131ndan emin oldu\u011funu, bunun belki biraz zaman alaca\u011f\u0131n\u0131, ancak mutlaka ger\u00e7ekle\u015fece\u011fini s\u00f6yledi.<\/p>\n<p>Ero\u011flu, ba\u015fta <a href=\"https:\/\/brtk.net\/\">UBP<\/a> olmak \u00fczere t\u00fcm siyasal partilerin milletvekilli\u011fi ara se\u00e7iminde kat\u0131l\u0131m\u0131n tarihte g\u00f6r\u00fclmedik bir \u015fekilde % 30\u2019da kalmas\u0131n\u0131 iyi de\u011ferlendirmesi, halk\u0131n verdi\u011fi mesaj\u0131 do\u011fru alg\u0131lamas\u0131 gerekti\u011fini belirtti.<\/p>\n<p>\u201cBelli ki halk\u0131m\u0131z siyasal partilerin genel tutumlar\u0131ndan memnun de\u011fildir\u201d diyen Ero\u011flu, h\u00fck\u00fcmet ve Meclisin bundan gerekli \u00e7\u0131kar\u0131mlar\u0131 yaparak halk\u0131n sorunlar\u0131n\u0131n \u00e7\u00f6z\u00fcm\u00fcne odaklan\u0131lmas\u0131 gerekti\u011fini vurgulad\u0131.<\/p>\n<p>3\u2019\u00fcnc\u00fc Cumhurba\u015fkan\u0131 Dervi\u015f Ero\u011flu Kurban Bayram\u0131 dolay\u0131s\u0131yla bir mesaj yay\u0131mlad\u0131lar.<\/p>\n<p>Ero\u011flu mesaj\u0131nda \u015funlar\u0131 kaydetti:<\/p>\n<p>\u201cBir milleti, halk\u0131 bir arada tutan temel unsurlardan biri de milli ve dini bayramlard\u0131r. Bir millet, bir halk kendisini bir arada tutan milli ve dini g\u00fcnlerine, de\u011ferlerine, tarihine, gelenek ve g\u00f6reneklerine sahip \u00e7\u0131kt\u0131k\u00e7a y\u00fccelir ve gelece\u011fe do\u011fru \u00e7ok daha emin ad\u0131mlarla y\u00fcr\u00fcr.<\/p>\n<p>K\u0131rg\u0131nl\u0131klar\u0131n geride b\u0131rak\u0131larak kucakla\u015fman\u0131n, sevgi ve sayg\u0131y\u0131 \u00f6n plana \u00e7\u0131karman\u0131n da vesilesi olan dini bayramlar\u0131m\u0131z\u0131n bu do\u011frultuda kutlanmas\u0131nda b\u00fcy\u00fck fayda vard\u0131r.<\/p>\n<p>Herkes bilmelidir ki, bu fani d\u00fcnyada k\u0131rg\u0131nl\u0131klar\u0131 ileri g\u00f6t\u00fcrmenin bir anlam\u0131, faydas\u0131 yoktur.<\/p>\n<p>Esas olan sevgi , sayg\u0131, kar\u015f\u0131l\u0131kl\u0131 ho\u015fg\u00f6r\u00fc, vefad\u0131r; geride ho\u015f bir seda, g\u00fczel ya\u015fanm\u0131\u015fl\u0131klar ve hay\u0131rl\u0131 hizmetler b\u0131rakabilmektir.<\/p>\n<p>Kuzey K\u0131br\u0131s T\u00fcrk Cumhuriyeti elbette bir tak\u0131m ekonomik s\u0131k\u0131nt\u0131larla kar\u015f\u0131 kar\u015f\u0131yad\u0131r ama ben bunlar\u0131n a\u015f\u0131laca\u011f\u0131na y\u00fcrekten inan\u0131yorum.<\/p>\n<p>Yeter ki, Anavatan\u0131m\u0131z T\u00fcrkiye ile birlikte y\u00fcr\u00fcmeye devam edelim ve yap\u0131lmas\u0131 gerekenleri gerek Anavatan\u0131m\u0131z gerekse biz daha fazla gecikmeden yapal\u0131m.<\/p>\n<p>Benim d\u00f6nemlerimde de y\u00fcksek enflasyon ve d\u00f6viz kurlar\u0131nda y\u00fckseli\u015fler ya\u015fanm\u0131\u015ft\u0131r ama bizler hep Anavatan T\u00fcrkiye\u2019nin de deste\u011fi ile halk\u0131m\u0131z\u0131n kay\u0131plar\u0131n\u0131 giderdik,  Halk\u0131m\u0131z\u0131n gelir seviyesinin, ya\u015fam kalitesinin belli bir seviyenin alt\u0131na d\u00fc\u015fmesine izin vermedik.<\/p>\n<p>\u0130nan\u0131yorum ki bu kez de \u00f6yle olacakt\u0131r.<\/p>\n<p>Memnuniyetle okuyorum ki, h\u00fck\u00fcmetimiz gen\u00e7lere ev sahibi olabilmeleri i\u00e7in d\u00fc\u015f\u00fck faizli kredi kulland\u0131rma ve sosyal konut projelerini uygulama karar\u0131 alm\u0131\u015ft\u0131r.<\/p>\n<p>Daha 1985-1991 y\u0131llar\u0131 aras\u0131nda devlet sosyal konut projesini ilk uygulamaya koyan, bir yap\u0131 kooperatifinin ba\u015flatt\u0131\u011f\u0131 ancak yar\u0131m kalan projeye sahip \u00e7\u0131karak bitmesini sa\u011flayan eski bir ba\u015fbakan olarak bu gibi projelerin \u00e7ok b\u00fcy\u00fck yarar sa\u011flad\u0131\u011f\u0131n\u0131n alt\u0131n\u0131 \u00e7izmekte b\u00fcy\u00fck fayda g\u00f6r\u00fcyorum.<\/p>\n<p>Bu at\u0131lacak ad\u0131mlar\u0131n yan\u0131 s\u0131ra gen\u00e7lerimize yeni istihdam olanaklar\u0131 yarat\u0131lmas\u0131 da \u015fartt\u0131r.<\/p>\n<p>Umar\u0131m yeni Ercan Havaliman\u0131\u2019n\u0131n bitirilmesi, <a href=\"https:\/\/brtk.net\/\"\/><a href=\"https:\/\/brtk.net\/\"\/><a href=\"https:\/\/brtk.net\/\">KKTC<\/a>\u2019ye T\u00fcrkiye\u2019den deniz alt\u0131ndan kablolarla elektrik enerjisi getirilerek bir enterkonnekte sistem kurulmas\u0131, \u00f6nce G\u00fczelyurt sonra Mesarya ovalar\u0131n\u0131n Anavatan T\u00fcrkiye\u2019den gelen suya kavu\u015fturulmalar\u0131, deniz limanlar\u0131m\u0131z\u0131n yenilenmesi y\u00f6n\u00fcne gidilmesi, karayollar\u0131m\u0131z\u0131n geli\u015ftirilmesine \u00f6nem verilmesi, yeni devlet hastanesi yap\u0131lmas\u0131 gibi \u00e7al\u0131\u015fmalarla <a href=\"https:\/\/brtk.net\/\"\/><a href=\"https:\/\/brtk.net\/\"\/><a href=\"https:\/\/brtk.net\/\">KKTC<\/a> daha m\u00fcreffeh , ya\u015fam kalitesinin daha da y\u00fckseldi\u011fi g\u00fcnlere ula\u015facakt\u0131r.<\/p>\n<p>Y\u0131llarca K\u0131br\u0131s konusunun i\u00e7inde ya\u015fad\u0131m; samimiyetle vurgulamak isterim ki, biz ne kadar iyi niyetli , ne kadar yap\u0131c\u0131 olursak olal\u0131m Rum liderli\u011finin bizi e\u015fit ortak kabul etmesi, K\u0131br\u0131s\u2019ta kendisinin ne kadar hakk\u0131 varsa bizim de o kadar hakk\u0131m\u0131z oldu\u011funu idrak etmesi m\u00fcmk\u00fcn de\u011fildir.<\/p>\n<p>Beklentileri , hedefleri, hayalleri ,T\u00fcrkiye\u2019nin buradan gitmesi ile bizleri 1974 \u00f6ncesi ko\u015fullara g\u00f6t\u00fcrmektir.<\/p>\n<p>Bu Rum niyeti kar\u015f\u0131s\u0131nda bizim yapmak zorunda oldu\u011fumuz ise devletimize d\u00f6rt elle sar\u0131lmak, Anavatan T\u00fcrkiye ile karde\u015f\u00e7e ili\u015fkilerimizi her alanda daha ileri g\u00f6t\u00fcrmektir.<\/p>\n<p>Bunu yapt\u0131\u011f\u0131m\u0131z takdirde a\u015famayaca\u011f\u0131m\u0131z g\u00fc\u00e7l\u00fck yoktur.<\/p>\n<p>Ben <a href=\"https:\/\/brtk.net\/\"\/><a href=\"https:\/\/brtk.net\/\"\/><a href=\"https:\/\/brtk.net\/\">KKTC<\/a>\u2019nin g\u00fcn gele tan\u0131naca\u011f\u0131ndan eminim.Belki biraz zaman alacakt\u0131r ama bu mutlaka ger\u00e7ekle\u015fecektir.<\/p>\n<p>Unutmayal\u0131m ki, belirli s\u00fcreler bizler i\u00e7in uzun g\u00f6r\u00fcnebilir ama devletler i\u00e7in bu s\u00fcreler \u00e7ok da uzun ve \u00f6nemli de\u011fildir.<\/p>\n<p>Bu arada bayram vesilesi ile her zaman dikkat \u00e7ekti\u011fim birka\u00e7 konuya daha de\u011finmek istiyorum.<\/p>\n<p>Ba\u015fta Ulusal Birlik Partisi olmak \u00fczere t\u00fcm siyasal partilerimiz ge\u00e7ti\u011fimiz pazar g\u00fcn\u00fc yap\u0131lan milletvekilli\u011fi ara se\u00e7iminde kat\u0131l\u0131m\u0131n tarihimizde g\u00f6r\u00fclmedik bir \u015fekilde % 30\u2019da kalmas\u0131n\u0131 iyi de\u011ferlendirmeli, halk\u0131n verdi\u011fi mesaj\u0131 do\u011fru alg\u0131lamal\u0131d\u0131r.Belli ki halk\u0131m\u0131z siyasal partilerin genel tutumlar\u0131ndan memnun de\u011fildir.<\/p>\n<p>H\u00fck\u00fcmet ve Meclis bundan gerekli \u00e7\u0131kar\u0131mlar\u0131 yapmal\u0131, Halk\u0131m\u0131z\u0131n sorunlar\u0131n\u0131n \u00e7\u00f6z\u00fcm\u00fcne odaklan\u0131lmal\u0131d\u0131r.<\/p>\n<p>Devlet olarak halk olarak giderek yayg\u0131nla\u015ft\u0131\u011f\u0131 iddia edilen uyu\u015fturucu ve alkol ba\u011f\u0131ml\u0131l\u0131\u011f\u0131ndan gen\u00e7lerimizin uzak tutulmas\u0131 bizim i\u00e7in ba\u015fl\u0131ca konulardan biri olmal\u0131d\u0131r.<\/p>\n<p>Aksi takdirde gelece\u011fimizi ciddi bir tehlike beklemektedir.<\/p>\n<p>Hepimizi \u00fczen trafik kazalar\u0131n\u0131n \u00f6nlenebilmesi i\u00e7in ba\u015fta polisimiz, devlet y\u00f6neticileri, aileler, \u00f6\u011fretmenler olmak \u00fczere herkese s\u00fcrekli uyar\u0131 yapma, denetleme g\u00f6revleri d\u00fc\u015ft\u00fc\u011f\u00fcn\u00fc hi\u00e7 akl\u0131m\u0131zdan \u00e7\u0131karmamal\u0131y\u0131z.<\/p>\n<p>Polis say\u0131m\u0131z azd\u0131r. Bir an \u00f6nce polisimize gereken eleman , ara\u00e7 gere\u00e7 takviyesi yap\u0131lmal\u0131d\u0131r.<\/p>\n<p>Bu duygu ve d\u00fc\u015f\u00fcncelerle t\u00fcm vatanda\u015flar\u0131m\u0131z\u0131n, Anavatan T\u00fcrkiye\u2019deki karde\u015flerimizin, \u0130slam aleminin Kurban Bayram\u0131\u2019n\u0131 candan kutlar, herkese kazalardan uzak, sa\u011fl\u0131k ve mutlulukla ge\u00e7ecek bayram g\u00fcnleri dilerim.\u201d<\/p>\n<\/p><\/div>\n<p><script async\n                    defer\n                    crossorigin=\"anonymous\"\n                    src=\"https:\/\/connect.facebook.net\/tr_TR\/sdk.js#xfbml=1&#038;version=v3.3\"\n            ><\/script><\/p>\n","protected":false},"excerpt":{"rendered":"<p>3\u2019\u00fcnc\u00fc Cumhurba\u015fkan\u0131 Dervi\u015f Ero\u011flu, KKTC\u2019nin g\u00fcn gele tan\u0131naca\u011f\u0131ndan emin oldu\u011funu, bunun belki biraz zaman alaca\u011f\u0131n\u0131, ancak mutlaka ger\u00e7ekle\u015fece\u011fini s\u00f6yledi. Ero\u011flu, ba\u015fta UBP olmak \u00fczere t\u00fcm siyasal partilerin milletvekilli\u011fi ara se\u00e7iminde kat\u0131l\u0131m\u0131n tarihte g\u00f6r\u00fclmedik bir \u015fekilde % 30\u2019da kalmas\u0131n\u0131 iyi de\u011ferlendirmesi, halk\u0131n verdi\u011fi mesaj\u0131 do\u011fru alg\u0131lamas\u0131 gerekti\u011fini belirtti. \u201cBelli ki halk\u0131m\u0131z siyasal partilerin genel tutumlar\u0131ndan memnun<\/p>\n","protected":false},"author":1,"featured_media":2040,"comment_status":"open","ping_status":"open","sticky":false,"template":"","format":"standard","meta":{"footnotes":""},"categories":[1],"tags":[],"class_list":["post-9502","post","type-post","status-publish","format-standard","has-post-thumbnail","hentry","category-gundem"],"yoast_head":"<!-- This site is optimized with the Yoast SEO plugin v27.5 - https:\/\/yoast.com\/product\/yoast-seo-wordpress\/ -->\n<title>3\u2019\u00fcnc\u00fc Cumhurba\u015fkan\u0131 Ero\u011flu:KKTC\u2019nin g\u00fcn gele tan\u0131naca\u011f\u0131ndan eminim -<\/title>\n<meta name=\"robots\" content=\"index, follow, max-snippet:-1, max-image-preview:large, max-video-preview:-1\" \/>\n<link rel=\"canonical\" href=\"https:\/\/kibrisdakik.com\/?p=9502\" \/>\n<meta property=\"og:locale\" content=\"tr_TR\" \/>\n<meta property=\"og:type\" content=\"article\" \/>\n<meta property=\"og:title\" content=\"3\u2019\u00fcnc\u00fc Cumhurba\u015fkan\u0131 Ero\u011flu:KKTC\u2019nin g\u00fcn gele tan\u0131naca\u011f\u0131ndan eminim -\" \/>\n<meta property=\"og:description\" content=\"3\u2019\u00fcnc\u00fc Cumhurba\u015fkan\u0131 Dervi\u015f Ero\u011flu, KKTC\u2019nin g\u00fcn gele tan\u0131naca\u011f\u0131ndan emin oldu\u011funu, bunun belki biraz zaman alaca\u011f\u0131n\u0131, ancak mutlaka ger\u00e7ekle\u015fece\u011fini s\u00f6yledi. Ero\u011flu, ba\u015fta UBP olmak \u00fczere t\u00fcm siyasal partilerin milletvekilli\u011fi ara se\u00e7iminde kat\u0131l\u0131m\u0131n tarihte g\u00f6r\u00fclmedik bir \u015fekilde % 30\u2019da kalmas\u0131n\u0131 iyi de\u011ferlendirmesi, halk\u0131n verdi\u011fi mesaj\u0131 do\u011fru alg\u0131lamas\u0131 gerekti\u011fini belirtti. \u201cBelli ki halk\u0131m\u0131z siyasal partilerin genel tutumlar\u0131ndan memnun\" \/>\n<meta property=\"og:url\" content=\"https:\/\/kibrisdakik.com\/?p=9502\" \/>\n<meta property=\"article:published_time\" content=\"2023-06-27T15:53:38+00:00\" \/>\n<meta property=\"og:image\" content=\"https:\/\/kibrisdakik.com\/wp-content\/uploads\/2023\/02\/eroglu2-1.jpg\" \/>\n\t<meta property=\"og:image:width\" content=\"630\" \/>\n\t<meta property=\"og:image:height\" content=\"288\" \/>\n\t<meta property=\"og:image:type\" content=\"image\/jpeg\" \/>\n<meta name=\"author\" content=\"admin\" \/>\n<meta name=\"twitter:card\" content=\"summary_large_image\" \/>\n<meta name=\"twitter:label1\" content=\"Yazan:\" \/>\n\t<meta name=\"twitter:data1\" content=\"admin\" \/>\n\t<meta name=\"twitter:label2\" content=\"Tahmini okuma s\u00fcresi\" \/>\n\t<meta name=\"twitter:data2\" content=\"5 dakika\" \/>\n<script type=\"application\/ld+json\" class=\"yoast-schema-graph\">{\"@context\":\"https:\\\/\\\/schema.org\",\"@graph\":[{\"@type\":\"Article\",\"@id\":\"https:\\\/\\\/kibrisdakik.com\\\/?p=9502#article\",\"isPartOf\":{\"@id\":\"https:\\\/\\\/kibrisdakik.com\\\/?p=9502\"},\"author\":{\"name\":\"admin\",\"@id\":\"https:\\\/\\\/kibrisdakik.com\\\/#\\\/schema\\\/person\\\/9cd9d437bbb44f72b73ba127e06d8e79\"},\"headline\":\"3\u2019\u00fcnc\u00fc Cumhurba\u015fkan\u0131 Ero\u011flu:KKTC\u2019nin g\u00fcn gele tan\u0131naca\u011f\u0131ndan eminim\",\"datePublished\":\"2023-06-27T15:53:38+00:00\",\"mainEntityOfPage\":{\"@id\":\"https:\\\/\\\/kibrisdakik.com\\\/?p=9502\"},\"wordCount\":1011,\"commentCount\":0,\"image\":{\"@id\":\"https:\\\/\\\/kibrisdakik.com\\\/?p=9502#primaryimage\"},\"thumbnailUrl\":\"https:\\\/\\\/kibrisdakik.com\\\/wp-content\\\/uploads\\\/2023\\\/02\\\/eroglu2-1.jpg\",\"articleSection\":[\"G\u00fcndem\"],\"inLanguage\":\"tr\",\"potentialAction\":[{\"@type\":\"CommentAction\",\"name\":\"Comment\",\"target\":[\"https:\\\/\\\/kibrisdakik.com\\\/?p=9502#respond\"]}]},{\"@type\":\"WebPage\",\"@id\":\"https:\\\/\\\/kibrisdakik.com\\\/?p=9502\",\"url\":\"https:\\\/\\\/kibrisdakik.com\\\/?p=9502\",\"name\":\"3\u2019\u00fcnc\u00fc Cumhurba\u015fkan\u0131 Ero\u011flu:KKTC\u2019nin g\u00fcn gele tan\u0131naca\u011f\u0131ndan eminim -\",\"isPartOf\":{\"@id\":\"https:\\\/\\\/kibrisdakik.com\\\/#website\"},\"primaryImageOfPage\":{\"@id\":\"https:\\\/\\\/kibrisdakik.com\\\/?p=9502#primaryimage\"},\"image\":{\"@id\":\"https:\\\/\\\/kibrisdakik.com\\\/?p=9502#primaryimage\"},\"thumbnailUrl\":\"https:\\\/\\\/kibrisdakik.com\\\/wp-content\\\/uploads\\\/2023\\\/02\\\/eroglu2-1.jpg\",\"datePublished\":\"2023-06-27T15:53:38+00:00\",\"author\":{\"@id\":\"https:\\\/\\\/kibrisdakik.com\\\/#\\\/schema\\\/person\\\/9cd9d437bbb44f72b73ba127e06d8e79\"},\"breadcrumb\":{\"@id\":\"https:\\\/\\\/kibrisdakik.com\\\/?p=9502#breadcrumb\"},\"inLanguage\":\"tr\",\"potentialAction\":[{\"@type\":\"ReadAction\",\"target\":[\"https:\\\/\\\/kibrisdakik.com\\\/?p=9502\"]}]},{\"@type\":\"ImageObject\",\"inLanguage\":\"tr\",\"@id\":\"https:\\\/\\\/kibrisdakik.com\\\/?p=9502#primaryimage\",\"url\":\"https:\\\/\\\/kibrisdakik.com\\\/wp-content\\\/uploads\\\/2023\\\/02\\\/eroglu2-1.jpg\",\"contentUrl\":\"https:\\\/\\\/kibrisdakik.com\\\/wp-content\\\/uploads\\\/2023\\\/02\\\/eroglu2-1.jpg\",\"width\":630,\"height\":288},{\"@type\":\"BreadcrumbList\",\"@id\":\"https:\\\/\\\/kibrisdakik.com\\\/?p=9502#breadcrumb\",\"itemListElement\":[{\"@type\":\"ListItem\",\"position\":1,\"name\":\"Home\",\"item\":\"https:\\\/\\\/kibrisdakik.com\\\/\"},{\"@type\":\"ListItem\",\"position\":2,\"name\":\"3\u2019\u00fcnc\u00fc Cumhurba\u015fkan\u0131 Ero\u011flu:KKTC\u2019nin g\u00fcn gele tan\u0131naca\u011f\u0131ndan eminim\"}]},{\"@type\":\"WebSite\",\"@id\":\"https:\\\/\\\/kibrisdakik.com\\\/#website\",\"url\":\"https:\\\/\\\/kibrisdakik.com\\\/\",\"name\":\"\",\"description\":\"Tam vaktinde haber\",\"potentialAction\":[{\"@type\":\"SearchAction\",\"target\":{\"@type\":\"EntryPoint\",\"urlTemplate\":\"https:\\\/\\\/kibrisdakik.com\\\/?s={search_term_string}\"},\"query-input\":{\"@type\":\"PropertyValueSpecification\",\"valueRequired\":true,\"valueName\":\"search_term_string\"}}],\"inLanguage\":\"tr\"},{\"@type\":\"Person\",\"@id\":\"https:\\\/\\\/kibrisdakik.com\\\/#\\\/schema\\\/person\\\/9cd9d437bbb44f72b73ba127e06d8e79\",\"name\":\"admin\",\"image\":{\"@type\":\"ImageObject\",\"inLanguage\":\"tr\",\"@id\":\"https:\\\/\\\/secure.gravatar.com\\\/avatar\\\/ccc17943b9d660506c869530f897617f7cb1c21a4bf30023f252596d83e1f007?s=96&d=mm&r=g\",\"url\":\"https:\\\/\\\/secure.gravatar.com\\\/avatar\\\/ccc17943b9d660506c869530f897617f7cb1c21a4bf30023f252596d83e1f007?s=96&d=mm&r=g\",\"contentUrl\":\"https:\\\/\\\/secure.gravatar.com\\\/avatar\\\/ccc17943b9d660506c869530f897617f7cb1c21a4bf30023f252596d83e1f007?s=96&d=mm&r=g\",\"caption\":\"admin\"},\"sameAs\":[\"https:\\\/\\\/kibrisdakik.com\"],\"url\":\"https:\\\/\\\/kibrisdakik.com\\\/?author=1\"}]}<\/script>\n<!-- \/ Yoast SEO plugin. -->","yoast_head_json":{"title":"3\u2019\u00fcnc\u00fc Cumhurba\u015fkan\u0131 Ero\u011flu:KKTC\u2019nin g\u00fcn gele tan\u0131naca\u011f\u0131ndan eminim -","robots":{"index":"index","follow":"follow","max-snippet":"max-snippet:-1","max-image-preview":"max-image-preview:large","max-video-preview":"max-video-preview:-1"},"canonical":"https:\/\/kibrisdakik.com\/?p=9502","og_locale":"tr_TR","og_type":"article","og_title":"3\u2019\u00fcnc\u00fc Cumhurba\u015fkan\u0131 Ero\u011flu:KKTC\u2019nin g\u00fcn gele tan\u0131naca\u011f\u0131ndan eminim -","og_description":"3\u2019\u00fcnc\u00fc Cumhurba\u015fkan\u0131 Dervi\u015f Ero\u011flu, KKTC\u2019nin g\u00fcn gele tan\u0131naca\u011f\u0131ndan emin oldu\u011funu, bunun belki biraz zaman alaca\u011f\u0131n\u0131, ancak mutlaka ger\u00e7ekle\u015fece\u011fini s\u00f6yledi. Ero\u011flu, ba\u015fta UBP olmak \u00fczere t\u00fcm siyasal partilerin milletvekilli\u011fi ara se\u00e7iminde kat\u0131l\u0131m\u0131n tarihte g\u00f6r\u00fclmedik bir \u015fekilde % 30\u2019da kalmas\u0131n\u0131 iyi de\u011ferlendirmesi, halk\u0131n verdi\u011fi mesaj\u0131 do\u011fru alg\u0131lamas\u0131 gerekti\u011fini belirtti. \u201cBelli ki halk\u0131m\u0131z siyasal partilerin genel tutumlar\u0131ndan memnun","og_url":"https:\/\/kibrisdakik.com\/?p=9502","article_published_time":"2023-06-27T15:53:38+00:00","og_image":[{"width":630,"height":288,"url":"https:\/\/kibrisdakik.com\/wp-content\/uploads\/2023\/02\/eroglu2-1.jpg","type":"image\/jpeg"}],"author":"admin","twitter_card":"summary_large_image","twitter_misc":{"Yazan:":"admin","Tahmini okuma s\u00fcresi":"5 dakika"},"schema":{"@context":"https:\/\/schema.org","@graph":[{"@type":"Article","@id":"https:\/\/kibrisdakik.com\/?p=9502#article","isPartOf":{"@id":"https:\/\/kibrisdakik.com\/?p=9502"},"author":{"name":"admin","@id":"https:\/\/kibrisdakik.com\/#\/schema\/person\/9cd9d437bbb44f72b73ba127e06d8e79"},"headline":"3\u2019\u00fcnc\u00fc Cumhurba\u015fkan\u0131 Ero\u011flu:KKTC\u2019nin g\u00fcn gele tan\u0131naca\u011f\u0131ndan eminim","datePublished":"2023-06-27T15:53:38+00:00","mainEntityOfPage":{"@id":"https:\/\/kibrisdakik.com\/?p=9502"},"wordCount":1011,"commentCount":0,"image":{"@id":"https:\/\/kibrisdakik.com\/?p=9502#primaryimage"},"thumbnailUrl":"https:\/\/kibrisdakik.com\/wp-content\/uploads\/2023\/02\/eroglu2-1.jpg","articleSection":["G\u00fcndem"],"inLanguage":"tr","potentialAction":[{"@type":"CommentAction","name":"Comment","target":["https:\/\/kibrisdakik.com\/?p=9502#respond"]}]},{"@type":"WebPage","@id":"https:\/\/kibrisdakik.com\/?p=9502","url":"https:\/\/kibrisdakik.com\/?p=9502","name":"3\u2019\u00fcnc\u00fc Cumhurba\u015fkan\u0131 Ero\u011flu:KKTC\u2019nin g\u00fcn gele tan\u0131naca\u011f\u0131ndan eminim -","isPartOf":{"@id":"https:\/\/kibrisdakik.com\/#website"},"primaryImageOfPage":{"@id":"https:\/\/kibrisdakik.com\/?p=9502#primaryimage"},"image":{"@id":"https:\/\/kibrisdakik.com\/?p=9502#primaryimage"},"thumbnailUrl":"https:\/\/kibrisdakik.com\/wp-content\/uploads\/2023\/02\/eroglu2-1.jpg","datePublished":"2023-06-27T15:53:38+00:00","author":{"@id":"https:\/\/kibrisdakik.com\/#\/schema\/person\/9cd9d437bbb44f72b73ba127e06d8e79"},"breadcrumb":{"@id":"https:\/\/kibrisdakik.com\/?p=9502#breadcrumb"},"inLanguage":"tr","potentialAction":[{"@type":"ReadAction","target":["https:\/\/kibrisdakik.com\/?p=9502"]}]},{"@type":"ImageObject","inLanguage":"tr","@id":"https:\/\/kibrisdakik.com\/?p=9502#primaryimage","url":"https:\/\/kibrisdakik.com\/wp-content\/uploads\/2023\/02\/eroglu2-1.jpg","contentUrl":"https:\/\/kibrisdakik.com\/wp-content\/uploads\/2023\/02\/eroglu2-1.jpg","width":630,"height":288},{"@type":"BreadcrumbList","@id":"https:\/\/kibrisdakik.com\/?p=9502#breadcrumb","itemListElement":[{"@type":"ListItem","position":1,"name":"Home","item":"https:\/\/kibrisdakik.com\/"},{"@type":"ListItem","position":2,"name":"3\u2019\u00fcnc\u00fc Cumhurba\u015fkan\u0131 Ero\u011flu:KKTC\u2019nin g\u00fcn gele tan\u0131naca\u011f\u0131ndan eminim"}]},{"@type":"WebSite","@id":"https:\/\/kibrisdakik.com\/#website","url":"https:\/\/kibrisdakik.com\/","name":"","description":"Tam vaktinde haber","potentialAction":[{"@type":"SearchAction","target":{"@type":"EntryPoint","urlTemplate":"https:\/\/kibrisdakik.com\/?s={search_term_string}"},"query-input":{"@type":"PropertyValueSpecification","valueRequired":true,"valueName":"search_term_string"}}],"inLanguage":"tr"},{"@type":"Person","@id":"https:\/\/kibrisdakik.com\/#\/schema\/person\/9cd9d437bbb44f72b73ba127e06d8e79","name":"admin","image":{"@type":"ImageObject","inLanguage":"tr","@id":"https:\/\/secure.gravatar.com\/avatar\/ccc17943b9d660506c869530f897617f7cb1c21a4bf30023f252596d83e1f007?s=96&d=mm&r=g","url":"https:\/\/secure.gravatar.com\/avatar\/ccc17943b9d660506c869530f897617f7cb1c21a4bf30023f252596d83e1f007?s=96&d=mm&r=g","contentUrl":"https:\/\/secure.gravatar.com\/avatar\/ccc17943b9d660506c869530f897617f7cb1c21a4bf30023f252596d83e1f007?s=96&d=mm&r=g","caption":"admin"},"sameAs":["https:\/\/kibrisdakik.com"],"url":"https:\/\/kibrisdakik.com\/?author=1"}]}},"_links":{"self":[{"href":"https:\/\/kibrisdakik.com\/index.php?rest_route=\/wp\/v2\/posts\/9502","targetHints":{"allow":["GET"]}}],"collection":[{"href":"https:\/\/kibrisdakik.com\/index.php?rest_route=\/wp\/v2\/posts"}],"about":[{"href":"https:\/\/kibrisdakik.com\/index.php?rest_route=\/wp\/v2\/types\/post"}],"author":[{"embeddable":true,"href":"https:\/\/kibrisdakik.com\/index.php?rest_route=\/wp\/v2\/users\/1"}],"replies":[{"embeddable":true,"href":"https:\/\/kibrisdakik.com\/index.php?rest_route=%2Fwp%2Fv2%2Fcomments&post=9502"}],"version-history":[{"count":0,"href":"https:\/\/kibrisdakik.com\/index.php?rest_route=\/wp\/v2\/posts\/9502\/revisions"}],"wp:featuredmedia":[{"embeddable":true,"href":"https:\/\/kibrisdakik.com\/index.php?rest_route=\/wp\/v2\/media\/2040"}],"wp:attachment":[{"href":"https:\/\/kibrisdakik.com\/index.php?rest_route=%2Fwp%2Fv2%2Fmedia&parent=9502"}],"wp:term":[{"taxonomy":"category","embeddable":true,"href":"https:\/\/kibrisdakik.com\/index.php?rest_route=%2Fwp%2Fv2%2Fcategories&post=9502"},{"taxonomy":"post_tag","embeddable":true,"href":"https:\/\/kibrisdakik.com\/index.php?rest_route=%2Fwp%2Fv2%2Ftags&post=9502"}],"curies":[{"name":"wp","href":"https:\/\/api.w.org\/{rel}","templated":true}]}}