{"id":95023,"date":"2025-10-08T06:56:32","date_gmt":"2025-10-08T03:56:32","guid":{"rendered":"https:\/\/kibrisdakik.com\/index.php\/2025\/10\/08\/fransada-siyasi-kriz-derinlesiyor-macrona-erken-secim-ya-da-istifa-cagrisi\/"},"modified":"2025-10-08T06:56:32","modified_gmt":"2025-10-08T03:56:32","slug":"fransada-siyasi-kriz-derinlesiyor-macrona-erken-secim-ya-da-istifa-cagrisi","status":"publish","type":"post","link":"https:\/\/kibrisdakik.com\/?p=95023","title":{"rendered":"Fransada siyasi kriz derinle\u015fiyor: Macrona erken se\u00e7im ya da istifa \u00e7a\u011fr\u0131s\u0131"},"content":{"rendered":"<p><\/p>\n<div class=\"news-content\">\n<p>\n\tMacron\u2019un ilk ba\u015fbakan\u0131 Edouard Philippe, cumhurba\u015fkan\u0131na istifa etmesi \u00e7a\u011fr\u0131s\u0131nda bulundu. Philippe, 2025 b\u00fct\u00e7esi onayland\u0131ktan sonra erken cumhurba\u015fkanl\u0131\u011f\u0131 se\u00e7imine gidilmesi gerekti\u011fini s\u00f6yledi. \u201cAlt\u0131 ayd\u0131r ya\u015fad\u0131klar\u0131m\u0131z\u0131 18 ay daha s\u00fcrd\u00fcremeyiz. Bu durum Fransa\u2019ya zarar veriyor,\u201d dedi.<\/p>\n<p>\n\tPhilippe, anketlere g\u00f6re merkez siyasetin en g\u00fc\u00e7l\u00fc adaylar\u0131ndan biri olarak g\u00f6r\u00fcl\u00fcyor. Onun ard\u0131ndan, Macron\u2019un bir di\u011fer eski ba\u015fbakan\u0131 Gabriel Attal da benzer \u015fekilde Cumhurba\u015fkan\u0131\u2019na mesafe ald\u0131.<\/p>\n<p>\n\tAttal, \u201c\u0130ki y\u0131l i\u00e7inde be\u015f ba\u015fbakan de\u011fi\u015ftirdik, art\u0131k ba\u015fka bir \u015fey denemenin zaman\u0131 geldi,\u201d diyerek Macron\u2019un \u201ckontrol\u00fc b\u0131rakmama iste\u011fini\u201d ele\u015ftirdi.<\/p>\n<h2>\n\tBa\u015fbakan Lecornu istifa etti<\/h2>\n<p>\n\tMacron\u2019un son atad\u0131\u011f\u0131 Ba\u015fbakan S\u00e9bastien Lecornu, yaln\u0131zca 28 g\u00fcn g\u00f6revde kald\u0131ktan sonra istifa etti. Lecornu\u2019nun kabinesi sadece 14 saat dayanabildi. Ancak Macron, Lecornu\u2019ya parti liderleriyle son bir g\u00f6r\u00fc\u015fme turu yaparak destek toplamaya \u00e7al\u0131\u015fmas\u0131 talimat\u0131n\u0131 verdi.<\/p>\n<p>\n\tCumhurba\u015fkan\u0131, Lecornu\u2019ya \u00e7ar\u015famba ak\u015fam\u0131na kadar \u201ceylem ve istikrar i\u00e7in bir platform\u201d olu\u015fturmas\u0131 y\u00f6n\u00fcnde s\u00fcre tan\u0131d\u0131. Ancak en b\u00fcy\u00fck parti olan a\u015f\u0131r\u0131 sa\u011f Ulusal Birlik (RN), g\u00f6r\u00fc\u015fmelere kat\u0131lmay\u0131 reddetti. Parti, \u201cBu g\u00f6r\u00fc\u015fmeler art\u0131k Frans\u0131z halk\u0131n\u0131n de\u011fil, sadece Cumhurba\u015fkan\u0131\u2019n\u0131n \u00e7\u0131karlar\u0131n\u0131 korumaya hizmet ediyor,\u201d a\u00e7\u0131klamas\u0131n\u0131 yapt\u0131.<\/p>\n<h2>\n\t\u201cBe\u015finci Cumhuriyet\u2019ten bu yana en a\u011f\u0131r kriz\u201d<\/h2>\n<p>\n\tLe Monde gazetesi, Fransa\u2019daki mevcut durumu \u201ctrajikomik bir tablo\u201d ve \u201cMacron\u2019un ikinci d\u00f6neminin \u00e7\u00f6z\u00fcl\u00fc\u015f\u00fc\u201d olarak nitelendirdi. Gazete, \u00fclkenin 1958\u2019deki Be\u015finci Cumhuriyet\u2019in kurulu\u015fundan bu yana en b\u00fcy\u00fck siyasi karma\u015falardan birini ya\u015fad\u0131\u011f\u0131n\u0131 yazd\u0131.<\/p>\n<p>\n\tFransa, 2024\u2019teki erken genel se\u00e7imlerden bu yana \u00fc\u00e7e b\u00f6l\u00fcnm\u00fc\u015f bir parlamentoya sahip: sol blok, a\u015f\u0131r\u0131 sa\u011f ve Macron\u2019un merkez sa\u011f ittifak\u0131. Hi\u00e7bir blok \u00e7o\u011funlu\u011fu sa\u011flayamad\u0131\u011f\u0131 i\u00e7in yasalar\u0131n ge\u00e7mesi neredeyse imk\u00e2ns\u0131z h\u00e2le geldi.<\/p>\n<h2>\n\tYeni se\u00e7im mi, teknokrat h\u00fck\u00fcmet mi?<\/h2>\n<p>\n\tMacron\u2019un \u00f6n\u00fcnde birka\u00e7 se\u00e7enek bulunuyor. Lecornu\u2019yu yeniden atayabilir, partiler \u00fcst\u00fc bir teknokrat ba\u015fbakan se\u00e7ebilir ya da parlamentoyu tekrar feshedip yeni bir se\u00e7im \u00e7a\u011fr\u0131s\u0131 yapabilir.<\/p>\n<p>\n\tCumhurba\u015fkan\u0131, s\u0131k s\u0131k yeni bir se\u00e7im d\u00fczenlemenin \u00fclkeyi yeniden b\u00f6l\u00fcnm\u00fc\u015f bir meclise g\u00f6t\u00fcrece\u011fini belirterek bu se\u00e7ene\u011fe s\u0131cak bakmad\u0131\u011f\u0131n\u0131 s\u00f6ylemi\u015fti. Ancak son g\u00fcnlerde \u201cLecornu\u2019nun \u00e7abalar\u0131 sonu\u00e7suz kal\u0131rsa se\u00e7im olas\u0131l\u0131\u011f\u0131 de\u011ferlendirilebilir\u201d diyerek tavr\u0131nda yumu\u015fama sinyali verdi.<\/p>\n<p>\n\tMacron, 2027\u2019deki g\u00f6rev s\u00fcresi bitmeden istifa etmeyece\u011fini de tekrarlad\u0131.<\/p>\n<h2>\n\tEkonomik bask\u0131 da b\u00fcy\u00fcyor<\/h2>\n<p>\n\tSiyasi kriz, \u00fclkenin k\u00f6t\u00fcle\u015fen mali tablosuyla ayn\u0131 d\u00f6neme denk geldi. Fransa\u2019n\u0131n bor\u00e7\/GSYH oran\u0131 Avrupa Birli\u011fi\u2019nde \u00fc\u00e7\u00fcnc\u00fc s\u0131rada ve AB kurallar\u0131n\u0131n izin verdi\u011fi \u00fcst s\u0131n\u0131r\u0131n neredeyse iki kat\u0131na ula\u015ft\u0131. B\u00fct\u00e7e a\u00e7\u0131\u011f\u0131n\u0131n da y\u00fczde 6\u2019ya yakla\u015fmas\u0131 bekleniyor.<\/p>\n<p>\n\tYeni b\u00fct\u00e7enin ge\u00e7ebilmesi i\u00e7in h\u00fck\u00fcmetin merkez sa\u011f ve sosyalistlerle uzla\u015fmas\u0131 gerekiyor. Ancak Sosyalist Parti, \u201cyeni bir sol h\u00fck\u00fcmet\u201d talebiyle y\u00f6n de\u011fi\u015fikli\u011fi \u00e7a\u011fr\u0131s\u0131nda bulundu.<\/p>\n<p>\n\tMacron\u2019un eski m\u00fcttefiklerinden gelen bu tepkiler, Fransa\u2019da istikrars\u0131zl\u0131\u011f\u0131n daha da derinle\u015fti\u011fi ve cumhurba\u015fkan\u0131n\u0131n giderek yaln\u0131zla\u015ft\u0131\u011f\u0131 y\u00f6n\u00fcndeki g\u00f6r\u00fc\u015fleri g\u00fc\u00e7lendiriyor.<\/p>\n<div class=\"news-tags\">\n<div class=\"title\">ET\u0130KETLER<\/div>\n<div class=\"tags\">\n                                                                            Emmanuel Macron<br \/>\n                                                                            Fransa\n                                                                    <\/div>\n<\/p><\/div>\n<\/p><\/div>\n","protected":false},"excerpt":{"rendered":"<p>Macron\u2019un ilk ba\u015fbakan\u0131 Edouard Philippe, cumhurba\u015fkan\u0131na istifa etmesi \u00e7a\u011fr\u0131s\u0131nda bulundu. Philippe, 2025 b\u00fct\u00e7esi onayland\u0131ktan sonra erken cumhurba\u015fkanl\u0131\u011f\u0131 se\u00e7imine gidilmesi gerekti\u011fini s\u00f6yledi. \u201cAlt\u0131 ayd\u0131r ya\u015fad\u0131klar\u0131m\u0131z\u0131 18 ay daha s\u00fcrd\u00fcremeyiz. Bu durum Fransa\u2019ya zarar veriyor,\u201d dedi. Philippe, anketlere g\u00f6re merkez siyasetin en g\u00fc\u00e7l\u00fc adaylar\u0131ndan biri olarak g\u00f6r\u00fcl\u00fcyor. Onun ard\u0131ndan, Macron\u2019un bir di\u011fer eski ba\u015fbakan\u0131 Gabriel Attal da<\/p>\n","protected":false},"author":1,"featured_media":95024,"comment_status":"open","ping_status":"open","sticky":false,"template":"","format":"standard","meta":{"footnotes":""},"categories":[306],"tags":[],"class_list":["post-95023","post","type-post","status-publish","format-standard","has-post-thumbnail","hentry","category-dunya"],"yoast_head":"<!-- This site is optimized with the Yoast SEO plugin v27.4 - https:\/\/yoast.com\/product\/yoast-seo-wordpress\/ -->\n<title>Fransada siyasi kriz derinle\u015fiyor: Macrona erken se\u00e7im ya da istifa \u00e7a\u011fr\u0131s\u0131 -<\/title>\n<meta name=\"robots\" content=\"index, follow, max-snippet:-1, max-image-preview:large, max-video-preview:-1\" \/>\n<link rel=\"canonical\" href=\"https:\/\/kibrisdakik.com\/?p=95023\" \/>\n<meta property=\"og:locale\" content=\"tr_TR\" \/>\n<meta property=\"og:type\" content=\"article\" \/>\n<meta property=\"og:title\" content=\"Fransada siyasi kriz derinle\u015fiyor: Macrona erken se\u00e7im ya da istifa \u00e7a\u011fr\u0131s\u0131 -\" \/>\n<meta property=\"og:description\" content=\"Macron\u2019un ilk ba\u015fbakan\u0131 Edouard Philippe, cumhurba\u015fkan\u0131na istifa etmesi \u00e7a\u011fr\u0131s\u0131nda bulundu. Philippe, 2025 b\u00fct\u00e7esi onayland\u0131ktan sonra erken cumhurba\u015fkanl\u0131\u011f\u0131 se\u00e7imine gidilmesi gerekti\u011fini s\u00f6yledi. \u201cAlt\u0131 ayd\u0131r ya\u015fad\u0131klar\u0131m\u0131z\u0131 18 ay daha s\u00fcrd\u00fcremeyiz. Bu durum Fransa\u2019ya zarar veriyor,\u201d dedi. Philippe, anketlere g\u00f6re merkez siyasetin en g\u00fc\u00e7l\u00fc adaylar\u0131ndan biri olarak g\u00f6r\u00fcl\u00fcyor. Onun ard\u0131ndan, Macron\u2019un bir di\u011fer eski ba\u015fbakan\u0131 Gabriel Attal da\" \/>\n<meta property=\"og:url\" content=\"https:\/\/kibrisdakik.com\/?p=95023\" \/>\n<meta property=\"article:published_time\" content=\"2025-10-08T03:56:32+00:00\" \/>\n<meta property=\"og:image\" content=\"https:\/\/kibrisdakik.com\/wp-content\/uploads\/2025\/10\/macron-in-un-reu-2400426.jpg\" \/>\n\t<meta property=\"og:image:width\" content=\"1280\" \/>\n\t<meta property=\"og:image:height\" content=\"720\" \/>\n\t<meta property=\"og:image:type\" content=\"image\/jpeg\" \/>\n<meta name=\"author\" content=\"admin\" \/>\n<meta name=\"twitter:card\" content=\"summary_large_image\" \/>\n<meta name=\"twitter:label1\" content=\"Yazan:\" \/>\n\t<meta name=\"twitter:data1\" content=\"admin\" \/>\n\t<meta name=\"twitter:label2\" content=\"Tahmini okuma s\u00fcresi\" \/>\n\t<meta name=\"twitter:data2\" content=\"3 dakika\" \/>\n<script type=\"application\/ld+json\" class=\"yoast-schema-graph\">{\"@context\":\"https:\\\/\\\/schema.org\",\"@graph\":[{\"@type\":\"Article\",\"@id\":\"https:\\\/\\\/kibrisdakik.com\\\/?p=95023#article\",\"isPartOf\":{\"@id\":\"https:\\\/\\\/kibrisdakik.com\\\/?p=95023\"},\"author\":{\"name\":\"admin\",\"@id\":\"https:\\\/\\\/kibrisdakik.com\\\/#\\\/schema\\\/person\\\/9cd9d437bbb44f72b73ba127e06d8e79\"},\"headline\":\"Fransada siyasi kriz derinle\u015fiyor: Macrona erken se\u00e7im ya da istifa \u00e7a\u011fr\u0131s\u0131\",\"datePublished\":\"2025-10-08T03:56:32+00:00\",\"mainEntityOfPage\":{\"@id\":\"https:\\\/\\\/kibrisdakik.com\\\/?p=95023\"},\"wordCount\":619,\"commentCount\":0,\"image\":{\"@id\":\"https:\\\/\\\/kibrisdakik.com\\\/?p=95023#primaryimage\"},\"thumbnailUrl\":\"https:\\\/\\\/kibrisdakik.com\\\/wp-content\\\/uploads\\\/2025\\\/10\\\/macron-in-un-reu-2400426.jpg\",\"articleSection\":[\"D\u00fcnya\"],\"inLanguage\":\"tr\",\"potentialAction\":[{\"@type\":\"CommentAction\",\"name\":\"Comment\",\"target\":[\"https:\\\/\\\/kibrisdakik.com\\\/?p=95023#respond\"]}]},{\"@type\":\"WebPage\",\"@id\":\"https:\\\/\\\/kibrisdakik.com\\\/?p=95023\",\"url\":\"https:\\\/\\\/kibrisdakik.com\\\/?p=95023\",\"name\":\"Fransada siyasi kriz derinle\u015fiyor: Macrona erken se\u00e7im ya da istifa \u00e7a\u011fr\u0131s\u0131 -\",\"isPartOf\":{\"@id\":\"https:\\\/\\\/kibrisdakik.com\\\/#website\"},\"primaryImageOfPage\":{\"@id\":\"https:\\\/\\\/kibrisdakik.com\\\/?p=95023#primaryimage\"},\"image\":{\"@id\":\"https:\\\/\\\/kibrisdakik.com\\\/?p=95023#primaryimage\"},\"thumbnailUrl\":\"https:\\\/\\\/kibrisdakik.com\\\/wp-content\\\/uploads\\\/2025\\\/10\\\/macron-in-un-reu-2400426.jpg\",\"datePublished\":\"2025-10-08T03:56:32+00:00\",\"author\":{\"@id\":\"https:\\\/\\\/kibrisdakik.com\\\/#\\\/schema\\\/person\\\/9cd9d437bbb44f72b73ba127e06d8e79\"},\"breadcrumb\":{\"@id\":\"https:\\\/\\\/kibrisdakik.com\\\/?p=95023#breadcrumb\"},\"inLanguage\":\"tr\",\"potentialAction\":[{\"@type\":\"ReadAction\",\"target\":[\"https:\\\/\\\/kibrisdakik.com\\\/?p=95023\"]}]},{\"@type\":\"ImageObject\",\"inLanguage\":\"tr\",\"@id\":\"https:\\\/\\\/kibrisdakik.com\\\/?p=95023#primaryimage\",\"url\":\"https:\\\/\\\/kibrisdakik.com\\\/wp-content\\\/uploads\\\/2025\\\/10\\\/macron-in-un-reu-2400426.jpg\",\"contentUrl\":\"https:\\\/\\\/kibrisdakik.com\\\/wp-content\\\/uploads\\\/2025\\\/10\\\/macron-in-un-reu-2400426.jpg\",\"width\":1280,\"height\":720},{\"@type\":\"BreadcrumbList\",\"@id\":\"https:\\\/\\\/kibrisdakik.com\\\/?p=95023#breadcrumb\",\"itemListElement\":[{\"@type\":\"ListItem\",\"position\":1,\"name\":\"Home\",\"item\":\"https:\\\/\\\/kibrisdakik.com\\\/\"},{\"@type\":\"ListItem\",\"position\":2,\"name\":\"Fransada siyasi kriz derinle\u015fiyor: Macrona erken se\u00e7im ya da istifa \u00e7a\u011fr\u0131s\u0131\"}]},{\"@type\":\"WebSite\",\"@id\":\"https:\\\/\\\/kibrisdakik.com\\\/#website\",\"url\":\"https:\\\/\\\/kibrisdakik.com\\\/\",\"name\":\"\",\"description\":\"Tam vaktinde haber\",\"potentialAction\":[{\"@type\":\"SearchAction\",\"target\":{\"@type\":\"EntryPoint\",\"urlTemplate\":\"https:\\\/\\\/kibrisdakik.com\\\/?s={search_term_string}\"},\"query-input\":{\"@type\":\"PropertyValueSpecification\",\"valueRequired\":true,\"valueName\":\"search_term_string\"}}],\"inLanguage\":\"tr\"},{\"@type\":\"Person\",\"@id\":\"https:\\\/\\\/kibrisdakik.com\\\/#\\\/schema\\\/person\\\/9cd9d437bbb44f72b73ba127e06d8e79\",\"name\":\"admin\",\"image\":{\"@type\":\"ImageObject\",\"inLanguage\":\"tr\",\"@id\":\"https:\\\/\\\/secure.gravatar.com\\\/avatar\\\/ccc17943b9d660506c869530f897617f7cb1c21a4bf30023f252596d83e1f007?s=96&d=mm&r=g\",\"url\":\"https:\\\/\\\/secure.gravatar.com\\\/avatar\\\/ccc17943b9d660506c869530f897617f7cb1c21a4bf30023f252596d83e1f007?s=96&d=mm&r=g\",\"contentUrl\":\"https:\\\/\\\/secure.gravatar.com\\\/avatar\\\/ccc17943b9d660506c869530f897617f7cb1c21a4bf30023f252596d83e1f007?s=96&d=mm&r=g\",\"caption\":\"admin\"},\"sameAs\":[\"https:\\\/\\\/kibrisdakik.com\"],\"url\":\"https:\\\/\\\/kibrisdakik.com\\\/?author=1\"}]}<\/script>\n<!-- \/ Yoast SEO plugin. -->","yoast_head_json":{"title":"Fransada siyasi kriz derinle\u015fiyor: Macrona erken se\u00e7im ya da istifa \u00e7a\u011fr\u0131s\u0131 -","robots":{"index":"index","follow":"follow","max-snippet":"max-snippet:-1","max-image-preview":"max-image-preview:large","max-video-preview":"max-video-preview:-1"},"canonical":"https:\/\/kibrisdakik.com\/?p=95023","og_locale":"tr_TR","og_type":"article","og_title":"Fransada siyasi kriz derinle\u015fiyor: Macrona erken se\u00e7im ya da istifa \u00e7a\u011fr\u0131s\u0131 -","og_description":"Macron\u2019un ilk ba\u015fbakan\u0131 Edouard Philippe, cumhurba\u015fkan\u0131na istifa etmesi \u00e7a\u011fr\u0131s\u0131nda bulundu. Philippe, 2025 b\u00fct\u00e7esi onayland\u0131ktan sonra erken cumhurba\u015fkanl\u0131\u011f\u0131 se\u00e7imine gidilmesi gerekti\u011fini s\u00f6yledi. \u201cAlt\u0131 ayd\u0131r ya\u015fad\u0131klar\u0131m\u0131z\u0131 18 ay daha s\u00fcrd\u00fcremeyiz. Bu durum Fransa\u2019ya zarar veriyor,\u201d dedi. Philippe, anketlere g\u00f6re merkez siyasetin en g\u00fc\u00e7l\u00fc adaylar\u0131ndan biri olarak g\u00f6r\u00fcl\u00fcyor. Onun ard\u0131ndan, Macron\u2019un bir di\u011fer eski ba\u015fbakan\u0131 Gabriel Attal da","og_url":"https:\/\/kibrisdakik.com\/?p=95023","article_published_time":"2025-10-08T03:56:32+00:00","og_image":[{"width":1280,"height":720,"url":"https:\/\/kibrisdakik.com\/wp-content\/uploads\/2025\/10\/macron-in-un-reu-2400426.jpg","type":"image\/jpeg"}],"author":"admin","twitter_card":"summary_large_image","twitter_misc":{"Yazan:":"admin","Tahmini okuma s\u00fcresi":"3 dakika"},"schema":{"@context":"https:\/\/schema.org","@graph":[{"@type":"Article","@id":"https:\/\/kibrisdakik.com\/?p=95023#article","isPartOf":{"@id":"https:\/\/kibrisdakik.com\/?p=95023"},"author":{"name":"admin","@id":"https:\/\/kibrisdakik.com\/#\/schema\/person\/9cd9d437bbb44f72b73ba127e06d8e79"},"headline":"Fransada siyasi kriz derinle\u015fiyor: Macrona erken se\u00e7im ya da istifa \u00e7a\u011fr\u0131s\u0131","datePublished":"2025-10-08T03:56:32+00:00","mainEntityOfPage":{"@id":"https:\/\/kibrisdakik.com\/?p=95023"},"wordCount":619,"commentCount":0,"image":{"@id":"https:\/\/kibrisdakik.com\/?p=95023#primaryimage"},"thumbnailUrl":"https:\/\/kibrisdakik.com\/wp-content\/uploads\/2025\/10\/macron-in-un-reu-2400426.jpg","articleSection":["D\u00fcnya"],"inLanguage":"tr","potentialAction":[{"@type":"CommentAction","name":"Comment","target":["https:\/\/kibrisdakik.com\/?p=95023#respond"]}]},{"@type":"WebPage","@id":"https:\/\/kibrisdakik.com\/?p=95023","url":"https:\/\/kibrisdakik.com\/?p=95023","name":"Fransada siyasi kriz derinle\u015fiyor: Macrona erken se\u00e7im ya da istifa \u00e7a\u011fr\u0131s\u0131 -","isPartOf":{"@id":"https:\/\/kibrisdakik.com\/#website"},"primaryImageOfPage":{"@id":"https:\/\/kibrisdakik.com\/?p=95023#primaryimage"},"image":{"@id":"https:\/\/kibrisdakik.com\/?p=95023#primaryimage"},"thumbnailUrl":"https:\/\/kibrisdakik.com\/wp-content\/uploads\/2025\/10\/macron-in-un-reu-2400426.jpg","datePublished":"2025-10-08T03:56:32+00:00","author":{"@id":"https:\/\/kibrisdakik.com\/#\/schema\/person\/9cd9d437bbb44f72b73ba127e06d8e79"},"breadcrumb":{"@id":"https:\/\/kibrisdakik.com\/?p=95023#breadcrumb"},"inLanguage":"tr","potentialAction":[{"@type":"ReadAction","target":["https:\/\/kibrisdakik.com\/?p=95023"]}]},{"@type":"ImageObject","inLanguage":"tr","@id":"https:\/\/kibrisdakik.com\/?p=95023#primaryimage","url":"https:\/\/kibrisdakik.com\/wp-content\/uploads\/2025\/10\/macron-in-un-reu-2400426.jpg","contentUrl":"https:\/\/kibrisdakik.com\/wp-content\/uploads\/2025\/10\/macron-in-un-reu-2400426.jpg","width":1280,"height":720},{"@type":"BreadcrumbList","@id":"https:\/\/kibrisdakik.com\/?p=95023#breadcrumb","itemListElement":[{"@type":"ListItem","position":1,"name":"Home","item":"https:\/\/kibrisdakik.com\/"},{"@type":"ListItem","position":2,"name":"Fransada siyasi kriz derinle\u015fiyor: Macrona erken se\u00e7im ya da istifa \u00e7a\u011fr\u0131s\u0131"}]},{"@type":"WebSite","@id":"https:\/\/kibrisdakik.com\/#website","url":"https:\/\/kibrisdakik.com\/","name":"","description":"Tam vaktinde haber","potentialAction":[{"@type":"SearchAction","target":{"@type":"EntryPoint","urlTemplate":"https:\/\/kibrisdakik.com\/?s={search_term_string}"},"query-input":{"@type":"PropertyValueSpecification","valueRequired":true,"valueName":"search_term_string"}}],"inLanguage":"tr"},{"@type":"Person","@id":"https:\/\/kibrisdakik.com\/#\/schema\/person\/9cd9d437bbb44f72b73ba127e06d8e79","name":"admin","image":{"@type":"ImageObject","inLanguage":"tr","@id":"https:\/\/secure.gravatar.com\/avatar\/ccc17943b9d660506c869530f897617f7cb1c21a4bf30023f252596d83e1f007?s=96&d=mm&r=g","url":"https:\/\/secure.gravatar.com\/avatar\/ccc17943b9d660506c869530f897617f7cb1c21a4bf30023f252596d83e1f007?s=96&d=mm&r=g","contentUrl":"https:\/\/secure.gravatar.com\/avatar\/ccc17943b9d660506c869530f897617f7cb1c21a4bf30023f252596d83e1f007?s=96&d=mm&r=g","caption":"admin"},"sameAs":["https:\/\/kibrisdakik.com"],"url":"https:\/\/kibrisdakik.com\/?author=1"}]}},"_links":{"self":[{"href":"https:\/\/kibrisdakik.com\/index.php?rest_route=\/wp\/v2\/posts\/95023","targetHints":{"allow":["GET"]}}],"collection":[{"href":"https:\/\/kibrisdakik.com\/index.php?rest_route=\/wp\/v2\/posts"}],"about":[{"href":"https:\/\/kibrisdakik.com\/index.php?rest_route=\/wp\/v2\/types\/post"}],"author":[{"embeddable":true,"href":"https:\/\/kibrisdakik.com\/index.php?rest_route=\/wp\/v2\/users\/1"}],"replies":[{"embeddable":true,"href":"https:\/\/kibrisdakik.com\/index.php?rest_route=%2Fwp%2Fv2%2Fcomments&post=95023"}],"version-history":[{"count":0,"href":"https:\/\/kibrisdakik.com\/index.php?rest_route=\/wp\/v2\/posts\/95023\/revisions"}],"wp:featuredmedia":[{"embeddable":true,"href":"https:\/\/kibrisdakik.com\/index.php?rest_route=\/wp\/v2\/media\/95024"}],"wp:attachment":[{"href":"https:\/\/kibrisdakik.com\/index.php?rest_route=%2Fwp%2Fv2%2Fmedia&parent=95023"}],"wp:term":[{"taxonomy":"category","embeddable":true,"href":"https:\/\/kibrisdakik.com\/index.php?rest_route=%2Fwp%2Fv2%2Fcategories&post=95023"},{"taxonomy":"post_tag","embeddable":true,"href":"https:\/\/kibrisdakik.com\/index.php?rest_route=%2Fwp%2Fv2%2Ftags&post=95023"}],"curies":[{"name":"wp","href":"https:\/\/api.w.org\/{rel}","templated":true}]}}