{"id":95053,"date":"2025-10-08T11:47:16","date_gmt":"2025-10-08T08:47:16","guid":{"rendered":"https:\/\/kibrisdakik.com\/index.php\/2025\/10\/08\/guven-bengihan-8-ekim-gardiyanlar-gununu-kutladi\/"},"modified":"2025-10-08T11:47:16","modified_gmt":"2025-10-08T08:47:16","slug":"guven-bengihan-8-ekim-gardiyanlar-gununu-kutladi","status":"publish","type":"post","link":"https:\/\/kibrisdakik.com\/?p=95053","title":{"rendered":"G\u00dcVEN BENG\u0130HAN, 8 EK\u0130M GARD\u0130YANLAR G\u00dcN\u00dc\u2019N\u00dc KUTLADI"},"content":{"rendered":"<p><\/p>\n<div data-text-id=\"185982\" property=\"articleBody\">\n<p>K\u0131br\u0131s T\u00fcrk Amme Memurlar\u0131 Sendikas\u0131 (KTAMS) ve K\u0131br\u0131s \u0130\u015f\u00e7i ve Emek\u00e7i Sendikalar\u0131 Federasyonu (K\u0130EF) Ba\u015fkan\u0131 G\u00fcven Bengihan, 8 Ekim Gardiyanlar G\u00fcn\u00fc\u2019n\u00fc kutlad\u0131.<\/p>\n<p>Bengihan, yaz\u0131l\u0131 a\u00e7\u0131klamas\u0131nda zor ko\u015fullarda fedakarl\u0131kla g\u00f6rev yapan gardiyanlar\u0131n daha iyi \u00e7al\u0131\u015fma ve ya\u015fam ko\u015fullar\u0131na kavu\u015fmas\u0131 i\u00e7in m\u00fccadeleye devam edeceklerini s\u00f6yledi.<\/p>\n<p>G\u00fcven Bengihan, \u00fclkedeki n\u00fcfusun kontrols\u00fcz giri\u015flere ba\u011fl\u0131 olarak s\u00fcrekli artt\u0131\u011f\u0131n\u0131, buna ba\u011fl\u0131 su\u00e7 ve su\u00e7lu say\u0131s\u0131n\u0131n y\u00fckseldi\u011fini, Merkezi Cezaevi\u2019nin kapasitesinin \u00e7ok \u00fczerinde mahkum bar\u0131nd\u0131rd\u0131\u011f\u0131n\u0131, her iki cezaevi de kullan\u0131ld\u0131\u011f\u0131 i\u00e7in personel eksikli\u011finin ve i\u015f y\u00fck\u00fcn\u00fcn artt\u0131\u011f\u0131n\u0131 belirtti.<\/p>\n<p>G\u00fcn\u00fcn\u00fcn ihtiya\u00e7lar\u0131n\u0131 kar\u015f\u0131lamas\u0131 i\u00e7in cezaevi mevzuat\u0131n\u0131n da acilen g\u00fcncellenmesi gerekti\u011fini kaydeden Bengihan, personel eksikli\u011fi gerek\u00e7esiyle 10 y\u0131l hizmeti olup hala derece terfisi alamayan gardiyanlar oldu\u011funu da ifade etti.<\/p>\n<p>\u201cGardiyanlar\u0131m\u0131z\u0131n \u00e7a\u011fda\u015f ve g\u00fcvenli bir ortamda daha verimli \u015fekilde g\u00f6rev yapmas\u0131 ve mahkumlar\u0131n da insanca ya\u015fam ko\u015fullar\u0131na kavu\u015farak yeniden topluma kazand\u0131r\u0131lmas\u0131 bizler i\u00e7in b\u00fcy\u00fck \u00f6nem ta\u015f\u0131yor\u201d diyen G\u00fcven Bengihan, bu alandaki m\u00fccadeleyi s\u00fcrd\u00fcreceklerini yineledi.<\/p>\n<\/p><\/div>\n","protected":false},"excerpt":{"rendered":"<p>K\u0131br\u0131s T\u00fcrk Amme Memurlar\u0131 Sendikas\u0131 (KTAMS) ve K\u0131br\u0131s \u0130\u015f\u00e7i ve Emek\u00e7i Sendikalar\u0131 Federasyonu (K\u0130EF) Ba\u015fkan\u0131 G\u00fcven Bengihan, 8 Ekim Gardiyanlar G\u00fcn\u00fc\u2019n\u00fc kutlad\u0131. Bengihan, yaz\u0131l\u0131 a\u00e7\u0131klamas\u0131nda zor ko\u015fullarda fedakarl\u0131kla g\u00f6rev yapan gardiyanlar\u0131n daha iyi \u00e7al\u0131\u015fma ve ya\u015fam ko\u015fullar\u0131na kavu\u015fmas\u0131 i\u00e7in m\u00fccadeleye devam edeceklerini s\u00f6yledi. G\u00fcven Bengihan, \u00fclkedeki n\u00fcfusun kontrols\u00fcz giri\u015flere ba\u011fl\u0131 olarak s\u00fcrekli artt\u0131\u011f\u0131n\u0131, buna ba\u011fl\u0131<\/p>\n","protected":false},"author":1,"featured_media":95054,"comment_status":"open","ping_status":"open","sticky":false,"template":"","format":"standard","meta":{"footnotes":""},"categories":[81],"tags":[],"class_list":["post-95053","post","type-post","status-publish","format-standard","has-post-thumbnail","hentry","category-kibris"],"yoast_head":"<!-- This site is optimized with the Yoast SEO plugin v27.5 - https:\/\/yoast.com\/product\/yoast-seo-wordpress\/ -->\n<title>G\u00dcVEN BENG\u0130HAN, 8 EK\u0130M GARD\u0130YANLAR G\u00dcN\u00dc\u2019N\u00dc KUTLADI -<\/title>\n<meta name=\"robots\" content=\"index, follow, max-snippet:-1, max-image-preview:large, max-video-preview:-1\" \/>\n<link rel=\"canonical\" href=\"https:\/\/kibrisdakik.com\/?p=95053\" \/>\n<meta property=\"og:locale\" content=\"tr_TR\" \/>\n<meta property=\"og:type\" content=\"article\" \/>\n<meta property=\"og:title\" content=\"G\u00dcVEN BENG\u0130HAN, 8 EK\u0130M GARD\u0130YANLAR G\u00dcN\u00dc\u2019N\u00dc KUTLADI -\" \/>\n<meta property=\"og:description\" content=\"K\u0131br\u0131s T\u00fcrk Amme Memurlar\u0131 Sendikas\u0131 (KTAMS) ve K\u0131br\u0131s \u0130\u015f\u00e7i ve Emek\u00e7i Sendikalar\u0131 Federasyonu (K\u0130EF) Ba\u015fkan\u0131 G\u00fcven Bengihan, 8 Ekim Gardiyanlar G\u00fcn\u00fc\u2019n\u00fc kutlad\u0131. Bengihan, yaz\u0131l\u0131 a\u00e7\u0131klamas\u0131nda zor ko\u015fullarda fedakarl\u0131kla g\u00f6rev yapan gardiyanlar\u0131n daha iyi \u00e7al\u0131\u015fma ve ya\u015fam ko\u015fullar\u0131na kavu\u015fmas\u0131 i\u00e7in m\u00fccadeleye devam edeceklerini s\u00f6yledi. G\u00fcven Bengihan, \u00fclkedeki n\u00fcfusun kontrols\u00fcz giri\u015flere ba\u011fl\u0131 olarak s\u00fcrekli artt\u0131\u011f\u0131n\u0131, buna ba\u011fl\u0131\" \/>\n<meta property=\"og:url\" content=\"https:\/\/kibrisdakik.com\/?p=95053\" \/>\n<meta property=\"article:published_time\" content=\"2025-10-08T08:47:16+00:00\" \/>\n<meta property=\"og:image\" content=\"https:\/\/kibrisdakik.com\/wp-content\/uploads\/2025\/10\/mha-1381.png\" \/>\n\t<meta property=\"og:image:width\" content=\"1280\" \/>\n\t<meta property=\"og:image:height\" content=\"720\" \/>\n\t<meta property=\"og:image:type\" content=\"image\/png\" \/>\n<meta name=\"author\" content=\"admin\" \/>\n<meta name=\"twitter:card\" content=\"summary_large_image\" \/>\n<meta name=\"twitter:label1\" content=\"Yazan:\" \/>\n\t<meta name=\"twitter:data1\" content=\"admin\" \/>\n\t<meta name=\"twitter:label2\" content=\"Tahmini okuma s\u00fcresi\" \/>\n\t<meta name=\"twitter:data2\" content=\"1 dakika\" \/>\n<script type=\"application\/ld+json\" class=\"yoast-schema-graph\">{\"@context\":\"https:\\\/\\\/schema.org\",\"@graph\":[{\"@type\":\"Article\",\"@id\":\"https:\\\/\\\/kibrisdakik.com\\\/?p=95053#article\",\"isPartOf\":{\"@id\":\"https:\\\/\\\/kibrisdakik.com\\\/?p=95053\"},\"author\":{\"name\":\"admin\",\"@id\":\"https:\\\/\\\/kibrisdakik.com\\\/#\\\/schema\\\/person\\\/9cd9d437bbb44f72b73ba127e06d8e79\"},\"headline\":\"G\u00dcVEN BENG\u0130HAN, 8 EK\u0130M GARD\u0130YANLAR G\u00dcN\u00dc\u2019N\u00dc KUTLADI\",\"datePublished\":\"2025-10-08T08:47:16+00:00\",\"mainEntityOfPage\":{\"@id\":\"https:\\\/\\\/kibrisdakik.com\\\/?p=95053\"},\"wordCount\":239,\"commentCount\":0,\"image\":{\"@id\":\"https:\\\/\\\/kibrisdakik.com\\\/?p=95053#primaryimage\"},\"thumbnailUrl\":\"https:\\\/\\\/kibrisdakik.com\\\/wp-content\\\/uploads\\\/2025\\\/10\\\/mha-1381.png\",\"articleSection\":[\"K\u0131br\u0131s\"],\"inLanguage\":\"tr\",\"potentialAction\":[{\"@type\":\"CommentAction\",\"name\":\"Comment\",\"target\":[\"https:\\\/\\\/kibrisdakik.com\\\/?p=95053#respond\"]}]},{\"@type\":\"WebPage\",\"@id\":\"https:\\\/\\\/kibrisdakik.com\\\/?p=95053\",\"url\":\"https:\\\/\\\/kibrisdakik.com\\\/?p=95053\",\"name\":\"G\u00dcVEN BENG\u0130HAN, 8 EK\u0130M GARD\u0130YANLAR G\u00dcN\u00dc\u2019N\u00dc KUTLADI -\",\"isPartOf\":{\"@id\":\"https:\\\/\\\/kibrisdakik.com\\\/#website\"},\"primaryImageOfPage\":{\"@id\":\"https:\\\/\\\/kibrisdakik.com\\\/?p=95053#primaryimage\"},\"image\":{\"@id\":\"https:\\\/\\\/kibrisdakik.com\\\/?p=95053#primaryimage\"},\"thumbnailUrl\":\"https:\\\/\\\/kibrisdakik.com\\\/wp-content\\\/uploads\\\/2025\\\/10\\\/mha-1381.png\",\"datePublished\":\"2025-10-08T08:47:16+00:00\",\"author\":{\"@id\":\"https:\\\/\\\/kibrisdakik.com\\\/#\\\/schema\\\/person\\\/9cd9d437bbb44f72b73ba127e06d8e79\"},\"breadcrumb\":{\"@id\":\"https:\\\/\\\/kibrisdakik.com\\\/?p=95053#breadcrumb\"},\"inLanguage\":\"tr\",\"potentialAction\":[{\"@type\":\"ReadAction\",\"target\":[\"https:\\\/\\\/kibrisdakik.com\\\/?p=95053\"]}]},{\"@type\":\"ImageObject\",\"inLanguage\":\"tr\",\"@id\":\"https:\\\/\\\/kibrisdakik.com\\\/?p=95053#primaryimage\",\"url\":\"https:\\\/\\\/kibrisdakik.com\\\/wp-content\\\/uploads\\\/2025\\\/10\\\/mha-1381.png\",\"contentUrl\":\"https:\\\/\\\/kibrisdakik.com\\\/wp-content\\\/uploads\\\/2025\\\/10\\\/mha-1381.png\",\"width\":1280,\"height\":720},{\"@type\":\"BreadcrumbList\",\"@id\":\"https:\\\/\\\/kibrisdakik.com\\\/?p=95053#breadcrumb\",\"itemListElement\":[{\"@type\":\"ListItem\",\"position\":1,\"name\":\"Home\",\"item\":\"https:\\\/\\\/kibrisdakik.com\\\/\"},{\"@type\":\"ListItem\",\"position\":2,\"name\":\"G\u00dcVEN BENG\u0130HAN, 8 EK\u0130M GARD\u0130YANLAR G\u00dcN\u00dc\u2019N\u00dc KUTLADI\"}]},{\"@type\":\"WebSite\",\"@id\":\"https:\\\/\\\/kibrisdakik.com\\\/#website\",\"url\":\"https:\\\/\\\/kibrisdakik.com\\\/\",\"name\":\"\",\"description\":\"Tam vaktinde haber\",\"potentialAction\":[{\"@type\":\"SearchAction\",\"target\":{\"@type\":\"EntryPoint\",\"urlTemplate\":\"https:\\\/\\\/kibrisdakik.com\\\/?s={search_term_string}\"},\"query-input\":{\"@type\":\"PropertyValueSpecification\",\"valueRequired\":true,\"valueName\":\"search_term_string\"}}],\"inLanguage\":\"tr\"},{\"@type\":\"Person\",\"@id\":\"https:\\\/\\\/kibrisdakik.com\\\/#\\\/schema\\\/person\\\/9cd9d437bbb44f72b73ba127e06d8e79\",\"name\":\"admin\",\"image\":{\"@type\":\"ImageObject\",\"inLanguage\":\"tr\",\"@id\":\"https:\\\/\\\/secure.gravatar.com\\\/avatar\\\/ccc17943b9d660506c869530f897617f7cb1c21a4bf30023f252596d83e1f007?s=96&d=mm&r=g\",\"url\":\"https:\\\/\\\/secure.gravatar.com\\\/avatar\\\/ccc17943b9d660506c869530f897617f7cb1c21a4bf30023f252596d83e1f007?s=96&d=mm&r=g\",\"contentUrl\":\"https:\\\/\\\/secure.gravatar.com\\\/avatar\\\/ccc17943b9d660506c869530f897617f7cb1c21a4bf30023f252596d83e1f007?s=96&d=mm&r=g\",\"caption\":\"admin\"},\"sameAs\":[\"https:\\\/\\\/kibrisdakik.com\"],\"url\":\"https:\\\/\\\/kibrisdakik.com\\\/?author=1\"}]}<\/script>\n<!-- \/ Yoast SEO plugin. -->","yoast_head_json":{"title":"G\u00dcVEN BENG\u0130HAN, 8 EK\u0130M GARD\u0130YANLAR G\u00dcN\u00dc\u2019N\u00dc KUTLADI -","robots":{"index":"index","follow":"follow","max-snippet":"max-snippet:-1","max-image-preview":"max-image-preview:large","max-video-preview":"max-video-preview:-1"},"canonical":"https:\/\/kibrisdakik.com\/?p=95053","og_locale":"tr_TR","og_type":"article","og_title":"G\u00dcVEN BENG\u0130HAN, 8 EK\u0130M GARD\u0130YANLAR G\u00dcN\u00dc\u2019N\u00dc KUTLADI -","og_description":"K\u0131br\u0131s T\u00fcrk Amme Memurlar\u0131 Sendikas\u0131 (KTAMS) ve K\u0131br\u0131s \u0130\u015f\u00e7i ve Emek\u00e7i Sendikalar\u0131 Federasyonu (K\u0130EF) Ba\u015fkan\u0131 G\u00fcven Bengihan, 8 Ekim Gardiyanlar G\u00fcn\u00fc\u2019n\u00fc kutlad\u0131. Bengihan, yaz\u0131l\u0131 a\u00e7\u0131klamas\u0131nda zor ko\u015fullarda fedakarl\u0131kla g\u00f6rev yapan gardiyanlar\u0131n daha iyi \u00e7al\u0131\u015fma ve ya\u015fam ko\u015fullar\u0131na kavu\u015fmas\u0131 i\u00e7in m\u00fccadeleye devam edeceklerini s\u00f6yledi. G\u00fcven Bengihan, \u00fclkedeki n\u00fcfusun kontrols\u00fcz giri\u015flere ba\u011fl\u0131 olarak s\u00fcrekli artt\u0131\u011f\u0131n\u0131, buna ba\u011fl\u0131","og_url":"https:\/\/kibrisdakik.com\/?p=95053","article_published_time":"2025-10-08T08:47:16+00:00","og_image":[{"width":1280,"height":720,"url":"https:\/\/kibrisdakik.com\/wp-content\/uploads\/2025\/10\/mha-1381.png","type":"image\/png"}],"author":"admin","twitter_card":"summary_large_image","twitter_misc":{"Yazan:":"admin","Tahmini okuma s\u00fcresi":"1 dakika"},"schema":{"@context":"https:\/\/schema.org","@graph":[{"@type":"Article","@id":"https:\/\/kibrisdakik.com\/?p=95053#article","isPartOf":{"@id":"https:\/\/kibrisdakik.com\/?p=95053"},"author":{"name":"admin","@id":"https:\/\/kibrisdakik.com\/#\/schema\/person\/9cd9d437bbb44f72b73ba127e06d8e79"},"headline":"G\u00dcVEN BENG\u0130HAN, 8 EK\u0130M GARD\u0130YANLAR G\u00dcN\u00dc\u2019N\u00dc KUTLADI","datePublished":"2025-10-08T08:47:16+00:00","mainEntityOfPage":{"@id":"https:\/\/kibrisdakik.com\/?p=95053"},"wordCount":239,"commentCount":0,"image":{"@id":"https:\/\/kibrisdakik.com\/?p=95053#primaryimage"},"thumbnailUrl":"https:\/\/kibrisdakik.com\/wp-content\/uploads\/2025\/10\/mha-1381.png","articleSection":["K\u0131br\u0131s"],"inLanguage":"tr","potentialAction":[{"@type":"CommentAction","name":"Comment","target":["https:\/\/kibrisdakik.com\/?p=95053#respond"]}]},{"@type":"WebPage","@id":"https:\/\/kibrisdakik.com\/?p=95053","url":"https:\/\/kibrisdakik.com\/?p=95053","name":"G\u00dcVEN BENG\u0130HAN, 8 EK\u0130M GARD\u0130YANLAR G\u00dcN\u00dc\u2019N\u00dc KUTLADI -","isPartOf":{"@id":"https:\/\/kibrisdakik.com\/#website"},"primaryImageOfPage":{"@id":"https:\/\/kibrisdakik.com\/?p=95053#primaryimage"},"image":{"@id":"https:\/\/kibrisdakik.com\/?p=95053#primaryimage"},"thumbnailUrl":"https:\/\/kibrisdakik.com\/wp-content\/uploads\/2025\/10\/mha-1381.png","datePublished":"2025-10-08T08:47:16+00:00","author":{"@id":"https:\/\/kibrisdakik.com\/#\/schema\/person\/9cd9d437bbb44f72b73ba127e06d8e79"},"breadcrumb":{"@id":"https:\/\/kibrisdakik.com\/?p=95053#breadcrumb"},"inLanguage":"tr","potentialAction":[{"@type":"ReadAction","target":["https:\/\/kibrisdakik.com\/?p=95053"]}]},{"@type":"ImageObject","inLanguage":"tr","@id":"https:\/\/kibrisdakik.com\/?p=95053#primaryimage","url":"https:\/\/kibrisdakik.com\/wp-content\/uploads\/2025\/10\/mha-1381.png","contentUrl":"https:\/\/kibrisdakik.com\/wp-content\/uploads\/2025\/10\/mha-1381.png","width":1280,"height":720},{"@type":"BreadcrumbList","@id":"https:\/\/kibrisdakik.com\/?p=95053#breadcrumb","itemListElement":[{"@type":"ListItem","position":1,"name":"Home","item":"https:\/\/kibrisdakik.com\/"},{"@type":"ListItem","position":2,"name":"G\u00dcVEN BENG\u0130HAN, 8 EK\u0130M GARD\u0130YANLAR G\u00dcN\u00dc\u2019N\u00dc KUTLADI"}]},{"@type":"WebSite","@id":"https:\/\/kibrisdakik.com\/#website","url":"https:\/\/kibrisdakik.com\/","name":"","description":"Tam vaktinde haber","potentialAction":[{"@type":"SearchAction","target":{"@type":"EntryPoint","urlTemplate":"https:\/\/kibrisdakik.com\/?s={search_term_string}"},"query-input":{"@type":"PropertyValueSpecification","valueRequired":true,"valueName":"search_term_string"}}],"inLanguage":"tr"},{"@type":"Person","@id":"https:\/\/kibrisdakik.com\/#\/schema\/person\/9cd9d437bbb44f72b73ba127e06d8e79","name":"admin","image":{"@type":"ImageObject","inLanguage":"tr","@id":"https:\/\/secure.gravatar.com\/avatar\/ccc17943b9d660506c869530f897617f7cb1c21a4bf30023f252596d83e1f007?s=96&d=mm&r=g","url":"https:\/\/secure.gravatar.com\/avatar\/ccc17943b9d660506c869530f897617f7cb1c21a4bf30023f252596d83e1f007?s=96&d=mm&r=g","contentUrl":"https:\/\/secure.gravatar.com\/avatar\/ccc17943b9d660506c869530f897617f7cb1c21a4bf30023f252596d83e1f007?s=96&d=mm&r=g","caption":"admin"},"sameAs":["https:\/\/kibrisdakik.com"],"url":"https:\/\/kibrisdakik.com\/?author=1"}]}},"_links":{"self":[{"href":"https:\/\/kibrisdakik.com\/index.php?rest_route=\/wp\/v2\/posts\/95053","targetHints":{"allow":["GET"]}}],"collection":[{"href":"https:\/\/kibrisdakik.com\/index.php?rest_route=\/wp\/v2\/posts"}],"about":[{"href":"https:\/\/kibrisdakik.com\/index.php?rest_route=\/wp\/v2\/types\/post"}],"author":[{"embeddable":true,"href":"https:\/\/kibrisdakik.com\/index.php?rest_route=\/wp\/v2\/users\/1"}],"replies":[{"embeddable":true,"href":"https:\/\/kibrisdakik.com\/index.php?rest_route=%2Fwp%2Fv2%2Fcomments&post=95053"}],"version-history":[{"count":0,"href":"https:\/\/kibrisdakik.com\/index.php?rest_route=\/wp\/v2\/posts\/95053\/revisions"}],"wp:featuredmedia":[{"embeddable":true,"href":"https:\/\/kibrisdakik.com\/index.php?rest_route=\/wp\/v2\/media\/95054"}],"wp:attachment":[{"href":"https:\/\/kibrisdakik.com\/index.php?rest_route=%2Fwp%2Fv2%2Fmedia&parent=95053"}],"wp:term":[{"taxonomy":"category","embeddable":true,"href":"https:\/\/kibrisdakik.com\/index.php?rest_route=%2Fwp%2Fv2%2Fcategories&post=95053"},{"taxonomy":"post_tag","embeddable":true,"href":"https:\/\/kibrisdakik.com\/index.php?rest_route=%2Fwp%2Fv2%2Ftags&post=95053"}],"curies":[{"name":"wp","href":"https:\/\/api.w.org\/{rel}","templated":true}]}}