{"id":95154,"date":"2025-10-09T06:46:14","date_gmt":"2025-10-09T03:46:14","guid":{"rendered":"https:\/\/kibrisdakik.com\/index.php\/2025\/10\/09\/hamas-serbest-birakilmasi-planlanan-filistinlilerin-listesini-teslim-ettik\/"},"modified":"2025-10-09T06:46:14","modified_gmt":"2025-10-09T03:46:14","slug":"hamas-serbest-birakilmasi-planlanan-filistinlilerin-listesini-teslim-ettik","status":"publish","type":"post","link":"https:\/\/kibrisdakik.com\/?p=95154","title":{"rendered":"Hamas: Serbest b\u0131rak\u0131lmas\u0131 planlanan Filistinlilerin listesini teslim ettik"},"content":{"rendered":"<p><\/p>\n<div class=\"news-content\">\n<p>\n\tHamas&#8217;tan yap\u0131lan a\u00e7\u0131klamada, ate\u015fkes anla\u015fmas\u0131nda mutab\u0131k kal\u0131nan kriterler \u00e7er\u00e7evesinde esir takas\u0131yla serbest b\u0131rak\u0131lmas\u0131 planlanan Filistinlilerin listesinin iletildi\u011fi belirtildi.<\/p>\n<p>\n\tSerbest b\u0131rak\u0131lacak Filistinlilerin isimleri \u00fczerinde nihai mutabakat\u0131n sa\u011flanmas\u0131n\u0131n beklendi\u011fi kaydedilen a\u00e7\u0131klamada, gerekli prosed\u00fcrlerin tamamlanmas\u0131n\u0131n ard\u0131ndan isimlerin payla\u015f\u0131laca\u011f\u0131 ifade edildi.<\/p>\n<p>\n\t\u0130srail hapishanelerinde tutulan Filistinlilerin Hamas&#8217;\u0131n birincil \u00f6nceliklerinden oldu\u011funa dikkati \u00e7ekilen a\u00e7\u0131klamada, &#8220;son Filistinli esir serbest kalana kadar&#8221; \u00e7abalar\u0131n s\u00fcrd\u00fcr\u00fclece\u011fi aktar\u0131ld\u0131.<\/p>\n<p>\n\tABD Ba\u015fkan\u0131 Donald Trump, \u0130srail ile Hamas&#8217;\u0131n, Gazze&#8217;de ate\u015fkes plan\u0131n\u0131n ilk a\u015famas\u0131n\u0131 onaylad\u0131\u011f\u0131n\u0131 duyurmu\u015ftu.<\/p>\n<p>\n\tHamas da ate\u015fkes anla\u015fmas\u0131na var\u0131ld\u0131\u011f\u0131n\u0131 do\u011frulam\u0131\u015ft\u0131.<\/p>\n<div class=\"news-tags\">\n<div class=\"title\">ET\u0130KETLER<\/div>\n<div class=\"tags\">\n                                                                            Hamas<br \/>\n                                                                            \u0130srail<br \/>\n                                                                            \u0130srail&#8217;in Gazze Soyk\u0131r\u0131m\u0131\n                                                                    <\/div>\n<\/p><\/div>\n<\/p><\/div>\n","protected":false},"excerpt":{"rendered":"<p>Hamas&#8217;tan yap\u0131lan a\u00e7\u0131klamada, ate\u015fkes anla\u015fmas\u0131nda mutab\u0131k kal\u0131nan kriterler \u00e7er\u00e7evesinde esir takas\u0131yla serbest b\u0131rak\u0131lmas\u0131 planlanan Filistinlilerin listesinin iletildi\u011fi belirtildi. Serbest b\u0131rak\u0131lacak Filistinlilerin isimleri \u00fczerinde nihai mutabakat\u0131n sa\u011flanmas\u0131n\u0131n beklendi\u011fi kaydedilen a\u00e7\u0131klamada, gerekli prosed\u00fcrlerin tamamlanmas\u0131n\u0131n ard\u0131ndan isimlerin payla\u015f\u0131laca\u011f\u0131 ifade edildi. \u0130srail hapishanelerinde tutulan Filistinlilerin Hamas&#8217;\u0131n birincil \u00f6nceliklerinden oldu\u011funa dikkati \u00e7ekilen a\u00e7\u0131klamada, &#8220;son Filistinli esir serbest kalana kadar&#8221; \u00e7abalar\u0131n<\/p>\n","protected":false},"author":1,"featured_media":95155,"comment_status":"open","ping_status":"open","sticky":false,"template":"","format":"standard","meta":{"footnotes":""},"categories":[306],"tags":[],"class_list":["post-95154","post","type-post","status-publish","format-standard","has-post-thumbnail","hentry","category-dunya"],"yoast_head":"<!-- This site is optimized with the Yoast SEO plugin v27.4 - https:\/\/yoast.com\/product\/yoast-seo-wordpress\/ -->\n<title>Hamas: Serbest b\u0131rak\u0131lmas\u0131 planlanan Filistinlilerin listesini teslim ettik -<\/title>\n<meta name=\"robots\" content=\"index, follow, max-snippet:-1, max-image-preview:large, max-video-preview:-1\" \/>\n<link rel=\"canonical\" href=\"https:\/\/kibrisdakik.com\/?p=95154\" \/>\n<meta property=\"og:locale\" content=\"tr_TR\" \/>\n<meta property=\"og:type\" content=\"article\" \/>\n<meta property=\"og:title\" content=\"Hamas: Serbest b\u0131rak\u0131lmas\u0131 planlanan Filistinlilerin listesini teslim ettik -\" \/>\n<meta property=\"og:description\" content=\"Hamas&#8217;tan yap\u0131lan a\u00e7\u0131klamada, ate\u015fkes anla\u015fmas\u0131nda mutab\u0131k kal\u0131nan kriterler \u00e7er\u00e7evesinde esir takas\u0131yla serbest b\u0131rak\u0131lmas\u0131 planlanan Filistinlilerin listesinin iletildi\u011fi belirtildi. Serbest b\u0131rak\u0131lacak Filistinlilerin isimleri \u00fczerinde nihai mutabakat\u0131n sa\u011flanmas\u0131n\u0131n beklendi\u011fi kaydedilen a\u00e7\u0131klamada, gerekli prosed\u00fcrlerin tamamlanmas\u0131n\u0131n ard\u0131ndan isimlerin payla\u015f\u0131laca\u011f\u0131 ifade edildi. \u0130srail hapishanelerinde tutulan Filistinlilerin Hamas&#8217;\u0131n birincil \u00f6nceliklerinden oldu\u011funa dikkati \u00e7ekilen a\u00e7\u0131klamada, &#8220;son Filistinli esir serbest kalana kadar&#8221; \u00e7abalar\u0131n\" \/>\n<meta property=\"og:url\" content=\"https:\/\/kibrisdakik.com\/?p=95154\" \/>\n<meta property=\"article:published_time\" content=\"2025-10-09T03:46:14+00:00\" \/>\n<meta property=\"og:image\" content=\"https:\/\/kibrisdakik.com\/wp-content\/uploads\/2025\/10\/filistinli-esirler-aa-2337003.jpg\" \/>\n\t<meta property=\"og:image:width\" content=\"1280\" \/>\n\t<meta property=\"og:image:height\" content=\"720\" \/>\n\t<meta property=\"og:image:type\" content=\"image\/jpeg\" \/>\n<meta name=\"author\" content=\"admin\" \/>\n<meta name=\"twitter:card\" content=\"summary_large_image\" \/>\n<meta name=\"twitter:label1\" content=\"Yazan:\" \/>\n\t<meta name=\"twitter:data1\" content=\"admin\" \/>\n\t<meta name=\"twitter:label2\" content=\"Tahmini okuma s\u00fcresi\" \/>\n\t<meta name=\"twitter:data2\" content=\"1 dakika\" \/>\n<script type=\"application\/ld+json\" class=\"yoast-schema-graph\">{\"@context\":\"https:\\\/\\\/schema.org\",\"@graph\":[{\"@type\":\"Article\",\"@id\":\"https:\\\/\\\/kibrisdakik.com\\\/?p=95154#article\",\"isPartOf\":{\"@id\":\"https:\\\/\\\/kibrisdakik.com\\\/?p=95154\"},\"author\":{\"name\":\"admin\",\"@id\":\"https:\\\/\\\/kibrisdakik.com\\\/#\\\/schema\\\/person\\\/9cd9d437bbb44f72b73ba127e06d8e79\"},\"headline\":\"Hamas: Serbest b\u0131rak\u0131lmas\u0131 planlanan Filistinlilerin listesini teslim ettik\",\"datePublished\":\"2025-10-09T03:46:14+00:00\",\"mainEntityOfPage\":{\"@id\":\"https:\\\/\\\/kibrisdakik.com\\\/?p=95154\"},\"wordCount\":146,\"commentCount\":0,\"image\":{\"@id\":\"https:\\\/\\\/kibrisdakik.com\\\/?p=95154#primaryimage\"},\"thumbnailUrl\":\"https:\\\/\\\/kibrisdakik.com\\\/wp-content\\\/uploads\\\/2025\\\/10\\\/filistinli-esirler-aa-2337003.jpg\",\"articleSection\":[\"D\u00fcnya\"],\"inLanguage\":\"tr\",\"potentialAction\":[{\"@type\":\"CommentAction\",\"name\":\"Comment\",\"target\":[\"https:\\\/\\\/kibrisdakik.com\\\/?p=95154#respond\"]}]},{\"@type\":\"WebPage\",\"@id\":\"https:\\\/\\\/kibrisdakik.com\\\/?p=95154\",\"url\":\"https:\\\/\\\/kibrisdakik.com\\\/?p=95154\",\"name\":\"Hamas: Serbest b\u0131rak\u0131lmas\u0131 planlanan Filistinlilerin listesini teslim ettik -\",\"isPartOf\":{\"@id\":\"https:\\\/\\\/kibrisdakik.com\\\/#website\"},\"primaryImageOfPage\":{\"@id\":\"https:\\\/\\\/kibrisdakik.com\\\/?p=95154#primaryimage\"},\"image\":{\"@id\":\"https:\\\/\\\/kibrisdakik.com\\\/?p=95154#primaryimage\"},\"thumbnailUrl\":\"https:\\\/\\\/kibrisdakik.com\\\/wp-content\\\/uploads\\\/2025\\\/10\\\/filistinli-esirler-aa-2337003.jpg\",\"datePublished\":\"2025-10-09T03:46:14+00:00\",\"author\":{\"@id\":\"https:\\\/\\\/kibrisdakik.com\\\/#\\\/schema\\\/person\\\/9cd9d437bbb44f72b73ba127e06d8e79\"},\"breadcrumb\":{\"@id\":\"https:\\\/\\\/kibrisdakik.com\\\/?p=95154#breadcrumb\"},\"inLanguage\":\"tr\",\"potentialAction\":[{\"@type\":\"ReadAction\",\"target\":[\"https:\\\/\\\/kibrisdakik.com\\\/?p=95154\"]}]},{\"@type\":\"ImageObject\",\"inLanguage\":\"tr\",\"@id\":\"https:\\\/\\\/kibrisdakik.com\\\/?p=95154#primaryimage\",\"url\":\"https:\\\/\\\/kibrisdakik.com\\\/wp-content\\\/uploads\\\/2025\\\/10\\\/filistinli-esirler-aa-2337003.jpg\",\"contentUrl\":\"https:\\\/\\\/kibrisdakik.com\\\/wp-content\\\/uploads\\\/2025\\\/10\\\/filistinli-esirler-aa-2337003.jpg\",\"width\":1280,\"height\":720},{\"@type\":\"BreadcrumbList\",\"@id\":\"https:\\\/\\\/kibrisdakik.com\\\/?p=95154#breadcrumb\",\"itemListElement\":[{\"@type\":\"ListItem\",\"position\":1,\"name\":\"Home\",\"item\":\"https:\\\/\\\/kibrisdakik.com\\\/\"},{\"@type\":\"ListItem\",\"position\":2,\"name\":\"Hamas: Serbest b\u0131rak\u0131lmas\u0131 planlanan Filistinlilerin listesini teslim ettik\"}]},{\"@type\":\"WebSite\",\"@id\":\"https:\\\/\\\/kibrisdakik.com\\\/#website\",\"url\":\"https:\\\/\\\/kibrisdakik.com\\\/\",\"name\":\"\",\"description\":\"Tam vaktinde haber\",\"potentialAction\":[{\"@type\":\"SearchAction\",\"target\":{\"@type\":\"EntryPoint\",\"urlTemplate\":\"https:\\\/\\\/kibrisdakik.com\\\/?s={search_term_string}\"},\"query-input\":{\"@type\":\"PropertyValueSpecification\",\"valueRequired\":true,\"valueName\":\"search_term_string\"}}],\"inLanguage\":\"tr\"},{\"@type\":\"Person\",\"@id\":\"https:\\\/\\\/kibrisdakik.com\\\/#\\\/schema\\\/person\\\/9cd9d437bbb44f72b73ba127e06d8e79\",\"name\":\"admin\",\"image\":{\"@type\":\"ImageObject\",\"inLanguage\":\"tr\",\"@id\":\"https:\\\/\\\/secure.gravatar.com\\\/avatar\\\/ccc17943b9d660506c869530f897617f7cb1c21a4bf30023f252596d83e1f007?s=96&d=mm&r=g\",\"url\":\"https:\\\/\\\/secure.gravatar.com\\\/avatar\\\/ccc17943b9d660506c869530f897617f7cb1c21a4bf30023f252596d83e1f007?s=96&d=mm&r=g\",\"contentUrl\":\"https:\\\/\\\/secure.gravatar.com\\\/avatar\\\/ccc17943b9d660506c869530f897617f7cb1c21a4bf30023f252596d83e1f007?s=96&d=mm&r=g\",\"caption\":\"admin\"},\"sameAs\":[\"https:\\\/\\\/kibrisdakik.com\"],\"url\":\"https:\\\/\\\/kibrisdakik.com\\\/?author=1\"}]}<\/script>\n<!-- \/ Yoast SEO plugin. -->","yoast_head_json":{"title":"Hamas: Serbest b\u0131rak\u0131lmas\u0131 planlanan Filistinlilerin listesini teslim ettik -","robots":{"index":"index","follow":"follow","max-snippet":"max-snippet:-1","max-image-preview":"max-image-preview:large","max-video-preview":"max-video-preview:-1"},"canonical":"https:\/\/kibrisdakik.com\/?p=95154","og_locale":"tr_TR","og_type":"article","og_title":"Hamas: Serbest b\u0131rak\u0131lmas\u0131 planlanan Filistinlilerin listesini teslim ettik -","og_description":"Hamas&#8217;tan yap\u0131lan a\u00e7\u0131klamada, ate\u015fkes anla\u015fmas\u0131nda mutab\u0131k kal\u0131nan kriterler \u00e7er\u00e7evesinde esir takas\u0131yla serbest b\u0131rak\u0131lmas\u0131 planlanan Filistinlilerin listesinin iletildi\u011fi belirtildi. Serbest b\u0131rak\u0131lacak Filistinlilerin isimleri \u00fczerinde nihai mutabakat\u0131n sa\u011flanmas\u0131n\u0131n beklendi\u011fi kaydedilen a\u00e7\u0131klamada, gerekli prosed\u00fcrlerin tamamlanmas\u0131n\u0131n ard\u0131ndan isimlerin payla\u015f\u0131laca\u011f\u0131 ifade edildi. \u0130srail hapishanelerinde tutulan Filistinlilerin Hamas&#8217;\u0131n birincil \u00f6nceliklerinden oldu\u011funa dikkati \u00e7ekilen a\u00e7\u0131klamada, &#8220;son Filistinli esir serbest kalana kadar&#8221; \u00e7abalar\u0131n","og_url":"https:\/\/kibrisdakik.com\/?p=95154","article_published_time":"2025-10-09T03:46:14+00:00","og_image":[{"width":1280,"height":720,"url":"https:\/\/kibrisdakik.com\/wp-content\/uploads\/2025\/10\/filistinli-esirler-aa-2337003.jpg","type":"image\/jpeg"}],"author":"admin","twitter_card":"summary_large_image","twitter_misc":{"Yazan:":"admin","Tahmini okuma s\u00fcresi":"1 dakika"},"schema":{"@context":"https:\/\/schema.org","@graph":[{"@type":"Article","@id":"https:\/\/kibrisdakik.com\/?p=95154#article","isPartOf":{"@id":"https:\/\/kibrisdakik.com\/?p=95154"},"author":{"name":"admin","@id":"https:\/\/kibrisdakik.com\/#\/schema\/person\/9cd9d437bbb44f72b73ba127e06d8e79"},"headline":"Hamas: Serbest b\u0131rak\u0131lmas\u0131 planlanan Filistinlilerin listesini teslim ettik","datePublished":"2025-10-09T03:46:14+00:00","mainEntityOfPage":{"@id":"https:\/\/kibrisdakik.com\/?p=95154"},"wordCount":146,"commentCount":0,"image":{"@id":"https:\/\/kibrisdakik.com\/?p=95154#primaryimage"},"thumbnailUrl":"https:\/\/kibrisdakik.com\/wp-content\/uploads\/2025\/10\/filistinli-esirler-aa-2337003.jpg","articleSection":["D\u00fcnya"],"inLanguage":"tr","potentialAction":[{"@type":"CommentAction","name":"Comment","target":["https:\/\/kibrisdakik.com\/?p=95154#respond"]}]},{"@type":"WebPage","@id":"https:\/\/kibrisdakik.com\/?p=95154","url":"https:\/\/kibrisdakik.com\/?p=95154","name":"Hamas: Serbest b\u0131rak\u0131lmas\u0131 planlanan Filistinlilerin listesini teslim ettik -","isPartOf":{"@id":"https:\/\/kibrisdakik.com\/#website"},"primaryImageOfPage":{"@id":"https:\/\/kibrisdakik.com\/?p=95154#primaryimage"},"image":{"@id":"https:\/\/kibrisdakik.com\/?p=95154#primaryimage"},"thumbnailUrl":"https:\/\/kibrisdakik.com\/wp-content\/uploads\/2025\/10\/filistinli-esirler-aa-2337003.jpg","datePublished":"2025-10-09T03:46:14+00:00","author":{"@id":"https:\/\/kibrisdakik.com\/#\/schema\/person\/9cd9d437bbb44f72b73ba127e06d8e79"},"breadcrumb":{"@id":"https:\/\/kibrisdakik.com\/?p=95154#breadcrumb"},"inLanguage":"tr","potentialAction":[{"@type":"ReadAction","target":["https:\/\/kibrisdakik.com\/?p=95154"]}]},{"@type":"ImageObject","inLanguage":"tr","@id":"https:\/\/kibrisdakik.com\/?p=95154#primaryimage","url":"https:\/\/kibrisdakik.com\/wp-content\/uploads\/2025\/10\/filistinli-esirler-aa-2337003.jpg","contentUrl":"https:\/\/kibrisdakik.com\/wp-content\/uploads\/2025\/10\/filistinli-esirler-aa-2337003.jpg","width":1280,"height":720},{"@type":"BreadcrumbList","@id":"https:\/\/kibrisdakik.com\/?p=95154#breadcrumb","itemListElement":[{"@type":"ListItem","position":1,"name":"Home","item":"https:\/\/kibrisdakik.com\/"},{"@type":"ListItem","position":2,"name":"Hamas: Serbest b\u0131rak\u0131lmas\u0131 planlanan Filistinlilerin listesini teslim ettik"}]},{"@type":"WebSite","@id":"https:\/\/kibrisdakik.com\/#website","url":"https:\/\/kibrisdakik.com\/","name":"","description":"Tam vaktinde haber","potentialAction":[{"@type":"SearchAction","target":{"@type":"EntryPoint","urlTemplate":"https:\/\/kibrisdakik.com\/?s={search_term_string}"},"query-input":{"@type":"PropertyValueSpecification","valueRequired":true,"valueName":"search_term_string"}}],"inLanguage":"tr"},{"@type":"Person","@id":"https:\/\/kibrisdakik.com\/#\/schema\/person\/9cd9d437bbb44f72b73ba127e06d8e79","name":"admin","image":{"@type":"ImageObject","inLanguage":"tr","@id":"https:\/\/secure.gravatar.com\/avatar\/ccc17943b9d660506c869530f897617f7cb1c21a4bf30023f252596d83e1f007?s=96&d=mm&r=g","url":"https:\/\/secure.gravatar.com\/avatar\/ccc17943b9d660506c869530f897617f7cb1c21a4bf30023f252596d83e1f007?s=96&d=mm&r=g","contentUrl":"https:\/\/secure.gravatar.com\/avatar\/ccc17943b9d660506c869530f897617f7cb1c21a4bf30023f252596d83e1f007?s=96&d=mm&r=g","caption":"admin"},"sameAs":["https:\/\/kibrisdakik.com"],"url":"https:\/\/kibrisdakik.com\/?author=1"}]}},"_links":{"self":[{"href":"https:\/\/kibrisdakik.com\/index.php?rest_route=\/wp\/v2\/posts\/95154","targetHints":{"allow":["GET"]}}],"collection":[{"href":"https:\/\/kibrisdakik.com\/index.php?rest_route=\/wp\/v2\/posts"}],"about":[{"href":"https:\/\/kibrisdakik.com\/index.php?rest_route=\/wp\/v2\/types\/post"}],"author":[{"embeddable":true,"href":"https:\/\/kibrisdakik.com\/index.php?rest_route=\/wp\/v2\/users\/1"}],"replies":[{"embeddable":true,"href":"https:\/\/kibrisdakik.com\/index.php?rest_route=%2Fwp%2Fv2%2Fcomments&post=95154"}],"version-history":[{"count":0,"href":"https:\/\/kibrisdakik.com\/index.php?rest_route=\/wp\/v2\/posts\/95154\/revisions"}],"wp:featuredmedia":[{"embeddable":true,"href":"https:\/\/kibrisdakik.com\/index.php?rest_route=\/wp\/v2\/media\/95155"}],"wp:attachment":[{"href":"https:\/\/kibrisdakik.com\/index.php?rest_route=%2Fwp%2Fv2%2Fmedia&parent=95154"}],"wp:term":[{"taxonomy":"category","embeddable":true,"href":"https:\/\/kibrisdakik.com\/index.php?rest_route=%2Fwp%2Fv2%2Fcategories&post=95154"},{"taxonomy":"post_tag","embeddable":true,"href":"https:\/\/kibrisdakik.com\/index.php?rest_route=%2Fwp%2Fv2%2Ftags&post=95154"}],"curies":[{"name":"wp","href":"https:\/\/api.w.org\/{rel}","templated":true}]}}