{"id":95257,"date":"2025-10-09T17:58:04","date_gmt":"2025-10-09T14:58:04","guid":{"rendered":"https:\/\/kibrisdakik.com\/index.php\/2025\/10\/09\/isgalci-israil-ordusu-baskin-duzenledigi-el-halilde-3-filistinli-cocugu-yaraladi\/"},"modified":"2025-10-09T17:58:04","modified_gmt":"2025-10-09T14:58:04","slug":"isgalci-israil-ordusu-baskin-duzenledigi-el-halilde-3-filistinli-cocugu-yaraladi","status":"publish","type":"post","link":"https:\/\/kibrisdakik.com\/?p=95257","title":{"rendered":"\u0130\u015fgalci \u0130srail ordusu bask\u0131n d\u00fczenledi\u011fi El Halil&#039;de 3 Filistinli \u00e7ocu\u011fu yaralad\u0131"},"content":{"rendered":"<p><\/p>\n<div class=\"news-content\">\n<p>\n\tFilistin haber ajans\u0131 WAFA&#8217;ya g\u00f6re, Filistin topraklar\u0131n\u0131 gasbeden \u0130sraillilerin tarihi bir alana zorla giri\u015fini g\u00fcvence alt\u0131na almak i\u00e7in El Halil kentine bask\u0131n d\u00fczenleyen \u0130srail ordusu, ate\u015f a\u00e7arak ve g\u00f6z ya\u015fart\u0131c\u0131 gaz kullanarak b\u00f6lge sakini Filistinlileri zorla da\u011f\u0131tt\u0131.<\/p>\n<p>\n\t\u0130srail askerlerinin ate\u015f a\u00e7mas\u0131 sonucu 2&#8217;si 16 ya\u015f\u0131nda, biri 14 ya\u015f\u0131nda 3 Filistinli \u00e7ocuk yaraland\u0131.<\/p>\n<p>\n\tYaral\u0131lar El Halil Devlet Hastanesine kald\u0131r\u0131ld\u0131.<\/p>\n<p>\n\tG\u00f6rg\u00fc tan\u0131klar\u0131ndan edinilen bilgiye g\u00f6re, \u0130srail ordusu El Halil kentinin merkezinde Bab Zaviye b\u00f6lgesi ile Bir Seba caddesini kapatm\u0131\u015f, yaya ve ara\u00e7lar\u0131n kent merkezine do\u011fru hareketini engellemi\u015fti.<\/p>\n<p>\n\tFilistin topraklar\u0131n\u0131 gasbeden \u0130srailliler, dini bayram ve \u00f6zel g\u00fcnlerde El Halil&#8217;deki tarihi bir mezar\u0131 ziyaret ederek baz\u0131 rit\u00fceller ger\u00e7ekle\u015ftiriyor.<\/p>\n<h2>\n\t\u0130srail, El Halil&#8217;deki ihlallerini art\u0131r\u0131yor<\/h2>\n<p>\n\t\u0130srail, i\u015fgal alt\u0131ndaki Bat\u0131 \u015eeria&#8217;n\u0131n El Halil kentindeki Harem-i \u0130brahim Camii&#8217;ne giri\u015fleri Yahudi bayramlar\u0131n\u0131 gerek\u00e7e g\u00f6stererek d\u00fcn 2 g\u00fcn s\u00fcreyle kapatm\u0131\u015ft\u0131.<\/p>\n<p>\n\t\u0130srail ordusu ayr\u0131ca 6 Ekim&#8217;de El Halil kentinin merkezindeki baz\u0131 Filistin mahallelerinde Yahudilerin &#8220;Sukot Bayram\u0131&#8221; (\u00c7ardaklar Bayram\u0131) \u00f6ncesi soka\u011fa \u00e7\u0131kma yasa\u011f\u0131 ilan etmi\u015fti.<\/p>\n<p>\n\tEl-Halil Savunma Komitesi \u00dcyesi Arif Cabir, yapt\u0131\u011f\u0131 a\u00e7\u0131klamada, &#8220;\u0130\u015fgal ordusu, pazartesi ak\u015fam\u0131 El-Halil\u2019in kapal\u0131 b\u00f6lgesinde yer alan baz\u0131 mahallelerde soka\u011fa \u00e7\u0131kma yasa\u011f\u0131 ilan etti\u011fini s\u00f6zl\u00fc olarak bildirdi ancak yasa\u011f\u0131n ne zaman sona erece\u011fini hen\u00fcz belirtmedi.&#8221; demi\u015fti.<\/p>\n<p>\n\t\u0130srail ordusundan yap\u0131lan a\u00e7\u0131klamada ise Genelkurmay Ba\u015fkan\u0131 Eyal Zamir\u2019in, Sukot Bayram\u0131 s\u00fcresince (6\u201313 Ekim) askerlerin haz\u0131r olma seviyesinin en \u00fcst d\u00fczeye \u00e7\u0131kar\u0131lmas\u0131 talimat\u0131 verdi\u011fi aktar\u0131lm\u0131\u015ft\u0131.<\/p>\n<div class=\"news-tags\">\n<div class=\"title\">ET\u0130KETLER<\/div>\n<div class=\"tags\">\n                                                                            Bat\u0131 \u015eeria<br \/>\n                                                                            \u0130srail\n                                                                    <\/div>\n<\/p><\/div>\n<\/p><\/div>\n","protected":false},"excerpt":{"rendered":"<p>Filistin haber ajans\u0131 WAFA&#8217;ya g\u00f6re, Filistin topraklar\u0131n\u0131 gasbeden \u0130sraillilerin tarihi bir alana zorla giri\u015fini g\u00fcvence alt\u0131na almak i\u00e7in El Halil kentine bask\u0131n d\u00fczenleyen \u0130srail ordusu, ate\u015f a\u00e7arak ve g\u00f6z ya\u015fart\u0131c\u0131 gaz kullanarak b\u00f6lge sakini Filistinlileri zorla da\u011f\u0131tt\u0131. \u0130srail askerlerinin ate\u015f a\u00e7mas\u0131 sonucu 2&#8217;si 16 ya\u015f\u0131nda, biri 14 ya\u015f\u0131nda 3 Filistinli \u00e7ocuk yaraland\u0131. Yaral\u0131lar El Halil<\/p>\n","protected":false},"author":1,"featured_media":95258,"comment_status":"open","ping_status":"open","sticky":false,"template":"","format":"standard","meta":{"footnotes":""},"categories":[306],"tags":[],"class_list":["post-95257","post","type-post","status-publish","format-standard","has-post-thumbnail","hentry","category-dunya"],"yoast_head":"<!-- This site is optimized with the Yoast SEO plugin v27.4 - https:\/\/yoast.com\/product\/yoast-seo-wordpress\/ -->\n<title>\u0130\u015fgalci \u0130srail ordusu bask\u0131n d\u00fczenledi\u011fi El Halil&#039;de 3 Filistinli \u00e7ocu\u011fu yaralad\u0131 -<\/title>\n<meta name=\"robots\" content=\"index, follow, max-snippet:-1, max-image-preview:large, max-video-preview:-1\" \/>\n<link rel=\"canonical\" href=\"https:\/\/kibrisdakik.com\/?p=95257\" \/>\n<meta property=\"og:locale\" content=\"tr_TR\" \/>\n<meta property=\"og:type\" content=\"article\" \/>\n<meta property=\"og:title\" content=\"\u0130\u015fgalci \u0130srail ordusu bask\u0131n d\u00fczenledi\u011fi El Halil&#039;de 3 Filistinli \u00e7ocu\u011fu yaralad\u0131 -\" \/>\n<meta property=\"og:description\" content=\"Filistin haber ajans\u0131 WAFA&#8217;ya g\u00f6re, Filistin topraklar\u0131n\u0131 gasbeden \u0130sraillilerin tarihi bir alana zorla giri\u015fini g\u00fcvence alt\u0131na almak i\u00e7in El Halil kentine bask\u0131n d\u00fczenleyen \u0130srail ordusu, ate\u015f a\u00e7arak ve g\u00f6z ya\u015fart\u0131c\u0131 gaz kullanarak b\u00f6lge sakini Filistinlileri zorla da\u011f\u0131tt\u0131. \u0130srail askerlerinin ate\u015f a\u00e7mas\u0131 sonucu 2&#8217;si 16 ya\u015f\u0131nda, biri 14 ya\u015f\u0131nda 3 Filistinli \u00e7ocuk yaraland\u0131. Yaral\u0131lar El Halil\" \/>\n<meta property=\"og:url\" content=\"https:\/\/kibrisdakik.com\/?p=95257\" \/>\n<meta property=\"article:published_time\" content=\"2025-10-09T14:58:04+00:00\" \/>\n<meta property=\"og:image\" content=\"https:\/\/kibrisdakik.com\/wp-content\/uploads\/2025\/10\/bati-seria-israel-forces-aa-2316111.jpg\" \/>\n\t<meta property=\"og:image:width\" content=\"1280\" \/>\n\t<meta property=\"og:image:height\" content=\"720\" \/>\n\t<meta property=\"og:image:type\" content=\"image\/jpeg\" \/>\n<meta name=\"author\" content=\"admin\" \/>\n<meta name=\"twitter:card\" content=\"summary_large_image\" \/>\n<meta name=\"twitter:label1\" content=\"Yazan:\" \/>\n\t<meta name=\"twitter:data1\" content=\"admin\" \/>\n\t<meta name=\"twitter:label2\" content=\"Tahmini okuma s\u00fcresi\" \/>\n\t<meta name=\"twitter:data2\" content=\"1 dakika\" \/>\n<script type=\"application\/ld+json\" class=\"yoast-schema-graph\">{\"@context\":\"https:\\\/\\\/schema.org\",\"@graph\":[{\"@type\":\"Article\",\"@id\":\"https:\\\/\\\/kibrisdakik.com\\\/?p=95257#article\",\"isPartOf\":{\"@id\":\"https:\\\/\\\/kibrisdakik.com\\\/?p=95257\"},\"author\":{\"name\":\"admin\",\"@id\":\"https:\\\/\\\/kibrisdakik.com\\\/#\\\/schema\\\/person\\\/9cd9d437bbb44f72b73ba127e06d8e79\"},\"headline\":\"\u0130\u015fgalci \u0130srail ordusu bask\u0131n d\u00fczenledi\u011fi El Halil&#039;de 3 Filistinli \u00e7ocu\u011fu yaralad\u0131\",\"datePublished\":\"2025-10-09T14:58:04+00:00\",\"mainEntityOfPage\":{\"@id\":\"https:\\\/\\\/kibrisdakik.com\\\/?p=95257\"},\"wordCount\":300,\"commentCount\":0,\"image\":{\"@id\":\"https:\\\/\\\/kibrisdakik.com\\\/?p=95257#primaryimage\"},\"thumbnailUrl\":\"https:\\\/\\\/kibrisdakik.com\\\/wp-content\\\/uploads\\\/2025\\\/10\\\/bati-seria-israel-forces-aa-2316111.jpg\",\"articleSection\":[\"D\u00fcnya\"],\"inLanguage\":\"tr\",\"potentialAction\":[{\"@type\":\"CommentAction\",\"name\":\"Comment\",\"target\":[\"https:\\\/\\\/kibrisdakik.com\\\/?p=95257#respond\"]}]},{\"@type\":\"WebPage\",\"@id\":\"https:\\\/\\\/kibrisdakik.com\\\/?p=95257\",\"url\":\"https:\\\/\\\/kibrisdakik.com\\\/?p=95257\",\"name\":\"\u0130\u015fgalci \u0130srail ordusu bask\u0131n d\u00fczenledi\u011fi El Halil&#039;de 3 Filistinli \u00e7ocu\u011fu yaralad\u0131 -\",\"isPartOf\":{\"@id\":\"https:\\\/\\\/kibrisdakik.com\\\/#website\"},\"primaryImageOfPage\":{\"@id\":\"https:\\\/\\\/kibrisdakik.com\\\/?p=95257#primaryimage\"},\"image\":{\"@id\":\"https:\\\/\\\/kibrisdakik.com\\\/?p=95257#primaryimage\"},\"thumbnailUrl\":\"https:\\\/\\\/kibrisdakik.com\\\/wp-content\\\/uploads\\\/2025\\\/10\\\/bati-seria-israel-forces-aa-2316111.jpg\",\"datePublished\":\"2025-10-09T14:58:04+00:00\",\"author\":{\"@id\":\"https:\\\/\\\/kibrisdakik.com\\\/#\\\/schema\\\/person\\\/9cd9d437bbb44f72b73ba127e06d8e79\"},\"breadcrumb\":{\"@id\":\"https:\\\/\\\/kibrisdakik.com\\\/?p=95257#breadcrumb\"},\"inLanguage\":\"tr\",\"potentialAction\":[{\"@type\":\"ReadAction\",\"target\":[\"https:\\\/\\\/kibrisdakik.com\\\/?p=95257\"]}]},{\"@type\":\"ImageObject\",\"inLanguage\":\"tr\",\"@id\":\"https:\\\/\\\/kibrisdakik.com\\\/?p=95257#primaryimage\",\"url\":\"https:\\\/\\\/kibrisdakik.com\\\/wp-content\\\/uploads\\\/2025\\\/10\\\/bati-seria-israel-forces-aa-2316111.jpg\",\"contentUrl\":\"https:\\\/\\\/kibrisdakik.com\\\/wp-content\\\/uploads\\\/2025\\\/10\\\/bati-seria-israel-forces-aa-2316111.jpg\",\"width\":1280,\"height\":720},{\"@type\":\"BreadcrumbList\",\"@id\":\"https:\\\/\\\/kibrisdakik.com\\\/?p=95257#breadcrumb\",\"itemListElement\":[{\"@type\":\"ListItem\",\"position\":1,\"name\":\"Home\",\"item\":\"https:\\\/\\\/kibrisdakik.com\\\/\"},{\"@type\":\"ListItem\",\"position\":2,\"name\":\"\u0130\u015fgalci \u0130srail ordusu bask\u0131n d\u00fczenledi\u011fi El Halil&#039;de 3 Filistinli \u00e7ocu\u011fu yaralad\u0131\"}]},{\"@type\":\"WebSite\",\"@id\":\"https:\\\/\\\/kibrisdakik.com\\\/#website\",\"url\":\"https:\\\/\\\/kibrisdakik.com\\\/\",\"name\":\"\",\"description\":\"Tam vaktinde haber\",\"potentialAction\":[{\"@type\":\"SearchAction\",\"target\":{\"@type\":\"EntryPoint\",\"urlTemplate\":\"https:\\\/\\\/kibrisdakik.com\\\/?s={search_term_string}\"},\"query-input\":{\"@type\":\"PropertyValueSpecification\",\"valueRequired\":true,\"valueName\":\"search_term_string\"}}],\"inLanguage\":\"tr\"},{\"@type\":\"Person\",\"@id\":\"https:\\\/\\\/kibrisdakik.com\\\/#\\\/schema\\\/person\\\/9cd9d437bbb44f72b73ba127e06d8e79\",\"name\":\"admin\",\"image\":{\"@type\":\"ImageObject\",\"inLanguage\":\"tr\",\"@id\":\"https:\\\/\\\/secure.gravatar.com\\\/avatar\\\/ccc17943b9d660506c869530f897617f7cb1c21a4bf30023f252596d83e1f007?s=96&d=mm&r=g\",\"url\":\"https:\\\/\\\/secure.gravatar.com\\\/avatar\\\/ccc17943b9d660506c869530f897617f7cb1c21a4bf30023f252596d83e1f007?s=96&d=mm&r=g\",\"contentUrl\":\"https:\\\/\\\/secure.gravatar.com\\\/avatar\\\/ccc17943b9d660506c869530f897617f7cb1c21a4bf30023f252596d83e1f007?s=96&d=mm&r=g\",\"caption\":\"admin\"},\"sameAs\":[\"https:\\\/\\\/kibrisdakik.com\"],\"url\":\"https:\\\/\\\/kibrisdakik.com\\\/?author=1\"}]}<\/script>\n<!-- \/ Yoast SEO plugin. -->","yoast_head_json":{"title":"\u0130\u015fgalci \u0130srail ordusu bask\u0131n d\u00fczenledi\u011fi El Halil&#039;de 3 Filistinli \u00e7ocu\u011fu yaralad\u0131 -","robots":{"index":"index","follow":"follow","max-snippet":"max-snippet:-1","max-image-preview":"max-image-preview:large","max-video-preview":"max-video-preview:-1"},"canonical":"https:\/\/kibrisdakik.com\/?p=95257","og_locale":"tr_TR","og_type":"article","og_title":"\u0130\u015fgalci \u0130srail ordusu bask\u0131n d\u00fczenledi\u011fi El Halil&#039;de 3 Filistinli \u00e7ocu\u011fu yaralad\u0131 -","og_description":"Filistin haber ajans\u0131 WAFA&#8217;ya g\u00f6re, Filistin topraklar\u0131n\u0131 gasbeden \u0130sraillilerin tarihi bir alana zorla giri\u015fini g\u00fcvence alt\u0131na almak i\u00e7in El Halil kentine bask\u0131n d\u00fczenleyen \u0130srail ordusu, ate\u015f a\u00e7arak ve g\u00f6z ya\u015fart\u0131c\u0131 gaz kullanarak b\u00f6lge sakini Filistinlileri zorla da\u011f\u0131tt\u0131. \u0130srail askerlerinin ate\u015f a\u00e7mas\u0131 sonucu 2&#8217;si 16 ya\u015f\u0131nda, biri 14 ya\u015f\u0131nda 3 Filistinli \u00e7ocuk yaraland\u0131. Yaral\u0131lar El Halil","og_url":"https:\/\/kibrisdakik.com\/?p=95257","article_published_time":"2025-10-09T14:58:04+00:00","og_image":[{"width":1280,"height":720,"url":"https:\/\/kibrisdakik.com\/wp-content\/uploads\/2025\/10\/bati-seria-israel-forces-aa-2316111.jpg","type":"image\/jpeg"}],"author":"admin","twitter_card":"summary_large_image","twitter_misc":{"Yazan:":"admin","Tahmini okuma s\u00fcresi":"1 dakika"},"schema":{"@context":"https:\/\/schema.org","@graph":[{"@type":"Article","@id":"https:\/\/kibrisdakik.com\/?p=95257#article","isPartOf":{"@id":"https:\/\/kibrisdakik.com\/?p=95257"},"author":{"name":"admin","@id":"https:\/\/kibrisdakik.com\/#\/schema\/person\/9cd9d437bbb44f72b73ba127e06d8e79"},"headline":"\u0130\u015fgalci \u0130srail ordusu bask\u0131n d\u00fczenledi\u011fi El Halil&#039;de 3 Filistinli \u00e7ocu\u011fu yaralad\u0131","datePublished":"2025-10-09T14:58:04+00:00","mainEntityOfPage":{"@id":"https:\/\/kibrisdakik.com\/?p=95257"},"wordCount":300,"commentCount":0,"image":{"@id":"https:\/\/kibrisdakik.com\/?p=95257#primaryimage"},"thumbnailUrl":"https:\/\/kibrisdakik.com\/wp-content\/uploads\/2025\/10\/bati-seria-israel-forces-aa-2316111.jpg","articleSection":["D\u00fcnya"],"inLanguage":"tr","potentialAction":[{"@type":"CommentAction","name":"Comment","target":["https:\/\/kibrisdakik.com\/?p=95257#respond"]}]},{"@type":"WebPage","@id":"https:\/\/kibrisdakik.com\/?p=95257","url":"https:\/\/kibrisdakik.com\/?p=95257","name":"\u0130\u015fgalci \u0130srail ordusu bask\u0131n d\u00fczenledi\u011fi El Halil&#039;de 3 Filistinli \u00e7ocu\u011fu yaralad\u0131 -","isPartOf":{"@id":"https:\/\/kibrisdakik.com\/#website"},"primaryImageOfPage":{"@id":"https:\/\/kibrisdakik.com\/?p=95257#primaryimage"},"image":{"@id":"https:\/\/kibrisdakik.com\/?p=95257#primaryimage"},"thumbnailUrl":"https:\/\/kibrisdakik.com\/wp-content\/uploads\/2025\/10\/bati-seria-israel-forces-aa-2316111.jpg","datePublished":"2025-10-09T14:58:04+00:00","author":{"@id":"https:\/\/kibrisdakik.com\/#\/schema\/person\/9cd9d437bbb44f72b73ba127e06d8e79"},"breadcrumb":{"@id":"https:\/\/kibrisdakik.com\/?p=95257#breadcrumb"},"inLanguage":"tr","potentialAction":[{"@type":"ReadAction","target":["https:\/\/kibrisdakik.com\/?p=95257"]}]},{"@type":"ImageObject","inLanguage":"tr","@id":"https:\/\/kibrisdakik.com\/?p=95257#primaryimage","url":"https:\/\/kibrisdakik.com\/wp-content\/uploads\/2025\/10\/bati-seria-israel-forces-aa-2316111.jpg","contentUrl":"https:\/\/kibrisdakik.com\/wp-content\/uploads\/2025\/10\/bati-seria-israel-forces-aa-2316111.jpg","width":1280,"height":720},{"@type":"BreadcrumbList","@id":"https:\/\/kibrisdakik.com\/?p=95257#breadcrumb","itemListElement":[{"@type":"ListItem","position":1,"name":"Home","item":"https:\/\/kibrisdakik.com\/"},{"@type":"ListItem","position":2,"name":"\u0130\u015fgalci \u0130srail ordusu bask\u0131n d\u00fczenledi\u011fi El Halil&#039;de 3 Filistinli \u00e7ocu\u011fu yaralad\u0131"}]},{"@type":"WebSite","@id":"https:\/\/kibrisdakik.com\/#website","url":"https:\/\/kibrisdakik.com\/","name":"","description":"Tam vaktinde haber","potentialAction":[{"@type":"SearchAction","target":{"@type":"EntryPoint","urlTemplate":"https:\/\/kibrisdakik.com\/?s={search_term_string}"},"query-input":{"@type":"PropertyValueSpecification","valueRequired":true,"valueName":"search_term_string"}}],"inLanguage":"tr"},{"@type":"Person","@id":"https:\/\/kibrisdakik.com\/#\/schema\/person\/9cd9d437bbb44f72b73ba127e06d8e79","name":"admin","image":{"@type":"ImageObject","inLanguage":"tr","@id":"https:\/\/secure.gravatar.com\/avatar\/ccc17943b9d660506c869530f897617f7cb1c21a4bf30023f252596d83e1f007?s=96&d=mm&r=g","url":"https:\/\/secure.gravatar.com\/avatar\/ccc17943b9d660506c869530f897617f7cb1c21a4bf30023f252596d83e1f007?s=96&d=mm&r=g","contentUrl":"https:\/\/secure.gravatar.com\/avatar\/ccc17943b9d660506c869530f897617f7cb1c21a4bf30023f252596d83e1f007?s=96&d=mm&r=g","caption":"admin"},"sameAs":["https:\/\/kibrisdakik.com"],"url":"https:\/\/kibrisdakik.com\/?author=1"}]}},"_links":{"self":[{"href":"https:\/\/kibrisdakik.com\/index.php?rest_route=\/wp\/v2\/posts\/95257","targetHints":{"allow":["GET"]}}],"collection":[{"href":"https:\/\/kibrisdakik.com\/index.php?rest_route=\/wp\/v2\/posts"}],"about":[{"href":"https:\/\/kibrisdakik.com\/index.php?rest_route=\/wp\/v2\/types\/post"}],"author":[{"embeddable":true,"href":"https:\/\/kibrisdakik.com\/index.php?rest_route=\/wp\/v2\/users\/1"}],"replies":[{"embeddable":true,"href":"https:\/\/kibrisdakik.com\/index.php?rest_route=%2Fwp%2Fv2%2Fcomments&post=95257"}],"version-history":[{"count":0,"href":"https:\/\/kibrisdakik.com\/index.php?rest_route=\/wp\/v2\/posts\/95257\/revisions"}],"wp:featuredmedia":[{"embeddable":true,"href":"https:\/\/kibrisdakik.com\/index.php?rest_route=\/wp\/v2\/media\/95258"}],"wp:attachment":[{"href":"https:\/\/kibrisdakik.com\/index.php?rest_route=%2Fwp%2Fv2%2Fmedia&parent=95257"}],"wp:term":[{"taxonomy":"category","embeddable":true,"href":"https:\/\/kibrisdakik.com\/index.php?rest_route=%2Fwp%2Fv2%2Fcategories&post=95257"},{"taxonomy":"post_tag","embeddable":true,"href":"https:\/\/kibrisdakik.com\/index.php?rest_route=%2Fwp%2Fv2%2Ftags&post=95257"}],"curies":[{"name":"wp","href":"https:\/\/api.w.org\/{rel}","templated":true}]}}