{"id":95279,"date":"2025-10-10T06:46:10","date_gmt":"2025-10-10T03:46:10","guid":{"rendered":"https:\/\/kibrisdakik.com\/index.php\/2025\/10\/10\/filipinlerde-74-buyuklugunde-deprem\/"},"modified":"2025-10-10T06:46:10","modified_gmt":"2025-10-10T03:46:10","slug":"filipinlerde-74-buyuklugunde-deprem","status":"publish","type":"post","link":"https:\/\/kibrisdakik.com\/?p=95279","title":{"rendered":"Filipinler&#039;de 7,4 b\u00fcy\u00fckl\u00fc\u011f\u00fcnde deprem"},"content":{"rendered":"<p><\/p>\n<div class=\"news-content\">\n<p>\n\tFilipinler&#8217;de 7,4 b\u00fcy\u00fckl\u00fc\u011f\u00fcnde deprem meydana geldi. Avrupa-Akdeniz Sismoloji Merkezi, depremin yerin 62 kilometre derinli\u011finde ger\u00e7ekle\u015fti\u011fini duyurdu.<\/p>\n<p>\n\tDepremin ard\u0131ndan tsunami uyar\u0131s\u0131 yap\u0131ld\u0131.<\/p>\n<p>\n\tDalgalar\u0131n depremin merkez \u00fcss\u00fcne 300 kilometre mesafedeki k\u0131y\u0131larda etkili olabilece\u011fi belirtildi.<\/p>\n<p>\n\tFilipinler Sismoloji Ajans\u0131, orta ve g\u00fcney Filipinler\u2019deki k\u0131y\u0131 kentlerinde ya\u015fayan halka derhal y\u00fcksek b\u00f6lgelere \u00e7\u0131kmalar\u0131 \u00e7a\u011fr\u0131s\u0131nda bulundu. Art\u00e7\u0131 sallant\u0131lara kar\u015f\u0131 dikkatli olunmas\u0131 uyar\u0131s\u0131 yap\u0131ld\u0131.<\/p>\n<p>\n\tDepremde hasar ya da can kayb\u0131 olup olmad\u0131\u011f\u0131na ili\u015fkin hen\u00fcz bilgi verilmedi.<\/p>\n<p>\n\tFilipinler&#8217;in Palompon b\u00f6lgesinde 30 Eyl\u00fcl&#8217;de 6,9 b\u00fcy\u00fckl\u00fc\u011f\u00fcnde deprem meydana gelmi\u015f, 72 ki\u015fi hayat\u0131n\u0131 kaybetmi\u015fti.<\/p>\n<div class=\"news-tags\">\n<div class=\"title\">ET\u0130KETLER<\/div>\n<div class=\"tags\">\n                                                                            Deprem<br \/>\n                                                                            Filipinler\n                                                                    <\/div>\n<\/p><\/div>\n<\/p><\/div>\n","protected":false},"excerpt":{"rendered":"<p>Filipinler&#8217;de 7,4 b\u00fcy\u00fckl\u00fc\u011f\u00fcnde deprem meydana geldi. Avrupa-Akdeniz Sismoloji Merkezi, depremin yerin 62 kilometre derinli\u011finde ger\u00e7ekle\u015fti\u011fini duyurdu. Depremin ard\u0131ndan tsunami uyar\u0131s\u0131 yap\u0131ld\u0131. Dalgalar\u0131n depremin merkez \u00fcss\u00fcne 300 kilometre mesafedeki k\u0131y\u0131larda etkili olabilece\u011fi belirtildi. Filipinler Sismoloji Ajans\u0131, orta ve g\u00fcney Filipinler\u2019deki k\u0131y\u0131 kentlerinde ya\u015fayan halka derhal y\u00fcksek b\u00f6lgelere \u00e7\u0131kmalar\u0131 \u00e7a\u011fr\u0131s\u0131nda bulundu. Art\u00e7\u0131 sallant\u0131lara kar\u015f\u0131 dikkatli olunmas\u0131 uyar\u0131s\u0131<\/p>\n","protected":false},"author":1,"featured_media":90331,"comment_status":"open","ping_status":"open","sticky":false,"template":"","format":"standard","meta":{"footnotes":""},"categories":[306],"tags":[],"class_list":["post-95279","post","type-post","status-publish","format-standard","has-post-thumbnail","hentry","category-dunya"],"yoast_head":"<!-- This site is optimized with the Yoast SEO plugin v27.4 - https:\/\/yoast.com\/product\/yoast-seo-wordpress\/ -->\n<title>Filipinler&#039;de 7,4 b\u00fcy\u00fckl\u00fc\u011f\u00fcnde deprem -<\/title>\n<meta name=\"robots\" content=\"index, follow, max-snippet:-1, max-image-preview:large, max-video-preview:-1\" \/>\n<link rel=\"canonical\" href=\"https:\/\/kibrisdakik.com\/?p=95279\" \/>\n<meta property=\"og:locale\" content=\"tr_TR\" \/>\n<meta property=\"og:type\" content=\"article\" \/>\n<meta property=\"og:title\" content=\"Filipinler&#039;de 7,4 b\u00fcy\u00fckl\u00fc\u011f\u00fcnde deprem -\" \/>\n<meta property=\"og:description\" content=\"Filipinler&#8217;de 7,4 b\u00fcy\u00fckl\u00fc\u011f\u00fcnde deprem meydana geldi. Avrupa-Akdeniz Sismoloji Merkezi, depremin yerin 62 kilometre derinli\u011finde ger\u00e7ekle\u015fti\u011fini duyurdu. Depremin ard\u0131ndan tsunami uyar\u0131s\u0131 yap\u0131ld\u0131. Dalgalar\u0131n depremin merkez \u00fcss\u00fcne 300 kilometre mesafedeki k\u0131y\u0131larda etkili olabilece\u011fi belirtildi. Filipinler Sismoloji Ajans\u0131, orta ve g\u00fcney Filipinler\u2019deki k\u0131y\u0131 kentlerinde ya\u015fayan halka derhal y\u00fcksek b\u00f6lgelere \u00e7\u0131kmalar\u0131 \u00e7a\u011fr\u0131s\u0131nda bulundu. Art\u00e7\u0131 sallant\u0131lara kar\u015f\u0131 dikkatli olunmas\u0131 uyar\u0131s\u0131\" \/>\n<meta property=\"og:url\" content=\"https:\/\/kibrisdakik.com\/?p=95279\" \/>\n<meta property=\"article:published_time\" content=\"2025-10-10T03:46:10+00:00\" \/>\n<meta property=\"og:image\" content=\"https:\/\/kibrisdakik.com\/wp-content\/uploads\/2025\/08\/1756063754_deprem-1475396-740x420.jpg\" \/>\n\t<meta property=\"og:image:width\" content=\"1280\" \/>\n\t<meta property=\"og:image:height\" content=\"720\" \/>\n\t<meta property=\"og:image:type\" content=\"image\/jpeg\" \/>\n<meta name=\"author\" content=\"admin\" \/>\n<meta name=\"twitter:card\" content=\"summary_large_image\" \/>\n<meta name=\"twitter:label1\" content=\"Yazan:\" \/>\n\t<meta name=\"twitter:data1\" content=\"admin\" \/>\n\t<meta name=\"twitter:label2\" content=\"Tahmini okuma s\u00fcresi\" \/>\n\t<meta name=\"twitter:data2\" content=\"1 dakika\" \/>\n<script type=\"application\/ld+json\" class=\"yoast-schema-graph\">{\"@context\":\"https:\\\/\\\/schema.org\",\"@graph\":[{\"@type\":\"Article\",\"@id\":\"https:\\\/\\\/kibrisdakik.com\\\/?p=95279#article\",\"isPartOf\":{\"@id\":\"https:\\\/\\\/kibrisdakik.com\\\/?p=95279\"},\"author\":{\"name\":\"admin\",\"@id\":\"https:\\\/\\\/kibrisdakik.com\\\/#\\\/schema\\\/person\\\/9cd9d437bbb44f72b73ba127e06d8e79\"},\"headline\":\"Filipinler&#039;de 7,4 b\u00fcy\u00fckl\u00fc\u011f\u00fcnde deprem\",\"datePublished\":\"2025-10-10T03:46:10+00:00\",\"mainEntityOfPage\":{\"@id\":\"https:\\\/\\\/kibrisdakik.com\\\/?p=95279\"},\"wordCount\":125,\"commentCount\":0,\"image\":{\"@id\":\"https:\\\/\\\/kibrisdakik.com\\\/?p=95279#primaryimage\"},\"thumbnailUrl\":\"https:\\\/\\\/kibrisdakik.com\\\/wp-content\\\/uploads\\\/2025\\\/08\\\/1756063754_deprem-1475396-740x420.jpg\",\"articleSection\":[\"D\u00fcnya\"],\"inLanguage\":\"tr\",\"potentialAction\":[{\"@type\":\"CommentAction\",\"name\":\"Comment\",\"target\":[\"https:\\\/\\\/kibrisdakik.com\\\/?p=95279#respond\"]}]},{\"@type\":\"WebPage\",\"@id\":\"https:\\\/\\\/kibrisdakik.com\\\/?p=95279\",\"url\":\"https:\\\/\\\/kibrisdakik.com\\\/?p=95279\",\"name\":\"Filipinler&#039;de 7,4 b\u00fcy\u00fckl\u00fc\u011f\u00fcnde deprem -\",\"isPartOf\":{\"@id\":\"https:\\\/\\\/kibrisdakik.com\\\/#website\"},\"primaryImageOfPage\":{\"@id\":\"https:\\\/\\\/kibrisdakik.com\\\/?p=95279#primaryimage\"},\"image\":{\"@id\":\"https:\\\/\\\/kibrisdakik.com\\\/?p=95279#primaryimage\"},\"thumbnailUrl\":\"https:\\\/\\\/kibrisdakik.com\\\/wp-content\\\/uploads\\\/2025\\\/08\\\/1756063754_deprem-1475396-740x420.jpg\",\"datePublished\":\"2025-10-10T03:46:10+00:00\",\"author\":{\"@id\":\"https:\\\/\\\/kibrisdakik.com\\\/#\\\/schema\\\/person\\\/9cd9d437bbb44f72b73ba127e06d8e79\"},\"breadcrumb\":{\"@id\":\"https:\\\/\\\/kibrisdakik.com\\\/?p=95279#breadcrumb\"},\"inLanguage\":\"tr\",\"potentialAction\":[{\"@type\":\"ReadAction\",\"target\":[\"https:\\\/\\\/kibrisdakik.com\\\/?p=95279\"]}]},{\"@type\":\"ImageObject\",\"inLanguage\":\"tr\",\"@id\":\"https:\\\/\\\/kibrisdakik.com\\\/?p=95279#primaryimage\",\"url\":\"https:\\\/\\\/kibrisdakik.com\\\/wp-content\\\/uploads\\\/2025\\\/08\\\/1756063754_deprem-1475396-740x420.jpg\",\"contentUrl\":\"https:\\\/\\\/kibrisdakik.com\\\/wp-content\\\/uploads\\\/2025\\\/08\\\/1756063754_deprem-1475396-740x420.jpg\",\"width\":1280,\"height\":720},{\"@type\":\"BreadcrumbList\",\"@id\":\"https:\\\/\\\/kibrisdakik.com\\\/?p=95279#breadcrumb\",\"itemListElement\":[{\"@type\":\"ListItem\",\"position\":1,\"name\":\"Home\",\"item\":\"https:\\\/\\\/kibrisdakik.com\\\/\"},{\"@type\":\"ListItem\",\"position\":2,\"name\":\"Filipinler&#039;de 7,4 b\u00fcy\u00fckl\u00fc\u011f\u00fcnde deprem\"}]},{\"@type\":\"WebSite\",\"@id\":\"https:\\\/\\\/kibrisdakik.com\\\/#website\",\"url\":\"https:\\\/\\\/kibrisdakik.com\\\/\",\"name\":\"\",\"description\":\"Tam vaktinde haber\",\"potentialAction\":[{\"@type\":\"SearchAction\",\"target\":{\"@type\":\"EntryPoint\",\"urlTemplate\":\"https:\\\/\\\/kibrisdakik.com\\\/?s={search_term_string}\"},\"query-input\":{\"@type\":\"PropertyValueSpecification\",\"valueRequired\":true,\"valueName\":\"search_term_string\"}}],\"inLanguage\":\"tr\"},{\"@type\":\"Person\",\"@id\":\"https:\\\/\\\/kibrisdakik.com\\\/#\\\/schema\\\/person\\\/9cd9d437bbb44f72b73ba127e06d8e79\",\"name\":\"admin\",\"image\":{\"@type\":\"ImageObject\",\"inLanguage\":\"tr\",\"@id\":\"https:\\\/\\\/secure.gravatar.com\\\/avatar\\\/ccc17943b9d660506c869530f897617f7cb1c21a4bf30023f252596d83e1f007?s=96&d=mm&r=g\",\"url\":\"https:\\\/\\\/secure.gravatar.com\\\/avatar\\\/ccc17943b9d660506c869530f897617f7cb1c21a4bf30023f252596d83e1f007?s=96&d=mm&r=g\",\"contentUrl\":\"https:\\\/\\\/secure.gravatar.com\\\/avatar\\\/ccc17943b9d660506c869530f897617f7cb1c21a4bf30023f252596d83e1f007?s=96&d=mm&r=g\",\"caption\":\"admin\"},\"sameAs\":[\"https:\\\/\\\/kibrisdakik.com\"],\"url\":\"https:\\\/\\\/kibrisdakik.com\\\/?author=1\"}]}<\/script>\n<!-- \/ Yoast SEO plugin. -->","yoast_head_json":{"title":"Filipinler&#039;de 7,4 b\u00fcy\u00fckl\u00fc\u011f\u00fcnde deprem -","robots":{"index":"index","follow":"follow","max-snippet":"max-snippet:-1","max-image-preview":"max-image-preview:large","max-video-preview":"max-video-preview:-1"},"canonical":"https:\/\/kibrisdakik.com\/?p=95279","og_locale":"tr_TR","og_type":"article","og_title":"Filipinler&#039;de 7,4 b\u00fcy\u00fckl\u00fc\u011f\u00fcnde deprem -","og_description":"Filipinler&#8217;de 7,4 b\u00fcy\u00fckl\u00fc\u011f\u00fcnde deprem meydana geldi. Avrupa-Akdeniz Sismoloji Merkezi, depremin yerin 62 kilometre derinli\u011finde ger\u00e7ekle\u015fti\u011fini duyurdu. Depremin ard\u0131ndan tsunami uyar\u0131s\u0131 yap\u0131ld\u0131. Dalgalar\u0131n depremin merkez \u00fcss\u00fcne 300 kilometre mesafedeki k\u0131y\u0131larda etkili olabilece\u011fi belirtildi. Filipinler Sismoloji Ajans\u0131, orta ve g\u00fcney Filipinler\u2019deki k\u0131y\u0131 kentlerinde ya\u015fayan halka derhal y\u00fcksek b\u00f6lgelere \u00e7\u0131kmalar\u0131 \u00e7a\u011fr\u0131s\u0131nda bulundu. Art\u00e7\u0131 sallant\u0131lara kar\u015f\u0131 dikkatli olunmas\u0131 uyar\u0131s\u0131","og_url":"https:\/\/kibrisdakik.com\/?p=95279","article_published_time":"2025-10-10T03:46:10+00:00","og_image":[{"width":1280,"height":720,"url":"https:\/\/kibrisdakik.com\/wp-content\/uploads\/2025\/08\/1756063754_deprem-1475396-740x420.jpg","type":"image\/jpeg"}],"author":"admin","twitter_card":"summary_large_image","twitter_misc":{"Yazan:":"admin","Tahmini okuma s\u00fcresi":"1 dakika"},"schema":{"@context":"https:\/\/schema.org","@graph":[{"@type":"Article","@id":"https:\/\/kibrisdakik.com\/?p=95279#article","isPartOf":{"@id":"https:\/\/kibrisdakik.com\/?p=95279"},"author":{"name":"admin","@id":"https:\/\/kibrisdakik.com\/#\/schema\/person\/9cd9d437bbb44f72b73ba127e06d8e79"},"headline":"Filipinler&#039;de 7,4 b\u00fcy\u00fckl\u00fc\u011f\u00fcnde deprem","datePublished":"2025-10-10T03:46:10+00:00","mainEntityOfPage":{"@id":"https:\/\/kibrisdakik.com\/?p=95279"},"wordCount":125,"commentCount":0,"image":{"@id":"https:\/\/kibrisdakik.com\/?p=95279#primaryimage"},"thumbnailUrl":"https:\/\/kibrisdakik.com\/wp-content\/uploads\/2025\/08\/1756063754_deprem-1475396-740x420.jpg","articleSection":["D\u00fcnya"],"inLanguage":"tr","potentialAction":[{"@type":"CommentAction","name":"Comment","target":["https:\/\/kibrisdakik.com\/?p=95279#respond"]}]},{"@type":"WebPage","@id":"https:\/\/kibrisdakik.com\/?p=95279","url":"https:\/\/kibrisdakik.com\/?p=95279","name":"Filipinler&#039;de 7,4 b\u00fcy\u00fckl\u00fc\u011f\u00fcnde deprem -","isPartOf":{"@id":"https:\/\/kibrisdakik.com\/#website"},"primaryImageOfPage":{"@id":"https:\/\/kibrisdakik.com\/?p=95279#primaryimage"},"image":{"@id":"https:\/\/kibrisdakik.com\/?p=95279#primaryimage"},"thumbnailUrl":"https:\/\/kibrisdakik.com\/wp-content\/uploads\/2025\/08\/1756063754_deprem-1475396-740x420.jpg","datePublished":"2025-10-10T03:46:10+00:00","author":{"@id":"https:\/\/kibrisdakik.com\/#\/schema\/person\/9cd9d437bbb44f72b73ba127e06d8e79"},"breadcrumb":{"@id":"https:\/\/kibrisdakik.com\/?p=95279#breadcrumb"},"inLanguage":"tr","potentialAction":[{"@type":"ReadAction","target":["https:\/\/kibrisdakik.com\/?p=95279"]}]},{"@type":"ImageObject","inLanguage":"tr","@id":"https:\/\/kibrisdakik.com\/?p=95279#primaryimage","url":"https:\/\/kibrisdakik.com\/wp-content\/uploads\/2025\/08\/1756063754_deprem-1475396-740x420.jpg","contentUrl":"https:\/\/kibrisdakik.com\/wp-content\/uploads\/2025\/08\/1756063754_deprem-1475396-740x420.jpg","width":1280,"height":720},{"@type":"BreadcrumbList","@id":"https:\/\/kibrisdakik.com\/?p=95279#breadcrumb","itemListElement":[{"@type":"ListItem","position":1,"name":"Home","item":"https:\/\/kibrisdakik.com\/"},{"@type":"ListItem","position":2,"name":"Filipinler&#039;de 7,4 b\u00fcy\u00fckl\u00fc\u011f\u00fcnde deprem"}]},{"@type":"WebSite","@id":"https:\/\/kibrisdakik.com\/#website","url":"https:\/\/kibrisdakik.com\/","name":"","description":"Tam vaktinde haber","potentialAction":[{"@type":"SearchAction","target":{"@type":"EntryPoint","urlTemplate":"https:\/\/kibrisdakik.com\/?s={search_term_string}"},"query-input":{"@type":"PropertyValueSpecification","valueRequired":true,"valueName":"search_term_string"}}],"inLanguage":"tr"},{"@type":"Person","@id":"https:\/\/kibrisdakik.com\/#\/schema\/person\/9cd9d437bbb44f72b73ba127e06d8e79","name":"admin","image":{"@type":"ImageObject","inLanguage":"tr","@id":"https:\/\/secure.gravatar.com\/avatar\/ccc17943b9d660506c869530f897617f7cb1c21a4bf30023f252596d83e1f007?s=96&d=mm&r=g","url":"https:\/\/secure.gravatar.com\/avatar\/ccc17943b9d660506c869530f897617f7cb1c21a4bf30023f252596d83e1f007?s=96&d=mm&r=g","contentUrl":"https:\/\/secure.gravatar.com\/avatar\/ccc17943b9d660506c869530f897617f7cb1c21a4bf30023f252596d83e1f007?s=96&d=mm&r=g","caption":"admin"},"sameAs":["https:\/\/kibrisdakik.com"],"url":"https:\/\/kibrisdakik.com\/?author=1"}]}},"_links":{"self":[{"href":"https:\/\/kibrisdakik.com\/index.php?rest_route=\/wp\/v2\/posts\/95279","targetHints":{"allow":["GET"]}}],"collection":[{"href":"https:\/\/kibrisdakik.com\/index.php?rest_route=\/wp\/v2\/posts"}],"about":[{"href":"https:\/\/kibrisdakik.com\/index.php?rest_route=\/wp\/v2\/types\/post"}],"author":[{"embeddable":true,"href":"https:\/\/kibrisdakik.com\/index.php?rest_route=\/wp\/v2\/users\/1"}],"replies":[{"embeddable":true,"href":"https:\/\/kibrisdakik.com\/index.php?rest_route=%2Fwp%2Fv2%2Fcomments&post=95279"}],"version-history":[{"count":0,"href":"https:\/\/kibrisdakik.com\/index.php?rest_route=\/wp\/v2\/posts\/95279\/revisions"}],"wp:featuredmedia":[{"embeddable":true,"href":"https:\/\/kibrisdakik.com\/index.php?rest_route=\/wp\/v2\/media\/90331"}],"wp:attachment":[{"href":"https:\/\/kibrisdakik.com\/index.php?rest_route=%2Fwp%2Fv2%2Fmedia&parent=95279"}],"wp:term":[{"taxonomy":"category","embeddable":true,"href":"https:\/\/kibrisdakik.com\/index.php?rest_route=%2Fwp%2Fv2%2Fcategories&post=95279"},{"taxonomy":"post_tag","embeddable":true,"href":"https:\/\/kibrisdakik.com\/index.php?rest_route=%2Fwp%2Fv2%2Ftags&post=95279"}],"curies":[{"name":"wp","href":"https:\/\/api.w.org\/{rel}","templated":true}]}}