{"id":95305,"date":"2025-10-10T11:29:13","date_gmt":"2025-10-10T08:29:13","guid":{"rendered":"https:\/\/kibrisdakik.com\/index.php\/2025\/10\/10\/27nci-geleneksel-buyukkonuk-eko-gun-pazar-gunu\/"},"modified":"2025-10-10T11:29:13","modified_gmt":"2025-10-10T08:29:13","slug":"27nci-geleneksel-buyukkonuk-eko-gun-pazar-gunu","status":"publish","type":"post","link":"https:\/\/kibrisdakik.com\/?p=95305","title":{"rendered":"27\u2019NC\u0130 GELENEKSEL B\u00dcY\u00dcKKONUK EKO G\u00dcN PAZAR G\u00dcN\u00dc&#8230;"},"content":{"rendered":"<p><\/p>\n<div data-text-id=\"186127\" property=\"articleBody\">\n<p>Mehmet\u00e7ik B\u00fcy\u00fckkonuk Belediyesi taraf\u0131ndan d\u00fczenlenen 27. Geleneksel Eko G\u00fcn, pazar g\u00fcn\u00fc B\u00fcy\u00fckkonuk K\u00f6y Meydan\u0131&#8217;nda ger\u00e7ekle\u015ftirilecek.<\/p>\n<p>Belediye\u2019den yap\u0131lan a\u00e7\u0131klamaya g\u00f6re, sabah saatlerinde ba\u015flayacak keman dinletisi, kar\u015f\u0131lama g\u00f6sterileri, halk danslar\u0131 ekipleri ve konserler g\u00fcn boyu s\u00fcrecek.<\/p>\n<p>K\u00fclt\u00fcrel miras\u0131 ya\u015fatark gelecek nesiller aktarmak amac\u0131 ta\u015f\u0131yan Eko G\u00fcn kapsam\u0131nda yerel k\u00fclt\u00fcr ve gelenekleri yans\u0131tan etkinlikler ger\u00e7ekle\u015ftirilecek; yerli \u00fcreticilerin \u00fcr\u00fcnleri sat\u0131lacak, K\u0131br\u0131sl\u0131 sanat\u00e7\u0131lar sahne alacak, halk danslar\u0131 ve m\u00fczik performanslar\u0131 sergilenecek.<\/p>\n<p>Etkinlik boyunca ihtiya\u00e7 duyanlar\u0131n rahat\u00e7a alanda gezebilmesi amac\u0131yla \u00fccretsiz i\u00e7 ula\u015f\u0131m ara\u00e7lar\u0131 da hizmet verecek.<\/p>\n<p>HASDER i\u015f birli\u011fiyle g\u00fcn boyu d\u00fczenlenecek Markutti (tahta ka\u015f\u0131k oyunu), Topa\u00e7, Andrez\/\u00dc\u00e7 Ta\u015f gibi geleneksel K\u0131br\u0131s oyunlar\u0131 ile sandalye \u00f6r\u00fcc\u00fcl\u00fc\u011f\u00fc, sesta (sepet) \u00f6r\u00fcc\u00fcl\u00fc\u011f\u00fc ve dokuma at\u00f6lyeleri de etkinlikte yer alacak.<\/p>\n<p>Mehmet\u00e7ik B\u00fcy\u00fckkonuk Belediye Ba\u015fkan\u0131 Dr. Fatma \u00c7imen Tu\u011flu, etkinli\u011fin s\u0131radan bir etkinlik olmad\u0131\u011f\u0131n\u0131, k\u00fclt\u00fcre sahip \u00e7\u0131kman\u0131n, \u00fcretimi desteklemenin ve birlik ruhunu canl\u0131 tutman\u0131n en g\u00fc\u00e7l\u00fc arac\u0131 oldu\u011funu belirtti.<\/p>\n<\/p><\/div>\n","protected":false},"excerpt":{"rendered":"<p>Mehmet\u00e7ik B\u00fcy\u00fckkonuk Belediyesi taraf\u0131ndan d\u00fczenlenen 27. Geleneksel Eko G\u00fcn, pazar g\u00fcn\u00fc B\u00fcy\u00fckkonuk K\u00f6y Meydan\u0131&#8217;nda ger\u00e7ekle\u015ftirilecek. Belediye\u2019den yap\u0131lan a\u00e7\u0131klamaya g\u00f6re, sabah saatlerinde ba\u015flayacak keman dinletisi, kar\u015f\u0131lama g\u00f6sterileri, halk danslar\u0131 ekipleri ve konserler g\u00fcn boyu s\u00fcrecek. K\u00fclt\u00fcrel miras\u0131 ya\u015fatark gelecek nesiller aktarmak amac\u0131 ta\u015f\u0131yan Eko G\u00fcn kapsam\u0131nda yerel k\u00fclt\u00fcr ve gelenekleri yans\u0131tan etkinlikler ger\u00e7ekle\u015ftirilecek; yerli \u00fcreticilerin \u00fcr\u00fcnleri<\/p>\n","protected":false},"author":1,"featured_media":95306,"comment_status":"open","ping_status":"open","sticky":false,"template":"","format":"standard","meta":{"footnotes":""},"categories":[81],"tags":[],"class_list":["post-95305","post","type-post","status-publish","format-standard","has-post-thumbnail","hentry","category-kibris"],"yoast_head":"<!-- This site is optimized with the Yoast SEO plugin v27.4 - https:\/\/yoast.com\/product\/yoast-seo-wordpress\/ -->\n<title>27\u2019NC\u0130 GELENEKSEL B\u00dcY\u00dcKKONUK EKO G\u00dcN PAZAR G\u00dcN\u00dc... -<\/title>\n<meta name=\"robots\" content=\"index, follow, max-snippet:-1, max-image-preview:large, max-video-preview:-1\" \/>\n<link rel=\"canonical\" href=\"https:\/\/kibrisdakik.com\/?p=95305\" \/>\n<meta property=\"og:locale\" content=\"tr_TR\" \/>\n<meta property=\"og:type\" content=\"article\" \/>\n<meta property=\"og:title\" content=\"27\u2019NC\u0130 GELENEKSEL B\u00dcY\u00dcKKONUK EKO G\u00dcN PAZAR G\u00dcN\u00dc... -\" \/>\n<meta property=\"og:description\" content=\"Mehmet\u00e7ik B\u00fcy\u00fckkonuk Belediyesi taraf\u0131ndan d\u00fczenlenen 27. Geleneksel Eko G\u00fcn, pazar g\u00fcn\u00fc B\u00fcy\u00fckkonuk K\u00f6y Meydan\u0131&#8217;nda ger\u00e7ekle\u015ftirilecek. Belediye\u2019den yap\u0131lan a\u00e7\u0131klamaya g\u00f6re, sabah saatlerinde ba\u015flayacak keman dinletisi, kar\u015f\u0131lama g\u00f6sterileri, halk danslar\u0131 ekipleri ve konserler g\u00fcn boyu s\u00fcrecek. K\u00fclt\u00fcrel miras\u0131 ya\u015fatark gelecek nesiller aktarmak amac\u0131 ta\u015f\u0131yan Eko G\u00fcn kapsam\u0131nda yerel k\u00fclt\u00fcr ve gelenekleri yans\u0131tan etkinlikler ger\u00e7ekle\u015ftirilecek; yerli \u00fcreticilerin \u00fcr\u00fcnleri\" \/>\n<meta property=\"og:url\" content=\"https:\/\/kibrisdakik.com\/?p=95305\" \/>\n<meta property=\"article:published_time\" content=\"2025-10-10T08:29:13+00:00\" \/>\n<meta property=\"og:image\" content=\"https:\/\/kibrisdakik.com\/wp-content\/uploads\/2025\/10\/m-h-a-m-h-a-89.png\" \/>\n\t<meta property=\"og:image:width\" content=\"1280\" \/>\n\t<meta property=\"og:image:height\" content=\"720\" \/>\n\t<meta property=\"og:image:type\" content=\"image\/png\" \/>\n<meta name=\"author\" content=\"admin\" \/>\n<meta name=\"twitter:card\" content=\"summary_large_image\" \/>\n<meta name=\"twitter:label1\" content=\"Yazan:\" \/>\n\t<meta name=\"twitter:data1\" content=\"admin\" \/>\n\t<meta name=\"twitter:label2\" content=\"Tahmini okuma s\u00fcresi\" \/>\n\t<meta name=\"twitter:data2\" content=\"1 dakika\" \/>\n<script type=\"application\/ld+json\" class=\"yoast-schema-graph\">{\"@context\":\"https:\\\/\\\/schema.org\",\"@graph\":[{\"@type\":\"Article\",\"@id\":\"https:\\\/\\\/kibrisdakik.com\\\/?p=95305#article\",\"isPartOf\":{\"@id\":\"https:\\\/\\\/kibrisdakik.com\\\/?p=95305\"},\"author\":{\"name\":\"admin\",\"@id\":\"https:\\\/\\\/kibrisdakik.com\\\/#\\\/schema\\\/person\\\/9cd9d437bbb44f72b73ba127e06d8e79\"},\"headline\":\"27\u2019NC\u0130 GELENEKSEL B\u00dcY\u00dcKKONUK EKO G\u00dcN PAZAR G\u00dcN\u00dc&#8230;\",\"datePublished\":\"2025-10-10T08:29:13+00:00\",\"mainEntityOfPage\":{\"@id\":\"https:\\\/\\\/kibrisdakik.com\\\/?p=95305\"},\"wordCount\":218,\"commentCount\":0,\"image\":{\"@id\":\"https:\\\/\\\/kibrisdakik.com\\\/?p=95305#primaryimage\"},\"thumbnailUrl\":\"https:\\\/\\\/kibrisdakik.com\\\/wp-content\\\/uploads\\\/2025\\\/10\\\/m-h-a-m-h-a-89.png\",\"articleSection\":[\"K\u0131br\u0131s\"],\"inLanguage\":\"tr\",\"potentialAction\":[{\"@type\":\"CommentAction\",\"name\":\"Comment\",\"target\":[\"https:\\\/\\\/kibrisdakik.com\\\/?p=95305#respond\"]}]},{\"@type\":\"WebPage\",\"@id\":\"https:\\\/\\\/kibrisdakik.com\\\/?p=95305\",\"url\":\"https:\\\/\\\/kibrisdakik.com\\\/?p=95305\",\"name\":\"27\u2019NC\u0130 GELENEKSEL B\u00dcY\u00dcKKONUK EKO G\u00dcN PAZAR G\u00dcN\u00dc... -\",\"isPartOf\":{\"@id\":\"https:\\\/\\\/kibrisdakik.com\\\/#website\"},\"primaryImageOfPage\":{\"@id\":\"https:\\\/\\\/kibrisdakik.com\\\/?p=95305#primaryimage\"},\"image\":{\"@id\":\"https:\\\/\\\/kibrisdakik.com\\\/?p=95305#primaryimage\"},\"thumbnailUrl\":\"https:\\\/\\\/kibrisdakik.com\\\/wp-content\\\/uploads\\\/2025\\\/10\\\/m-h-a-m-h-a-89.png\",\"datePublished\":\"2025-10-10T08:29:13+00:00\",\"author\":{\"@id\":\"https:\\\/\\\/kibrisdakik.com\\\/#\\\/schema\\\/person\\\/9cd9d437bbb44f72b73ba127e06d8e79\"},\"breadcrumb\":{\"@id\":\"https:\\\/\\\/kibrisdakik.com\\\/?p=95305#breadcrumb\"},\"inLanguage\":\"tr\",\"potentialAction\":[{\"@type\":\"ReadAction\",\"target\":[\"https:\\\/\\\/kibrisdakik.com\\\/?p=95305\"]}]},{\"@type\":\"ImageObject\",\"inLanguage\":\"tr\",\"@id\":\"https:\\\/\\\/kibrisdakik.com\\\/?p=95305#primaryimage\",\"url\":\"https:\\\/\\\/kibrisdakik.com\\\/wp-content\\\/uploads\\\/2025\\\/10\\\/m-h-a-m-h-a-89.png\",\"contentUrl\":\"https:\\\/\\\/kibrisdakik.com\\\/wp-content\\\/uploads\\\/2025\\\/10\\\/m-h-a-m-h-a-89.png\",\"width\":1280,\"height\":720},{\"@type\":\"BreadcrumbList\",\"@id\":\"https:\\\/\\\/kibrisdakik.com\\\/?p=95305#breadcrumb\",\"itemListElement\":[{\"@type\":\"ListItem\",\"position\":1,\"name\":\"Home\",\"item\":\"https:\\\/\\\/kibrisdakik.com\\\/\"},{\"@type\":\"ListItem\",\"position\":2,\"name\":\"27\u2019NC\u0130 GELENEKSEL B\u00dcY\u00dcKKONUK EKO G\u00dcN PAZAR G\u00dcN\u00dc&#8230;\"}]},{\"@type\":\"WebSite\",\"@id\":\"https:\\\/\\\/kibrisdakik.com\\\/#website\",\"url\":\"https:\\\/\\\/kibrisdakik.com\\\/\",\"name\":\"\",\"description\":\"Tam vaktinde haber\",\"potentialAction\":[{\"@type\":\"SearchAction\",\"target\":{\"@type\":\"EntryPoint\",\"urlTemplate\":\"https:\\\/\\\/kibrisdakik.com\\\/?s={search_term_string}\"},\"query-input\":{\"@type\":\"PropertyValueSpecification\",\"valueRequired\":true,\"valueName\":\"search_term_string\"}}],\"inLanguage\":\"tr\"},{\"@type\":\"Person\",\"@id\":\"https:\\\/\\\/kibrisdakik.com\\\/#\\\/schema\\\/person\\\/9cd9d437bbb44f72b73ba127e06d8e79\",\"name\":\"admin\",\"image\":{\"@type\":\"ImageObject\",\"inLanguage\":\"tr\",\"@id\":\"https:\\\/\\\/secure.gravatar.com\\\/avatar\\\/ccc17943b9d660506c869530f897617f7cb1c21a4bf30023f252596d83e1f007?s=96&d=mm&r=g\",\"url\":\"https:\\\/\\\/secure.gravatar.com\\\/avatar\\\/ccc17943b9d660506c869530f897617f7cb1c21a4bf30023f252596d83e1f007?s=96&d=mm&r=g\",\"contentUrl\":\"https:\\\/\\\/secure.gravatar.com\\\/avatar\\\/ccc17943b9d660506c869530f897617f7cb1c21a4bf30023f252596d83e1f007?s=96&d=mm&r=g\",\"caption\":\"admin\"},\"sameAs\":[\"https:\\\/\\\/kibrisdakik.com\"],\"url\":\"https:\\\/\\\/kibrisdakik.com\\\/?author=1\"}]}<\/script>\n<!-- \/ Yoast SEO plugin. -->","yoast_head_json":{"title":"27\u2019NC\u0130 GELENEKSEL B\u00dcY\u00dcKKONUK EKO G\u00dcN PAZAR G\u00dcN\u00dc... -","robots":{"index":"index","follow":"follow","max-snippet":"max-snippet:-1","max-image-preview":"max-image-preview:large","max-video-preview":"max-video-preview:-1"},"canonical":"https:\/\/kibrisdakik.com\/?p=95305","og_locale":"tr_TR","og_type":"article","og_title":"27\u2019NC\u0130 GELENEKSEL B\u00dcY\u00dcKKONUK EKO G\u00dcN PAZAR G\u00dcN\u00dc... -","og_description":"Mehmet\u00e7ik B\u00fcy\u00fckkonuk Belediyesi taraf\u0131ndan d\u00fczenlenen 27. Geleneksel Eko G\u00fcn, pazar g\u00fcn\u00fc B\u00fcy\u00fckkonuk K\u00f6y Meydan\u0131&#8217;nda ger\u00e7ekle\u015ftirilecek. Belediye\u2019den yap\u0131lan a\u00e7\u0131klamaya g\u00f6re, sabah saatlerinde ba\u015flayacak keman dinletisi, kar\u015f\u0131lama g\u00f6sterileri, halk danslar\u0131 ekipleri ve konserler g\u00fcn boyu s\u00fcrecek. K\u00fclt\u00fcrel miras\u0131 ya\u015fatark gelecek nesiller aktarmak amac\u0131 ta\u015f\u0131yan Eko G\u00fcn kapsam\u0131nda yerel k\u00fclt\u00fcr ve gelenekleri yans\u0131tan etkinlikler ger\u00e7ekle\u015ftirilecek; yerli \u00fcreticilerin \u00fcr\u00fcnleri","og_url":"https:\/\/kibrisdakik.com\/?p=95305","article_published_time":"2025-10-10T08:29:13+00:00","og_image":[{"width":1280,"height":720,"url":"https:\/\/kibrisdakik.com\/wp-content\/uploads\/2025\/10\/m-h-a-m-h-a-89.png","type":"image\/png"}],"author":"admin","twitter_card":"summary_large_image","twitter_misc":{"Yazan:":"admin","Tahmini okuma s\u00fcresi":"1 dakika"},"schema":{"@context":"https:\/\/schema.org","@graph":[{"@type":"Article","@id":"https:\/\/kibrisdakik.com\/?p=95305#article","isPartOf":{"@id":"https:\/\/kibrisdakik.com\/?p=95305"},"author":{"name":"admin","@id":"https:\/\/kibrisdakik.com\/#\/schema\/person\/9cd9d437bbb44f72b73ba127e06d8e79"},"headline":"27\u2019NC\u0130 GELENEKSEL B\u00dcY\u00dcKKONUK EKO G\u00dcN PAZAR G\u00dcN\u00dc&#8230;","datePublished":"2025-10-10T08:29:13+00:00","mainEntityOfPage":{"@id":"https:\/\/kibrisdakik.com\/?p=95305"},"wordCount":218,"commentCount":0,"image":{"@id":"https:\/\/kibrisdakik.com\/?p=95305#primaryimage"},"thumbnailUrl":"https:\/\/kibrisdakik.com\/wp-content\/uploads\/2025\/10\/m-h-a-m-h-a-89.png","articleSection":["K\u0131br\u0131s"],"inLanguage":"tr","potentialAction":[{"@type":"CommentAction","name":"Comment","target":["https:\/\/kibrisdakik.com\/?p=95305#respond"]}]},{"@type":"WebPage","@id":"https:\/\/kibrisdakik.com\/?p=95305","url":"https:\/\/kibrisdakik.com\/?p=95305","name":"27\u2019NC\u0130 GELENEKSEL B\u00dcY\u00dcKKONUK EKO G\u00dcN PAZAR G\u00dcN\u00dc... -","isPartOf":{"@id":"https:\/\/kibrisdakik.com\/#website"},"primaryImageOfPage":{"@id":"https:\/\/kibrisdakik.com\/?p=95305#primaryimage"},"image":{"@id":"https:\/\/kibrisdakik.com\/?p=95305#primaryimage"},"thumbnailUrl":"https:\/\/kibrisdakik.com\/wp-content\/uploads\/2025\/10\/m-h-a-m-h-a-89.png","datePublished":"2025-10-10T08:29:13+00:00","author":{"@id":"https:\/\/kibrisdakik.com\/#\/schema\/person\/9cd9d437bbb44f72b73ba127e06d8e79"},"breadcrumb":{"@id":"https:\/\/kibrisdakik.com\/?p=95305#breadcrumb"},"inLanguage":"tr","potentialAction":[{"@type":"ReadAction","target":["https:\/\/kibrisdakik.com\/?p=95305"]}]},{"@type":"ImageObject","inLanguage":"tr","@id":"https:\/\/kibrisdakik.com\/?p=95305#primaryimage","url":"https:\/\/kibrisdakik.com\/wp-content\/uploads\/2025\/10\/m-h-a-m-h-a-89.png","contentUrl":"https:\/\/kibrisdakik.com\/wp-content\/uploads\/2025\/10\/m-h-a-m-h-a-89.png","width":1280,"height":720},{"@type":"BreadcrumbList","@id":"https:\/\/kibrisdakik.com\/?p=95305#breadcrumb","itemListElement":[{"@type":"ListItem","position":1,"name":"Home","item":"https:\/\/kibrisdakik.com\/"},{"@type":"ListItem","position":2,"name":"27\u2019NC\u0130 GELENEKSEL B\u00dcY\u00dcKKONUK EKO G\u00dcN PAZAR G\u00dcN\u00dc&#8230;"}]},{"@type":"WebSite","@id":"https:\/\/kibrisdakik.com\/#website","url":"https:\/\/kibrisdakik.com\/","name":"","description":"Tam vaktinde haber","potentialAction":[{"@type":"SearchAction","target":{"@type":"EntryPoint","urlTemplate":"https:\/\/kibrisdakik.com\/?s={search_term_string}"},"query-input":{"@type":"PropertyValueSpecification","valueRequired":true,"valueName":"search_term_string"}}],"inLanguage":"tr"},{"@type":"Person","@id":"https:\/\/kibrisdakik.com\/#\/schema\/person\/9cd9d437bbb44f72b73ba127e06d8e79","name":"admin","image":{"@type":"ImageObject","inLanguage":"tr","@id":"https:\/\/secure.gravatar.com\/avatar\/ccc17943b9d660506c869530f897617f7cb1c21a4bf30023f252596d83e1f007?s=96&d=mm&r=g","url":"https:\/\/secure.gravatar.com\/avatar\/ccc17943b9d660506c869530f897617f7cb1c21a4bf30023f252596d83e1f007?s=96&d=mm&r=g","contentUrl":"https:\/\/secure.gravatar.com\/avatar\/ccc17943b9d660506c869530f897617f7cb1c21a4bf30023f252596d83e1f007?s=96&d=mm&r=g","caption":"admin"},"sameAs":["https:\/\/kibrisdakik.com"],"url":"https:\/\/kibrisdakik.com\/?author=1"}]}},"_links":{"self":[{"href":"https:\/\/kibrisdakik.com\/index.php?rest_route=\/wp\/v2\/posts\/95305","targetHints":{"allow":["GET"]}}],"collection":[{"href":"https:\/\/kibrisdakik.com\/index.php?rest_route=\/wp\/v2\/posts"}],"about":[{"href":"https:\/\/kibrisdakik.com\/index.php?rest_route=\/wp\/v2\/types\/post"}],"author":[{"embeddable":true,"href":"https:\/\/kibrisdakik.com\/index.php?rest_route=\/wp\/v2\/users\/1"}],"replies":[{"embeddable":true,"href":"https:\/\/kibrisdakik.com\/index.php?rest_route=%2Fwp%2Fv2%2Fcomments&post=95305"}],"version-history":[{"count":0,"href":"https:\/\/kibrisdakik.com\/index.php?rest_route=\/wp\/v2\/posts\/95305\/revisions"}],"wp:featuredmedia":[{"embeddable":true,"href":"https:\/\/kibrisdakik.com\/index.php?rest_route=\/wp\/v2\/media\/95306"}],"wp:attachment":[{"href":"https:\/\/kibrisdakik.com\/index.php?rest_route=%2Fwp%2Fv2%2Fmedia&parent=95305"}],"wp:term":[{"taxonomy":"category","embeddable":true,"href":"https:\/\/kibrisdakik.com\/index.php?rest_route=%2Fwp%2Fv2%2Fcategories&post=95305"},{"taxonomy":"post_tag","embeddable":true,"href":"https:\/\/kibrisdakik.com\/index.php?rest_route=%2Fwp%2Fv2%2Ftags&post=95305"}],"curies":[{"name":"wp","href":"https:\/\/api.w.org\/{rel}","templated":true}]}}