{"id":9531,"date":"2023-06-28T12:30:31","date_gmt":"2023-06-28T12:30:31","guid":{"rendered":"https:\/\/kibrisdakik.com\/index.php\/2023\/06\/28\/tatar-uluslararasi-diplomatik-girisimlerde-artik-egemenlik-temelinde-esit-hak-ve-hukukun-teyidiyle-bir-muzakere-surecine-gecilebilecek\/"},"modified":"2023-06-28T12:30:31","modified_gmt":"2023-06-28T12:30:31","slug":"tatar-uluslararasi-diplomatik-girisimlerde-artik-egemenlik-temelinde-esit-hak-ve-hukukun-teyidiyle-bir-muzakere-surecine-gecilebilecek","status":"publish","type":"post","link":"https:\/\/kibrisdakik.com\/?p=9531","title":{"rendered":"Tatar: Uluslararas\u0131 diplomatik giri\u015fimlerde art\u0131k egemenlik temelinde, e\u015fit, hak ve hukukun teyidiyle bir m\u00fczakere s\u00fcrecine ge\u00e7ilebilecek"},"content":{"rendered":"<p><\/p>\n<div>\n<div class=\"mariselle-image-container center\">\n                <img width=\"1024\" height=\"682\" class=\"lazy-image\" alt=\"\" decoding=\"async\" loading=\"lazy\" sizes=\"auto, (max-width: 1024px) 100vw, 1024px\" src=\"https:\/\/brtk.net\/wp-content\/uploads\/2023\/06\/28\/siyasi-partiler-basin-aciklamasi-1-ero-1--1024x682.jpg?ver=2636186aa9dc2a1e0bf90ef044ca3de6\" srcset=\"https:\/\/brtk.net\/wp-content\/uploads\/2023\/06\/28\/siyasi-partiler-basin-aciklamasi-1-ero-1--1024x682.jpg?ver=62e6c5271dc47a836567dc149f49beb3 1024w, https:\/\/brtk.net\/wp-content\/uploads\/2023\/06\/28\/siyasi-partiler-basin-aciklamasi-1-ero-1--300x200.jpg?ver=62e6c5271dc47a836567dc149f49beb3 300w, https:\/\/brtk.net\/wp-content\/uploads\/2023\/06\/28\/siyasi-partiler-basin-aciklamasi-1-ero-1--768x512.jpg?ver=62e6c5271dc47a836567dc149f49beb3 768w, https:\/\/brtk.net\/wp-content\/uploads\/2023\/06\/28\/siyasi-partiler-basin-aciklamasi-1-ero-1--1536x1023.jpg?ver=515285ec3a1b5302691420738aff1b4a 1536w, https:\/\/brtk.net\/wp-content\/uploads\/2023\/06\/28\/siyasi-partiler-basin-aciklamasi-1-ero-1-.jpg?ver=2636186aa9dc2a1e0bf90ef044ca3de6 1654w\"\/>                            <\/div>\n<p>Cumhurba\u015fkan\u0131 <a href=\"https:\/\/brtk.net\/\" target=\"_blank\" rel=\"noopener\"><a href=\"https:\/\/brtk.net\/\" target=\"_blank\" rel=\"noopener\"><a href=\"https:\/\/brtk.net\/\" target=\"_blank\" rel=\"noopener\"><a href=\"https:\/\/brtk.net\/\" target=\"_blank\" rel=\"noopener\"><a href=\"https:\/\/brtk.net\/\" target=\"_blank\" rel=\"noopener\"><a href=\"https:\/\/brtk.net\/\" target=\"_blank\" rel=\"noopener\"><a href=\"https:\/\/brtk.net\/\" target=\"_blank\" rel=\"noopener\">Ersin <\/a><a href=\"https:\/\/brtk.net\/\"\/><a href=\"https:\/\/brtk.net\/\"\/><a href=\"https:\/\/brtk.net\/\"\/><a href=\"https:\/\/brtk.net\/\"\/><a href=\"https:\/\/brtk.net\/\"\/><a href=\"https:\/\/brtk.net\/\"\/><a href=\"https:\/\/brtk.net\/\"\/><a href=\"https:\/\/brtk.net\/\"\/><a href=\"https:\/\/brtk.net\/\"\/><a href=\"https:\/\/brtk.net\/\"\/><a href=\"https:\/\/brtk.net\/\"\/><a href=\"https:\/\/brtk.net\/\"\/><a href=\"https:\/\/brtk.net\/\"\/><a href=\"https:\/\/brtk.net\/\"\/><a href=\"https:\/\/brtk.net\/\"\/><a href=\"https:\/\/brtk.net\/\">Tatar<\/a>, uluslararas\u0131 diplomatik giri\u015fimlerde art\u0131k egemenlik temelinde, e\u015fit, hak ve hukukun teyidiyle bir m\u00fczakere s\u00fcrecine ge\u00e7ilebilece\u011fini ifade ederek, <a href=\"https:\/\/brtk.net\/\"\/><a href=\"https:\/\/brtk.net\/\"\/><a href=\"https:\/\/brtk.net\/\"\/><a href=\"https:\/\/brtk.net\/\"\/><a href=\"https:\/\/brtk.net\/\"\/><a href=\"https:\/\/brtk.net\/\"\/><a href=\"https:\/\/brtk.net\/\"\/><a href=\"https:\/\/brtk.net\/\">KKTC<\/a>\u2019nin g\u00fc\u00e7lenmesi, K\u0131br\u0131s T\u00fcrk halk\u0131n\u0131n hak etti\u011fi refah\u0131 bulabilmesi ve m\u00fcreffeh yar\u0131nlar\u0131 yakalayabilmesi i\u00e7in var g\u00fc\u00e7leriyle \u00e7al\u0131\u015facaklar\u0131n\u0131 s\u00f6yledi.<\/p>\n<p>Cumhurba\u015fkan\u0131 <a href=\"https:\/\/brtk.net\/\" target=\"_blank\" rel=\"noopener\"><a href=\"https:\/\/brtk.net\/\" target=\"_blank\" rel=\"noopener\"><a href=\"https:\/\/brtk.net\/\" target=\"_blank\" rel=\"noopener\"><a href=\"https:\/\/brtk.net\/\" target=\"_blank\" rel=\"noopener\"><a href=\"https:\/\/brtk.net\/\" target=\"_blank\" rel=\"noopener\"><a href=\"https:\/\/brtk.net\/\" target=\"_blank\" rel=\"noopener\"><a href=\"https:\/\/brtk.net\/\" target=\"_blank\" rel=\"noopener\">Ersin <\/a><a href=\"https:\/\/brtk.net\/\"\/><a href=\"https:\/\/brtk.net\/\"\/><a href=\"https:\/\/brtk.net\/\"\/><a href=\"https:\/\/brtk.net\/\"\/><a href=\"https:\/\/brtk.net\/\"\/><a href=\"https:\/\/brtk.net\/\"\/><a href=\"https:\/\/brtk.net\/\"\/><a href=\"https:\/\/brtk.net\/\"\/><a href=\"https:\/\/brtk.net\/\"\/><a href=\"https:\/\/brtk.net\/\"\/><a href=\"https:\/\/brtk.net\/\"\/><a href=\"https:\/\/brtk.net\/\"\/><a href=\"https:\/\/brtk.net\/\"\/><a href=\"https:\/\/brtk.net\/\"\/><a href=\"https:\/\/brtk.net\/\"\/><a href=\"https:\/\/brtk.net\/\">Tatar<\/a> bayramla\u015fma \u00f6ncesinde bas\u0131na yapt\u0131\u011f\u0131 a\u00e7\u0131klamada, halk\u0131n, Anavatan T\u00fcrkiye\u2019deki karde\u015flerinin ve t\u00fcm \u0130slam aleminin Kurban Bayram\u0131\u2019n\u0131 kutlad\u0131. Herkese, huzur, sa\u011fl\u0131k, s\u0131hhat ve g\u00fczellikler dileyen Cumhurba\u015fkan\u0131 <a href=\"https:\/\/brtk.net\/\"\/><a href=\"https:\/\/brtk.net\/\"\/><a href=\"https:\/\/brtk.net\/\"\/><a href=\"https:\/\/brtk.net\/\"\/><a href=\"https:\/\/brtk.net\/\"\/><a href=\"https:\/\/brtk.net\/\"\/><a href=\"https:\/\/brtk.net\/\"\/><a href=\"https:\/\/brtk.net\/\"\/><a href=\"https:\/\/brtk.net\/\"\/><a href=\"https:\/\/brtk.net\/\"\/><a href=\"https:\/\/brtk.net\/\"\/><a href=\"https:\/\/brtk.net\/\"\/><a href=\"https:\/\/brtk.net\/\"\/><a href=\"https:\/\/brtk.net\/\"\/><a href=\"https:\/\/brtk.net\/\"\/><a href=\"https:\/\/brtk.net\/\">Tatar<\/a>, K\u0131br\u0131s T\u00fcrk halk\u0131n\u0131n eski bayramlar\u0131na de\u011findi.<\/p>\n<p><strong>-Toplumsal ba\u011fl\u0131l\u0131\u011f\u0131 s\u00fcrd\u00fcrebilmek \u00f6nemli<\/strong><\/p>\n<p>Evrensel de\u011ferlerin de\u011fi\u015fmesiyle eski bayramlar\u0131n ya\u015fanmad\u0131\u011f\u0131n\u0131, akrabal\u0131k ili\u015fkilerinin de\u011fi\u015fti\u011fini ifade eden Cumhurba\u015fkan\u0131 <a href=\"https:\/\/brtk.net\/\"\/><a href=\"https:\/\/brtk.net\/\"\/><a href=\"https:\/\/brtk.net\/\"\/><a href=\"https:\/\/brtk.net\/\"\/><a href=\"https:\/\/brtk.net\/\"\/><a href=\"https:\/\/brtk.net\/\"\/><a href=\"https:\/\/brtk.net\/\"\/><a href=\"https:\/\/brtk.net\/\"\/><a href=\"https:\/\/brtk.net\/\"\/><a href=\"https:\/\/brtk.net\/\"\/><a href=\"https:\/\/brtk.net\/\"\/><a href=\"https:\/\/brtk.net\/\"\/><a href=\"https:\/\/brtk.net\/\"\/><a href=\"https:\/\/brtk.net\/\"\/><a href=\"https:\/\/brtk.net\/\"\/><a href=\"https:\/\/brtk.net\/\">Tatar<\/a>, K\u0131br\u0131s T\u00fcrk halk\u0131n\u0131n birlik ve beraberli\u011fini, yak\u0131n dostluk ili\u015fkilerini, toplumsal ba\u011fl\u0131l\u0131\u011f\u0131 s\u00fcrd\u00fcrebilmesinin \u00f6nemine i\u015faret etti.<\/p>\n<p>\u00d6zellikle bayramlarda k\u00fcsl\u00fcklerin unutulmas\u0131, ho\u015fg\u00f6r\u00fc, muhabbet ve sevginin payla\u015f\u0131lmas\u0131na gayret edilmesi gerekti\u011fini vurgulayan Cumhurba\u015fkan\u0131 <a href=\"https:\/\/brtk.net\/\"\/><a href=\"https:\/\/brtk.net\/\"\/><a href=\"https:\/\/brtk.net\/\"\/><a href=\"https:\/\/brtk.net\/\"\/><a href=\"https:\/\/brtk.net\/\"\/><a href=\"https:\/\/brtk.net\/\"\/><a href=\"https:\/\/brtk.net\/\"\/><a href=\"https:\/\/brtk.net\/\"\/><a href=\"https:\/\/brtk.net\/\"\/><a href=\"https:\/\/brtk.net\/\"\/><a href=\"https:\/\/brtk.net\/\"\/><a href=\"https:\/\/brtk.net\/\"\/><a href=\"https:\/\/brtk.net\/\"\/><a href=\"https:\/\/brtk.net\/\"\/><a href=\"https:\/\/brtk.net\/\"\/><a href=\"https:\/\/brtk.net\/\">Tatar<\/a>, 6 \u015eubat depreminde hayatlar\u0131n\u0131 kaybedenler, \u015eampiyon Meleklerimiz, Anavatan T\u00fcrkiye Cumhuriyeti\u2019ndeki on binlerce insana Allah\u2019tan rahmet, ailelerine sab\u0131r ve ba\u015fsa\u011fl\u0131\u011f\u0131 diledi.<\/p>\n<p>Cumhurba\u015fkan\u0131 <a href=\"https:\/\/brtk.net\/\" target=\"_blank\" rel=\"noopener\"><a href=\"https:\/\/brtk.net\/\" target=\"_blank\" rel=\"noopener\"><a href=\"https:\/\/brtk.net\/\" target=\"_blank\" rel=\"noopener\"><a href=\"https:\/\/brtk.net\/\" target=\"_blank\" rel=\"noopener\"><a href=\"https:\/\/brtk.net\/\" target=\"_blank\" rel=\"noopener\"><a href=\"https:\/\/brtk.net\/\" target=\"_blank\" rel=\"noopener\"><a href=\"https:\/\/brtk.net\/\" target=\"_blank\" rel=\"noopener\">Ersin <\/a><a href=\"https:\/\/brtk.net\/\"\/><a href=\"https:\/\/brtk.net\/\"\/><a href=\"https:\/\/brtk.net\/\"\/><a href=\"https:\/\/brtk.net\/\"\/><a href=\"https:\/\/brtk.net\/\"\/><a href=\"https:\/\/brtk.net\/\"\/><a href=\"https:\/\/brtk.net\/\"\/><a href=\"https:\/\/brtk.net\/\"\/><a href=\"https:\/\/brtk.net\/\"\/><a href=\"https:\/\/brtk.net\/\"\/><a href=\"https:\/\/brtk.net\/\"\/><a href=\"https:\/\/brtk.net\/\"\/><a href=\"https:\/\/brtk.net\/\"\/><a href=\"https:\/\/brtk.net\/\"\/><a href=\"https:\/\/brtk.net\/\"\/><a href=\"https:\/\/brtk.net\/\">Tatar<\/a>, bu olay\u0131n, bu ac\u0131n\u0131n unutulmas\u0131n\u0131n m\u00fcmk\u00fcn olmad\u0131\u011f\u0131n\u0131 belirterek, gen\u00e7 bir vatanda\u015f\u0131n d\u00fcn aniden rahats\u0131zlanarak hayat\u0131n\u0131 kaybetmesinden duydu\u011fu \u00fcz\u00fcnt\u00fcy\u00fc de dile getirerek, hayat\u0131n ac\u0131s\u0131 ve g\u00fczellikleriyle devam etti\u011fini s\u00f6yledi.<\/p>\n<p>Cumhurba\u015fkan\u0131 <a href=\"https:\/\/brtk.net\/\"\/><a href=\"https:\/\/brtk.net\/\"\/><a href=\"https:\/\/brtk.net\/\"\/><a href=\"https:\/\/brtk.net\/\"\/><a href=\"https:\/\/brtk.net\/\"\/><a href=\"https:\/\/brtk.net\/\"\/><a href=\"https:\/\/brtk.net\/\"\/><a href=\"https:\/\/brtk.net\/\"\/><a href=\"https:\/\/brtk.net\/\"\/><a href=\"https:\/\/brtk.net\/\"\/><a href=\"https:\/\/brtk.net\/\"\/><a href=\"https:\/\/brtk.net\/\"\/><a href=\"https:\/\/brtk.net\/\"\/><a href=\"https:\/\/brtk.net\/\"\/><a href=\"https:\/\/brtk.net\/\"\/><a href=\"https:\/\/brtk.net\/\">Tatar<\/a>, Kuzey K\u0131br\u0131s\u2019ta b\u00fcy\u00fck bir m\u00fccadele i\u00e7inde olundu\u011funa i\u015faret ederek, TC Cumhurba\u015fkan\u0131 Recep Tayyip Erdo\u011fan\u2019\u0131n yeniden se\u00e7ilmesi ar\u0131ndan \u00fclkeyi ziyaretine de\u011findi.<\/p>\n<p><strong>\u2013 <a href=\"https:\/\/brtk.net\/\"\/><a href=\"https:\/\/brtk.net\/\"\/><a href=\"https:\/\/brtk.net\/\"\/><a href=\"https:\/\/brtk.net\/\"\/><a href=\"https:\/\/brtk.net\/\"\/><a href=\"https:\/\/brtk.net\/\"\/><a href=\"https:\/\/brtk.net\/\"\/><a href=\"https:\/\/brtk.net\/\">KKTC<\/a> bu co\u011frafyada Do\u011fu Akdeniz ve mavi vatanda sonuna kadar T\u00fcrkiye Cumhuriyeti taraf\u0131ndan sahiplenilecek<\/strong><\/p>\n<p>TC Cumhurba\u015fkan\u0131 Recep Tayyip Erdo\u011fan\u2019\u0131n <a href=\"https:\/\/brtk.net\/\"\/><a href=\"https:\/\/brtk.net\/\"\/><a href=\"https:\/\/brtk.net\/\"\/><a href=\"https:\/\/brtk.net\/\"\/><a href=\"https:\/\/brtk.net\/\"\/><a href=\"https:\/\/brtk.net\/\"\/><a href=\"https:\/\/brtk.net\/\"\/><a href=\"https:\/\/brtk.net\/\">KKTC<\/a> ziyaretinde verdi\u011fi mesajda K\u0131br\u0131s T\u00fcrk halk\u0131n\u0131n yaln\u0131z olmad\u0131\u011f\u0131na dikkat \u00e7eken Cumhurba\u015fkan\u0131 <a href=\"https:\/\/brtk.net\/\"\/><a href=\"https:\/\/brtk.net\/\"\/><a href=\"https:\/\/brtk.net\/\"\/><a href=\"https:\/\/brtk.net\/\"\/><a href=\"https:\/\/brtk.net\/\"\/><a href=\"https:\/\/brtk.net\/\"\/><a href=\"https:\/\/brtk.net\/\"\/><a href=\"https:\/\/brtk.net\/\"\/><a href=\"https:\/\/brtk.net\/\"\/><a href=\"https:\/\/brtk.net\/\"\/><a href=\"https:\/\/brtk.net\/\"\/><a href=\"https:\/\/brtk.net\/\"\/><a href=\"https:\/\/brtk.net\/\"\/><a href=\"https:\/\/brtk.net\/\"\/><a href=\"https:\/\/brtk.net\/\"\/><a href=\"https:\/\/brtk.net\/\">Tatar<\/a>, <a href=\"https:\/\/brtk.net\/\"\/><a href=\"https:\/\/brtk.net\/\"\/><a href=\"https:\/\/brtk.net\/\"\/><a href=\"https:\/\/brtk.net\/\"\/><a href=\"https:\/\/brtk.net\/\"\/><a href=\"https:\/\/brtk.net\/\"\/><a href=\"https:\/\/brtk.net\/\"\/><a href=\"https:\/\/brtk.net\/\">KKTC<\/a>\u2019nin bu co\u011frafyada Do\u011fu Akdeniz ve mavi vatanda sonuna kadar T\u00fcrkiye Cumhuriyeti taraf\u0131ndan sahiplenilece\u011fini vurgulad\u0131.<\/p>\n<p>Uluslararas\u0131 diplomatik giri\u015fimlerde art\u0131k egemenlik temelinde, e\u015fit, hak ve hukukun teyidiyle bir m\u00fczakere s\u00fcrecine ge\u00e7ilebilece\u011fini ifade eden Cumhurba\u015fkan\u0131 <a href=\"https:\/\/brtk.net\/\"\/><a href=\"https:\/\/brtk.net\/\"\/><a href=\"https:\/\/brtk.net\/\"\/><a href=\"https:\/\/brtk.net\/\"\/><a href=\"https:\/\/brtk.net\/\"\/><a href=\"https:\/\/brtk.net\/\"\/><a href=\"https:\/\/brtk.net\/\"\/><a href=\"https:\/\/brtk.net\/\"\/><a href=\"https:\/\/brtk.net\/\"\/><a href=\"https:\/\/brtk.net\/\"\/><a href=\"https:\/\/brtk.net\/\"\/><a href=\"https:\/\/brtk.net\/\"\/><a href=\"https:\/\/brtk.net\/\"\/><a href=\"https:\/\/brtk.net\/\"\/><a href=\"https:\/\/brtk.net\/\"\/><a href=\"https:\/\/brtk.net\/\">Tatar<\/a>, <a href=\"https:\/\/brtk.net\/\"\/><a href=\"https:\/\/brtk.net\/\"\/><a href=\"https:\/\/brtk.net\/\"\/><a href=\"https:\/\/brtk.net\/\"\/><a href=\"https:\/\/brtk.net\/\"\/><a href=\"https:\/\/brtk.net\/\"\/><a href=\"https:\/\/brtk.net\/\"\/><a href=\"https:\/\/brtk.net\/\">KKTC<\/a>\u2019nin g\u00fc\u00e7lenmesi, K\u0131br\u0131s T\u00fcrk halk\u0131n\u0131n hak etti\u011fi refah\u0131 bulabilmesi, m\u00fcreffeh yar\u0131nlar\u0131 yakalayabilmesi i\u00e7in var g\u00fc\u00e7leriyle \u00e7al\u0131\u015facaklar\u0131n\u0131 s\u00f6yledi.<\/p>\n<p>Bunun ger\u00e7ekle\u015febilmesi i\u00e7in b\u00fcy\u00fck projelere devam etmek ve bunlar\u0131 ger\u00e7ekle\u015ftirmek i\u00e7in \u00e7ok \u00f6nemli \u00e7al\u0131\u015fmalar yapacaklar\u0131na i\u015faret eden Cumhurba\u015fkan\u0131 <a href=\"https:\/\/brtk.net\/\" target=\"_blank\" rel=\"noopener\"><a href=\"https:\/\/brtk.net\/\" target=\"_blank\" rel=\"noopener\"><a href=\"https:\/\/brtk.net\/\" target=\"_blank\" rel=\"noopener\"><a href=\"https:\/\/brtk.net\/\" target=\"_blank\" rel=\"noopener\"><a href=\"https:\/\/brtk.net\/\" target=\"_blank\" rel=\"noopener\"><a href=\"https:\/\/brtk.net\/\" target=\"_blank\" rel=\"noopener\"><a href=\"https:\/\/brtk.net\/\" target=\"_blank\" rel=\"noopener\">Ersin <\/a><a href=\"https:\/\/brtk.net\/\"\/><a href=\"https:\/\/brtk.net\/\"\/><a href=\"https:\/\/brtk.net\/\"\/><a href=\"https:\/\/brtk.net\/\"\/><a href=\"https:\/\/brtk.net\/\"\/><a href=\"https:\/\/brtk.net\/\"\/><a href=\"https:\/\/brtk.net\/\"\/><a href=\"https:\/\/brtk.net\/\"\/><a href=\"https:\/\/brtk.net\/\"\/><a href=\"https:\/\/brtk.net\/\"\/><a href=\"https:\/\/brtk.net\/\"\/><a href=\"https:\/\/brtk.net\/\"\/><a href=\"https:\/\/brtk.net\/\"\/><a href=\"https:\/\/brtk.net\/\"\/><a href=\"https:\/\/brtk.net\/\"\/><a href=\"https:\/\/brtk.net\/\">Tatar<\/a>, TC Cumhurba\u015fkan\u0131 Yard\u0131mc\u0131s\u0131 Cevdet Y\u0131lmaz\u2019\u0131n da ziyaretiyle daha detayl\u0131 \u00e7al\u0131\u015fmalara b\u00fct\u00fcn projelerin y\u00fcr\u00fcrl\u00fckte oldu\u011funu s\u00f6yledi.<\/p>\n<p>Cumhurba\u015fkan\u0131 <a href=\"https:\/\/brtk.net\/\"\/><a href=\"https:\/\/brtk.net\/\"\/><a href=\"https:\/\/brtk.net\/\"\/><a href=\"https:\/\/brtk.net\/\"\/><a href=\"https:\/\/brtk.net\/\"\/><a href=\"https:\/\/brtk.net\/\"\/><a href=\"https:\/\/brtk.net\/\"\/><a href=\"https:\/\/brtk.net\/\"\/><a href=\"https:\/\/brtk.net\/\"\/><a href=\"https:\/\/brtk.net\/\"\/><a href=\"https:\/\/brtk.net\/\"\/><a href=\"https:\/\/brtk.net\/\"\/><a href=\"https:\/\/brtk.net\/\"\/><a href=\"https:\/\/brtk.net\/\"\/><a href=\"https:\/\/brtk.net\/\"\/><a href=\"https:\/\/brtk.net\/\">Tatar<\/a>, asr\u0131n projesi olarak nitelendirilen su projesinin hayat buldu\u011funu, \u015fimdi suyun tar\u0131msal faaliyetlerde kullan\u0131labilmesi i\u00e7in projelerin devam etti\u011fini, 20 Temmuz\u2019da yeni havaliman\u0131n a\u00e7\u0131lmas\u0131 i\u00e7in \u00e7al\u0131\u015f\u0131ld\u0131\u011f\u0131n\u0131, Ercan Havaliman\u0131 yeni terminal binas\u0131n\u0131n hayata girmesiyle \u015fu andaki kapasitesinin 6 kat\u0131 b\u00fcy\u00fckl\u00fc\u011f\u00fcnde yeni bir havaliman\u0131na ve \u015fu anda 2 milyon yolcuyu a\u011f\u0131rlayabiliyorken, bu say\u0131n\u0131n 10 milyona kadar \u00e7\u0131kabilece\u011fini anlatt\u0131.<\/p>\n<p>Havaliman\u0131n a\u00e7\u0131lmas\u0131yla <a href=\"https:\/\/brtk.net\/\"\/><a href=\"https:\/\/brtk.net\/\"\/><a href=\"https:\/\/brtk.net\/\"\/><a href=\"https:\/\/brtk.net\/\"\/><a href=\"https:\/\/brtk.net\/\"\/><a href=\"https:\/\/brtk.net\/\"\/><a href=\"https:\/\/brtk.net\/\"\/><a href=\"https:\/\/brtk.net\/\">KKTC<\/a> turizminin, ticareti ve ekonomisinin de geli\u015fece\u011fine inan\u00e7 belirten Cumhurba\u015fkan\u0131 <a href=\"https:\/\/brtk.net\/\" target=\"_blank\" rel=\"noopener\"><a href=\"https:\/\/brtk.net\/\" target=\"_blank\" rel=\"noopener\"><a href=\"https:\/\/brtk.net\/\" target=\"_blank\" rel=\"noopener\"><a href=\"https:\/\/brtk.net\/\" target=\"_blank\" rel=\"noopener\"><a href=\"https:\/\/brtk.net\/\" target=\"_blank\" rel=\"noopener\"><a href=\"https:\/\/brtk.net\/\" target=\"_blank\" rel=\"noopener\"><a href=\"https:\/\/brtk.net\/\" target=\"_blank\" rel=\"noopener\">Ersin <\/a><a href=\"https:\/\/brtk.net\/\"\/><a href=\"https:\/\/brtk.net\/\"\/><a href=\"https:\/\/brtk.net\/\"\/><a href=\"https:\/\/brtk.net\/\"\/><a href=\"https:\/\/brtk.net\/\"\/><a href=\"https:\/\/brtk.net\/\"\/><a href=\"https:\/\/brtk.net\/\"\/><a href=\"https:\/\/brtk.net\/\"\/><a href=\"https:\/\/brtk.net\/\"\/><a href=\"https:\/\/brtk.net\/\"\/><a href=\"https:\/\/brtk.net\/\"\/><a href=\"https:\/\/brtk.net\/\"\/><a href=\"https:\/\/brtk.net\/\"\/><a href=\"https:\/\/brtk.net\/\"\/><a href=\"https:\/\/brtk.net\/\"\/><a href=\"https:\/\/brtk.net\/\">Tatar<\/a>, s\u0131k\u0131nt\u0131lar\u0131n oldu\u011funu, d\u00f6viz kurur ve hayat pahal\u0131l\u0131\u011f\u0131na bak\u0131ld\u0131\u011f\u0131nda bunlar\u0131n a\u00e7\u0131k\u00e7a g\u00f6r\u00fcld\u00fc\u011f\u00fcne de\u011findi.<\/p>\n<p><strong>-\u201c3.5 y\u0131l varken b\u00fct\u00fcn \u00fclkeyi erken genel se\u00e7ime g\u00f6t\u00fcrmek do\u011fru olmayacakt\u0131\u201d<\/strong><\/p>\n<p>25 Haziran\u2019da yap\u0131lan ara se\u00e7im hakk\u0131nda da de\u011ferlendirmelerde bulunan Cumhurba\u015fkan\u0131 <a href=\"https:\/\/brtk.net\/\"\/><a href=\"https:\/\/brtk.net\/\"\/><a href=\"https:\/\/brtk.net\/\"\/><a href=\"https:\/\/brtk.net\/\"\/><a href=\"https:\/\/brtk.net\/\"\/><a href=\"https:\/\/brtk.net\/\"\/><a href=\"https:\/\/brtk.net\/\"\/><a href=\"https:\/\/brtk.net\/\"\/><a href=\"https:\/\/brtk.net\/\"\/><a href=\"https:\/\/brtk.net\/\"\/><a href=\"https:\/\/brtk.net\/\"\/><a href=\"https:\/\/brtk.net\/\"\/><a href=\"https:\/\/brtk.net\/\"\/><a href=\"https:\/\/brtk.net\/\"\/><a href=\"https:\/\/brtk.net\/\"\/><a href=\"https:\/\/brtk.net\/\">Tatar<\/a>, halk ve kendilerinin baz\u0131 mesajlar ald\u0131klar\u0131n\u0131, se\u00e7ime kat\u0131l\u0131m\u0131n d\u00fc\u015f\u00fck olmas\u0131n\u0131n siyaset kurumuna bir tepki olabilece\u011fini kaydetti.<\/p>\n<p>\u201cVatanda\u015flar\u0131n bir milletvekili i\u00e7in bizi sand\u0131klara ta\u015f\u0131yamazs\u0131n\u0131z\u201d dedi\u011fini ifade eden Cumhurba\u015fkan\u0131 <a href=\"https:\/\/brtk.net\/\" target=\"_blank\" rel=\"noopener\"><a href=\"https:\/\/brtk.net\/\" target=\"_blank\" rel=\"noopener\"><a href=\"https:\/\/brtk.net\/\" target=\"_blank\" rel=\"noopener\"><a href=\"https:\/\/brtk.net\/\" target=\"_blank\" rel=\"noopener\"><a href=\"https:\/\/brtk.net\/\" target=\"_blank\" rel=\"noopener\"><a href=\"https:\/\/brtk.net\/\" target=\"_blank\" rel=\"noopener\"><a href=\"https:\/\/brtk.net\/\" target=\"_blank\" rel=\"noopener\">Ersin <\/a><a href=\"https:\/\/brtk.net\/\"\/><a href=\"https:\/\/brtk.net\/\"\/><a href=\"https:\/\/brtk.net\/\"\/><a href=\"https:\/\/brtk.net\/\"\/><a href=\"https:\/\/brtk.net\/\"\/><a href=\"https:\/\/brtk.net\/\"\/><a href=\"https:\/\/brtk.net\/\"\/><a href=\"https:\/\/brtk.net\/\"\/><a href=\"https:\/\/brtk.net\/\"\/><a href=\"https:\/\/brtk.net\/\"\/><a href=\"https:\/\/brtk.net\/\"\/><a href=\"https:\/\/brtk.net\/\"\/><a href=\"https:\/\/brtk.net\/\"\/><a href=\"https:\/\/brtk.net\/\"\/><a href=\"https:\/\/brtk.net\/\"\/><a href=\"https:\/\/brtk.net\/\">Tatar<\/a>, <a href=\"https:\/\/brtk.net\/\"\/><a href=\"https:\/\/brtk.net\/\"\/><a href=\"https:\/\/brtk.net\/\"\/><a href=\"https:\/\/brtk.net\/\"\/><a href=\"https:\/\/brtk.net\/\"\/><a href=\"https:\/\/brtk.net\/\"\/><a href=\"https:\/\/brtk.net\/\"\/><a href=\"https:\/\/brtk.net\/\">KKTC<\/a> Anayasas\u0131\u2019na g\u00f6re, 1 y\u0131l i\u00e7inde erken genel se\u00e7im karar\u0131 al\u0131nmazsa bu ara se\u00e7imin yap\u0131lmas\u0131 gerekti\u011fini anlatt\u0131.<\/p>\n<p>Se\u00e7imden herkesin dersini ald\u0131\u011f\u0131n\u0131, meclisteki aritmeti\u011fe etkisi olmasa da se\u00e7imin Anayasa gere\u011fi oldu\u011funu s\u00f6yleyen Cumhurba\u015fkan\u0131 <a href=\"https:\/\/brtk.net\/\"\/><a href=\"https:\/\/brtk.net\/\"\/><a href=\"https:\/\/brtk.net\/\"\/><a href=\"https:\/\/brtk.net\/\"\/><a href=\"https:\/\/brtk.net\/\"\/><a href=\"https:\/\/brtk.net\/\"\/><a href=\"https:\/\/brtk.net\/\"\/><a href=\"https:\/\/brtk.net\/\"\/><a href=\"https:\/\/brtk.net\/\"\/><a href=\"https:\/\/brtk.net\/\"\/><a href=\"https:\/\/brtk.net\/\"\/><a href=\"https:\/\/brtk.net\/\"\/><a href=\"https:\/\/brtk.net\/\"\/><a href=\"https:\/\/brtk.net\/\"\/><a href=\"https:\/\/brtk.net\/\"\/><a href=\"https:\/\/brtk.net\/\">Tatar<\/a>, daha 3.5 y\u0131l varken b\u00fct\u00fcn \u00fclkeyi erken genel se\u00e7ime g\u00f6t\u00fcrmenin do\u011fru olmayaca\u011f\u0131 kaydetti.<\/p>\n<p>Cumhurba\u015fkan\u0131 <a href=\"https:\/\/brtk.net\/\"\/><a href=\"https:\/\/brtk.net\/\"\/><a href=\"https:\/\/brtk.net\/\"\/><a href=\"https:\/\/brtk.net\/\"\/><a href=\"https:\/\/brtk.net\/\"\/><a href=\"https:\/\/brtk.net\/\"\/><a href=\"https:\/\/brtk.net\/\"\/><a href=\"https:\/\/brtk.net\/\"\/><a href=\"https:\/\/brtk.net\/\"\/><a href=\"https:\/\/brtk.net\/\"\/><a href=\"https:\/\/brtk.net\/\"\/><a href=\"https:\/\/brtk.net\/\"\/><a href=\"https:\/\/brtk.net\/\"\/><a href=\"https:\/\/brtk.net\/\"\/><a href=\"https:\/\/brtk.net\/\"\/><a href=\"https:\/\/brtk.net\/\">Tatar<\/a>, \u00d6n\u00fcm\u00fczdeki s\u00fcre\u00e7te toparlay\u0131p icraat yapmak, projelerin hayat bulmas\u0131yla \u00e7evrenin geli\u015ftirilmesi, korunmas\u0131, enerji meselelerinde kablola elektri\u011fin g\u00fcndeme gelip hayat bulmas\u0131yla yine <a href=\"https:\/\/brtk.net\/\"\/><a href=\"https:\/\/brtk.net\/\"\/><a href=\"https:\/\/brtk.net\/\"\/><a href=\"https:\/\/brtk.net\/\"\/><a href=\"https:\/\/brtk.net\/\"\/><a href=\"https:\/\/brtk.net\/\"\/><a href=\"https:\/\/brtk.net\/\"\/><a href=\"https:\/\/brtk.net\/\">KKTC<\/a>\u2019ye \u00e7a\u011f atlatacak bir projeyi kazanman\u0131n \u00f6nemine i\u015faret etti.<\/p>\n<p>T\u00fcm projelerin hayata ge\u00e7irilmesiyle <a href=\"https:\/\/brtk.net\/\"\/><a href=\"https:\/\/brtk.net\/\"\/><a href=\"https:\/\/brtk.net\/\"\/><a href=\"https:\/\/brtk.net\/\"\/><a href=\"https:\/\/brtk.net\/\"\/><a href=\"https:\/\/brtk.net\/\"\/><a href=\"https:\/\/brtk.net\/\"\/><a href=\"https:\/\/brtk.net\/\">KKTC<\/a>\u2019nin Do\u011fu Akdeniz\u2019de bir T\u00fck devleti oldu\u011fu gibi cazibe merkezi de olabilece\u011fine dikkat \u00e7eken Cumhurba\u015fkan\u0131 <a href=\"https:\/\/brtk.net\/\" target=\"_blank\" rel=\"noopener\"><a href=\"https:\/\/brtk.net\/\" target=\"_blank\" rel=\"noopener\"><a href=\"https:\/\/brtk.net\/\" target=\"_blank\" rel=\"noopener\"><a href=\"https:\/\/brtk.net\/\" target=\"_blank\" rel=\"noopener\"><a href=\"https:\/\/brtk.net\/\" target=\"_blank\" rel=\"noopener\"><a href=\"https:\/\/brtk.net\/\" target=\"_blank\" rel=\"noopener\"><a href=\"https:\/\/brtk.net\/\" target=\"_blank\" rel=\"noopener\">Ersin <\/a><a href=\"https:\/\/brtk.net\/\"\/><a href=\"https:\/\/brtk.net\/\"\/><a href=\"https:\/\/brtk.net\/\"\/><a href=\"https:\/\/brtk.net\/\"\/><a href=\"https:\/\/brtk.net\/\"\/><a href=\"https:\/\/brtk.net\/\"\/><a href=\"https:\/\/brtk.net\/\"\/><a href=\"https:\/\/brtk.net\/\"\/><a href=\"https:\/\/brtk.net\/\"\/><a href=\"https:\/\/brtk.net\/\"\/><a href=\"https:\/\/brtk.net\/\"\/><a href=\"https:\/\/brtk.net\/\"\/><a href=\"https:\/\/brtk.net\/\"\/><a href=\"https:\/\/brtk.net\/\"\/><a href=\"https:\/\/brtk.net\/\"\/><a href=\"https:\/\/brtk.net\/\">Tatar<\/a>, K\u0131br\u0131s T\u00fcrk halk\u0131n\u0131n \u00f6yle bir potansiyele sahip oldu\u011funu vurgulad\u0131.<\/p>\n<\/p><\/div>\n<p><script async\n                    defer\n                    crossorigin=\"anonymous\"\n                    src=\"https:\/\/connect.facebook.net\/tr_TR\/sdk.js#xfbml=1&#038;version=v3.3\"\n            ><\/script><\/p>\n","protected":false},"excerpt":{"rendered":"<p>Cumhurba\u015fkan\u0131 Ersin Tatar, uluslararas\u0131 diplomatik giri\u015fimlerde art\u0131k egemenlik temelinde, e\u015fit, hak ve hukukun teyidiyle bir m\u00fczakere s\u00fcrecine ge\u00e7ilebilece\u011fini ifade ederek, KKTC\u2019nin g\u00fc\u00e7lenmesi, K\u0131br\u0131s T\u00fcrk halk\u0131n\u0131n hak etti\u011fi refah\u0131 bulabilmesi ve m\u00fcreffeh yar\u0131nlar\u0131 yakalayabilmesi i\u00e7in var g\u00fc\u00e7leriyle \u00e7al\u0131\u015facaklar\u0131n\u0131 s\u00f6yledi. Cumhurba\u015fkan\u0131 Ersin Tatar bayramla\u015fma \u00f6ncesinde bas\u0131na yapt\u0131\u011f\u0131 a\u00e7\u0131klamada, halk\u0131n, Anavatan T\u00fcrkiye\u2019deki karde\u015flerinin ve t\u00fcm \u0130slam aleminin Kurban<\/p>\n","protected":false},"author":1,"featured_media":9532,"comment_status":"open","ping_status":"open","sticky":false,"template":"","format":"standard","meta":{"footnotes":""},"categories":[1],"tags":[],"class_list":["post-9531","post","type-post","status-publish","format-standard","has-post-thumbnail","hentry","category-gundem"],"yoast_head":"<!-- This site is optimized with the Yoast SEO plugin v27.4 - https:\/\/yoast.com\/product\/yoast-seo-wordpress\/ -->\n<title>Tatar: Uluslararas\u0131 diplomatik giri\u015fimlerde art\u0131k egemenlik temelinde, e\u015fit, hak ve hukukun teyidiyle bir m\u00fczakere s\u00fcrecine ge\u00e7ilebilecek -<\/title>\n<meta name=\"robots\" content=\"index, follow, max-snippet:-1, max-image-preview:large, max-video-preview:-1\" \/>\n<link rel=\"canonical\" href=\"https:\/\/kibrisdakik.com\/?p=9531\" \/>\n<meta property=\"og:locale\" content=\"tr_TR\" \/>\n<meta property=\"og:type\" content=\"article\" \/>\n<meta property=\"og:title\" content=\"Tatar: Uluslararas\u0131 diplomatik giri\u015fimlerde art\u0131k egemenlik temelinde, e\u015fit, hak ve hukukun teyidiyle bir m\u00fczakere s\u00fcrecine ge\u00e7ilebilecek -\" \/>\n<meta property=\"og:description\" content=\"Cumhurba\u015fkan\u0131 Ersin Tatar, uluslararas\u0131 diplomatik giri\u015fimlerde art\u0131k egemenlik temelinde, e\u015fit, hak ve hukukun teyidiyle bir m\u00fczakere s\u00fcrecine ge\u00e7ilebilece\u011fini ifade ederek, KKTC\u2019nin g\u00fc\u00e7lenmesi, K\u0131br\u0131s T\u00fcrk halk\u0131n\u0131n hak etti\u011fi refah\u0131 bulabilmesi ve m\u00fcreffeh yar\u0131nlar\u0131 yakalayabilmesi i\u00e7in var g\u00fc\u00e7leriyle \u00e7al\u0131\u015facaklar\u0131n\u0131 s\u00f6yledi. Cumhurba\u015fkan\u0131 Ersin Tatar bayramla\u015fma \u00f6ncesinde bas\u0131na yapt\u0131\u011f\u0131 a\u00e7\u0131klamada, halk\u0131n, Anavatan T\u00fcrkiye\u2019deki karde\u015flerinin ve t\u00fcm \u0130slam aleminin Kurban\" \/>\n<meta property=\"og:url\" content=\"https:\/\/kibrisdakik.com\/?p=9531\" \/>\n<meta property=\"article:published_time\" content=\"2023-06-28T12:30:31+00:00\" \/>\n<meta property=\"og:image\" content=\"https:\/\/kibrisdakik.com\/wp-content\/uploads\/2023\/06\/siyasi-partiler-basin-aciklamasi-1-ero-1--740x420.jpg\" \/>\n\t<meta property=\"og:image:width\" content=\"1654\" \/>\n\t<meta property=\"og:image:height\" content=\"1102\" \/>\n\t<meta property=\"og:image:type\" content=\"image\/jpeg\" \/>\n<meta name=\"author\" content=\"admin\" \/>\n<meta name=\"twitter:card\" content=\"summary_large_image\" \/>\n<meta name=\"twitter:label1\" content=\"Yazan:\" \/>\n\t<meta name=\"twitter:data1\" content=\"admin\" \/>\n\t<meta name=\"twitter:label2\" content=\"Tahmini okuma s\u00fcresi\" \/>\n\t<meta name=\"twitter:data2\" content=\"4 dakika\" \/>\n<script type=\"application\/ld+json\" class=\"yoast-schema-graph\">{\"@context\":\"https:\\\/\\\/schema.org\",\"@graph\":[{\"@type\":\"Article\",\"@id\":\"https:\\\/\\\/kibrisdakik.com\\\/?p=9531#article\",\"isPartOf\":{\"@id\":\"https:\\\/\\\/kibrisdakik.com\\\/?p=9531\"},\"author\":{\"name\":\"admin\",\"@id\":\"https:\\\/\\\/kibrisdakik.com\\\/#\\\/schema\\\/person\\\/9cd9d437bbb44f72b73ba127e06d8e79\"},\"headline\":\"Tatar: Uluslararas\u0131 diplomatik giri\u015fimlerde art\u0131k egemenlik temelinde, e\u015fit, hak ve hukukun teyidiyle bir m\u00fczakere s\u00fcrecine ge\u00e7ilebilecek\",\"datePublished\":\"2023-06-28T12:30:31+00:00\",\"mainEntityOfPage\":{\"@id\":\"https:\\\/\\\/kibrisdakik.com\\\/?p=9531\"},\"wordCount\":891,\"commentCount\":0,\"image\":{\"@id\":\"https:\\\/\\\/kibrisdakik.com\\\/?p=9531#primaryimage\"},\"thumbnailUrl\":\"https:\\\/\\\/kibrisdakik.com\\\/wp-content\\\/uploads\\\/2023\\\/06\\\/siyasi-partiler-basin-aciklamasi-1-ero-1--740x420.jpg\",\"articleSection\":[\"G\u00fcndem\"],\"inLanguage\":\"tr\",\"potentialAction\":[{\"@type\":\"CommentAction\",\"name\":\"Comment\",\"target\":[\"https:\\\/\\\/kibrisdakik.com\\\/?p=9531#respond\"]}]},{\"@type\":\"WebPage\",\"@id\":\"https:\\\/\\\/kibrisdakik.com\\\/?p=9531\",\"url\":\"https:\\\/\\\/kibrisdakik.com\\\/?p=9531\",\"name\":\"Tatar: Uluslararas\u0131 diplomatik giri\u015fimlerde art\u0131k egemenlik temelinde, e\u015fit, hak ve hukukun teyidiyle bir m\u00fczakere s\u00fcrecine ge\u00e7ilebilecek -\",\"isPartOf\":{\"@id\":\"https:\\\/\\\/kibrisdakik.com\\\/#website\"},\"primaryImageOfPage\":{\"@id\":\"https:\\\/\\\/kibrisdakik.com\\\/?p=9531#primaryimage\"},\"image\":{\"@id\":\"https:\\\/\\\/kibrisdakik.com\\\/?p=9531#primaryimage\"},\"thumbnailUrl\":\"https:\\\/\\\/kibrisdakik.com\\\/wp-content\\\/uploads\\\/2023\\\/06\\\/siyasi-partiler-basin-aciklamasi-1-ero-1--740x420.jpg\",\"datePublished\":\"2023-06-28T12:30:31+00:00\",\"author\":{\"@id\":\"https:\\\/\\\/kibrisdakik.com\\\/#\\\/schema\\\/person\\\/9cd9d437bbb44f72b73ba127e06d8e79\"},\"breadcrumb\":{\"@id\":\"https:\\\/\\\/kibrisdakik.com\\\/?p=9531#breadcrumb\"},\"inLanguage\":\"tr\",\"potentialAction\":[{\"@type\":\"ReadAction\",\"target\":[\"https:\\\/\\\/kibrisdakik.com\\\/?p=9531\"]}]},{\"@type\":\"ImageObject\",\"inLanguage\":\"tr\",\"@id\":\"https:\\\/\\\/kibrisdakik.com\\\/?p=9531#primaryimage\",\"url\":\"https:\\\/\\\/kibrisdakik.com\\\/wp-content\\\/uploads\\\/2023\\\/06\\\/siyasi-partiler-basin-aciklamasi-1-ero-1--740x420.jpg\",\"contentUrl\":\"https:\\\/\\\/kibrisdakik.com\\\/wp-content\\\/uploads\\\/2023\\\/06\\\/siyasi-partiler-basin-aciklamasi-1-ero-1--740x420.jpg\",\"width\":1654,\"height\":1102},{\"@type\":\"BreadcrumbList\",\"@id\":\"https:\\\/\\\/kibrisdakik.com\\\/?p=9531#breadcrumb\",\"itemListElement\":[{\"@type\":\"ListItem\",\"position\":1,\"name\":\"Home\",\"item\":\"https:\\\/\\\/kibrisdakik.com\\\/\"},{\"@type\":\"ListItem\",\"position\":2,\"name\":\"Tatar: Uluslararas\u0131 diplomatik giri\u015fimlerde art\u0131k egemenlik temelinde, e\u015fit, hak ve hukukun teyidiyle bir m\u00fczakere s\u00fcrecine ge\u00e7ilebilecek\"}]},{\"@type\":\"WebSite\",\"@id\":\"https:\\\/\\\/kibrisdakik.com\\\/#website\",\"url\":\"https:\\\/\\\/kibrisdakik.com\\\/\",\"name\":\"\",\"description\":\"Tam vaktinde haber\",\"potentialAction\":[{\"@type\":\"SearchAction\",\"target\":{\"@type\":\"EntryPoint\",\"urlTemplate\":\"https:\\\/\\\/kibrisdakik.com\\\/?s={search_term_string}\"},\"query-input\":{\"@type\":\"PropertyValueSpecification\",\"valueRequired\":true,\"valueName\":\"search_term_string\"}}],\"inLanguage\":\"tr\"},{\"@type\":\"Person\",\"@id\":\"https:\\\/\\\/kibrisdakik.com\\\/#\\\/schema\\\/person\\\/9cd9d437bbb44f72b73ba127e06d8e79\",\"name\":\"admin\",\"image\":{\"@type\":\"ImageObject\",\"inLanguage\":\"tr\",\"@id\":\"https:\\\/\\\/secure.gravatar.com\\\/avatar\\\/ccc17943b9d660506c869530f897617f7cb1c21a4bf30023f252596d83e1f007?s=96&d=mm&r=g\",\"url\":\"https:\\\/\\\/secure.gravatar.com\\\/avatar\\\/ccc17943b9d660506c869530f897617f7cb1c21a4bf30023f252596d83e1f007?s=96&d=mm&r=g\",\"contentUrl\":\"https:\\\/\\\/secure.gravatar.com\\\/avatar\\\/ccc17943b9d660506c869530f897617f7cb1c21a4bf30023f252596d83e1f007?s=96&d=mm&r=g\",\"caption\":\"admin\"},\"sameAs\":[\"https:\\\/\\\/kibrisdakik.com\"],\"url\":\"https:\\\/\\\/kibrisdakik.com\\\/?author=1\"}]}<\/script>\n<!-- \/ Yoast SEO plugin. -->","yoast_head_json":{"title":"Tatar: Uluslararas\u0131 diplomatik giri\u015fimlerde art\u0131k egemenlik temelinde, e\u015fit, hak ve hukukun teyidiyle bir m\u00fczakere s\u00fcrecine ge\u00e7ilebilecek -","robots":{"index":"index","follow":"follow","max-snippet":"max-snippet:-1","max-image-preview":"max-image-preview:large","max-video-preview":"max-video-preview:-1"},"canonical":"https:\/\/kibrisdakik.com\/?p=9531","og_locale":"tr_TR","og_type":"article","og_title":"Tatar: Uluslararas\u0131 diplomatik giri\u015fimlerde art\u0131k egemenlik temelinde, e\u015fit, hak ve hukukun teyidiyle bir m\u00fczakere s\u00fcrecine ge\u00e7ilebilecek -","og_description":"Cumhurba\u015fkan\u0131 Ersin Tatar, uluslararas\u0131 diplomatik giri\u015fimlerde art\u0131k egemenlik temelinde, e\u015fit, hak ve hukukun teyidiyle bir m\u00fczakere s\u00fcrecine ge\u00e7ilebilece\u011fini ifade ederek, KKTC\u2019nin g\u00fc\u00e7lenmesi, K\u0131br\u0131s T\u00fcrk halk\u0131n\u0131n hak etti\u011fi refah\u0131 bulabilmesi ve m\u00fcreffeh yar\u0131nlar\u0131 yakalayabilmesi i\u00e7in var g\u00fc\u00e7leriyle \u00e7al\u0131\u015facaklar\u0131n\u0131 s\u00f6yledi. Cumhurba\u015fkan\u0131 Ersin Tatar bayramla\u015fma \u00f6ncesinde bas\u0131na yapt\u0131\u011f\u0131 a\u00e7\u0131klamada, halk\u0131n, Anavatan T\u00fcrkiye\u2019deki karde\u015flerinin ve t\u00fcm \u0130slam aleminin Kurban","og_url":"https:\/\/kibrisdakik.com\/?p=9531","article_published_time":"2023-06-28T12:30:31+00:00","og_image":[{"width":1654,"height":1102,"url":"https:\/\/kibrisdakik.com\/wp-content\/uploads\/2023\/06\/siyasi-partiler-basin-aciklamasi-1-ero-1--740x420.jpg","type":"image\/jpeg"}],"author":"admin","twitter_card":"summary_large_image","twitter_misc":{"Yazan:":"admin","Tahmini okuma s\u00fcresi":"4 dakika"},"schema":{"@context":"https:\/\/schema.org","@graph":[{"@type":"Article","@id":"https:\/\/kibrisdakik.com\/?p=9531#article","isPartOf":{"@id":"https:\/\/kibrisdakik.com\/?p=9531"},"author":{"name":"admin","@id":"https:\/\/kibrisdakik.com\/#\/schema\/person\/9cd9d437bbb44f72b73ba127e06d8e79"},"headline":"Tatar: Uluslararas\u0131 diplomatik giri\u015fimlerde art\u0131k egemenlik temelinde, e\u015fit, hak ve hukukun teyidiyle bir m\u00fczakere s\u00fcrecine ge\u00e7ilebilecek","datePublished":"2023-06-28T12:30:31+00:00","mainEntityOfPage":{"@id":"https:\/\/kibrisdakik.com\/?p=9531"},"wordCount":891,"commentCount":0,"image":{"@id":"https:\/\/kibrisdakik.com\/?p=9531#primaryimage"},"thumbnailUrl":"https:\/\/kibrisdakik.com\/wp-content\/uploads\/2023\/06\/siyasi-partiler-basin-aciklamasi-1-ero-1--740x420.jpg","articleSection":["G\u00fcndem"],"inLanguage":"tr","potentialAction":[{"@type":"CommentAction","name":"Comment","target":["https:\/\/kibrisdakik.com\/?p=9531#respond"]}]},{"@type":"WebPage","@id":"https:\/\/kibrisdakik.com\/?p=9531","url":"https:\/\/kibrisdakik.com\/?p=9531","name":"Tatar: Uluslararas\u0131 diplomatik giri\u015fimlerde art\u0131k egemenlik temelinde, e\u015fit, hak ve hukukun teyidiyle bir m\u00fczakere s\u00fcrecine ge\u00e7ilebilecek -","isPartOf":{"@id":"https:\/\/kibrisdakik.com\/#website"},"primaryImageOfPage":{"@id":"https:\/\/kibrisdakik.com\/?p=9531#primaryimage"},"image":{"@id":"https:\/\/kibrisdakik.com\/?p=9531#primaryimage"},"thumbnailUrl":"https:\/\/kibrisdakik.com\/wp-content\/uploads\/2023\/06\/siyasi-partiler-basin-aciklamasi-1-ero-1--740x420.jpg","datePublished":"2023-06-28T12:30:31+00:00","author":{"@id":"https:\/\/kibrisdakik.com\/#\/schema\/person\/9cd9d437bbb44f72b73ba127e06d8e79"},"breadcrumb":{"@id":"https:\/\/kibrisdakik.com\/?p=9531#breadcrumb"},"inLanguage":"tr","potentialAction":[{"@type":"ReadAction","target":["https:\/\/kibrisdakik.com\/?p=9531"]}]},{"@type":"ImageObject","inLanguage":"tr","@id":"https:\/\/kibrisdakik.com\/?p=9531#primaryimage","url":"https:\/\/kibrisdakik.com\/wp-content\/uploads\/2023\/06\/siyasi-partiler-basin-aciklamasi-1-ero-1--740x420.jpg","contentUrl":"https:\/\/kibrisdakik.com\/wp-content\/uploads\/2023\/06\/siyasi-partiler-basin-aciklamasi-1-ero-1--740x420.jpg","width":1654,"height":1102},{"@type":"BreadcrumbList","@id":"https:\/\/kibrisdakik.com\/?p=9531#breadcrumb","itemListElement":[{"@type":"ListItem","position":1,"name":"Home","item":"https:\/\/kibrisdakik.com\/"},{"@type":"ListItem","position":2,"name":"Tatar: Uluslararas\u0131 diplomatik giri\u015fimlerde art\u0131k egemenlik temelinde, e\u015fit, hak ve hukukun teyidiyle bir m\u00fczakere s\u00fcrecine ge\u00e7ilebilecek"}]},{"@type":"WebSite","@id":"https:\/\/kibrisdakik.com\/#website","url":"https:\/\/kibrisdakik.com\/","name":"","description":"Tam vaktinde haber","potentialAction":[{"@type":"SearchAction","target":{"@type":"EntryPoint","urlTemplate":"https:\/\/kibrisdakik.com\/?s={search_term_string}"},"query-input":{"@type":"PropertyValueSpecification","valueRequired":true,"valueName":"search_term_string"}}],"inLanguage":"tr"},{"@type":"Person","@id":"https:\/\/kibrisdakik.com\/#\/schema\/person\/9cd9d437bbb44f72b73ba127e06d8e79","name":"admin","image":{"@type":"ImageObject","inLanguage":"tr","@id":"https:\/\/secure.gravatar.com\/avatar\/ccc17943b9d660506c869530f897617f7cb1c21a4bf30023f252596d83e1f007?s=96&d=mm&r=g","url":"https:\/\/secure.gravatar.com\/avatar\/ccc17943b9d660506c869530f897617f7cb1c21a4bf30023f252596d83e1f007?s=96&d=mm&r=g","contentUrl":"https:\/\/secure.gravatar.com\/avatar\/ccc17943b9d660506c869530f897617f7cb1c21a4bf30023f252596d83e1f007?s=96&d=mm&r=g","caption":"admin"},"sameAs":["https:\/\/kibrisdakik.com"],"url":"https:\/\/kibrisdakik.com\/?author=1"}]}},"_links":{"self":[{"href":"https:\/\/kibrisdakik.com\/index.php?rest_route=\/wp\/v2\/posts\/9531","targetHints":{"allow":["GET"]}}],"collection":[{"href":"https:\/\/kibrisdakik.com\/index.php?rest_route=\/wp\/v2\/posts"}],"about":[{"href":"https:\/\/kibrisdakik.com\/index.php?rest_route=\/wp\/v2\/types\/post"}],"author":[{"embeddable":true,"href":"https:\/\/kibrisdakik.com\/index.php?rest_route=\/wp\/v2\/users\/1"}],"replies":[{"embeddable":true,"href":"https:\/\/kibrisdakik.com\/index.php?rest_route=%2Fwp%2Fv2%2Fcomments&post=9531"}],"version-history":[{"count":0,"href":"https:\/\/kibrisdakik.com\/index.php?rest_route=\/wp\/v2\/posts\/9531\/revisions"}],"wp:featuredmedia":[{"embeddable":true,"href":"https:\/\/kibrisdakik.com\/index.php?rest_route=\/wp\/v2\/media\/9532"}],"wp:attachment":[{"href":"https:\/\/kibrisdakik.com\/index.php?rest_route=%2Fwp%2Fv2%2Fmedia&parent=9531"}],"wp:term":[{"taxonomy":"category","embeddable":true,"href":"https:\/\/kibrisdakik.com\/index.php?rest_route=%2Fwp%2Fv2%2Fcategories&post=9531"},{"taxonomy":"post_tag","embeddable":true,"href":"https:\/\/kibrisdakik.com\/index.php?rest_route=%2Fwp%2Fv2%2Ftags&post=9531"}],"curies":[{"name":"wp","href":"https:\/\/api.w.org\/{rel}","templated":true}]}}