{"id":95315,"date":"2025-10-10T12:20:02","date_gmt":"2025-10-10T09:20:02","guid":{"rendered":"https:\/\/kibrisdakik.com\/index.php\/2025\/10\/10\/nobel-baris-odulunun-sahibi-belli-oldu\/"},"modified":"2025-10-10T12:20:02","modified_gmt":"2025-10-10T09:20:02","slug":"nobel-baris-odulunun-sahibi-belli-oldu","status":"publish","type":"post","link":"https:\/\/kibrisdakik.com\/?p=95315","title":{"rendered":"Nobel Bar\u0131\u015f \u00d6d\u00fcl\u00fc&#039;n\u00fcn sahibi belli oldu"},"content":{"rendered":"<p><\/p>\n<div class=\"news-content\">\n<p>\n\tMar\u00eda Corina Machado, Venezuela\u2019n\u0131n \u00f6nde gelen muhalefet liderlerinden ve tan\u0131nm\u0131\u015f bir siyaset\u00e7idir. Aslen bir end\u00fcstri m\u00fchendisidir ve y\u0131llard\u0131r \u00fclkesindeki otoriter y\u00f6netime kar\u015f\u0131 demokrasi, \u00f6zg\u00fcrl\u00fck ve insan haklar\u0131 i\u00e7in m\u00fccadele etmektedir.<\/p>\n<p>\n\tKariyerine sivil toplum alan\u0131nda ba\u015flayan Machado, S\u00famate adl\u0131 bir sivil giri\u015fimin kurucusudur. Bu kurulu\u015f, se\u00e7imlerin \u015feffaf ve adil yap\u0131lmas\u0131 i\u00e7in \u00e7al\u0131\u015fan ba\u011f\u0131ms\u0131z bir sivil izleme grubudur. Daha sonra Vente Venezuela adl\u0131 liberal-muhafazak\u00e2r \u00e7izgide bir siyasi hareketin lideri olmu\u015ftur.<\/p>\n<p>\n\t2011\u20132014 y\u0131llar\u0131 aras\u0131nda Venezuela Ulusal Meclisi\u2019nde milletvekili olarak g\u00f6rev yapt\u0131. Bu s\u00fcre\u00e7te Hugo Ch\u00e1vez ve ard\u0131ndan Nicol\u00e1s Maduro y\u00f6netimlerinin politikalar\u0131na kar\u015f\u0131 sert muhalefetiyle tan\u0131nd\u0131. Ancak ele\u015ftirileri ve protesto \u00e7a\u011fr\u0131lar\u0131 nedeniyle defalarca yarg\u0131 bask\u0131s\u0131na, seyahat yasa\u011f\u0131na ve siyasi yasaklara maruz kald\u0131. 2023\u2019te yap\u0131lacak ba\u015fkanl\u0131k se\u00e7imlerine adayl\u0131\u011f\u0131n\u0131 koymak istemesine ra\u011fmen h\u00fck\u00fcmet taraf\u0131ndan yar\u0131\u015ftan men edildi.<\/p>\n<p>\n\tT\u00fcm bask\u0131lara ra\u011fmen \u00fclkesinde demokratik d\u00f6n\u00fc\u015f\u00fcm m\u00fccadelesini s\u00fcrd\u00fcrmeye devam ediyor ve zaman zaman gizlenmek zorunda kalsa da muhalefet i\u00e7inde g\u00fc\u00e7l\u00fc bir sembol haline geldi.<\/p>\n<p>\n\tUluslararas\u0131 arenada da b\u00fcy\u00fck takdir g\u00f6ren Machado, BBC\u2019nin 100 Kad\u0131n (2018) listesine, TIME100 (2025) en etkili ki\u015filer listesine se\u00e7ildi, ayr\u0131ca V\u00e1clav Havel ve Sakharov insan haklar\u0131 \u00f6d\u00fcllerine lay\u0131k g\u00f6r\u00fcld\u00fc.<\/p>\n<p>\n\tK\u0131sacas\u0131 Mar\u00eda Corina Machado, otoriterli\u011fe kar\u015f\u0131 direni\u015fin, kad\u0131n liderli\u011finin ve demokratik de\u011ferlerin simgesi haline gelmi\u015f bir Venezuelal\u0131 siyaset\u00e7idir.<\/p>\n<p>\n\tAyr\u0131nt\u0131lar geliyor&#8230;<\/p>\n<div class=\"news-tags\">\n<div class=\"title\">ET\u0130KETLER<\/div>\n<div class=\"tags\">\n                                                                            Son Dakika\n                                                                    <\/div>\n<\/p><\/div>\n<\/p><\/div>\n","protected":false},"excerpt":{"rendered":"<p>Mar\u00eda Corina Machado, Venezuela\u2019n\u0131n \u00f6nde gelen muhalefet liderlerinden ve tan\u0131nm\u0131\u015f bir siyaset\u00e7idir. Aslen bir end\u00fcstri m\u00fchendisidir ve y\u0131llard\u0131r \u00fclkesindeki otoriter y\u00f6netime kar\u015f\u0131 demokrasi, \u00f6zg\u00fcrl\u00fck ve insan haklar\u0131 i\u00e7in m\u00fccadele etmektedir. Kariyerine sivil toplum alan\u0131nda ba\u015flayan Machado, S\u00famate adl\u0131 bir sivil giri\u015fimin kurucusudur. Bu kurulu\u015f, se\u00e7imlerin \u015feffaf ve adil yap\u0131lmas\u0131 i\u00e7in \u00e7al\u0131\u015fan ba\u011f\u0131ms\u0131z bir sivil izleme<\/p>\n","protected":false},"author":1,"featured_media":95316,"comment_status":"open","ping_status":"open","sticky":false,"template":"","format":"standard","meta":{"footnotes":""},"categories":[306],"tags":[],"class_list":["post-95315","post","type-post","status-publish","format-standard","has-post-thumbnail","hentry","category-dunya"],"yoast_head":"<!-- This site is optimized with the Yoast SEO plugin v27.4 - https:\/\/yoast.com\/product\/yoast-seo-wordpress\/ -->\n<title>Nobel Bar\u0131\u015f \u00d6d\u00fcl\u00fc&#039;n\u00fcn sahibi belli oldu -<\/title>\n<meta name=\"robots\" content=\"index, follow, max-snippet:-1, max-image-preview:large, max-video-preview:-1\" \/>\n<link rel=\"canonical\" href=\"https:\/\/kibrisdakik.com\/?p=95315\" \/>\n<meta property=\"og:locale\" content=\"tr_TR\" \/>\n<meta property=\"og:type\" content=\"article\" \/>\n<meta property=\"og:title\" content=\"Nobel Bar\u0131\u015f \u00d6d\u00fcl\u00fc&#039;n\u00fcn sahibi belli oldu -\" \/>\n<meta property=\"og:description\" content=\"Mar\u00eda Corina Machado, Venezuela\u2019n\u0131n \u00f6nde gelen muhalefet liderlerinden ve tan\u0131nm\u0131\u015f bir siyaset\u00e7idir. Aslen bir end\u00fcstri m\u00fchendisidir ve y\u0131llard\u0131r \u00fclkesindeki otoriter y\u00f6netime kar\u015f\u0131 demokrasi, \u00f6zg\u00fcrl\u00fck ve insan haklar\u0131 i\u00e7in m\u00fccadele etmektedir. Kariyerine sivil toplum alan\u0131nda ba\u015flayan Machado, S\u00famate adl\u0131 bir sivil giri\u015fimin kurucusudur. Bu kurulu\u015f, se\u00e7imlerin \u015feffaf ve adil yap\u0131lmas\u0131 i\u00e7in \u00e7al\u0131\u015fan ba\u011f\u0131ms\u0131z bir sivil izleme\" \/>\n<meta property=\"og:url\" content=\"https:\/\/kibrisdakik.com\/?p=95315\" \/>\n<meta property=\"article:published_time\" content=\"2025-10-10T09:20:02+00:00\" \/>\n<meta property=\"og:image\" content=\"https:\/\/kibrisdakik.com\/wp-content\/uploads\/2025\/10\/nobel-baris-odulunu-2406260.jpg\" \/>\n\t<meta property=\"og:image:width\" content=\"1280\" \/>\n\t<meta property=\"og:image:height\" content=\"720\" \/>\n\t<meta property=\"og:image:type\" content=\"image\/jpeg\" \/>\n<meta name=\"author\" content=\"admin\" \/>\n<meta name=\"twitter:card\" content=\"summary_large_image\" \/>\n<meta name=\"twitter:label1\" content=\"Yazan:\" \/>\n\t<meta name=\"twitter:data1\" content=\"admin\" \/>\n\t<meta name=\"twitter:label2\" content=\"Tahmini okuma s\u00fcresi\" \/>\n\t<meta name=\"twitter:data2\" content=\"1 dakika\" \/>\n<script type=\"application\/ld+json\" class=\"yoast-schema-graph\">{\"@context\":\"https:\\\/\\\/schema.org\",\"@graph\":[{\"@type\":\"Article\",\"@id\":\"https:\\\/\\\/kibrisdakik.com\\\/?p=95315#article\",\"isPartOf\":{\"@id\":\"https:\\\/\\\/kibrisdakik.com\\\/?p=95315\"},\"author\":{\"name\":\"admin\",\"@id\":\"https:\\\/\\\/kibrisdakik.com\\\/#\\\/schema\\\/person\\\/9cd9d437bbb44f72b73ba127e06d8e79\"},\"headline\":\"Nobel Bar\u0131\u015f \u00d6d\u00fcl\u00fc&#039;n\u00fcn sahibi belli oldu\",\"datePublished\":\"2025-10-10T09:20:02+00:00\",\"mainEntityOfPage\":{\"@id\":\"https:\\\/\\\/kibrisdakik.com\\\/?p=95315\"},\"wordCount\":290,\"commentCount\":0,\"image\":{\"@id\":\"https:\\\/\\\/kibrisdakik.com\\\/?p=95315#primaryimage\"},\"thumbnailUrl\":\"https:\\\/\\\/kibrisdakik.com\\\/wp-content\\\/uploads\\\/2025\\\/10\\\/nobel-baris-odulunu-2406260.jpg\",\"articleSection\":[\"D\u00fcnya\"],\"inLanguage\":\"tr\",\"potentialAction\":[{\"@type\":\"CommentAction\",\"name\":\"Comment\",\"target\":[\"https:\\\/\\\/kibrisdakik.com\\\/?p=95315#respond\"]}]},{\"@type\":\"WebPage\",\"@id\":\"https:\\\/\\\/kibrisdakik.com\\\/?p=95315\",\"url\":\"https:\\\/\\\/kibrisdakik.com\\\/?p=95315\",\"name\":\"Nobel Bar\u0131\u015f \u00d6d\u00fcl\u00fc&#039;n\u00fcn sahibi belli oldu -\",\"isPartOf\":{\"@id\":\"https:\\\/\\\/kibrisdakik.com\\\/#website\"},\"primaryImageOfPage\":{\"@id\":\"https:\\\/\\\/kibrisdakik.com\\\/?p=95315#primaryimage\"},\"image\":{\"@id\":\"https:\\\/\\\/kibrisdakik.com\\\/?p=95315#primaryimage\"},\"thumbnailUrl\":\"https:\\\/\\\/kibrisdakik.com\\\/wp-content\\\/uploads\\\/2025\\\/10\\\/nobel-baris-odulunu-2406260.jpg\",\"datePublished\":\"2025-10-10T09:20:02+00:00\",\"author\":{\"@id\":\"https:\\\/\\\/kibrisdakik.com\\\/#\\\/schema\\\/person\\\/9cd9d437bbb44f72b73ba127e06d8e79\"},\"breadcrumb\":{\"@id\":\"https:\\\/\\\/kibrisdakik.com\\\/?p=95315#breadcrumb\"},\"inLanguage\":\"tr\",\"potentialAction\":[{\"@type\":\"ReadAction\",\"target\":[\"https:\\\/\\\/kibrisdakik.com\\\/?p=95315\"]}]},{\"@type\":\"ImageObject\",\"inLanguage\":\"tr\",\"@id\":\"https:\\\/\\\/kibrisdakik.com\\\/?p=95315#primaryimage\",\"url\":\"https:\\\/\\\/kibrisdakik.com\\\/wp-content\\\/uploads\\\/2025\\\/10\\\/nobel-baris-odulunu-2406260.jpg\",\"contentUrl\":\"https:\\\/\\\/kibrisdakik.com\\\/wp-content\\\/uploads\\\/2025\\\/10\\\/nobel-baris-odulunu-2406260.jpg\",\"width\":1280,\"height\":720},{\"@type\":\"BreadcrumbList\",\"@id\":\"https:\\\/\\\/kibrisdakik.com\\\/?p=95315#breadcrumb\",\"itemListElement\":[{\"@type\":\"ListItem\",\"position\":1,\"name\":\"Home\",\"item\":\"https:\\\/\\\/kibrisdakik.com\\\/\"},{\"@type\":\"ListItem\",\"position\":2,\"name\":\"Nobel Bar\u0131\u015f \u00d6d\u00fcl\u00fc&#039;n\u00fcn sahibi belli oldu\"}]},{\"@type\":\"WebSite\",\"@id\":\"https:\\\/\\\/kibrisdakik.com\\\/#website\",\"url\":\"https:\\\/\\\/kibrisdakik.com\\\/\",\"name\":\"\",\"description\":\"Tam vaktinde haber\",\"potentialAction\":[{\"@type\":\"SearchAction\",\"target\":{\"@type\":\"EntryPoint\",\"urlTemplate\":\"https:\\\/\\\/kibrisdakik.com\\\/?s={search_term_string}\"},\"query-input\":{\"@type\":\"PropertyValueSpecification\",\"valueRequired\":true,\"valueName\":\"search_term_string\"}}],\"inLanguage\":\"tr\"},{\"@type\":\"Person\",\"@id\":\"https:\\\/\\\/kibrisdakik.com\\\/#\\\/schema\\\/person\\\/9cd9d437bbb44f72b73ba127e06d8e79\",\"name\":\"admin\",\"image\":{\"@type\":\"ImageObject\",\"inLanguage\":\"tr\",\"@id\":\"https:\\\/\\\/secure.gravatar.com\\\/avatar\\\/ccc17943b9d660506c869530f897617f7cb1c21a4bf30023f252596d83e1f007?s=96&d=mm&r=g\",\"url\":\"https:\\\/\\\/secure.gravatar.com\\\/avatar\\\/ccc17943b9d660506c869530f897617f7cb1c21a4bf30023f252596d83e1f007?s=96&d=mm&r=g\",\"contentUrl\":\"https:\\\/\\\/secure.gravatar.com\\\/avatar\\\/ccc17943b9d660506c869530f897617f7cb1c21a4bf30023f252596d83e1f007?s=96&d=mm&r=g\",\"caption\":\"admin\"},\"sameAs\":[\"https:\\\/\\\/kibrisdakik.com\"],\"url\":\"https:\\\/\\\/kibrisdakik.com\\\/?author=1\"}]}<\/script>\n<!-- \/ Yoast SEO plugin. -->","yoast_head_json":{"title":"Nobel Bar\u0131\u015f \u00d6d\u00fcl\u00fc&#039;n\u00fcn sahibi belli oldu -","robots":{"index":"index","follow":"follow","max-snippet":"max-snippet:-1","max-image-preview":"max-image-preview:large","max-video-preview":"max-video-preview:-1"},"canonical":"https:\/\/kibrisdakik.com\/?p=95315","og_locale":"tr_TR","og_type":"article","og_title":"Nobel Bar\u0131\u015f \u00d6d\u00fcl\u00fc&#039;n\u00fcn sahibi belli oldu -","og_description":"Mar\u00eda Corina Machado, Venezuela\u2019n\u0131n \u00f6nde gelen muhalefet liderlerinden ve tan\u0131nm\u0131\u015f bir siyaset\u00e7idir. Aslen bir end\u00fcstri m\u00fchendisidir ve y\u0131llard\u0131r \u00fclkesindeki otoriter y\u00f6netime kar\u015f\u0131 demokrasi, \u00f6zg\u00fcrl\u00fck ve insan haklar\u0131 i\u00e7in m\u00fccadele etmektedir. Kariyerine sivil toplum alan\u0131nda ba\u015flayan Machado, S\u00famate adl\u0131 bir sivil giri\u015fimin kurucusudur. Bu kurulu\u015f, se\u00e7imlerin \u015feffaf ve adil yap\u0131lmas\u0131 i\u00e7in \u00e7al\u0131\u015fan ba\u011f\u0131ms\u0131z bir sivil izleme","og_url":"https:\/\/kibrisdakik.com\/?p=95315","article_published_time":"2025-10-10T09:20:02+00:00","og_image":[{"width":1280,"height":720,"url":"https:\/\/kibrisdakik.com\/wp-content\/uploads\/2025\/10\/nobel-baris-odulunu-2406260.jpg","type":"image\/jpeg"}],"author":"admin","twitter_card":"summary_large_image","twitter_misc":{"Yazan:":"admin","Tahmini okuma s\u00fcresi":"1 dakika"},"schema":{"@context":"https:\/\/schema.org","@graph":[{"@type":"Article","@id":"https:\/\/kibrisdakik.com\/?p=95315#article","isPartOf":{"@id":"https:\/\/kibrisdakik.com\/?p=95315"},"author":{"name":"admin","@id":"https:\/\/kibrisdakik.com\/#\/schema\/person\/9cd9d437bbb44f72b73ba127e06d8e79"},"headline":"Nobel Bar\u0131\u015f \u00d6d\u00fcl\u00fc&#039;n\u00fcn sahibi belli oldu","datePublished":"2025-10-10T09:20:02+00:00","mainEntityOfPage":{"@id":"https:\/\/kibrisdakik.com\/?p=95315"},"wordCount":290,"commentCount":0,"image":{"@id":"https:\/\/kibrisdakik.com\/?p=95315#primaryimage"},"thumbnailUrl":"https:\/\/kibrisdakik.com\/wp-content\/uploads\/2025\/10\/nobel-baris-odulunu-2406260.jpg","articleSection":["D\u00fcnya"],"inLanguage":"tr","potentialAction":[{"@type":"CommentAction","name":"Comment","target":["https:\/\/kibrisdakik.com\/?p=95315#respond"]}]},{"@type":"WebPage","@id":"https:\/\/kibrisdakik.com\/?p=95315","url":"https:\/\/kibrisdakik.com\/?p=95315","name":"Nobel Bar\u0131\u015f \u00d6d\u00fcl\u00fc&#039;n\u00fcn sahibi belli oldu -","isPartOf":{"@id":"https:\/\/kibrisdakik.com\/#website"},"primaryImageOfPage":{"@id":"https:\/\/kibrisdakik.com\/?p=95315#primaryimage"},"image":{"@id":"https:\/\/kibrisdakik.com\/?p=95315#primaryimage"},"thumbnailUrl":"https:\/\/kibrisdakik.com\/wp-content\/uploads\/2025\/10\/nobel-baris-odulunu-2406260.jpg","datePublished":"2025-10-10T09:20:02+00:00","author":{"@id":"https:\/\/kibrisdakik.com\/#\/schema\/person\/9cd9d437bbb44f72b73ba127e06d8e79"},"breadcrumb":{"@id":"https:\/\/kibrisdakik.com\/?p=95315#breadcrumb"},"inLanguage":"tr","potentialAction":[{"@type":"ReadAction","target":["https:\/\/kibrisdakik.com\/?p=95315"]}]},{"@type":"ImageObject","inLanguage":"tr","@id":"https:\/\/kibrisdakik.com\/?p=95315#primaryimage","url":"https:\/\/kibrisdakik.com\/wp-content\/uploads\/2025\/10\/nobel-baris-odulunu-2406260.jpg","contentUrl":"https:\/\/kibrisdakik.com\/wp-content\/uploads\/2025\/10\/nobel-baris-odulunu-2406260.jpg","width":1280,"height":720},{"@type":"BreadcrumbList","@id":"https:\/\/kibrisdakik.com\/?p=95315#breadcrumb","itemListElement":[{"@type":"ListItem","position":1,"name":"Home","item":"https:\/\/kibrisdakik.com\/"},{"@type":"ListItem","position":2,"name":"Nobel Bar\u0131\u015f \u00d6d\u00fcl\u00fc&#039;n\u00fcn sahibi belli oldu"}]},{"@type":"WebSite","@id":"https:\/\/kibrisdakik.com\/#website","url":"https:\/\/kibrisdakik.com\/","name":"","description":"Tam vaktinde haber","potentialAction":[{"@type":"SearchAction","target":{"@type":"EntryPoint","urlTemplate":"https:\/\/kibrisdakik.com\/?s={search_term_string}"},"query-input":{"@type":"PropertyValueSpecification","valueRequired":true,"valueName":"search_term_string"}}],"inLanguage":"tr"},{"@type":"Person","@id":"https:\/\/kibrisdakik.com\/#\/schema\/person\/9cd9d437bbb44f72b73ba127e06d8e79","name":"admin","image":{"@type":"ImageObject","inLanguage":"tr","@id":"https:\/\/secure.gravatar.com\/avatar\/ccc17943b9d660506c869530f897617f7cb1c21a4bf30023f252596d83e1f007?s=96&d=mm&r=g","url":"https:\/\/secure.gravatar.com\/avatar\/ccc17943b9d660506c869530f897617f7cb1c21a4bf30023f252596d83e1f007?s=96&d=mm&r=g","contentUrl":"https:\/\/secure.gravatar.com\/avatar\/ccc17943b9d660506c869530f897617f7cb1c21a4bf30023f252596d83e1f007?s=96&d=mm&r=g","caption":"admin"},"sameAs":["https:\/\/kibrisdakik.com"],"url":"https:\/\/kibrisdakik.com\/?author=1"}]}},"_links":{"self":[{"href":"https:\/\/kibrisdakik.com\/index.php?rest_route=\/wp\/v2\/posts\/95315","targetHints":{"allow":["GET"]}}],"collection":[{"href":"https:\/\/kibrisdakik.com\/index.php?rest_route=\/wp\/v2\/posts"}],"about":[{"href":"https:\/\/kibrisdakik.com\/index.php?rest_route=\/wp\/v2\/types\/post"}],"author":[{"embeddable":true,"href":"https:\/\/kibrisdakik.com\/index.php?rest_route=\/wp\/v2\/users\/1"}],"replies":[{"embeddable":true,"href":"https:\/\/kibrisdakik.com\/index.php?rest_route=%2Fwp%2Fv2%2Fcomments&post=95315"}],"version-history":[{"count":0,"href":"https:\/\/kibrisdakik.com\/index.php?rest_route=\/wp\/v2\/posts\/95315\/revisions"}],"wp:featuredmedia":[{"embeddable":true,"href":"https:\/\/kibrisdakik.com\/index.php?rest_route=\/wp\/v2\/media\/95316"}],"wp:attachment":[{"href":"https:\/\/kibrisdakik.com\/index.php?rest_route=%2Fwp%2Fv2%2Fmedia&parent=95315"}],"wp:term":[{"taxonomy":"category","embeddable":true,"href":"https:\/\/kibrisdakik.com\/index.php?rest_route=%2Fwp%2Fv2%2Fcategories&post=95315"},{"taxonomy":"post_tag","embeddable":true,"href":"https:\/\/kibrisdakik.com\/index.php?rest_route=%2Fwp%2Fv2%2Ftags&post=95315"}],"curies":[{"name":"wp","href":"https:\/\/api.w.org\/{rel}","templated":true}]}}