{"id":95344,"date":"2025-10-10T14:58:06","date_gmt":"2025-10-10T11:58:06","guid":{"rendered":"https:\/\/kibrisdakik.com\/index.php\/2025\/10\/10\/ev-sahibinin-altinlarini-calan-sahis-tutuklandi\/"},"modified":"2025-10-10T14:58:06","modified_gmt":"2025-10-10T11:58:06","slug":"ev-sahibinin-altinlarini-calan-sahis-tutuklandi","status":"publish","type":"post","link":"https:\/\/kibrisdakik.com\/?p=95344","title":{"rendered":"EV SAH\u0130B\u0130N\u0130N ALTINLARINI \u00c7ALAN \u015eAHIS TUTUKLANDI"},"content":{"rendered":"<p><\/p>\n<p>Lefko\u015fa\u2019da meydana gelen\u201d m\u00fcstahdem taraf\u0131ndan sirkat\u201d su\u00e7undan tutuklanan T.H. yeniden mahkemeye \u00e7\u0131kar\u0131ld\u0131.<\/p>\n<p>Polis memuru Enis Sabit mahkemeye olgular\u0131 aktard\u0131. Polis, 2025 y\u0131l\u0131 Eyl\u00fcl ay\u0131 i\u00e7erisinde Lefko\u015fa&#8217;n\u0131n Ortak\u00f6y b\u00f6lgesinde H.E.\u2019nin ikametgah\u0131nda ocak ay\u0131ndan itibaren temizlik\u00e7i olarak \u00e7al\u0131\u015fan zanl\u0131n\u0131n yatak odas\u0131 i\u00e7erisinde bulunan 4 \u00e7ekmeceli komodinin alt \u00e7ekmecesindeki muhafaza edilen bir adet cumhuriyet alt\u0131n\u0131, 4 Ata liras\u0131n\u0131, 3 yar\u0131m cumhuriyet alt\u0131n\u0131n\u0131 ve 9 adet \u00e7eyrek cumhuriyet alt\u0131n\u0131n\u0131 \u00e7ald\u0131\u011f\u0131n\u0131 s\u00f6yledi. Polis, zanl\u0131n\u0131n \u00e7ald\u0131\u011f\u0131 ziynet e\u015fyalar\u0131n\u0131n de\u011ferinin 294 bin TL oldu\u011funu a\u00e7\u0131klad\u0131. Polis, ev sahibinin 18 Eyl\u00fcl 2025 tarihinde alt\u0131nlar\u0131n yerinde olmad\u0131\u011f\u0131n\u0131 fark etti\u011fini, zanl\u0131ya sordu\u011funda alt\u0131nlar\u0131 ald\u0131\u011f\u0131n\u0131 kabul etti\u011fini ancak geri verece\u011fine dair s\u00f6z vermesine ra\u011fmen alt\u0131nlar\u0131 alamad\u0131\u011f\u0131n\u0131, bunun \u00fczerine 1 Ekim\u2019de \u015fikayet\u00e7i oldu\u011funu a\u00e7\u0131klad\u0131. Polis, zanl\u0131n\u0131n 1 Ekim\u2019de Lefko\u015fa\u2019da tespit edilerek tutukland\u0131\u011f\u0131n\u0131, kalmakta oldu\u011fu ikametgahta arama yap\u0131ld\u0131\u011f\u0131n\u0131 ancak aranan emarelerin bulunmad\u0131\u011f\u0131n\u0131 s\u00f6yledi. Polis, zanl\u0131n\u0131n mahkemeye \u00e7\u0131kar\u0131larak, ilk etapta 3 g\u00fcn ek s\u00fcre al\u0131nd\u0131\u011f\u0131n\u0131, bu s\u00fcre i\u00e7erisinde vermi\u015f oldu\u011fu ifadesinde 17 Eyl\u00fcl\u2019de mutfakta kutu i\u00e7erisinde buldu\u011fu 2 adet ata liras\u0131n\u0131 ald\u0131\u011f\u0131n\u0131, 18 Eyl\u00fcl\u2019de Lefko\u015fa\u2019da bir kuyumcuya 63 bin liraya satt\u0131\u011f\u0131n\u0131 ancak korktu\u011fu i\u00e7in paray\u0131 \u00e7\u00f6p kutusuna att\u0131\u011f\u0131n\u0131 s\u00f6yledi\u011fini aktard\u0131. Polis, s\u00f6z konusu kuyumcunun tespit edildi\u011fini, \u00e7evre g\u00fcvenlik kameralar\u0131n\u0131n incelendi\u011fini ancak zanl\u0131n\u0131n s\u00f6yledi\u011fi gibi paray\u0131 \u00e7\u00f6pe atmad\u0131\u011f\u0131n\u0131n belirlendi\u011fini a\u00e7\u0131klad\u0131. Polis, ayr\u0131ca zanl\u0131n\u0131n yine Lefko\u015fa\u2019da bir ba\u015fka kuyumcuya 2 adet yar\u0131m alt\u0131n sat\u0131p, 32 bin TL ald\u0131\u011f\u0131n\u0131 belirlediklerini a\u00e7\u0131klad\u0131. Polis, zanl\u0131dan izahat istendi\u011finde satt\u0131\u011f\u0131 4 adet alt\u0131n ve maa\u015f\u0131n\u0131n bir k\u0131sm\u0131yla ald\u0131\u011f\u0131 3 bin dolar\u0131 evde kliman\u0131n i\u00e7erisine gizledi\u011fini s\u00f6yledi\u011fini ancak kontrol yap\u0131ld\u0131\u011f\u0131nda paran\u0131n orada bulunmad\u0131\u011f\u0131n\u0131 kaydetti. Polis, zanl\u0131n\u0131n \u00e7ald\u0131\u011f\u0131 4 alt\u0131n\u0131 satt\u0131\u011f\u0131n\u0131, ancak di\u011fer alt\u0131nlar\u0131 ne yapt\u0131\u011f\u0131n\u0131n tespit edilemedi\u011fini belirtti. Polis, soru\u015fturman\u0131n b\u00fcy\u00fck bir k\u0131sm\u0131n\u0131n tamamland\u0131\u011f\u0131n\u0131, zanl\u0131n\u0131n 6 Temmuz 2025 tarihinden beri 87 g\u00fcnd\u00fcr \u00fclkede ka\u00e7ak kald\u0131\u011f\u0131n\u0131n belirlendi\u011fini ifade ederek, tutuklu yarg\u0131 talep etti.<\/p>\n<p>Huzurundaki \u015fahadeti de\u011ferlendiren Yarg\u0131\u00e7 \u015eevket Gazi, zanl\u0131n\u0131n bir ay\u0131 a\u015fmayacak s\u00fcreyle cezaevine g\u00f6nderilmesine emir verdi. (Kamal\u0131 Haber)<\/p>\n","protected":false},"excerpt":{"rendered":"<p>Lefko\u015fa\u2019da meydana gelen\u201d m\u00fcstahdem taraf\u0131ndan sirkat\u201d su\u00e7undan tutuklanan T.H. yeniden mahkemeye \u00e7\u0131kar\u0131ld\u0131. Polis memuru Enis Sabit mahkemeye olgular\u0131 aktard\u0131. Polis, 2025 y\u0131l\u0131 Eyl\u00fcl ay\u0131 i\u00e7erisinde Lefko\u015fa&#8217;n\u0131n Ortak\u00f6y b\u00f6lgesinde H.E.\u2019nin ikametgah\u0131nda ocak ay\u0131ndan itibaren temizlik\u00e7i olarak \u00e7al\u0131\u015fan zanl\u0131n\u0131n yatak odas\u0131 i\u00e7erisinde bulunan 4 \u00e7ekmeceli komodinin alt \u00e7ekmecesindeki muhafaza edilen bir adet cumhuriyet alt\u0131n\u0131, 4 Ata liras\u0131n\u0131,<\/p>\n","protected":false},"author":1,"featured_media":95345,"comment_status":"open","ping_status":"open","sticky":false,"template":"","format":"standard","meta":{"footnotes":""},"categories":[81],"tags":[],"class_list":["post-95344","post","type-post","status-publish","format-standard","has-post-thumbnail","hentry","category-kibris"],"yoast_head":"<!-- This site is optimized with the Yoast SEO plugin v27.5 - https:\/\/yoast.com\/product\/yoast-seo-wordpress\/ -->\n<title>EV SAH\u0130B\u0130N\u0130N ALTINLARINI \u00c7ALAN \u015eAHIS TUTUKLANDI -<\/title>\n<meta name=\"robots\" content=\"index, follow, max-snippet:-1, max-image-preview:large, max-video-preview:-1\" \/>\n<link rel=\"canonical\" href=\"https:\/\/kibrisdakik.com\/?p=95344\" \/>\n<meta property=\"og:locale\" content=\"tr_TR\" \/>\n<meta property=\"og:type\" content=\"article\" \/>\n<meta property=\"og:title\" content=\"EV SAH\u0130B\u0130N\u0130N ALTINLARINI \u00c7ALAN \u015eAHIS TUTUKLANDI -\" \/>\n<meta property=\"og:description\" content=\"Lefko\u015fa\u2019da meydana gelen\u201d m\u00fcstahdem taraf\u0131ndan sirkat\u201d su\u00e7undan tutuklanan T.H. yeniden mahkemeye \u00e7\u0131kar\u0131ld\u0131. Polis memuru Enis Sabit mahkemeye olgular\u0131 aktard\u0131. Polis, 2025 y\u0131l\u0131 Eyl\u00fcl ay\u0131 i\u00e7erisinde Lefko\u015fa&#8217;n\u0131n Ortak\u00f6y b\u00f6lgesinde H.E.\u2019nin ikametgah\u0131nda ocak ay\u0131ndan itibaren temizlik\u00e7i olarak \u00e7al\u0131\u015fan zanl\u0131n\u0131n yatak odas\u0131 i\u00e7erisinde bulunan 4 \u00e7ekmeceli komodinin alt \u00e7ekmecesindeki muhafaza edilen bir adet cumhuriyet alt\u0131n\u0131, 4 Ata liras\u0131n\u0131,\" \/>\n<meta property=\"og:url\" content=\"https:\/\/kibrisdakik.com\/?p=95344\" \/>\n<meta property=\"article:published_time\" content=\"2025-10-10T11:58:06+00:00\" \/>\n<meta property=\"og:image\" content=\"https:\/\/kibrisdakik.com\/wp-content\/uploads\/2025\/10\/mha-1448.png\" \/>\n\t<meta property=\"og:image:width\" content=\"1280\" \/>\n\t<meta property=\"og:image:height\" content=\"720\" \/>\n\t<meta property=\"og:image:type\" content=\"image\/png\" \/>\n<meta name=\"author\" content=\"admin\" \/>\n<meta name=\"twitter:card\" content=\"summary_large_image\" \/>\n<meta name=\"twitter:label1\" content=\"Yazan:\" \/>\n\t<meta name=\"twitter:data1\" content=\"admin\" \/>\n\t<meta name=\"twitter:label2\" content=\"Tahmini okuma s\u00fcresi\" \/>\n\t<meta name=\"twitter:data2\" content=\"2 dakika\" \/>\n<script type=\"application\/ld+json\" class=\"yoast-schema-graph\">{\"@context\":\"https:\\\/\\\/schema.org\",\"@graph\":[{\"@type\":\"Article\",\"@id\":\"https:\\\/\\\/kibrisdakik.com\\\/?p=95344#article\",\"isPartOf\":{\"@id\":\"https:\\\/\\\/kibrisdakik.com\\\/?p=95344\"},\"author\":{\"name\":\"admin\",\"@id\":\"https:\\\/\\\/kibrisdakik.com\\\/#\\\/schema\\\/person\\\/9cd9d437bbb44f72b73ba127e06d8e79\"},\"headline\":\"EV SAH\u0130B\u0130N\u0130N ALTINLARINI \u00c7ALAN \u015eAHIS TUTUKLANDI\",\"datePublished\":\"2025-10-10T11:58:06+00:00\",\"mainEntityOfPage\":{\"@id\":\"https:\\\/\\\/kibrisdakik.com\\\/?p=95344\"},\"wordCount\":451,\"commentCount\":0,\"image\":{\"@id\":\"https:\\\/\\\/kibrisdakik.com\\\/?p=95344#primaryimage\"},\"thumbnailUrl\":\"https:\\\/\\\/kibrisdakik.com\\\/wp-content\\\/uploads\\\/2025\\\/10\\\/mha-1448.png\",\"articleSection\":[\"K\u0131br\u0131s\"],\"inLanguage\":\"tr\",\"potentialAction\":[{\"@type\":\"CommentAction\",\"name\":\"Comment\",\"target\":[\"https:\\\/\\\/kibrisdakik.com\\\/?p=95344#respond\"]}]},{\"@type\":\"WebPage\",\"@id\":\"https:\\\/\\\/kibrisdakik.com\\\/?p=95344\",\"url\":\"https:\\\/\\\/kibrisdakik.com\\\/?p=95344\",\"name\":\"EV SAH\u0130B\u0130N\u0130N ALTINLARINI \u00c7ALAN \u015eAHIS TUTUKLANDI -\",\"isPartOf\":{\"@id\":\"https:\\\/\\\/kibrisdakik.com\\\/#website\"},\"primaryImageOfPage\":{\"@id\":\"https:\\\/\\\/kibrisdakik.com\\\/?p=95344#primaryimage\"},\"image\":{\"@id\":\"https:\\\/\\\/kibrisdakik.com\\\/?p=95344#primaryimage\"},\"thumbnailUrl\":\"https:\\\/\\\/kibrisdakik.com\\\/wp-content\\\/uploads\\\/2025\\\/10\\\/mha-1448.png\",\"datePublished\":\"2025-10-10T11:58:06+00:00\",\"author\":{\"@id\":\"https:\\\/\\\/kibrisdakik.com\\\/#\\\/schema\\\/person\\\/9cd9d437bbb44f72b73ba127e06d8e79\"},\"breadcrumb\":{\"@id\":\"https:\\\/\\\/kibrisdakik.com\\\/?p=95344#breadcrumb\"},\"inLanguage\":\"tr\",\"potentialAction\":[{\"@type\":\"ReadAction\",\"target\":[\"https:\\\/\\\/kibrisdakik.com\\\/?p=95344\"]}]},{\"@type\":\"ImageObject\",\"inLanguage\":\"tr\",\"@id\":\"https:\\\/\\\/kibrisdakik.com\\\/?p=95344#primaryimage\",\"url\":\"https:\\\/\\\/kibrisdakik.com\\\/wp-content\\\/uploads\\\/2025\\\/10\\\/mha-1448.png\",\"contentUrl\":\"https:\\\/\\\/kibrisdakik.com\\\/wp-content\\\/uploads\\\/2025\\\/10\\\/mha-1448.png\",\"width\":1280,\"height\":720},{\"@type\":\"BreadcrumbList\",\"@id\":\"https:\\\/\\\/kibrisdakik.com\\\/?p=95344#breadcrumb\",\"itemListElement\":[{\"@type\":\"ListItem\",\"position\":1,\"name\":\"Home\",\"item\":\"https:\\\/\\\/kibrisdakik.com\\\/\"},{\"@type\":\"ListItem\",\"position\":2,\"name\":\"EV SAH\u0130B\u0130N\u0130N ALTINLARINI \u00c7ALAN \u015eAHIS TUTUKLANDI\"}]},{\"@type\":\"WebSite\",\"@id\":\"https:\\\/\\\/kibrisdakik.com\\\/#website\",\"url\":\"https:\\\/\\\/kibrisdakik.com\\\/\",\"name\":\"\",\"description\":\"Tam vaktinde haber\",\"potentialAction\":[{\"@type\":\"SearchAction\",\"target\":{\"@type\":\"EntryPoint\",\"urlTemplate\":\"https:\\\/\\\/kibrisdakik.com\\\/?s={search_term_string}\"},\"query-input\":{\"@type\":\"PropertyValueSpecification\",\"valueRequired\":true,\"valueName\":\"search_term_string\"}}],\"inLanguage\":\"tr\"},{\"@type\":\"Person\",\"@id\":\"https:\\\/\\\/kibrisdakik.com\\\/#\\\/schema\\\/person\\\/9cd9d437bbb44f72b73ba127e06d8e79\",\"name\":\"admin\",\"image\":{\"@type\":\"ImageObject\",\"inLanguage\":\"tr\",\"@id\":\"https:\\\/\\\/secure.gravatar.com\\\/avatar\\\/ccc17943b9d660506c869530f897617f7cb1c21a4bf30023f252596d83e1f007?s=96&d=mm&r=g\",\"url\":\"https:\\\/\\\/secure.gravatar.com\\\/avatar\\\/ccc17943b9d660506c869530f897617f7cb1c21a4bf30023f252596d83e1f007?s=96&d=mm&r=g\",\"contentUrl\":\"https:\\\/\\\/secure.gravatar.com\\\/avatar\\\/ccc17943b9d660506c869530f897617f7cb1c21a4bf30023f252596d83e1f007?s=96&d=mm&r=g\",\"caption\":\"admin\"},\"sameAs\":[\"https:\\\/\\\/kibrisdakik.com\"],\"url\":\"https:\\\/\\\/kibrisdakik.com\\\/?author=1\"}]}<\/script>\n<!-- \/ Yoast SEO plugin. -->","yoast_head_json":{"title":"EV SAH\u0130B\u0130N\u0130N ALTINLARINI \u00c7ALAN \u015eAHIS TUTUKLANDI -","robots":{"index":"index","follow":"follow","max-snippet":"max-snippet:-1","max-image-preview":"max-image-preview:large","max-video-preview":"max-video-preview:-1"},"canonical":"https:\/\/kibrisdakik.com\/?p=95344","og_locale":"tr_TR","og_type":"article","og_title":"EV SAH\u0130B\u0130N\u0130N ALTINLARINI \u00c7ALAN \u015eAHIS TUTUKLANDI -","og_description":"Lefko\u015fa\u2019da meydana gelen\u201d m\u00fcstahdem taraf\u0131ndan sirkat\u201d su\u00e7undan tutuklanan T.H. yeniden mahkemeye \u00e7\u0131kar\u0131ld\u0131. Polis memuru Enis Sabit mahkemeye olgular\u0131 aktard\u0131. Polis, 2025 y\u0131l\u0131 Eyl\u00fcl ay\u0131 i\u00e7erisinde Lefko\u015fa&#8217;n\u0131n Ortak\u00f6y b\u00f6lgesinde H.E.\u2019nin ikametgah\u0131nda ocak ay\u0131ndan itibaren temizlik\u00e7i olarak \u00e7al\u0131\u015fan zanl\u0131n\u0131n yatak odas\u0131 i\u00e7erisinde bulunan 4 \u00e7ekmeceli komodinin alt \u00e7ekmecesindeki muhafaza edilen bir adet cumhuriyet alt\u0131n\u0131, 4 Ata liras\u0131n\u0131,","og_url":"https:\/\/kibrisdakik.com\/?p=95344","article_published_time":"2025-10-10T11:58:06+00:00","og_image":[{"width":1280,"height":720,"url":"https:\/\/kibrisdakik.com\/wp-content\/uploads\/2025\/10\/mha-1448.png","type":"image\/png"}],"author":"admin","twitter_card":"summary_large_image","twitter_misc":{"Yazan:":"admin","Tahmini okuma s\u00fcresi":"2 dakika"},"schema":{"@context":"https:\/\/schema.org","@graph":[{"@type":"Article","@id":"https:\/\/kibrisdakik.com\/?p=95344#article","isPartOf":{"@id":"https:\/\/kibrisdakik.com\/?p=95344"},"author":{"name":"admin","@id":"https:\/\/kibrisdakik.com\/#\/schema\/person\/9cd9d437bbb44f72b73ba127e06d8e79"},"headline":"EV SAH\u0130B\u0130N\u0130N ALTINLARINI \u00c7ALAN \u015eAHIS TUTUKLANDI","datePublished":"2025-10-10T11:58:06+00:00","mainEntityOfPage":{"@id":"https:\/\/kibrisdakik.com\/?p=95344"},"wordCount":451,"commentCount":0,"image":{"@id":"https:\/\/kibrisdakik.com\/?p=95344#primaryimage"},"thumbnailUrl":"https:\/\/kibrisdakik.com\/wp-content\/uploads\/2025\/10\/mha-1448.png","articleSection":["K\u0131br\u0131s"],"inLanguage":"tr","potentialAction":[{"@type":"CommentAction","name":"Comment","target":["https:\/\/kibrisdakik.com\/?p=95344#respond"]}]},{"@type":"WebPage","@id":"https:\/\/kibrisdakik.com\/?p=95344","url":"https:\/\/kibrisdakik.com\/?p=95344","name":"EV SAH\u0130B\u0130N\u0130N ALTINLARINI \u00c7ALAN \u015eAHIS TUTUKLANDI -","isPartOf":{"@id":"https:\/\/kibrisdakik.com\/#website"},"primaryImageOfPage":{"@id":"https:\/\/kibrisdakik.com\/?p=95344#primaryimage"},"image":{"@id":"https:\/\/kibrisdakik.com\/?p=95344#primaryimage"},"thumbnailUrl":"https:\/\/kibrisdakik.com\/wp-content\/uploads\/2025\/10\/mha-1448.png","datePublished":"2025-10-10T11:58:06+00:00","author":{"@id":"https:\/\/kibrisdakik.com\/#\/schema\/person\/9cd9d437bbb44f72b73ba127e06d8e79"},"breadcrumb":{"@id":"https:\/\/kibrisdakik.com\/?p=95344#breadcrumb"},"inLanguage":"tr","potentialAction":[{"@type":"ReadAction","target":["https:\/\/kibrisdakik.com\/?p=95344"]}]},{"@type":"ImageObject","inLanguage":"tr","@id":"https:\/\/kibrisdakik.com\/?p=95344#primaryimage","url":"https:\/\/kibrisdakik.com\/wp-content\/uploads\/2025\/10\/mha-1448.png","contentUrl":"https:\/\/kibrisdakik.com\/wp-content\/uploads\/2025\/10\/mha-1448.png","width":1280,"height":720},{"@type":"BreadcrumbList","@id":"https:\/\/kibrisdakik.com\/?p=95344#breadcrumb","itemListElement":[{"@type":"ListItem","position":1,"name":"Home","item":"https:\/\/kibrisdakik.com\/"},{"@type":"ListItem","position":2,"name":"EV SAH\u0130B\u0130N\u0130N ALTINLARINI \u00c7ALAN \u015eAHIS TUTUKLANDI"}]},{"@type":"WebSite","@id":"https:\/\/kibrisdakik.com\/#website","url":"https:\/\/kibrisdakik.com\/","name":"","description":"Tam vaktinde haber","potentialAction":[{"@type":"SearchAction","target":{"@type":"EntryPoint","urlTemplate":"https:\/\/kibrisdakik.com\/?s={search_term_string}"},"query-input":{"@type":"PropertyValueSpecification","valueRequired":true,"valueName":"search_term_string"}}],"inLanguage":"tr"},{"@type":"Person","@id":"https:\/\/kibrisdakik.com\/#\/schema\/person\/9cd9d437bbb44f72b73ba127e06d8e79","name":"admin","image":{"@type":"ImageObject","inLanguage":"tr","@id":"https:\/\/secure.gravatar.com\/avatar\/ccc17943b9d660506c869530f897617f7cb1c21a4bf30023f252596d83e1f007?s=96&d=mm&r=g","url":"https:\/\/secure.gravatar.com\/avatar\/ccc17943b9d660506c869530f897617f7cb1c21a4bf30023f252596d83e1f007?s=96&d=mm&r=g","contentUrl":"https:\/\/secure.gravatar.com\/avatar\/ccc17943b9d660506c869530f897617f7cb1c21a4bf30023f252596d83e1f007?s=96&d=mm&r=g","caption":"admin"},"sameAs":["https:\/\/kibrisdakik.com"],"url":"https:\/\/kibrisdakik.com\/?author=1"}]}},"_links":{"self":[{"href":"https:\/\/kibrisdakik.com\/index.php?rest_route=\/wp\/v2\/posts\/95344","targetHints":{"allow":["GET"]}}],"collection":[{"href":"https:\/\/kibrisdakik.com\/index.php?rest_route=\/wp\/v2\/posts"}],"about":[{"href":"https:\/\/kibrisdakik.com\/index.php?rest_route=\/wp\/v2\/types\/post"}],"author":[{"embeddable":true,"href":"https:\/\/kibrisdakik.com\/index.php?rest_route=\/wp\/v2\/users\/1"}],"replies":[{"embeddable":true,"href":"https:\/\/kibrisdakik.com\/index.php?rest_route=%2Fwp%2Fv2%2Fcomments&post=95344"}],"version-history":[{"count":0,"href":"https:\/\/kibrisdakik.com\/index.php?rest_route=\/wp\/v2\/posts\/95344\/revisions"}],"wp:featuredmedia":[{"embeddable":true,"href":"https:\/\/kibrisdakik.com\/index.php?rest_route=\/wp\/v2\/media\/95345"}],"wp:attachment":[{"href":"https:\/\/kibrisdakik.com\/index.php?rest_route=%2Fwp%2Fv2%2Fmedia&parent=95344"}],"wp:term":[{"taxonomy":"category","embeddable":true,"href":"https:\/\/kibrisdakik.com\/index.php?rest_route=%2Fwp%2Fv2%2Fcategories&post=95344"},{"taxonomy":"post_tag","embeddable":true,"href":"https:\/\/kibrisdakik.com\/index.php?rest_route=%2Fwp%2Fv2%2Ftags&post=95344"}],"curies":[{"name":"wp","href":"https:\/\/api.w.org\/{rel}","templated":true}]}}