{"id":95412,"date":"2025-10-11T11:40:37","date_gmt":"2025-10-11T08:40:37","guid":{"rendered":"https:\/\/kibrisdakik.com\/index.php\/2025\/10\/11\/girnede-gece-yarisi-kaza-yaralilar-hastaneye-kaldirildi\/"},"modified":"2025-10-11T11:40:37","modified_gmt":"2025-10-11T08:40:37","slug":"girnede-gece-yarisi-kaza-yaralilar-hastaneye-kaldirildi","status":"publish","type":"post","link":"https:\/\/kibrisdakik.com\/?p=95412","title":{"rendered":"G\u0130RNE\u2019DE GECE YARISI KAZA: YARALILAR HASTANEYE KALDIRILDI"},"content":{"rendered":"<p><\/p>\n<div data-text-id=\"186205\" property=\"articleBody\">\n<p>Girne\u2019de, Uluslararas\u0131 Final \u00dcniversitesi kar\u015f\u0131s\u0131nda gece saatlerinde trafik kazas\u0131 meydana geldi. Kazada yaral\u0131lar\u0131n oldu\u011fu \u00f6\u011frenildi.<\/p>\n<p>Olayla ilgili detaylar hen\u00fcz netle\u015fmezken, b\u00f6lgeye polis ve sa\u011fl\u0131k ekipleri sevk edildi. Yaral\u0131lar ambulanslarla hastaneye kald\u0131r\u0131ld\u0131.<img loading=\"lazy\" decoding=\"async\" height=\"431\" src=\"https:\/\/mhahabercom.teimg.com\/mhahaber-com\/uploads\/2025\/10\/7-300.png\" width=\"706\"\/><\/p>\n<p>Kaza ile ilgili soru\u015fturma devam ediyor. Ayr\u0131nt\u0131lar gelecek\u2026<\/p>\n<\/p><\/div>\n","protected":false},"excerpt":{"rendered":"<p>Girne\u2019de, Uluslararas\u0131 Final \u00dcniversitesi kar\u015f\u0131s\u0131nda gece saatlerinde trafik kazas\u0131 meydana geldi. Kazada yaral\u0131lar\u0131n oldu\u011fu \u00f6\u011frenildi. Olayla ilgili detaylar hen\u00fcz netle\u015fmezken, b\u00f6lgeye polis ve sa\u011fl\u0131k ekipleri sevk edildi. Yaral\u0131lar ambulanslarla hastaneye kald\u0131r\u0131ld\u0131. Kaza ile ilgili soru\u015fturma devam ediyor. Ayr\u0131nt\u0131lar gelecek\u2026<\/p>\n","protected":false},"author":1,"featured_media":95413,"comment_status":"open","ping_status":"open","sticky":false,"template":"","format":"standard","meta":{"footnotes":""},"categories":[81],"tags":[],"class_list":["post-95412","post","type-post","status-publish","format-standard","has-post-thumbnail","hentry","category-kibris"],"yoast_head":"<!-- This site is optimized with the Yoast SEO plugin v27.5 - https:\/\/yoast.com\/product\/yoast-seo-wordpress\/ -->\n<title>G\u0130RNE\u2019DE GECE YARISI KAZA: YARALILAR HASTANEYE KALDIRILDI -<\/title>\n<meta name=\"robots\" content=\"index, follow, max-snippet:-1, max-image-preview:large, max-video-preview:-1\" \/>\n<link rel=\"canonical\" href=\"https:\/\/kibrisdakik.com\/?p=95412\" \/>\n<meta property=\"og:locale\" content=\"tr_TR\" \/>\n<meta property=\"og:type\" content=\"article\" \/>\n<meta property=\"og:title\" content=\"G\u0130RNE\u2019DE GECE YARISI KAZA: YARALILAR HASTANEYE KALDIRILDI -\" \/>\n<meta property=\"og:description\" content=\"Girne\u2019de, Uluslararas\u0131 Final \u00dcniversitesi kar\u015f\u0131s\u0131nda gece saatlerinde trafik kazas\u0131 meydana geldi. Kazada yaral\u0131lar\u0131n oldu\u011fu \u00f6\u011frenildi. Olayla ilgili detaylar hen\u00fcz netle\u015fmezken, b\u00f6lgeye polis ve sa\u011fl\u0131k ekipleri sevk edildi. Yaral\u0131lar ambulanslarla hastaneye kald\u0131r\u0131ld\u0131. Kaza ile ilgili soru\u015fturma devam ediyor. Ayr\u0131nt\u0131lar gelecek\u2026\" \/>\n<meta property=\"og:url\" content=\"https:\/\/kibrisdakik.com\/?p=95412\" \/>\n<meta property=\"article:published_time\" content=\"2025-10-11T08:40:37+00:00\" \/>\n<meta property=\"og:image\" content=\"https:\/\/kibrisdakik.com\/wp-content\/uploads\/2025\/10\/mha-1460.png\" \/>\n\t<meta property=\"og:image:width\" content=\"1280\" \/>\n\t<meta property=\"og:image:height\" content=\"720\" \/>\n\t<meta property=\"og:image:type\" content=\"image\/png\" \/>\n<meta name=\"author\" content=\"admin\" \/>\n<meta name=\"twitter:card\" content=\"summary_large_image\" \/>\n<meta name=\"twitter:label1\" content=\"Yazan:\" \/>\n\t<meta name=\"twitter:data1\" content=\"admin\" \/>\n<script type=\"application\/ld+json\" class=\"yoast-schema-graph\">{\"@context\":\"https:\\\/\\\/schema.org\",\"@graph\":[{\"@type\":\"Article\",\"@id\":\"https:\\\/\\\/kibrisdakik.com\\\/?p=95412#article\",\"isPartOf\":{\"@id\":\"https:\\\/\\\/kibrisdakik.com\\\/?p=95412\"},\"author\":{\"name\":\"admin\",\"@id\":\"https:\\\/\\\/kibrisdakik.com\\\/#\\\/schema\\\/person\\\/9cd9d437bbb44f72b73ba127e06d8e79\"},\"headline\":\"G\u0130RNE\u2019DE GECE YARISI KAZA: YARALILAR HASTANEYE KALDIRILDI\",\"datePublished\":\"2025-10-11T08:40:37+00:00\",\"mainEntityOfPage\":{\"@id\":\"https:\\\/\\\/kibrisdakik.com\\\/?p=95412\"},\"wordCount\":65,\"commentCount\":0,\"image\":{\"@id\":\"https:\\\/\\\/kibrisdakik.com\\\/?p=95412#primaryimage\"},\"thumbnailUrl\":\"https:\\\/\\\/kibrisdakik.com\\\/wp-content\\\/uploads\\\/2025\\\/10\\\/mha-1460.png\",\"articleSection\":[\"K\u0131br\u0131s\"],\"inLanguage\":\"tr\",\"potentialAction\":[{\"@type\":\"CommentAction\",\"name\":\"Comment\",\"target\":[\"https:\\\/\\\/kibrisdakik.com\\\/?p=95412#respond\"]}]},{\"@type\":\"WebPage\",\"@id\":\"https:\\\/\\\/kibrisdakik.com\\\/?p=95412\",\"url\":\"https:\\\/\\\/kibrisdakik.com\\\/?p=95412\",\"name\":\"G\u0130RNE\u2019DE GECE YARISI KAZA: YARALILAR HASTANEYE KALDIRILDI -\",\"isPartOf\":{\"@id\":\"https:\\\/\\\/kibrisdakik.com\\\/#website\"},\"primaryImageOfPage\":{\"@id\":\"https:\\\/\\\/kibrisdakik.com\\\/?p=95412#primaryimage\"},\"image\":{\"@id\":\"https:\\\/\\\/kibrisdakik.com\\\/?p=95412#primaryimage\"},\"thumbnailUrl\":\"https:\\\/\\\/kibrisdakik.com\\\/wp-content\\\/uploads\\\/2025\\\/10\\\/mha-1460.png\",\"datePublished\":\"2025-10-11T08:40:37+00:00\",\"author\":{\"@id\":\"https:\\\/\\\/kibrisdakik.com\\\/#\\\/schema\\\/person\\\/9cd9d437bbb44f72b73ba127e06d8e79\"},\"breadcrumb\":{\"@id\":\"https:\\\/\\\/kibrisdakik.com\\\/?p=95412#breadcrumb\"},\"inLanguage\":\"tr\",\"potentialAction\":[{\"@type\":\"ReadAction\",\"target\":[\"https:\\\/\\\/kibrisdakik.com\\\/?p=95412\"]}]},{\"@type\":\"ImageObject\",\"inLanguage\":\"tr\",\"@id\":\"https:\\\/\\\/kibrisdakik.com\\\/?p=95412#primaryimage\",\"url\":\"https:\\\/\\\/kibrisdakik.com\\\/wp-content\\\/uploads\\\/2025\\\/10\\\/mha-1460.png\",\"contentUrl\":\"https:\\\/\\\/kibrisdakik.com\\\/wp-content\\\/uploads\\\/2025\\\/10\\\/mha-1460.png\",\"width\":1280,\"height\":720},{\"@type\":\"BreadcrumbList\",\"@id\":\"https:\\\/\\\/kibrisdakik.com\\\/?p=95412#breadcrumb\",\"itemListElement\":[{\"@type\":\"ListItem\",\"position\":1,\"name\":\"Home\",\"item\":\"https:\\\/\\\/kibrisdakik.com\\\/\"},{\"@type\":\"ListItem\",\"position\":2,\"name\":\"G\u0130RNE\u2019DE GECE YARISI KAZA: YARALILAR HASTANEYE KALDIRILDI\"}]},{\"@type\":\"WebSite\",\"@id\":\"https:\\\/\\\/kibrisdakik.com\\\/#website\",\"url\":\"https:\\\/\\\/kibrisdakik.com\\\/\",\"name\":\"\",\"description\":\"Tam vaktinde haber\",\"potentialAction\":[{\"@type\":\"SearchAction\",\"target\":{\"@type\":\"EntryPoint\",\"urlTemplate\":\"https:\\\/\\\/kibrisdakik.com\\\/?s={search_term_string}\"},\"query-input\":{\"@type\":\"PropertyValueSpecification\",\"valueRequired\":true,\"valueName\":\"search_term_string\"}}],\"inLanguage\":\"tr\"},{\"@type\":\"Person\",\"@id\":\"https:\\\/\\\/kibrisdakik.com\\\/#\\\/schema\\\/person\\\/9cd9d437bbb44f72b73ba127e06d8e79\",\"name\":\"admin\",\"image\":{\"@type\":\"ImageObject\",\"inLanguage\":\"tr\",\"@id\":\"https:\\\/\\\/secure.gravatar.com\\\/avatar\\\/ccc17943b9d660506c869530f897617f7cb1c21a4bf30023f252596d83e1f007?s=96&d=mm&r=g\",\"url\":\"https:\\\/\\\/secure.gravatar.com\\\/avatar\\\/ccc17943b9d660506c869530f897617f7cb1c21a4bf30023f252596d83e1f007?s=96&d=mm&r=g\",\"contentUrl\":\"https:\\\/\\\/secure.gravatar.com\\\/avatar\\\/ccc17943b9d660506c869530f897617f7cb1c21a4bf30023f252596d83e1f007?s=96&d=mm&r=g\",\"caption\":\"admin\"},\"sameAs\":[\"https:\\\/\\\/kibrisdakik.com\"],\"url\":\"https:\\\/\\\/kibrisdakik.com\\\/?author=1\"}]}<\/script>\n<!-- \/ Yoast SEO plugin. -->","yoast_head_json":{"title":"G\u0130RNE\u2019DE GECE YARISI KAZA: YARALILAR HASTANEYE KALDIRILDI -","robots":{"index":"index","follow":"follow","max-snippet":"max-snippet:-1","max-image-preview":"max-image-preview:large","max-video-preview":"max-video-preview:-1"},"canonical":"https:\/\/kibrisdakik.com\/?p=95412","og_locale":"tr_TR","og_type":"article","og_title":"G\u0130RNE\u2019DE GECE YARISI KAZA: YARALILAR HASTANEYE KALDIRILDI -","og_description":"Girne\u2019de, Uluslararas\u0131 Final \u00dcniversitesi kar\u015f\u0131s\u0131nda gece saatlerinde trafik kazas\u0131 meydana geldi. Kazada yaral\u0131lar\u0131n oldu\u011fu \u00f6\u011frenildi. Olayla ilgili detaylar hen\u00fcz netle\u015fmezken, b\u00f6lgeye polis ve sa\u011fl\u0131k ekipleri sevk edildi. Yaral\u0131lar ambulanslarla hastaneye kald\u0131r\u0131ld\u0131. Kaza ile ilgili soru\u015fturma devam ediyor. Ayr\u0131nt\u0131lar gelecek\u2026","og_url":"https:\/\/kibrisdakik.com\/?p=95412","article_published_time":"2025-10-11T08:40:37+00:00","og_image":[{"width":1280,"height":720,"url":"https:\/\/kibrisdakik.com\/wp-content\/uploads\/2025\/10\/mha-1460.png","type":"image\/png"}],"author":"admin","twitter_card":"summary_large_image","twitter_misc":{"Yazan:":"admin"},"schema":{"@context":"https:\/\/schema.org","@graph":[{"@type":"Article","@id":"https:\/\/kibrisdakik.com\/?p=95412#article","isPartOf":{"@id":"https:\/\/kibrisdakik.com\/?p=95412"},"author":{"name":"admin","@id":"https:\/\/kibrisdakik.com\/#\/schema\/person\/9cd9d437bbb44f72b73ba127e06d8e79"},"headline":"G\u0130RNE\u2019DE GECE YARISI KAZA: YARALILAR HASTANEYE KALDIRILDI","datePublished":"2025-10-11T08:40:37+00:00","mainEntityOfPage":{"@id":"https:\/\/kibrisdakik.com\/?p=95412"},"wordCount":65,"commentCount":0,"image":{"@id":"https:\/\/kibrisdakik.com\/?p=95412#primaryimage"},"thumbnailUrl":"https:\/\/kibrisdakik.com\/wp-content\/uploads\/2025\/10\/mha-1460.png","articleSection":["K\u0131br\u0131s"],"inLanguage":"tr","potentialAction":[{"@type":"CommentAction","name":"Comment","target":["https:\/\/kibrisdakik.com\/?p=95412#respond"]}]},{"@type":"WebPage","@id":"https:\/\/kibrisdakik.com\/?p=95412","url":"https:\/\/kibrisdakik.com\/?p=95412","name":"G\u0130RNE\u2019DE GECE YARISI KAZA: YARALILAR HASTANEYE KALDIRILDI -","isPartOf":{"@id":"https:\/\/kibrisdakik.com\/#website"},"primaryImageOfPage":{"@id":"https:\/\/kibrisdakik.com\/?p=95412#primaryimage"},"image":{"@id":"https:\/\/kibrisdakik.com\/?p=95412#primaryimage"},"thumbnailUrl":"https:\/\/kibrisdakik.com\/wp-content\/uploads\/2025\/10\/mha-1460.png","datePublished":"2025-10-11T08:40:37+00:00","author":{"@id":"https:\/\/kibrisdakik.com\/#\/schema\/person\/9cd9d437bbb44f72b73ba127e06d8e79"},"breadcrumb":{"@id":"https:\/\/kibrisdakik.com\/?p=95412#breadcrumb"},"inLanguage":"tr","potentialAction":[{"@type":"ReadAction","target":["https:\/\/kibrisdakik.com\/?p=95412"]}]},{"@type":"ImageObject","inLanguage":"tr","@id":"https:\/\/kibrisdakik.com\/?p=95412#primaryimage","url":"https:\/\/kibrisdakik.com\/wp-content\/uploads\/2025\/10\/mha-1460.png","contentUrl":"https:\/\/kibrisdakik.com\/wp-content\/uploads\/2025\/10\/mha-1460.png","width":1280,"height":720},{"@type":"BreadcrumbList","@id":"https:\/\/kibrisdakik.com\/?p=95412#breadcrumb","itemListElement":[{"@type":"ListItem","position":1,"name":"Home","item":"https:\/\/kibrisdakik.com\/"},{"@type":"ListItem","position":2,"name":"G\u0130RNE\u2019DE GECE YARISI KAZA: YARALILAR HASTANEYE KALDIRILDI"}]},{"@type":"WebSite","@id":"https:\/\/kibrisdakik.com\/#website","url":"https:\/\/kibrisdakik.com\/","name":"","description":"Tam vaktinde haber","potentialAction":[{"@type":"SearchAction","target":{"@type":"EntryPoint","urlTemplate":"https:\/\/kibrisdakik.com\/?s={search_term_string}"},"query-input":{"@type":"PropertyValueSpecification","valueRequired":true,"valueName":"search_term_string"}}],"inLanguage":"tr"},{"@type":"Person","@id":"https:\/\/kibrisdakik.com\/#\/schema\/person\/9cd9d437bbb44f72b73ba127e06d8e79","name":"admin","image":{"@type":"ImageObject","inLanguage":"tr","@id":"https:\/\/secure.gravatar.com\/avatar\/ccc17943b9d660506c869530f897617f7cb1c21a4bf30023f252596d83e1f007?s=96&d=mm&r=g","url":"https:\/\/secure.gravatar.com\/avatar\/ccc17943b9d660506c869530f897617f7cb1c21a4bf30023f252596d83e1f007?s=96&d=mm&r=g","contentUrl":"https:\/\/secure.gravatar.com\/avatar\/ccc17943b9d660506c869530f897617f7cb1c21a4bf30023f252596d83e1f007?s=96&d=mm&r=g","caption":"admin"},"sameAs":["https:\/\/kibrisdakik.com"],"url":"https:\/\/kibrisdakik.com\/?author=1"}]}},"_links":{"self":[{"href":"https:\/\/kibrisdakik.com\/index.php?rest_route=\/wp\/v2\/posts\/95412","targetHints":{"allow":["GET"]}}],"collection":[{"href":"https:\/\/kibrisdakik.com\/index.php?rest_route=\/wp\/v2\/posts"}],"about":[{"href":"https:\/\/kibrisdakik.com\/index.php?rest_route=\/wp\/v2\/types\/post"}],"author":[{"embeddable":true,"href":"https:\/\/kibrisdakik.com\/index.php?rest_route=\/wp\/v2\/users\/1"}],"replies":[{"embeddable":true,"href":"https:\/\/kibrisdakik.com\/index.php?rest_route=%2Fwp%2Fv2%2Fcomments&post=95412"}],"version-history":[{"count":0,"href":"https:\/\/kibrisdakik.com\/index.php?rest_route=\/wp\/v2\/posts\/95412\/revisions"}],"wp:featuredmedia":[{"embeddable":true,"href":"https:\/\/kibrisdakik.com\/index.php?rest_route=\/wp\/v2\/media\/95413"}],"wp:attachment":[{"href":"https:\/\/kibrisdakik.com\/index.php?rest_route=%2Fwp%2Fv2%2Fmedia&parent=95412"}],"wp:term":[{"taxonomy":"category","embeddable":true,"href":"https:\/\/kibrisdakik.com\/index.php?rest_route=%2Fwp%2Fv2%2Fcategories&post=95412"},{"taxonomy":"post_tag","embeddable":true,"href":"https:\/\/kibrisdakik.com\/index.php?rest_route=%2Fwp%2Fv2%2Ftags&post=95412"}],"curies":[{"name":"wp","href":"https:\/\/api.w.org\/{rel}","templated":true}]}}