{"id":95435,"date":"2025-10-11T14:49:03","date_gmt":"2025-10-11T11:49:03","guid":{"rendered":"https:\/\/kibrisdakik.com\/index.php\/2025\/10\/11\/erhurman-diplomasi-ve-diyalog-her-zaman-en-dogru-yoldur\/"},"modified":"2025-10-11T14:49:03","modified_gmt":"2025-10-11T11:49:03","slug":"erhurman-diplomasi-ve-diyalog-her-zaman-en-dogru-yoldur","status":"publish","type":"post","link":"https:\/\/kibrisdakik.com\/?p=95435","title":{"rendered":"ERH\u00dcRMAN: D\u0130PLOMAS\u0130 VE D\u0130YALOG HER ZAMAN EN DO\u011eRU YOLDUR"},"content":{"rendered":"<p><\/p>\n<div data-text-id=\"186227\" property=\"articleBody\">\n<p>Cumhuriyet\u00e7i T\u00fcrk Partisi (CTP) Genel Ba\u015fkan\u0131 ve cumhurba\u015fkan\u0131 aday\u0131 Tufan Erh\u00fcrman, yeni d\u00f6nemde Cumhurba\u015fkanbl\u0131\u011f\u0131&#8217;n\u0131n itibar\u0131n\u0131n halkla birlikte yeniden in\u015fa edilece\u011fini s\u00f6yledi.<\/p>\n<p>CTP\u2019den verilen bilgiye g\u00f6re, Erh\u00fcrman Bo\u011fazi\u00e7i, S\u0131n\u0131r\u00fcst\u00fc, \u00d6t\u00fcken ve Ayg\u00fcn k\u00f6ylerini ziyaret ederek b\u00f6lge halk\u0131yla bir araya geldi. Erh\u00fcrman\u2019a ziyaretinde Genel Sekreter Erkut \u015eahali, CTP \u0130skele \u0130l\u00e7e Ba\u015fkan\u0131 H\u00fcseyin \u00d6zt\u00f6rel ve bir\u00e7ok milletvekili e\u015flik etti.<\/p>\n<p>-\u201cGerekli t\u00fcm giri\u015fim ve bask\u0131y\u0131 muhataplar nezdinde yapaca\u011f\u0131z\u201d<\/p>\n<p>Erh\u00fcrman, yeni d\u00f6nemde Cumhurba\u015fkanl\u0131\u011f\u0131\u2019n\u0131n kap\u0131s\u0131n\u0131n, \u00e7ocuklara, gen\u00e7lere, engellilere, kad\u0131nlara, emek\u00e7ilere, \u00fcretenlere, t\u00fcm kesimlere, herkese a\u00e7\u0131k olaca\u011f\u0131n\u0131 s\u00f6yleyerek, Cumhurba\u015fkanl\u0131\u011f\u0131n\u0131n bir ki\u015finin ve \u00e7evresindeki dar grubun makam\u0131, saray\u0131, k\u00f6\u015fk\u00fc olmad\u0131\u011f\u0131n\u0131 kaydetti.<\/p>\n<p>\u201cKarma evlilikler\u201dden do\u011fan \u00e7ocuklar\u0131n Avrupa Birli\u011fi vatanda\u015fl\u0131\u011f\u0131n\u0131n engellenmesi insan haklar\u0131na ayk\u0131r\u0131 oldu\u011funu belirten Erh\u00fcrman, \u015f\u00f6yle devam etti:<\/p>\n<p>\u201cHi\u00e7bir K\u0131br\u0131sl\u0131 Rum lider, K\u0131br\u0131sl\u0131 T\u00fcrklerin kiminle, nerede evlenece\u011fine, \u00e7ocu\u011funu nerede d\u00fcnyaya getirece\u011fine karar verme yetkisine sahip de\u011fildir. Bu \u00e7ocuklar\u0131m\u0131z\u0131n haklar\u0131n\u0131n elbette takip\u00e7isi olaca\u011f\u0131z, gerekli t\u00fcm giri\u015fim ve bask\u0131y\u0131 muhataplar nezdinde yapaca\u011f\u0131z.\u201d<\/p>\n<p>-\u201cCumhurba\u015fkanl\u0131\u011f\u0131, bu \u00fclkenin yeti\u015fmi\u015f t\u00fcm insanlar\u0131yla birlikte \u00fcretir\u201d<\/p>\n<p>K\u0131br\u0131s T\u00fcrk halk\u0131n\u0131n se\u00e7ti\u011fi cumhurba\u015fkan\u0131n\u0131n her d\u00f6nemde garant\u00f6r ve karde\u015f \u00fclke T\u00fcrkiye Cumhuriyeti ile isti\u015fare ve yo\u011fun diyalog i\u00e7inde oldu\u011funu ve birlikte \u00e7al\u0131\u015ft\u0131\u011f\u0131n\u0131 vurgulayan Erh\u00fcrman, \u015funlar\u0131 da s\u00f6yledi:<\/p>\n<p>\u201cElbette yine \u00f6yle olacakt\u0131r. Burada m\u00fc\u015fterek de\u011ferler, e\u015fitlik ve g\u00fcvenlik, K\u0131br\u0131s T\u00fcrk halk\u0131n\u0131n ve T\u00fcrkiye\u2019nin anla\u015fmalardan kaynaklanan hak ve menfaatleridir. Cumhurba\u015fkanl\u0131\u011f\u0131, bu \u00fclkenin yeti\u015fmi\u015f ve liyakat esas\u0131na g\u00f6re se\u00e7ilmi\u015f t\u00fcm insanlar\u0131yla birlikte \u00fcretir, dosyalar\u0131n\u0131 olu\u015fturur, bu dosyalara h\u00e2kim olur, T\u00fcrkiye ile diyalog ve isti\u015fare i\u00e7inde \u00e7al\u0131\u015f\u0131r ve d\u0131\u015f politikadaki hamlelerini belirler. T\u00fcrkiye\u2019nin uluslararas\u0131 alandaki deste\u011finden aynen Ta\u015f\u0131nmaz Mal Komisyonu kurulurken yap\u0131ld\u0131\u011f\u0131 gibi en etkin \u015fekilde yararlan\u0131l\u0131r.\u201d<\/p>\n<p>-\u201cK\u0131br\u0131s-T\u00fcrkiye-Yunanistan\u2019\u0131n bar\u0131\u015f iklimi t\u00fcm b\u00f6lgeye nefes ald\u0131r\u0131r\u201d<\/p>\n<p>K\u0131br\u0131s Rum halk\u0131yla ve liderli\u011fiyle e\u015fitler aras\u0131 ili\u015fkiler kurulabilece\u011fini belirten Erh\u00fcrman, diplomasi ve diyalo\u011fun her zaman iyi oldu\u011funu s\u00f6yledi.<\/p>\n<p>Erh\u00fcrman, \u015f\u00f6yle devam etti:<\/p>\n<p>\u201cT\u00fcrkiye ile Yunanistan\u2019\u0131n ili\u015fkilerinin geli\u015fmesi \u00f6nemlidir. K\u0131br\u0131s-T\u00fcrkiye-Yunanistan\u2019\u0131n bar\u0131\u015f iklimi t\u00fcm b\u00f6lgeye nefes ald\u0131r\u0131r. Birle\u015fmi\u015f Milletler, Avrupa Birli\u011fi, \u0130slam \u0130\u015fbirli\u011fi Te\u015fkilat\u0131 ve T\u00fcrk Devletleri Te\u015fkilat\u0131 gibi uluslararas\u0131 akt\u00f6rlerle her d\u00fczeyde ve sonu\u00e7 \u00fcreten ili\u015fkiler mutlakt\u0131r. \u2018Kahve i\u00e7mem\u201d \u2018Yemek yemem\u2019 denilemez. Her f\u0131rsat sonuna kadar de\u011ferlendirilir. Yeter ki bu konular\u0131n ciddiyetle \u00fczerine gidilsin. Yeter ki bu konulara konsantre olunsun. Yeter ki \u201ctoplum liderli\u011fi\u201d stat\u00fcs\u00fcyle d\u00fcnyada kabul g\u00f6ren Cumhurba\u015fkanl\u0131\u011f\u0131\u2019n\u0131n itibar\u0131 zay\u0131flat\u0131lmas\u0131n ve hak etti\u011fi \u015fekilde kullan\u0131ls\u0131n. Evet, yeni d\u00f6nemde, bu itibar\u0131 halk\u0131m\u0131zla birlikte yeniden in\u015fa edece\u011fiz.\u201d<\/p>\n<p>-\u00d6zt\u00f6rel: \u201cKaybedecek zaman\u0131m\u0131z yok \u201c<\/p>\n<p>CTP \u0130skele \u0130l\u00e7e Ba\u015fkan\u0131 H\u00fcseyin \u00d6zt\u00f6rel yapt\u0131\u011f\u0131 konu\u015fmada, kaybedecek zaman\u0131n olmad\u0131\u011f\u0131n\u0131 s\u00f6yledi.<\/p>\n<p>Gelece\u011fe dair sorunlar\u0131n liderlik \u00e7er\u00e7evesinde y\u00f6netildi\u011fi g\u00fcnlerin beklendi\u011fini kaydeden \u00d6zt\u00f6rel, \u201cBilinmesi gerekir ki bu \u00fclke 19\u2019undan sonra beklenen \u015fekilde y\u00f6netilecek. Herkesi kucaklayan bir cumhurba\u015fkan\u0131 olacak. 20 Ekim\u2019de Tufan Erh\u00fcrman hepimizin cumhurba\u015fkan\u0131 olacak\u201d dedi.<\/p>\n<\/p><\/div>\n","protected":false},"excerpt":{"rendered":"<p>Cumhuriyet\u00e7i T\u00fcrk Partisi (CTP) Genel Ba\u015fkan\u0131 ve cumhurba\u015fkan\u0131 aday\u0131 Tufan Erh\u00fcrman, yeni d\u00f6nemde Cumhurba\u015fkanbl\u0131\u011f\u0131&#8217;n\u0131n itibar\u0131n\u0131n halkla birlikte yeniden in\u015fa edilece\u011fini s\u00f6yledi. CTP\u2019den verilen bilgiye g\u00f6re, Erh\u00fcrman Bo\u011fazi\u00e7i, S\u0131n\u0131r\u00fcst\u00fc, \u00d6t\u00fcken ve Ayg\u00fcn k\u00f6ylerini ziyaret ederek b\u00f6lge halk\u0131yla bir araya geldi. Erh\u00fcrman\u2019a ziyaretinde Genel Sekreter Erkut \u015eahali, CTP \u0130skele \u0130l\u00e7e Ba\u015fkan\u0131 H\u00fcseyin \u00d6zt\u00f6rel ve bir\u00e7ok milletvekili e\u015flik<\/p>\n","protected":false},"author":1,"featured_media":95436,"comment_status":"open","ping_status":"open","sticky":false,"template":"","format":"standard","meta":{"footnotes":""},"categories":[81],"tags":[],"class_list":["post-95435","post","type-post","status-publish","format-standard","has-post-thumbnail","hentry","category-kibris"],"yoast_head":"<!-- This site is optimized with the Yoast SEO plugin v27.4 - https:\/\/yoast.com\/product\/yoast-seo-wordpress\/ -->\n<title>ERH\u00dcRMAN: D\u0130PLOMAS\u0130 VE D\u0130YALOG HER ZAMAN EN DO\u011eRU YOLDUR -<\/title>\n<meta name=\"robots\" content=\"index, follow, max-snippet:-1, max-image-preview:large, max-video-preview:-1\" \/>\n<link rel=\"canonical\" href=\"https:\/\/kibrisdakik.com\/?p=95435\" \/>\n<meta property=\"og:locale\" content=\"tr_TR\" \/>\n<meta property=\"og:type\" content=\"article\" \/>\n<meta property=\"og:title\" content=\"ERH\u00dcRMAN: D\u0130PLOMAS\u0130 VE D\u0130YALOG HER ZAMAN EN DO\u011eRU YOLDUR -\" \/>\n<meta property=\"og:description\" content=\"Cumhuriyet\u00e7i T\u00fcrk Partisi (CTP) Genel Ba\u015fkan\u0131 ve cumhurba\u015fkan\u0131 aday\u0131 Tufan Erh\u00fcrman, yeni d\u00f6nemde Cumhurba\u015fkanbl\u0131\u011f\u0131&#8217;n\u0131n itibar\u0131n\u0131n halkla birlikte yeniden in\u015fa edilece\u011fini s\u00f6yledi. CTP\u2019den verilen bilgiye g\u00f6re, Erh\u00fcrman Bo\u011fazi\u00e7i, S\u0131n\u0131r\u00fcst\u00fc, \u00d6t\u00fcken ve Ayg\u00fcn k\u00f6ylerini ziyaret ederek b\u00f6lge halk\u0131yla bir araya geldi. Erh\u00fcrman\u2019a ziyaretinde Genel Sekreter Erkut \u015eahali, CTP \u0130skele \u0130l\u00e7e Ba\u015fkan\u0131 H\u00fcseyin \u00d6zt\u00f6rel ve bir\u00e7ok milletvekili e\u015flik\" \/>\n<meta property=\"og:url\" content=\"https:\/\/kibrisdakik.com\/?p=95435\" \/>\n<meta property=\"article:published_time\" content=\"2025-10-11T11:49:03+00:00\" \/>\n<meta property=\"og:image\" content=\"https:\/\/kibrisdakik.com\/wp-content\/uploads\/2025\/10\/mha-1468.png\" \/>\n\t<meta property=\"og:image:width\" content=\"1280\" \/>\n\t<meta property=\"og:image:height\" content=\"720\" \/>\n\t<meta property=\"og:image:type\" content=\"image\/png\" \/>\n<meta name=\"author\" content=\"admin\" \/>\n<meta name=\"twitter:card\" content=\"summary_large_image\" \/>\n<meta name=\"twitter:label1\" content=\"Yazan:\" \/>\n\t<meta name=\"twitter:data1\" content=\"admin\" \/>\n\t<meta name=\"twitter:label2\" content=\"Tahmini okuma s\u00fcresi\" \/>\n\t<meta name=\"twitter:data2\" content=\"3 dakika\" \/>\n<script type=\"application\/ld+json\" class=\"yoast-schema-graph\">{\"@context\":\"https:\\\/\\\/schema.org\",\"@graph\":[{\"@type\":\"Article\",\"@id\":\"https:\\\/\\\/kibrisdakik.com\\\/?p=95435#article\",\"isPartOf\":{\"@id\":\"https:\\\/\\\/kibrisdakik.com\\\/?p=95435\"},\"author\":{\"name\":\"admin\",\"@id\":\"https:\\\/\\\/kibrisdakik.com\\\/#\\\/schema\\\/person\\\/9cd9d437bbb44f72b73ba127e06d8e79\"},\"headline\":\"ERH\u00dcRMAN: D\u0130PLOMAS\u0130 VE D\u0130YALOG HER ZAMAN EN DO\u011eRU YOLDUR\",\"datePublished\":\"2025-10-11T11:49:03+00:00\",\"mainEntityOfPage\":{\"@id\":\"https:\\\/\\\/kibrisdakik.com\\\/?p=95435\"},\"wordCount\":663,\"commentCount\":0,\"image\":{\"@id\":\"https:\\\/\\\/kibrisdakik.com\\\/?p=95435#primaryimage\"},\"thumbnailUrl\":\"https:\\\/\\\/kibrisdakik.com\\\/wp-content\\\/uploads\\\/2025\\\/10\\\/mha-1468.png\",\"articleSection\":[\"K\u0131br\u0131s\"],\"inLanguage\":\"tr\",\"potentialAction\":[{\"@type\":\"CommentAction\",\"name\":\"Comment\",\"target\":[\"https:\\\/\\\/kibrisdakik.com\\\/?p=95435#respond\"]}]},{\"@type\":\"WebPage\",\"@id\":\"https:\\\/\\\/kibrisdakik.com\\\/?p=95435\",\"url\":\"https:\\\/\\\/kibrisdakik.com\\\/?p=95435\",\"name\":\"ERH\u00dcRMAN: D\u0130PLOMAS\u0130 VE D\u0130YALOG HER ZAMAN EN DO\u011eRU YOLDUR -\",\"isPartOf\":{\"@id\":\"https:\\\/\\\/kibrisdakik.com\\\/#website\"},\"primaryImageOfPage\":{\"@id\":\"https:\\\/\\\/kibrisdakik.com\\\/?p=95435#primaryimage\"},\"image\":{\"@id\":\"https:\\\/\\\/kibrisdakik.com\\\/?p=95435#primaryimage\"},\"thumbnailUrl\":\"https:\\\/\\\/kibrisdakik.com\\\/wp-content\\\/uploads\\\/2025\\\/10\\\/mha-1468.png\",\"datePublished\":\"2025-10-11T11:49:03+00:00\",\"author\":{\"@id\":\"https:\\\/\\\/kibrisdakik.com\\\/#\\\/schema\\\/person\\\/9cd9d437bbb44f72b73ba127e06d8e79\"},\"breadcrumb\":{\"@id\":\"https:\\\/\\\/kibrisdakik.com\\\/?p=95435#breadcrumb\"},\"inLanguage\":\"tr\",\"potentialAction\":[{\"@type\":\"ReadAction\",\"target\":[\"https:\\\/\\\/kibrisdakik.com\\\/?p=95435\"]}]},{\"@type\":\"ImageObject\",\"inLanguage\":\"tr\",\"@id\":\"https:\\\/\\\/kibrisdakik.com\\\/?p=95435#primaryimage\",\"url\":\"https:\\\/\\\/kibrisdakik.com\\\/wp-content\\\/uploads\\\/2025\\\/10\\\/mha-1468.png\",\"contentUrl\":\"https:\\\/\\\/kibrisdakik.com\\\/wp-content\\\/uploads\\\/2025\\\/10\\\/mha-1468.png\",\"width\":1280,\"height\":720},{\"@type\":\"BreadcrumbList\",\"@id\":\"https:\\\/\\\/kibrisdakik.com\\\/?p=95435#breadcrumb\",\"itemListElement\":[{\"@type\":\"ListItem\",\"position\":1,\"name\":\"Home\",\"item\":\"https:\\\/\\\/kibrisdakik.com\\\/\"},{\"@type\":\"ListItem\",\"position\":2,\"name\":\"ERH\u00dcRMAN: D\u0130PLOMAS\u0130 VE D\u0130YALOG HER ZAMAN EN DO\u011eRU YOLDUR\"}]},{\"@type\":\"WebSite\",\"@id\":\"https:\\\/\\\/kibrisdakik.com\\\/#website\",\"url\":\"https:\\\/\\\/kibrisdakik.com\\\/\",\"name\":\"\",\"description\":\"Tam vaktinde haber\",\"potentialAction\":[{\"@type\":\"SearchAction\",\"target\":{\"@type\":\"EntryPoint\",\"urlTemplate\":\"https:\\\/\\\/kibrisdakik.com\\\/?s={search_term_string}\"},\"query-input\":{\"@type\":\"PropertyValueSpecification\",\"valueRequired\":true,\"valueName\":\"search_term_string\"}}],\"inLanguage\":\"tr\"},{\"@type\":\"Person\",\"@id\":\"https:\\\/\\\/kibrisdakik.com\\\/#\\\/schema\\\/person\\\/9cd9d437bbb44f72b73ba127e06d8e79\",\"name\":\"admin\",\"image\":{\"@type\":\"ImageObject\",\"inLanguage\":\"tr\",\"@id\":\"https:\\\/\\\/secure.gravatar.com\\\/avatar\\\/ccc17943b9d660506c869530f897617f7cb1c21a4bf30023f252596d83e1f007?s=96&d=mm&r=g\",\"url\":\"https:\\\/\\\/secure.gravatar.com\\\/avatar\\\/ccc17943b9d660506c869530f897617f7cb1c21a4bf30023f252596d83e1f007?s=96&d=mm&r=g\",\"contentUrl\":\"https:\\\/\\\/secure.gravatar.com\\\/avatar\\\/ccc17943b9d660506c869530f897617f7cb1c21a4bf30023f252596d83e1f007?s=96&d=mm&r=g\",\"caption\":\"admin\"},\"sameAs\":[\"https:\\\/\\\/kibrisdakik.com\"],\"url\":\"https:\\\/\\\/kibrisdakik.com\\\/?author=1\"}]}<\/script>\n<!-- \/ Yoast SEO plugin. -->","yoast_head_json":{"title":"ERH\u00dcRMAN: D\u0130PLOMAS\u0130 VE D\u0130YALOG HER ZAMAN EN DO\u011eRU YOLDUR -","robots":{"index":"index","follow":"follow","max-snippet":"max-snippet:-1","max-image-preview":"max-image-preview:large","max-video-preview":"max-video-preview:-1"},"canonical":"https:\/\/kibrisdakik.com\/?p=95435","og_locale":"tr_TR","og_type":"article","og_title":"ERH\u00dcRMAN: D\u0130PLOMAS\u0130 VE D\u0130YALOG HER ZAMAN EN DO\u011eRU YOLDUR -","og_description":"Cumhuriyet\u00e7i T\u00fcrk Partisi (CTP) Genel Ba\u015fkan\u0131 ve cumhurba\u015fkan\u0131 aday\u0131 Tufan Erh\u00fcrman, yeni d\u00f6nemde Cumhurba\u015fkanbl\u0131\u011f\u0131&#8217;n\u0131n itibar\u0131n\u0131n halkla birlikte yeniden in\u015fa edilece\u011fini s\u00f6yledi. CTP\u2019den verilen bilgiye g\u00f6re, Erh\u00fcrman Bo\u011fazi\u00e7i, S\u0131n\u0131r\u00fcst\u00fc, \u00d6t\u00fcken ve Ayg\u00fcn k\u00f6ylerini ziyaret ederek b\u00f6lge halk\u0131yla bir araya geldi. Erh\u00fcrman\u2019a ziyaretinde Genel Sekreter Erkut \u015eahali, CTP \u0130skele \u0130l\u00e7e Ba\u015fkan\u0131 H\u00fcseyin \u00d6zt\u00f6rel ve bir\u00e7ok milletvekili e\u015flik","og_url":"https:\/\/kibrisdakik.com\/?p=95435","article_published_time":"2025-10-11T11:49:03+00:00","og_image":[{"width":1280,"height":720,"url":"https:\/\/kibrisdakik.com\/wp-content\/uploads\/2025\/10\/mha-1468.png","type":"image\/png"}],"author":"admin","twitter_card":"summary_large_image","twitter_misc":{"Yazan:":"admin","Tahmini okuma s\u00fcresi":"3 dakika"},"schema":{"@context":"https:\/\/schema.org","@graph":[{"@type":"Article","@id":"https:\/\/kibrisdakik.com\/?p=95435#article","isPartOf":{"@id":"https:\/\/kibrisdakik.com\/?p=95435"},"author":{"name":"admin","@id":"https:\/\/kibrisdakik.com\/#\/schema\/person\/9cd9d437bbb44f72b73ba127e06d8e79"},"headline":"ERH\u00dcRMAN: D\u0130PLOMAS\u0130 VE D\u0130YALOG HER ZAMAN EN DO\u011eRU YOLDUR","datePublished":"2025-10-11T11:49:03+00:00","mainEntityOfPage":{"@id":"https:\/\/kibrisdakik.com\/?p=95435"},"wordCount":663,"commentCount":0,"image":{"@id":"https:\/\/kibrisdakik.com\/?p=95435#primaryimage"},"thumbnailUrl":"https:\/\/kibrisdakik.com\/wp-content\/uploads\/2025\/10\/mha-1468.png","articleSection":["K\u0131br\u0131s"],"inLanguage":"tr","potentialAction":[{"@type":"CommentAction","name":"Comment","target":["https:\/\/kibrisdakik.com\/?p=95435#respond"]}]},{"@type":"WebPage","@id":"https:\/\/kibrisdakik.com\/?p=95435","url":"https:\/\/kibrisdakik.com\/?p=95435","name":"ERH\u00dcRMAN: D\u0130PLOMAS\u0130 VE D\u0130YALOG HER ZAMAN EN DO\u011eRU YOLDUR -","isPartOf":{"@id":"https:\/\/kibrisdakik.com\/#website"},"primaryImageOfPage":{"@id":"https:\/\/kibrisdakik.com\/?p=95435#primaryimage"},"image":{"@id":"https:\/\/kibrisdakik.com\/?p=95435#primaryimage"},"thumbnailUrl":"https:\/\/kibrisdakik.com\/wp-content\/uploads\/2025\/10\/mha-1468.png","datePublished":"2025-10-11T11:49:03+00:00","author":{"@id":"https:\/\/kibrisdakik.com\/#\/schema\/person\/9cd9d437bbb44f72b73ba127e06d8e79"},"breadcrumb":{"@id":"https:\/\/kibrisdakik.com\/?p=95435#breadcrumb"},"inLanguage":"tr","potentialAction":[{"@type":"ReadAction","target":["https:\/\/kibrisdakik.com\/?p=95435"]}]},{"@type":"ImageObject","inLanguage":"tr","@id":"https:\/\/kibrisdakik.com\/?p=95435#primaryimage","url":"https:\/\/kibrisdakik.com\/wp-content\/uploads\/2025\/10\/mha-1468.png","contentUrl":"https:\/\/kibrisdakik.com\/wp-content\/uploads\/2025\/10\/mha-1468.png","width":1280,"height":720},{"@type":"BreadcrumbList","@id":"https:\/\/kibrisdakik.com\/?p=95435#breadcrumb","itemListElement":[{"@type":"ListItem","position":1,"name":"Home","item":"https:\/\/kibrisdakik.com\/"},{"@type":"ListItem","position":2,"name":"ERH\u00dcRMAN: D\u0130PLOMAS\u0130 VE D\u0130YALOG HER ZAMAN EN DO\u011eRU YOLDUR"}]},{"@type":"WebSite","@id":"https:\/\/kibrisdakik.com\/#website","url":"https:\/\/kibrisdakik.com\/","name":"","description":"Tam vaktinde haber","potentialAction":[{"@type":"SearchAction","target":{"@type":"EntryPoint","urlTemplate":"https:\/\/kibrisdakik.com\/?s={search_term_string}"},"query-input":{"@type":"PropertyValueSpecification","valueRequired":true,"valueName":"search_term_string"}}],"inLanguage":"tr"},{"@type":"Person","@id":"https:\/\/kibrisdakik.com\/#\/schema\/person\/9cd9d437bbb44f72b73ba127e06d8e79","name":"admin","image":{"@type":"ImageObject","inLanguage":"tr","@id":"https:\/\/secure.gravatar.com\/avatar\/ccc17943b9d660506c869530f897617f7cb1c21a4bf30023f252596d83e1f007?s=96&d=mm&r=g","url":"https:\/\/secure.gravatar.com\/avatar\/ccc17943b9d660506c869530f897617f7cb1c21a4bf30023f252596d83e1f007?s=96&d=mm&r=g","contentUrl":"https:\/\/secure.gravatar.com\/avatar\/ccc17943b9d660506c869530f897617f7cb1c21a4bf30023f252596d83e1f007?s=96&d=mm&r=g","caption":"admin"},"sameAs":["https:\/\/kibrisdakik.com"],"url":"https:\/\/kibrisdakik.com\/?author=1"}]}},"_links":{"self":[{"href":"https:\/\/kibrisdakik.com\/index.php?rest_route=\/wp\/v2\/posts\/95435","targetHints":{"allow":["GET"]}}],"collection":[{"href":"https:\/\/kibrisdakik.com\/index.php?rest_route=\/wp\/v2\/posts"}],"about":[{"href":"https:\/\/kibrisdakik.com\/index.php?rest_route=\/wp\/v2\/types\/post"}],"author":[{"embeddable":true,"href":"https:\/\/kibrisdakik.com\/index.php?rest_route=\/wp\/v2\/users\/1"}],"replies":[{"embeddable":true,"href":"https:\/\/kibrisdakik.com\/index.php?rest_route=%2Fwp%2Fv2%2Fcomments&post=95435"}],"version-history":[{"count":0,"href":"https:\/\/kibrisdakik.com\/index.php?rest_route=\/wp\/v2\/posts\/95435\/revisions"}],"wp:featuredmedia":[{"embeddable":true,"href":"https:\/\/kibrisdakik.com\/index.php?rest_route=\/wp\/v2\/media\/95436"}],"wp:attachment":[{"href":"https:\/\/kibrisdakik.com\/index.php?rest_route=%2Fwp%2Fv2%2Fmedia&parent=95435"}],"wp:term":[{"taxonomy":"category","embeddable":true,"href":"https:\/\/kibrisdakik.com\/index.php?rest_route=%2Fwp%2Fv2%2Fcategories&post=95435"},{"taxonomy":"post_tag","embeddable":true,"href":"https:\/\/kibrisdakik.com\/index.php?rest_route=%2Fwp%2Fv2%2Ftags&post=95435"}],"curies":[{"name":"wp","href":"https:\/\/api.w.org\/{rel}","templated":true}]}}