{"id":95465,"date":"2025-10-12T11:54:00","date_gmt":"2025-10-12T08:54:00","guid":{"rendered":"https:\/\/kibrisdakik.com\/index.php\/2025\/10\/12\/isgalci-israil-bati-seriada-serbest-birakilmasi-planlanan-filistinli-esirlerin-ailelerini-tehdit-etti\/"},"modified":"2025-10-12T11:54:00","modified_gmt":"2025-10-12T08:54:00","slug":"isgalci-israil-bati-seriada-serbest-birakilmasi-planlanan-filistinli-esirlerin-ailelerini-tehdit-etti","status":"publish","type":"post","link":"https:\/\/kibrisdakik.com\/?p=95465","title":{"rendered":"\u0130\u015fgalci \u0130srail, Bat\u0131 \u015eeriada serbest b\u0131rak\u0131lmas\u0131 planlanan Filistinli esirlerin ailelerini tehdit etti"},"content":{"rendered":"<p><\/p>\n<div class=\"news-content\">\n<p>\n\tFilistin resmi ajans\u0131 WAFA ile yerel kaynaklardan al\u0131nan bilgiye g\u00f6re \u0130srail askerleri, Bat\u0131 \u015eeria&#8217;n\u0131n \u00e7e\u015fitli b\u00f6lgelerine bask\u0131nlar d\u00fczenledi.<\/p>\n<p>\n\t\u0130srail askerleri bask\u0131n yapt\u0131\u011f\u0131 b\u00f6lgelerde Filistinlilerin evlerine zorla girerek arama yapt\u0131, ev e\u015fyalar\u0131na zarar verdi ve en az 10 Filistinliyi g\u00f6zalt\u0131na ald\u0131.<\/p>\n<h2>\n\tSerbest b\u0131rak\u0131lacak esirler i\u00e7in kutlama yasa\u011f\u0131<\/h2>\n<p>\n\tYerel kaynaklardan al\u0131nan bilgiye g\u00f6re, \u0130srail g\u00fc\u00e7leri Bat\u0131 \u015eeria&#8217;n\u0131n farkl\u0131 noktalar\u0131nda, Hamas hareketiyle yap\u0131lmas\u0131 beklenen esir takas\u0131 anla\u015fmas\u0131 kapsam\u0131nda serbest b\u0131rak\u0131lmas\u0131 muhtemel ki\u015filerin evlerine bask\u0131nlar d\u00fczenledi.<\/p>\n<p>\n\t\u0130srail g\u00fc\u00e7leri aileleri foto\u011fraf \u00e7ekmemeleri, Filistin bayraklar\u0131 asmamalar\u0131, serbest b\u0131rak\u0131lan esirler i\u00e7in t\u00f6ren ve kutlama d\u00fczenlememeleri ve direni\u015f hareketine ya da Gazze\u2019ye \u00f6vg\u00fcde bulunmamalar\u0131 y\u00f6n\u00fcnde tehdit etti.<\/p>\n<h2>\n\tGazze&#8217;de ate\u015fkes ve esir takas\u0131 anla\u015fmas\u0131<\/h2>\n<p>\n\tABD Ba\u015fkan\u0131 Donald Trump 9 Ekim&#8217;de, M\u0131s\u0131r&#8217;da devam eden m\u00fczakerelerde \u0130srail ile Hamas&#8217;\u0131n, Gazze&#8217;de ate\u015fkes plan\u0131n\u0131n ilk a\u015famas\u0131n\u0131 onaylad\u0131\u011f\u0131n\u0131 duyurmu\u015ftu.<\/p>\n<p>\n\tM\u00fczakerelerin yap\u0131ld\u0131\u011f\u0131 M\u0131s\u0131r&#8217;da anla\u015fma imzalan\u0131rken \u0130srail h\u00fck\u00fcmetinin onay\u0131yla 10 Ekim&#8217;de anla\u015fma devreye girmi\u015fti.<\/p>\n<p>\n\t\u0130srail ordusunun anla\u015fmada belirtildi\u011fi \u00fczere &#8220;sar\u0131 hat&#8221;a \u00e7ekilmesinin ard\u0131ndan Gazze \u015eeridi&#8217;nde ate\u015fkesin ayn\u0131 g\u00fcn 12.00 itibar\u0131yla y\u00fcr\u00fcrl\u00fc\u011fe girdi\u011fi a\u00e7\u0131klanm\u0131\u015ft\u0131.<\/p>\n<p>\n\t\u0130srail&#8217;in Gazze \u015eeridi&#8217;ne 8 Ekim 2023&#8217;ten ate\u015fkes anla\u015fmas\u0131na kadar ge\u00e7en s\u00fcrede d\u00fczenledi\u011fi sald\u0131r\u0131larda 67 bin 682 ki\u015fi hayat\u0131n\u0131 kaybetmi\u015f, 170 bin 33 ki\u015fi de yaralanm\u0131\u015ft\u0131.<\/p>\n<div class=\"news-tags\">\n<div class=\"title\">ET\u0130KETLER<\/div>\n<div class=\"tags\">\n                                                                            \u0130srail<br \/>\n                                                                            Bat\u0131 \u015eeria\n                                                                    <\/div>\n<\/p><\/div>\n<\/p><\/div>\n","protected":false},"excerpt":{"rendered":"<p>Filistin resmi ajans\u0131 WAFA ile yerel kaynaklardan al\u0131nan bilgiye g\u00f6re \u0130srail askerleri, Bat\u0131 \u015eeria&#8217;n\u0131n \u00e7e\u015fitli b\u00f6lgelerine bask\u0131nlar d\u00fczenledi. \u0130srail askerleri bask\u0131n yapt\u0131\u011f\u0131 b\u00f6lgelerde Filistinlilerin evlerine zorla girerek arama yapt\u0131, ev e\u015fyalar\u0131na zarar verdi ve en az 10 Filistinliyi g\u00f6zalt\u0131na ald\u0131. Serbest b\u0131rak\u0131lacak esirler i\u00e7in kutlama yasa\u011f\u0131 Yerel kaynaklardan al\u0131nan bilgiye g\u00f6re, \u0130srail g\u00fc\u00e7leri Bat\u0131 \u015eeria&#8217;n\u0131n<\/p>\n","protected":false},"author":1,"featured_media":88947,"comment_status":"open","ping_status":"open","sticky":false,"template":"","format":"standard","meta":{"footnotes":""},"categories":[306],"tags":[],"class_list":["post-95465","post","type-post","status-publish","format-standard","has-post-thumbnail","hentry","category-dunya"],"yoast_head":"<!-- This site is optimized with the Yoast SEO plugin v27.5 - https:\/\/yoast.com\/product\/yoast-seo-wordpress\/ -->\n<title>\u0130\u015fgalci \u0130srail, Bat\u0131 \u015eeriada serbest b\u0131rak\u0131lmas\u0131 planlanan Filistinli esirlerin ailelerini tehdit etti -<\/title>\n<meta name=\"robots\" content=\"index, follow, max-snippet:-1, max-image-preview:large, max-video-preview:-1\" \/>\n<link rel=\"canonical\" href=\"https:\/\/kibrisdakik.com\/?p=95465\" \/>\n<meta property=\"og:locale\" content=\"tr_TR\" \/>\n<meta property=\"og:type\" content=\"article\" \/>\n<meta property=\"og:title\" content=\"\u0130\u015fgalci \u0130srail, Bat\u0131 \u015eeriada serbest b\u0131rak\u0131lmas\u0131 planlanan Filistinli esirlerin ailelerini tehdit etti -\" \/>\n<meta property=\"og:description\" content=\"Filistin resmi ajans\u0131 WAFA ile yerel kaynaklardan al\u0131nan bilgiye g\u00f6re \u0130srail askerleri, Bat\u0131 \u015eeria&#8217;n\u0131n \u00e7e\u015fitli b\u00f6lgelerine bask\u0131nlar d\u00fczenledi. \u0130srail askerleri bask\u0131n yapt\u0131\u011f\u0131 b\u00f6lgelerde Filistinlilerin evlerine zorla girerek arama yapt\u0131, ev e\u015fyalar\u0131na zarar verdi ve en az 10 Filistinliyi g\u00f6zalt\u0131na ald\u0131. Serbest b\u0131rak\u0131lacak esirler i\u00e7in kutlama yasa\u011f\u0131 Yerel kaynaklardan al\u0131nan bilgiye g\u00f6re, \u0130srail g\u00fc\u00e7leri Bat\u0131 \u015eeria&#8217;n\u0131n\" \/>\n<meta property=\"og:url\" content=\"https:\/\/kibrisdakik.com\/?p=95465\" \/>\n<meta property=\"article:published_time\" content=\"2025-10-12T08:54:00+00:00\" \/>\n<meta property=\"og:image\" content=\"https:\/\/kibrisdakik.com\/wp-content\/uploads\/2025\/08\/1755541591_bati-seria-israel-forces-aa-2326874-740x420.jpg\" \/>\n\t<meta property=\"og:image:width\" content=\"1280\" \/>\n\t<meta property=\"og:image:height\" content=\"720\" \/>\n\t<meta property=\"og:image:type\" content=\"image\/jpeg\" \/>\n<meta name=\"author\" content=\"admin\" \/>\n<meta name=\"twitter:card\" content=\"summary_large_image\" \/>\n<meta name=\"twitter:label1\" content=\"Yazan:\" \/>\n\t<meta name=\"twitter:data1\" content=\"admin\" \/>\n\t<meta name=\"twitter:label2\" content=\"Tahmini okuma s\u00fcresi\" \/>\n\t<meta name=\"twitter:data2\" content=\"1 dakika\" \/>\n<script type=\"application\/ld+json\" class=\"yoast-schema-graph\">{\"@context\":\"https:\\\/\\\/schema.org\",\"@graph\":[{\"@type\":\"Article\",\"@id\":\"https:\\\/\\\/kibrisdakik.com\\\/?p=95465#article\",\"isPartOf\":{\"@id\":\"https:\\\/\\\/kibrisdakik.com\\\/?p=95465\"},\"author\":{\"name\":\"admin\",\"@id\":\"https:\\\/\\\/kibrisdakik.com\\\/#\\\/schema\\\/person\\\/9cd9d437bbb44f72b73ba127e06d8e79\"},\"headline\":\"\u0130\u015fgalci \u0130srail, Bat\u0131 \u015eeriada serbest b\u0131rak\u0131lmas\u0131 planlanan Filistinli esirlerin ailelerini tehdit etti\",\"datePublished\":\"2025-10-12T08:54:00+00:00\",\"mainEntityOfPage\":{\"@id\":\"https:\\\/\\\/kibrisdakik.com\\\/?p=95465\"},\"wordCount\":283,\"commentCount\":0,\"image\":{\"@id\":\"https:\\\/\\\/kibrisdakik.com\\\/?p=95465#primaryimage\"},\"thumbnailUrl\":\"https:\\\/\\\/kibrisdakik.com\\\/wp-content\\\/uploads\\\/2025\\\/08\\\/1755541591_bati-seria-israel-forces-aa-2326874-740x420.jpg\",\"articleSection\":[\"D\u00fcnya\"],\"inLanguage\":\"tr\",\"potentialAction\":[{\"@type\":\"CommentAction\",\"name\":\"Comment\",\"target\":[\"https:\\\/\\\/kibrisdakik.com\\\/?p=95465#respond\"]}]},{\"@type\":\"WebPage\",\"@id\":\"https:\\\/\\\/kibrisdakik.com\\\/?p=95465\",\"url\":\"https:\\\/\\\/kibrisdakik.com\\\/?p=95465\",\"name\":\"\u0130\u015fgalci \u0130srail, Bat\u0131 \u015eeriada serbest b\u0131rak\u0131lmas\u0131 planlanan Filistinli esirlerin ailelerini tehdit etti -\",\"isPartOf\":{\"@id\":\"https:\\\/\\\/kibrisdakik.com\\\/#website\"},\"primaryImageOfPage\":{\"@id\":\"https:\\\/\\\/kibrisdakik.com\\\/?p=95465#primaryimage\"},\"image\":{\"@id\":\"https:\\\/\\\/kibrisdakik.com\\\/?p=95465#primaryimage\"},\"thumbnailUrl\":\"https:\\\/\\\/kibrisdakik.com\\\/wp-content\\\/uploads\\\/2025\\\/08\\\/1755541591_bati-seria-israel-forces-aa-2326874-740x420.jpg\",\"datePublished\":\"2025-10-12T08:54:00+00:00\",\"author\":{\"@id\":\"https:\\\/\\\/kibrisdakik.com\\\/#\\\/schema\\\/person\\\/9cd9d437bbb44f72b73ba127e06d8e79\"},\"breadcrumb\":{\"@id\":\"https:\\\/\\\/kibrisdakik.com\\\/?p=95465#breadcrumb\"},\"inLanguage\":\"tr\",\"potentialAction\":[{\"@type\":\"ReadAction\",\"target\":[\"https:\\\/\\\/kibrisdakik.com\\\/?p=95465\"]}]},{\"@type\":\"ImageObject\",\"inLanguage\":\"tr\",\"@id\":\"https:\\\/\\\/kibrisdakik.com\\\/?p=95465#primaryimage\",\"url\":\"https:\\\/\\\/kibrisdakik.com\\\/wp-content\\\/uploads\\\/2025\\\/08\\\/1755541591_bati-seria-israel-forces-aa-2326874-740x420.jpg\",\"contentUrl\":\"https:\\\/\\\/kibrisdakik.com\\\/wp-content\\\/uploads\\\/2025\\\/08\\\/1755541591_bati-seria-israel-forces-aa-2326874-740x420.jpg\",\"width\":1280,\"height\":720},{\"@type\":\"BreadcrumbList\",\"@id\":\"https:\\\/\\\/kibrisdakik.com\\\/?p=95465#breadcrumb\",\"itemListElement\":[{\"@type\":\"ListItem\",\"position\":1,\"name\":\"Home\",\"item\":\"https:\\\/\\\/kibrisdakik.com\\\/\"},{\"@type\":\"ListItem\",\"position\":2,\"name\":\"\u0130\u015fgalci \u0130srail, Bat\u0131 \u015eeriada serbest b\u0131rak\u0131lmas\u0131 planlanan Filistinli esirlerin ailelerini tehdit etti\"}]},{\"@type\":\"WebSite\",\"@id\":\"https:\\\/\\\/kibrisdakik.com\\\/#website\",\"url\":\"https:\\\/\\\/kibrisdakik.com\\\/\",\"name\":\"\",\"description\":\"Tam vaktinde haber\",\"potentialAction\":[{\"@type\":\"SearchAction\",\"target\":{\"@type\":\"EntryPoint\",\"urlTemplate\":\"https:\\\/\\\/kibrisdakik.com\\\/?s={search_term_string}\"},\"query-input\":{\"@type\":\"PropertyValueSpecification\",\"valueRequired\":true,\"valueName\":\"search_term_string\"}}],\"inLanguage\":\"tr\"},{\"@type\":\"Person\",\"@id\":\"https:\\\/\\\/kibrisdakik.com\\\/#\\\/schema\\\/person\\\/9cd9d437bbb44f72b73ba127e06d8e79\",\"name\":\"admin\",\"image\":{\"@type\":\"ImageObject\",\"inLanguage\":\"tr\",\"@id\":\"https:\\\/\\\/secure.gravatar.com\\\/avatar\\\/ccc17943b9d660506c869530f897617f7cb1c21a4bf30023f252596d83e1f007?s=96&d=mm&r=g\",\"url\":\"https:\\\/\\\/secure.gravatar.com\\\/avatar\\\/ccc17943b9d660506c869530f897617f7cb1c21a4bf30023f252596d83e1f007?s=96&d=mm&r=g\",\"contentUrl\":\"https:\\\/\\\/secure.gravatar.com\\\/avatar\\\/ccc17943b9d660506c869530f897617f7cb1c21a4bf30023f252596d83e1f007?s=96&d=mm&r=g\",\"caption\":\"admin\"},\"sameAs\":[\"https:\\\/\\\/kibrisdakik.com\"],\"url\":\"https:\\\/\\\/kibrisdakik.com\\\/?author=1\"}]}<\/script>\n<!-- \/ Yoast SEO plugin. -->","yoast_head_json":{"title":"\u0130\u015fgalci \u0130srail, Bat\u0131 \u015eeriada serbest b\u0131rak\u0131lmas\u0131 planlanan Filistinli esirlerin ailelerini tehdit etti -","robots":{"index":"index","follow":"follow","max-snippet":"max-snippet:-1","max-image-preview":"max-image-preview:large","max-video-preview":"max-video-preview:-1"},"canonical":"https:\/\/kibrisdakik.com\/?p=95465","og_locale":"tr_TR","og_type":"article","og_title":"\u0130\u015fgalci \u0130srail, Bat\u0131 \u015eeriada serbest b\u0131rak\u0131lmas\u0131 planlanan Filistinli esirlerin ailelerini tehdit etti -","og_description":"Filistin resmi ajans\u0131 WAFA ile yerel kaynaklardan al\u0131nan bilgiye g\u00f6re \u0130srail askerleri, Bat\u0131 \u015eeria&#8217;n\u0131n \u00e7e\u015fitli b\u00f6lgelerine bask\u0131nlar d\u00fczenledi. \u0130srail askerleri bask\u0131n yapt\u0131\u011f\u0131 b\u00f6lgelerde Filistinlilerin evlerine zorla girerek arama yapt\u0131, ev e\u015fyalar\u0131na zarar verdi ve en az 10 Filistinliyi g\u00f6zalt\u0131na ald\u0131. Serbest b\u0131rak\u0131lacak esirler i\u00e7in kutlama yasa\u011f\u0131 Yerel kaynaklardan al\u0131nan bilgiye g\u00f6re, \u0130srail g\u00fc\u00e7leri Bat\u0131 \u015eeria&#8217;n\u0131n","og_url":"https:\/\/kibrisdakik.com\/?p=95465","article_published_time":"2025-10-12T08:54:00+00:00","og_image":[{"width":1280,"height":720,"url":"https:\/\/kibrisdakik.com\/wp-content\/uploads\/2025\/08\/1755541591_bati-seria-israel-forces-aa-2326874-740x420.jpg","type":"image\/jpeg"}],"author":"admin","twitter_card":"summary_large_image","twitter_misc":{"Yazan:":"admin","Tahmini okuma s\u00fcresi":"1 dakika"},"schema":{"@context":"https:\/\/schema.org","@graph":[{"@type":"Article","@id":"https:\/\/kibrisdakik.com\/?p=95465#article","isPartOf":{"@id":"https:\/\/kibrisdakik.com\/?p=95465"},"author":{"name":"admin","@id":"https:\/\/kibrisdakik.com\/#\/schema\/person\/9cd9d437bbb44f72b73ba127e06d8e79"},"headline":"\u0130\u015fgalci \u0130srail, Bat\u0131 \u015eeriada serbest b\u0131rak\u0131lmas\u0131 planlanan Filistinli esirlerin ailelerini tehdit etti","datePublished":"2025-10-12T08:54:00+00:00","mainEntityOfPage":{"@id":"https:\/\/kibrisdakik.com\/?p=95465"},"wordCount":283,"commentCount":0,"image":{"@id":"https:\/\/kibrisdakik.com\/?p=95465#primaryimage"},"thumbnailUrl":"https:\/\/kibrisdakik.com\/wp-content\/uploads\/2025\/08\/1755541591_bati-seria-israel-forces-aa-2326874-740x420.jpg","articleSection":["D\u00fcnya"],"inLanguage":"tr","potentialAction":[{"@type":"CommentAction","name":"Comment","target":["https:\/\/kibrisdakik.com\/?p=95465#respond"]}]},{"@type":"WebPage","@id":"https:\/\/kibrisdakik.com\/?p=95465","url":"https:\/\/kibrisdakik.com\/?p=95465","name":"\u0130\u015fgalci \u0130srail, Bat\u0131 \u015eeriada serbest b\u0131rak\u0131lmas\u0131 planlanan Filistinli esirlerin ailelerini tehdit etti -","isPartOf":{"@id":"https:\/\/kibrisdakik.com\/#website"},"primaryImageOfPage":{"@id":"https:\/\/kibrisdakik.com\/?p=95465#primaryimage"},"image":{"@id":"https:\/\/kibrisdakik.com\/?p=95465#primaryimage"},"thumbnailUrl":"https:\/\/kibrisdakik.com\/wp-content\/uploads\/2025\/08\/1755541591_bati-seria-israel-forces-aa-2326874-740x420.jpg","datePublished":"2025-10-12T08:54:00+00:00","author":{"@id":"https:\/\/kibrisdakik.com\/#\/schema\/person\/9cd9d437bbb44f72b73ba127e06d8e79"},"breadcrumb":{"@id":"https:\/\/kibrisdakik.com\/?p=95465#breadcrumb"},"inLanguage":"tr","potentialAction":[{"@type":"ReadAction","target":["https:\/\/kibrisdakik.com\/?p=95465"]}]},{"@type":"ImageObject","inLanguage":"tr","@id":"https:\/\/kibrisdakik.com\/?p=95465#primaryimage","url":"https:\/\/kibrisdakik.com\/wp-content\/uploads\/2025\/08\/1755541591_bati-seria-israel-forces-aa-2326874-740x420.jpg","contentUrl":"https:\/\/kibrisdakik.com\/wp-content\/uploads\/2025\/08\/1755541591_bati-seria-israel-forces-aa-2326874-740x420.jpg","width":1280,"height":720},{"@type":"BreadcrumbList","@id":"https:\/\/kibrisdakik.com\/?p=95465#breadcrumb","itemListElement":[{"@type":"ListItem","position":1,"name":"Home","item":"https:\/\/kibrisdakik.com\/"},{"@type":"ListItem","position":2,"name":"\u0130\u015fgalci \u0130srail, Bat\u0131 \u015eeriada serbest b\u0131rak\u0131lmas\u0131 planlanan Filistinli esirlerin ailelerini tehdit etti"}]},{"@type":"WebSite","@id":"https:\/\/kibrisdakik.com\/#website","url":"https:\/\/kibrisdakik.com\/","name":"","description":"Tam vaktinde haber","potentialAction":[{"@type":"SearchAction","target":{"@type":"EntryPoint","urlTemplate":"https:\/\/kibrisdakik.com\/?s={search_term_string}"},"query-input":{"@type":"PropertyValueSpecification","valueRequired":true,"valueName":"search_term_string"}}],"inLanguage":"tr"},{"@type":"Person","@id":"https:\/\/kibrisdakik.com\/#\/schema\/person\/9cd9d437bbb44f72b73ba127e06d8e79","name":"admin","image":{"@type":"ImageObject","inLanguage":"tr","@id":"https:\/\/secure.gravatar.com\/avatar\/ccc17943b9d660506c869530f897617f7cb1c21a4bf30023f252596d83e1f007?s=96&d=mm&r=g","url":"https:\/\/secure.gravatar.com\/avatar\/ccc17943b9d660506c869530f897617f7cb1c21a4bf30023f252596d83e1f007?s=96&d=mm&r=g","contentUrl":"https:\/\/secure.gravatar.com\/avatar\/ccc17943b9d660506c869530f897617f7cb1c21a4bf30023f252596d83e1f007?s=96&d=mm&r=g","caption":"admin"},"sameAs":["https:\/\/kibrisdakik.com"],"url":"https:\/\/kibrisdakik.com\/?author=1"}]}},"_links":{"self":[{"href":"https:\/\/kibrisdakik.com\/index.php?rest_route=\/wp\/v2\/posts\/95465","targetHints":{"allow":["GET"]}}],"collection":[{"href":"https:\/\/kibrisdakik.com\/index.php?rest_route=\/wp\/v2\/posts"}],"about":[{"href":"https:\/\/kibrisdakik.com\/index.php?rest_route=\/wp\/v2\/types\/post"}],"author":[{"embeddable":true,"href":"https:\/\/kibrisdakik.com\/index.php?rest_route=\/wp\/v2\/users\/1"}],"replies":[{"embeddable":true,"href":"https:\/\/kibrisdakik.com\/index.php?rest_route=%2Fwp%2Fv2%2Fcomments&post=95465"}],"version-history":[{"count":0,"href":"https:\/\/kibrisdakik.com\/index.php?rest_route=\/wp\/v2\/posts\/95465\/revisions"}],"wp:featuredmedia":[{"embeddable":true,"href":"https:\/\/kibrisdakik.com\/index.php?rest_route=\/wp\/v2\/media\/88947"}],"wp:attachment":[{"href":"https:\/\/kibrisdakik.com\/index.php?rest_route=%2Fwp%2Fv2%2Fmedia&parent=95465"}],"wp:term":[{"taxonomy":"category","embeddable":true,"href":"https:\/\/kibrisdakik.com\/index.php?rest_route=%2Fwp%2Fv2%2Fcategories&post=95465"},{"taxonomy":"post_tag","embeddable":true,"href":"https:\/\/kibrisdakik.com\/index.php?rest_route=%2Fwp%2Fv2%2Ftags&post=95465"}],"curies":[{"name":"wp","href":"https:\/\/api.w.org\/{rel}","templated":true}]}}