{"id":95500,"date":"2025-10-13T07:55:41","date_gmt":"2025-10-13T04:55:41","guid":{"rendered":"https:\/\/kibrisdakik.com\/index.php\/2025\/10\/13\/misir-sarm-esseyh-baris-zirvesine-katilacak-liderlerin-isimlerini-duyurdu\/"},"modified":"2025-10-13T07:55:41","modified_gmt":"2025-10-13T04:55:41","slug":"misir-sarm-esseyh-baris-zirvesine-katilacak-liderlerin-isimlerini-duyurdu","status":"publish","type":"post","link":"https:\/\/kibrisdakik.com\/?p=95500","title":{"rendered":"M\u0131s\u0131r, \u015earm e\u015f\u015eeyh Bar\u0131\u015f Zirvesi&#039;ne kat\u0131lacak liderlerin isimlerini duyurdu"},"content":{"rendered":"<p><\/p>\n<div class=\"news-content\">\n<p>\n\tZirveye, M\u0131s\u0131r Cumhurba\u015fkan\u0131 Abdulfettah es-Sisi, ABD Ba\u015fkan\u0131 Donald Trump ve T\u00fcrkiye Cumhurba\u015fkan\u0131 Recep Tayyip Erdo\u011fan&#8217;\u0131n da aralar\u0131nda bulundu\u011fu \u00e7ok say\u0131da devlet ba\u015fkan\u0131 kat\u0131lacak.<\/p>\n<p>\n\tM\u0131s\u0131r resmi haber ajans\u0131 MENA&#8217;ya g\u00f6re \u015earm e\u015f-\u015eeyh Bar\u0131\u015f Zirvesi&#8217;ne cumhurba\u015fkan\u0131, kral ve emir d\u00fczeyinde \u015fu isimler kat\u0131lacak:<\/p>\n<p>\n\t&#8220;M\u0131s\u0131r Cumhurba\u015fkan\u0131 Abdulfettah es-Sisi, ABD Ba\u015fkan\u0131 Donald Trump, T\u00fcrkiye Cumhurba\u015fkan\u0131 Recep Tayyip Erdo\u011fan, \u00dcrd\u00fcn Kral\u0131 2&#8217;nci Abdullah, Katar Emiri \u015eeyh Temim bin Hamed Al Sani, Bahreyn Kral\u0131 Hamed bin \u0130sa Al Halife, Filistin Devlet Ba\u015fkan\u0131 Mahmud Abbas, Endonezya Cumhurba\u015fkan\u0131 Prabowo Subianto, Azerbaycan Cumhurba\u015fkan\u0131 \u0130lham Aliyev, Fransa Cumhurba\u015fkan\u0131 Emmanuel Macron, G\u00fcney K\u0131br\u0131s Rum Y\u00f6netimi lideri Nikos Christodoulides.&#8221;<\/p>\n<p>\n\tAlmanya, Irak, \u0130ngiltere, \u0130talya, \u0130spanya, Yunanistan, Ermenistan, Macaristan, Pakistan, Kanada, Norve\u00e7, Birle\u015fik Arap Emirlikleri ve Kuveyt&#8217;in zirveye ba\u015fbakan d\u00fczeyinde kat\u0131l\u0131m sa\u011flamas\u0131 bekleniyor.<\/p>\n<h2>\n\t20&#8217;den fazla lider kat\u0131lacak<\/h2>\n<p>\n\tZirveye ayr\u0131ca, Umman D\u0131\u015fi\u015fleri Bakan\u0131 Bedr el-Busaidi, BM Genel Sekreteri Antonio Guterres, Arap Birli\u011fi Genel Sekreteri Ahmed Ebu Gayt, Avrupa Konseyi Ba\u015fkan\u0131 Antonio Costa, Hindistan D\u0131\u015fi\u015fleri Bakan\u0131 Subrahmanyam Jaishankar ve Japonya&#8217;n\u0131n Kahire B\u00fcy\u00fckel\u00e7isi Fumio Iwai&#8217;nin de kat\u0131laca\u011f\u0131 a\u00e7\u0131kland\u0131.<\/p>\n<p>\n\tM\u0131s\u0131r Cumhurba\u015fkanl\u0131\u011f\u0131ndan yap\u0131lan yaz\u0131l\u0131 a\u00e7\u0131klamada, Cumhurba\u015fkan\u0131 Abd\u00fclfettah es-Sisi ve ABD Ba\u015fkan\u0131 Donald Trump&#8217;\u0131n e\u015f ba\u015fkanl\u0131\u011f\u0131nda ve 20&#8217;den fazla \u00fclkeden liderlerin kat\u0131l\u0131m\u0131yla yar\u0131n &#8220;\u015earm e\u015f-\u015eeyh Bar\u0131\u015f Zirvesi&#8221; d\u00fczenlenece\u011fi bildirilmi\u015fti.<\/p>\n<h2>\n\tGazze&#8217;de ate\u015fkes ve esir takas\u0131 anla\u015fmas\u0131<\/h2>\n<p>\n\tABD Ba\u015fkan\u0131 Trump, 9 Ekim&#8217;de M\u0131s\u0131r&#8217;da devam eden m\u00fczakerelerde \u0130srail ile Hamas&#8217;\u0131n, Gazze&#8217;de ate\u015fkes plan\u0131n\u0131n ilk a\u015famas\u0131n\u0131 onaylad\u0131\u011f\u0131n\u0131 duyurmu\u015ftu.<\/p>\n<p>\n\tM\u00fczakerelerin yap\u0131ld\u0131\u011f\u0131 M\u0131s\u0131r&#8217;da anla\u015fma imzalan\u0131rken, \u0130srail h\u00fck\u00fcmetinin onay\u0131yla 10 Ekim&#8217;in ilk saatlerinde anla\u015fma y\u00fcr\u00fcrl\u00fc\u011fe girmi\u015fti.<\/p>\n<p>\n\t\u0130srail&#8217;in Gazze \u015eeridi&#8217;ne 8 Ekim 2023&#8217;ten ate\u015fkes anla\u015fmas\u0131na kadar ge\u00e7en s\u00fcrede d\u00fczenledi\u011fi sald\u0131r\u0131larda 67 bin 682 ki\u015fi hayat\u0131n\u0131 kaybetmi\u015f, 170 bin 33 ki\u015fi yaralanm\u0131\u015ft\u0131.<\/p>\n<div class=\"news-tags\">\n<div class=\"title\">ET\u0130KETLER<\/div>\n<div class=\"tags\">\n                                                                            M\u0131s\u0131r<br \/>\n                                                                            Recep Tayyip Erdo\u011fan<br \/>\n                                                                            Gazze\n                                                                    <\/div>\n<\/p><\/div>\n<\/p><\/div>\n","protected":false},"excerpt":{"rendered":"<p>Zirveye, M\u0131s\u0131r Cumhurba\u015fkan\u0131 Abdulfettah es-Sisi, ABD Ba\u015fkan\u0131 Donald Trump ve T\u00fcrkiye Cumhurba\u015fkan\u0131 Recep Tayyip Erdo\u011fan&#8217;\u0131n da aralar\u0131nda bulundu\u011fu \u00e7ok say\u0131da devlet ba\u015fkan\u0131 kat\u0131lacak. M\u0131s\u0131r resmi haber ajans\u0131 MENA&#8217;ya g\u00f6re \u015earm e\u015f-\u015eeyh Bar\u0131\u015f Zirvesi&#8217;ne cumhurba\u015fkan\u0131, kral ve emir d\u00fczeyinde \u015fu isimler kat\u0131lacak: &#8220;M\u0131s\u0131r Cumhurba\u015fkan\u0131 Abdulfettah es-Sisi, ABD Ba\u015fkan\u0131 Donald Trump, T\u00fcrkiye Cumhurba\u015fkan\u0131 Recep Tayyip Erdo\u011fan, \u00dcrd\u00fcn<\/p>\n","protected":false},"author":1,"featured_media":95454,"comment_status":"open","ping_status":"open","sticky":false,"template":"","format":"standard","meta":{"footnotes":""},"categories":[306],"tags":[],"class_list":["post-95500","post","type-post","status-publish","format-standard","has-post-thumbnail","hentry","category-dunya"],"yoast_head":"<!-- This site is optimized with the Yoast SEO plugin v27.5 - https:\/\/yoast.com\/product\/yoast-seo-wordpress\/ -->\n<title>M\u0131s\u0131r, \u015earm e\u015f\u015eeyh Bar\u0131\u015f Zirvesi&#039;ne kat\u0131lacak liderlerin isimlerini duyurdu -<\/title>\n<meta name=\"robots\" content=\"index, follow, max-snippet:-1, max-image-preview:large, max-video-preview:-1\" \/>\n<link rel=\"canonical\" href=\"https:\/\/kibrisdakik.com\/?p=95500\" \/>\n<meta property=\"og:locale\" content=\"tr_TR\" \/>\n<meta property=\"og:type\" content=\"article\" \/>\n<meta property=\"og:title\" content=\"M\u0131s\u0131r, \u015earm e\u015f\u015eeyh Bar\u0131\u015f Zirvesi&#039;ne kat\u0131lacak liderlerin isimlerini duyurdu -\" \/>\n<meta property=\"og:description\" content=\"Zirveye, M\u0131s\u0131r Cumhurba\u015fkan\u0131 Abdulfettah es-Sisi, ABD Ba\u015fkan\u0131 Donald Trump ve T\u00fcrkiye Cumhurba\u015fkan\u0131 Recep Tayyip Erdo\u011fan&#8217;\u0131n da aralar\u0131nda bulundu\u011fu \u00e7ok say\u0131da devlet ba\u015fkan\u0131 kat\u0131lacak. M\u0131s\u0131r resmi haber ajans\u0131 MENA&#8217;ya g\u00f6re \u015earm e\u015f-\u015eeyh Bar\u0131\u015f Zirvesi&#8217;ne cumhurba\u015fkan\u0131, kral ve emir d\u00fczeyinde \u015fu isimler kat\u0131lacak: &#8220;M\u0131s\u0131r Cumhurba\u015fkan\u0131 Abdulfettah es-Sisi, ABD Ba\u015fkan\u0131 Donald Trump, T\u00fcrkiye Cumhurba\u015fkan\u0131 Recep Tayyip Erdo\u011fan, \u00dcrd\u00fcn\" \/>\n<meta property=\"og:url\" content=\"https:\/\/kibrisdakik.com\/?p=95500\" \/>\n<meta property=\"article:published_time\" content=\"2025-10-13T04:55:41+00:00\" \/>\n<meta property=\"og:image\" content=\"https:\/\/kibrisdakik.com\/wp-content\/uploads\/2025\/10\/gazze-guncel-2406652.jpg\" \/>\n\t<meta property=\"og:image:width\" content=\"1280\" \/>\n\t<meta property=\"og:image:height\" content=\"720\" \/>\n\t<meta property=\"og:image:type\" content=\"image\/jpeg\" \/>\n<meta name=\"author\" content=\"admin\" \/>\n<meta name=\"twitter:card\" content=\"summary_large_image\" \/>\n<meta name=\"twitter:label1\" content=\"Yazan:\" \/>\n\t<meta name=\"twitter:data1\" content=\"admin\" \/>\n\t<meta name=\"twitter:label2\" content=\"Tahmini okuma s\u00fcresi\" \/>\n\t<meta name=\"twitter:data2\" content=\"2 dakika\" \/>\n<script type=\"application\/ld+json\" class=\"yoast-schema-graph\">{\"@context\":\"https:\\\/\\\/schema.org\",\"@graph\":[{\"@type\":\"Article\",\"@id\":\"https:\\\/\\\/kibrisdakik.com\\\/?p=95500#article\",\"isPartOf\":{\"@id\":\"https:\\\/\\\/kibrisdakik.com\\\/?p=95500\"},\"author\":{\"name\":\"admin\",\"@id\":\"https:\\\/\\\/kibrisdakik.com\\\/#\\\/schema\\\/person\\\/9cd9d437bbb44f72b73ba127e06d8e79\"},\"headline\":\"M\u0131s\u0131r, \u015earm e\u015f\u015eeyh Bar\u0131\u015f Zirvesi&#039;ne kat\u0131lacak liderlerin isimlerini duyurdu\",\"datePublished\":\"2025-10-13T04:55:41+00:00\",\"mainEntityOfPage\":{\"@id\":\"https:\\\/\\\/kibrisdakik.com\\\/?p=95500\"},\"wordCount\":390,\"commentCount\":0,\"image\":{\"@id\":\"https:\\\/\\\/kibrisdakik.com\\\/?p=95500#primaryimage\"},\"thumbnailUrl\":\"https:\\\/\\\/kibrisdakik.com\\\/wp-content\\\/uploads\\\/2025\\\/10\\\/gazze-guncel-2406652.jpg\",\"articleSection\":[\"D\u00fcnya\"],\"inLanguage\":\"tr\",\"potentialAction\":[{\"@type\":\"CommentAction\",\"name\":\"Comment\",\"target\":[\"https:\\\/\\\/kibrisdakik.com\\\/?p=95500#respond\"]}]},{\"@type\":\"WebPage\",\"@id\":\"https:\\\/\\\/kibrisdakik.com\\\/?p=95500\",\"url\":\"https:\\\/\\\/kibrisdakik.com\\\/?p=95500\",\"name\":\"M\u0131s\u0131r, \u015earm e\u015f\u015eeyh Bar\u0131\u015f Zirvesi&#039;ne kat\u0131lacak liderlerin isimlerini duyurdu -\",\"isPartOf\":{\"@id\":\"https:\\\/\\\/kibrisdakik.com\\\/#website\"},\"primaryImageOfPage\":{\"@id\":\"https:\\\/\\\/kibrisdakik.com\\\/?p=95500#primaryimage\"},\"image\":{\"@id\":\"https:\\\/\\\/kibrisdakik.com\\\/?p=95500#primaryimage\"},\"thumbnailUrl\":\"https:\\\/\\\/kibrisdakik.com\\\/wp-content\\\/uploads\\\/2025\\\/10\\\/gazze-guncel-2406652.jpg\",\"datePublished\":\"2025-10-13T04:55:41+00:00\",\"author\":{\"@id\":\"https:\\\/\\\/kibrisdakik.com\\\/#\\\/schema\\\/person\\\/9cd9d437bbb44f72b73ba127e06d8e79\"},\"breadcrumb\":{\"@id\":\"https:\\\/\\\/kibrisdakik.com\\\/?p=95500#breadcrumb\"},\"inLanguage\":\"tr\",\"potentialAction\":[{\"@type\":\"ReadAction\",\"target\":[\"https:\\\/\\\/kibrisdakik.com\\\/?p=95500\"]}]},{\"@type\":\"ImageObject\",\"inLanguage\":\"tr\",\"@id\":\"https:\\\/\\\/kibrisdakik.com\\\/?p=95500#primaryimage\",\"url\":\"https:\\\/\\\/kibrisdakik.com\\\/wp-content\\\/uploads\\\/2025\\\/10\\\/gazze-guncel-2406652.jpg\",\"contentUrl\":\"https:\\\/\\\/kibrisdakik.com\\\/wp-content\\\/uploads\\\/2025\\\/10\\\/gazze-guncel-2406652.jpg\",\"width\":1280,\"height\":720},{\"@type\":\"BreadcrumbList\",\"@id\":\"https:\\\/\\\/kibrisdakik.com\\\/?p=95500#breadcrumb\",\"itemListElement\":[{\"@type\":\"ListItem\",\"position\":1,\"name\":\"Home\",\"item\":\"https:\\\/\\\/kibrisdakik.com\\\/\"},{\"@type\":\"ListItem\",\"position\":2,\"name\":\"M\u0131s\u0131r, \u015earm e\u015f\u015eeyh Bar\u0131\u015f Zirvesi&#039;ne kat\u0131lacak liderlerin isimlerini duyurdu\"}]},{\"@type\":\"WebSite\",\"@id\":\"https:\\\/\\\/kibrisdakik.com\\\/#website\",\"url\":\"https:\\\/\\\/kibrisdakik.com\\\/\",\"name\":\"\",\"description\":\"Tam vaktinde haber\",\"potentialAction\":[{\"@type\":\"SearchAction\",\"target\":{\"@type\":\"EntryPoint\",\"urlTemplate\":\"https:\\\/\\\/kibrisdakik.com\\\/?s={search_term_string}\"},\"query-input\":{\"@type\":\"PropertyValueSpecification\",\"valueRequired\":true,\"valueName\":\"search_term_string\"}}],\"inLanguage\":\"tr\"},{\"@type\":\"Person\",\"@id\":\"https:\\\/\\\/kibrisdakik.com\\\/#\\\/schema\\\/person\\\/9cd9d437bbb44f72b73ba127e06d8e79\",\"name\":\"admin\",\"image\":{\"@type\":\"ImageObject\",\"inLanguage\":\"tr\",\"@id\":\"https:\\\/\\\/secure.gravatar.com\\\/avatar\\\/ccc17943b9d660506c869530f897617f7cb1c21a4bf30023f252596d83e1f007?s=96&d=mm&r=g\",\"url\":\"https:\\\/\\\/secure.gravatar.com\\\/avatar\\\/ccc17943b9d660506c869530f897617f7cb1c21a4bf30023f252596d83e1f007?s=96&d=mm&r=g\",\"contentUrl\":\"https:\\\/\\\/secure.gravatar.com\\\/avatar\\\/ccc17943b9d660506c869530f897617f7cb1c21a4bf30023f252596d83e1f007?s=96&d=mm&r=g\",\"caption\":\"admin\"},\"sameAs\":[\"https:\\\/\\\/kibrisdakik.com\"],\"url\":\"https:\\\/\\\/kibrisdakik.com\\\/?author=1\"}]}<\/script>\n<!-- \/ Yoast SEO plugin. -->","yoast_head_json":{"title":"M\u0131s\u0131r, \u015earm e\u015f\u015eeyh Bar\u0131\u015f Zirvesi&#039;ne kat\u0131lacak liderlerin isimlerini duyurdu -","robots":{"index":"index","follow":"follow","max-snippet":"max-snippet:-1","max-image-preview":"max-image-preview:large","max-video-preview":"max-video-preview:-1"},"canonical":"https:\/\/kibrisdakik.com\/?p=95500","og_locale":"tr_TR","og_type":"article","og_title":"M\u0131s\u0131r, \u015earm e\u015f\u015eeyh Bar\u0131\u015f Zirvesi&#039;ne kat\u0131lacak liderlerin isimlerini duyurdu -","og_description":"Zirveye, M\u0131s\u0131r Cumhurba\u015fkan\u0131 Abdulfettah es-Sisi, ABD Ba\u015fkan\u0131 Donald Trump ve T\u00fcrkiye Cumhurba\u015fkan\u0131 Recep Tayyip Erdo\u011fan&#8217;\u0131n da aralar\u0131nda bulundu\u011fu \u00e7ok say\u0131da devlet ba\u015fkan\u0131 kat\u0131lacak. M\u0131s\u0131r resmi haber ajans\u0131 MENA&#8217;ya g\u00f6re \u015earm e\u015f-\u015eeyh Bar\u0131\u015f Zirvesi&#8217;ne cumhurba\u015fkan\u0131, kral ve emir d\u00fczeyinde \u015fu isimler kat\u0131lacak: &#8220;M\u0131s\u0131r Cumhurba\u015fkan\u0131 Abdulfettah es-Sisi, ABD Ba\u015fkan\u0131 Donald Trump, T\u00fcrkiye Cumhurba\u015fkan\u0131 Recep Tayyip Erdo\u011fan, \u00dcrd\u00fcn","og_url":"https:\/\/kibrisdakik.com\/?p=95500","article_published_time":"2025-10-13T04:55:41+00:00","og_image":[{"width":1280,"height":720,"url":"https:\/\/kibrisdakik.com\/wp-content\/uploads\/2025\/10\/gazze-guncel-2406652.jpg","type":"image\/jpeg"}],"author":"admin","twitter_card":"summary_large_image","twitter_misc":{"Yazan:":"admin","Tahmini okuma s\u00fcresi":"2 dakika"},"schema":{"@context":"https:\/\/schema.org","@graph":[{"@type":"Article","@id":"https:\/\/kibrisdakik.com\/?p=95500#article","isPartOf":{"@id":"https:\/\/kibrisdakik.com\/?p=95500"},"author":{"name":"admin","@id":"https:\/\/kibrisdakik.com\/#\/schema\/person\/9cd9d437bbb44f72b73ba127e06d8e79"},"headline":"M\u0131s\u0131r, \u015earm e\u015f\u015eeyh Bar\u0131\u015f Zirvesi&#039;ne kat\u0131lacak liderlerin isimlerini duyurdu","datePublished":"2025-10-13T04:55:41+00:00","mainEntityOfPage":{"@id":"https:\/\/kibrisdakik.com\/?p=95500"},"wordCount":390,"commentCount":0,"image":{"@id":"https:\/\/kibrisdakik.com\/?p=95500#primaryimage"},"thumbnailUrl":"https:\/\/kibrisdakik.com\/wp-content\/uploads\/2025\/10\/gazze-guncel-2406652.jpg","articleSection":["D\u00fcnya"],"inLanguage":"tr","potentialAction":[{"@type":"CommentAction","name":"Comment","target":["https:\/\/kibrisdakik.com\/?p=95500#respond"]}]},{"@type":"WebPage","@id":"https:\/\/kibrisdakik.com\/?p=95500","url":"https:\/\/kibrisdakik.com\/?p=95500","name":"M\u0131s\u0131r, \u015earm e\u015f\u015eeyh Bar\u0131\u015f Zirvesi&#039;ne kat\u0131lacak liderlerin isimlerini duyurdu -","isPartOf":{"@id":"https:\/\/kibrisdakik.com\/#website"},"primaryImageOfPage":{"@id":"https:\/\/kibrisdakik.com\/?p=95500#primaryimage"},"image":{"@id":"https:\/\/kibrisdakik.com\/?p=95500#primaryimage"},"thumbnailUrl":"https:\/\/kibrisdakik.com\/wp-content\/uploads\/2025\/10\/gazze-guncel-2406652.jpg","datePublished":"2025-10-13T04:55:41+00:00","author":{"@id":"https:\/\/kibrisdakik.com\/#\/schema\/person\/9cd9d437bbb44f72b73ba127e06d8e79"},"breadcrumb":{"@id":"https:\/\/kibrisdakik.com\/?p=95500#breadcrumb"},"inLanguage":"tr","potentialAction":[{"@type":"ReadAction","target":["https:\/\/kibrisdakik.com\/?p=95500"]}]},{"@type":"ImageObject","inLanguage":"tr","@id":"https:\/\/kibrisdakik.com\/?p=95500#primaryimage","url":"https:\/\/kibrisdakik.com\/wp-content\/uploads\/2025\/10\/gazze-guncel-2406652.jpg","contentUrl":"https:\/\/kibrisdakik.com\/wp-content\/uploads\/2025\/10\/gazze-guncel-2406652.jpg","width":1280,"height":720},{"@type":"BreadcrumbList","@id":"https:\/\/kibrisdakik.com\/?p=95500#breadcrumb","itemListElement":[{"@type":"ListItem","position":1,"name":"Home","item":"https:\/\/kibrisdakik.com\/"},{"@type":"ListItem","position":2,"name":"M\u0131s\u0131r, \u015earm e\u015f\u015eeyh Bar\u0131\u015f Zirvesi&#039;ne kat\u0131lacak liderlerin isimlerini duyurdu"}]},{"@type":"WebSite","@id":"https:\/\/kibrisdakik.com\/#website","url":"https:\/\/kibrisdakik.com\/","name":"","description":"Tam vaktinde haber","potentialAction":[{"@type":"SearchAction","target":{"@type":"EntryPoint","urlTemplate":"https:\/\/kibrisdakik.com\/?s={search_term_string}"},"query-input":{"@type":"PropertyValueSpecification","valueRequired":true,"valueName":"search_term_string"}}],"inLanguage":"tr"},{"@type":"Person","@id":"https:\/\/kibrisdakik.com\/#\/schema\/person\/9cd9d437bbb44f72b73ba127e06d8e79","name":"admin","image":{"@type":"ImageObject","inLanguage":"tr","@id":"https:\/\/secure.gravatar.com\/avatar\/ccc17943b9d660506c869530f897617f7cb1c21a4bf30023f252596d83e1f007?s=96&d=mm&r=g","url":"https:\/\/secure.gravatar.com\/avatar\/ccc17943b9d660506c869530f897617f7cb1c21a4bf30023f252596d83e1f007?s=96&d=mm&r=g","contentUrl":"https:\/\/secure.gravatar.com\/avatar\/ccc17943b9d660506c869530f897617f7cb1c21a4bf30023f252596d83e1f007?s=96&d=mm&r=g","caption":"admin"},"sameAs":["https:\/\/kibrisdakik.com"],"url":"https:\/\/kibrisdakik.com\/?author=1"}]}},"_links":{"self":[{"href":"https:\/\/kibrisdakik.com\/index.php?rest_route=\/wp\/v2\/posts\/95500","targetHints":{"allow":["GET"]}}],"collection":[{"href":"https:\/\/kibrisdakik.com\/index.php?rest_route=\/wp\/v2\/posts"}],"about":[{"href":"https:\/\/kibrisdakik.com\/index.php?rest_route=\/wp\/v2\/types\/post"}],"author":[{"embeddable":true,"href":"https:\/\/kibrisdakik.com\/index.php?rest_route=\/wp\/v2\/users\/1"}],"replies":[{"embeddable":true,"href":"https:\/\/kibrisdakik.com\/index.php?rest_route=%2Fwp%2Fv2%2Fcomments&post=95500"}],"version-history":[{"count":0,"href":"https:\/\/kibrisdakik.com\/index.php?rest_route=\/wp\/v2\/posts\/95500\/revisions"}],"wp:featuredmedia":[{"embeddable":true,"href":"https:\/\/kibrisdakik.com\/index.php?rest_route=\/wp\/v2\/media\/95454"}],"wp:attachment":[{"href":"https:\/\/kibrisdakik.com\/index.php?rest_route=%2Fwp%2Fv2%2Fmedia&parent=95500"}],"wp:term":[{"taxonomy":"category","embeddable":true,"href":"https:\/\/kibrisdakik.com\/index.php?rest_route=%2Fwp%2Fv2%2Fcategories&post=95500"},{"taxonomy":"post_tag","embeddable":true,"href":"https:\/\/kibrisdakik.com\/index.php?rest_route=%2Fwp%2Fv2%2Ftags&post=95500"}],"curies":[{"name":"wp","href":"https:\/\/api.w.org\/{rel}","templated":true}]}}