{"id":95542,"date":"2025-10-13T12:49:10","date_gmt":"2025-10-13T09:49:10","guid":{"rendered":"https:\/\/kibrisdakik.com\/index.php\/2025\/10\/13\/erhurman-sanayi-odasi-uyeleriyle-bulustu\/"},"modified":"2025-10-13T12:49:10","modified_gmt":"2025-10-13T09:49:10","slug":"erhurman-sanayi-odasi-uyeleriyle-bulustu","status":"publish","type":"post","link":"https:\/\/kibrisdakik.com\/?p=95542","title":{"rendered":"ERH\u00dcRMAN, SANAY\u0130 ODASI \u00dcYELER\u0130YLE BULU\u015eTU"},"content":{"rendered":"<p><\/p>\n<p>Cumhurba\u015fkan\u0131 aday\u0131 Tufan Erh\u00fcrman, \u201cBu \u00fclkenin \u00fcreticisinin, giri\u015fimcisinin, sanayicisinin, turizmcisinin, esnaf\u0131n\u0131n, i\u00e7erideki ve d\u0131\u015far\u0131daki e\u015fitsiz ve adil olmayan uygulama ve d\u00fczenlemelerle ezilmesine, itilmesine, kak\u0131lmas\u0131na engel olaca\u011f\u0131z.\u201d dedi.<\/p>\n<p>Cumhurba\u015fkan\u0131 aday\u0131 Tufan Erh\u00fcrman, K\u0131br\u0131s T\u00fcrk Sanayi Odas\u0131\u2019n\u0131 (KTSO) ziyaret etti. Ziyarette bir\u00e7ok milletvekili ve KTSO Y\u00f6netim Kurulu ile \u00fcyeleri de haz\u0131r bulundu. KTSO Ba\u015fkan\u0131 Ali Kamac\u0131o\u011flu, Tufan Erh\u00fcrman\u2019a ziyaretlerinden dolay\u0131 te\u015fekk\u00fcr etti.<\/p>\n<p>-Erh\u00fcrman: \u201cOrtak zemin yoktur\u201d tespiti ba\u015far\u0131 gibi g\u00f6sterildi<\/p>\n<p>CTP\u2019den yap\u0131lan a\u00e7\u0131klamaya g\u00f6re, ziyarette konu\u015fan Cumhurba\u015fkan\u0131 aday\u0131 Tufan Erh\u00fcrman, KTSO yetkililerini s\u0131cak kar\u015f\u0131lama i\u00e7in te\u015fekk\u00fcr etti. Cumhurba\u015fkanl\u0131\u011f\u0131n\u0131n i\u015flevleri konusunu hat\u0131rlamakta fayda oldu\u011funu vurgulayan Erh\u00fcrman, \u00f6nceki d\u00f6rt cumhurba\u015fkan\u0131n\u0131n birebir ayn\u0131 g\u00f6r\u00fc\u015flere sahip insanlar olmad\u0131klar\u0131n\u0131, ancak d\u00f6rd\u00fcn\u00fcn de baz\u0131 ortak noktalar\u0131n\u0131n oldu\u011funu belirtti.<\/p>\n<p>\u201cCumhurba\u015fkanl\u0131\u011f\u0131 sadece m\u00fczakerecilikten ibaret de\u011fildir ama m\u00fczakere varsa, Cumhurba\u015fkan\u0131 ayn\u0131 zamanda m\u00fczakerecidir.\u201d diyen Erh\u00fcrman, \u00f6nceki d\u00f6rt cumhurba\u015fkan\u0131n\u0131n da aktif bir \u015fekilde m\u00fczakere y\u00fcr\u00fctt\u00fc\u011f\u00fcn\u00fc vurgulad\u0131.<img loading=\"lazy\" decoding=\"async\" height=\"431\" src=\"https:\/\/mhahabercom.teimg.com\/mhahaber-com\/uploads\/2025\/10\/6-354.png\" width=\"706\" \/><\/p>\n<p>Tufan Erh\u00fcrman, \u201cCumhurba\u015fkan\u0131, ortada bir m\u00fczakere s\u00fcreci yoksa bile, g\u00f6r\u00fc\u015fme masas\u0131nda s\u00fcrekli aktif olan ki\u015fidir.\u201d dedi.<\/p>\n<p>M\u00fczakere masas\u0131 ile g\u00f6r\u00fc\u015fme masas\u0131n\u0131 birbirinden ay\u0131rd\u0131\u011f\u0131na i\u015faret eden Erh\u00fcrman, m\u00fczakere masas\u0131n\u0131n, K\u0131br\u0131s sorununun kapsaml\u0131 \u00e7\u00f6z\u00fcm\u00fcn\u00fcn g\u00f6r\u00fc\u015f\u00fcld\u00fc\u011f\u00fc masa, g\u00f6r\u00fc\u015fme masas\u0131n\u0131n ise G\u00fcven Yarat\u0131c\u0131 \u00d6nlemler (GY\u00d6) ya da K\u0131br\u0131s T\u00fcrk halk\u0131n\u0131n ihlal edilen hak ve \u00e7\u0131karlar\u0131n\u0131n ele al\u0131nd\u0131\u011f\u0131 masa oldu\u011funa i\u015faret etti.<\/p>\n<p>Cumhurba\u015fkanl\u0131\u011f\u0131n\u0131n i\u00e7eride de \u00fcstlendi\u011fi g\u00f6revler oldu\u011funun alt\u0131n\u0131 \u00e7izen Erh\u00fcrman, \u201cBu g\u00f6revler, Anayasa&#8217;dan ve mevzuattan ald\u0131\u011f\u0131 yetkilere dayan\u0131r. \u0130lk d\u00f6rt cumhurba\u015fkan\u0131 da m\u00fczakere y\u00fcr\u00fctt\u00fc. Ancak geride b\u0131rakt\u0131\u011f\u0131m\u0131z be\u015f y\u0131lda bir tek m\u00fczakere masas\u0131 dahi kurulmad\u0131. K\u0131br\u0131s sorununun kapsaml\u0131 \u00e7\u00f6z\u00fcm\u00fc rafa kalkt\u0131.\u201d diye konu\u015ftu.<\/p>\n<p>-\u201cBM kendi s\u00f6zlerine sahip \u00e7\u0131ks\u0131n\u201d<\/p>\n<p>Tufan Erh\u00fcrman, \u201cTatar &#8216;Ben iki devletlilik istiyorum&#8217; deseydi ve orada dursayd\u0131, kendisini anlamam daha kolay olurdu. Zaten \u015fu anda fiilen iki devletli bir yap\u0131 var. Ersin Bey bunu s\u00f6ylemekle yetinmedi. Bunu s\u00f6ylemekle kalsayd\u0131, &#8216;\u00e7\u00f6z\u00fcms\u00fczl\u00fck \u00e7\u00f6z\u00fcmd\u00fcr&#8217; demekti. Ancak o, &#8216;iki devletli \u00e7\u00f6z\u00fcm istiyorum&#8217; dedi.\u201d diye konu\u015ftu ve \u00e7\u00f6z\u00fcm\u00fcn ancak BM\u2019nin kurdu\u011fu masada g\u00f6r\u00fc\u015f\u00fclebilecek bir \u015fey oldu\u011funa dikkat \u00e7ekti.<img loading=\"lazy\" decoding=\"async\" height=\"431\" src=\"https:\/\/mhahabercom.teimg.com\/mhahaber-com\/uploads\/2025\/10\/8-247.png\" width=\"706\" \/><\/p>\n<p>\u201cBir iki g\u00fcn \u00f6nce Azerbaycan\u2019da yap\u0131lan toplant\u0131n\u0131n sonu\u00e7 bildirgesine bakt\u0131\u011f\u0131n\u0131zda, T\u00fcrk Devletleri Te\u015fkilat\u0131 (TDT) &#8216;K\u0131br\u0131s\u2019ta m\u00fczakereler yoluyla ula\u015f\u0131labilecek, kar\u015f\u0131l\u0131kl\u0131 kabul edilebilir bir \u00e7\u00f6z\u00fcm istiyoruz&#8217; dedi. T\u00fcrkiye Cumhuriyeti\u2019nin de alt\u0131na imza att\u0131\u011f\u0131 sonu\u00e7 bildirgesinde &#8216;Adadaki ger\u00e7eklere uygun m\u00fczakereler yoluyla ula\u015f\u0131lacak bir \u00e7\u00f6z\u00fcm\u00fc destekliyoruz&#8217; ifadesi yer ald\u0131.\u201d hat\u0131rlatmas\u0131nda bulunan Erh\u00fcrman, o zaman neden be\u015f sene boyunca hi\u00e7bir m\u00fczakerenin y\u00fcr\u00fct\u00fclmedi\u011fini sordu. &#8220;Be\u015f y\u0131l\u0131n d\u00f6rd\u00fcnc\u00fc y\u0131l\u0131nda BM\u2019ye sundu\u011fu son belge 3D form\u00fcl\u00fcyd\u00fc. Bu 3D form\u00fcl\u00fc her nedense bug\u00fcnlerde konu\u015fulmuyor. 3D; do\u011frudan ticaret, do\u011frudan u\u00e7u\u015f ve do\u011frudan temast\u0131r.&#8221; diyen Erh\u00fcrman m\u00fczakerelerin ba\u015flamas\u0131 i\u00e7in tek \u00f6n \u015fart\u0131n\u0131n oldu\u011funu s\u00f6yledi. Erh\u00fcrman, \u201cBM kendi s\u00f6zlerine sahip \u00e7\u0131ks\u0131n.\u201d ifadelerini kulland\u0131. G\u00f6r\u00fc\u015fme masas\u0131n\u0131n da \u00f6nemine vurgu yapan Erh\u00fcrman, \u201cYe\u015fil Hat konusunda, do\u011frudan ticaret konusunda \u00e7\u0131kar\u0131lan problemler konu\u015fulacak. Karma evlilikler konusunda \u00e7\u0131kar\u0131lan sorunlar\u0131, burada do\u011fan \u00e7ocuklar\u0131n seyahat engellerini konu\u015fal\u0131m. Yeni kap\u0131lar\u0131 konu\u015fal\u0131m. Var olan kap\u0131lardaki eziyetleri konu\u015fal\u0131m. B\u00fct\u00fcn bunlar\u0131 BM\u2019nin \u00f6n\u00fcnde konu\u015fal\u0131m.\u201d dedi.<\/p>\n<p>-\u201cAyaklar\u0131m\u0131z \u00fczerinde duracak, hep birlikte \u00fcretece\u011fiz\u201d<\/p>\n<p>\u00c7al\u0131\u015fman\u0131n, eme\u011fin kar\u015f\u0131l\u0131\u011f\u0131n\u0131 buldu\u011fu, herkesin insan onuruna yara\u015f\u0131r bir ya\u015fam s\u00fcrece\u011fi bir \u00fclke i\u00e7in gece g\u00fcnd\u00fcz demeden \u00e7al\u0131\u015facaklar\u0131na dikkat \u00e7eken Erh\u00fcrman, \u201cAilelerinin gelir d\u00fczeyleri ya da \u00f6zel durumlar\u0131 dolay\u0131s\u0131yla e\u011fitim, sa\u011fl\u0131k ve ba\u015fka alanlarda ya\u015f\u0131tlar\u0131 kar\u015f\u0131s\u0131nda dezavantajl\u0131 durumda olan \u00e7ocuklar\u0131m\u0131z\u0131n g\u00f6rmezden gelinmesine asla izin vermeyece\u011fiz.\u201d dedi. \u201cGen\u00e7lerimizin, kendilerinin veya ailelerinin d\u00fc\u015f\u00fcnceleri, siyasi g\u00f6r\u00fc\u015fleri ya da ba\u015fka herhangi bir nedenle, haks\u0131zl\u0131kla, adil olmayan uygulamalarla kar\u015f\u0131la\u015fmalar\u0131na g\u00f6z yummayaca\u011f\u0131z.\u201d diyen Cumhurba\u015fkan\u0131 aday\u0131 Tufan Erh\u00fcrman, &#8220;be\u015f bo\u015f y\u0131l\u0131n&#8221; a\u00e7\u0131\u011f\u0131n\u0131 kapatmak i\u00e7in 24 saat \u00e7al\u0131\u015fan bir Cumhurba\u015fkanl\u0131\u011f\u0131 olaca\u011f\u0131na vurgu yapt\u0131. Erh\u00fcrman, \u201cBu \u00fclkenin \u00fcreticisinin, giri\u015fimcisinin, sanayicisinin, turizmcisinin, esnaf\u0131n\u0131n, i\u00e7erideki ve d\u0131\u015far\u0131daki e\u015fitsiz ve adil olmayan uygulama ve d\u00fczenlemelerle ezilmesine, itilmesine, kak\u0131lmas\u0131na engel olaca\u011f\u0131z.\u201d dedi. \u201cAyaklar\u0131m\u0131z \u00fczerinde duracak, hep birlikte \u00fcretecek, pastay\u0131 hep birlikte b\u00fcy\u00fctecek, hep birlikte, adil bi\u00e7imde payla\u015faca\u011f\u0131z.\u201d diyen Erh\u00fcrman, K\u0131br\u0131s T\u00fcrk halk\u0131n\u0131n haklar\u0131n\u0131 sonuna kadar savunacaklar\u0131n\u0131 kaydetti.<\/p>\n","protected":false},"excerpt":{"rendered":"<p>Cumhurba\u015fkan\u0131 aday\u0131 Tufan Erh\u00fcrman, \u201cBu \u00fclkenin \u00fcreticisinin, giri\u015fimcisinin, sanayicisinin, turizmcisinin, esnaf\u0131n\u0131n, i\u00e7erideki ve d\u0131\u015far\u0131daki e\u015fitsiz ve adil olmayan uygulama ve d\u00fczenlemelerle ezilmesine, itilmesine, kak\u0131lmas\u0131na engel olaca\u011f\u0131z.\u201d dedi. Cumhurba\u015fkan\u0131 aday\u0131 Tufan Erh\u00fcrman, K\u0131br\u0131s T\u00fcrk Sanayi Odas\u0131\u2019n\u0131 (KTSO) ziyaret etti. Ziyarette bir\u00e7ok milletvekili ve KTSO Y\u00f6netim Kurulu ile \u00fcyeleri de haz\u0131r bulundu. KTSO Ba\u015fkan\u0131 Ali Kamac\u0131o\u011flu, Tufan<\/p>\n","protected":false},"author":1,"featured_media":95543,"comment_status":"open","ping_status":"open","sticky":false,"template":"","format":"standard","meta":{"footnotes":""},"categories":[81],"tags":[],"class_list":["post-95542","post","type-post","status-publish","format-standard","has-post-thumbnail","hentry","category-kibris"],"yoast_head":"<!-- This site is optimized with the Yoast SEO plugin v27.5 - https:\/\/yoast.com\/product\/yoast-seo-wordpress\/ -->\n<title>ERH\u00dcRMAN, SANAY\u0130 ODASI \u00dcYELER\u0130YLE BULU\u015eTU -<\/title>\n<meta name=\"robots\" content=\"index, follow, max-snippet:-1, max-image-preview:large, max-video-preview:-1\" \/>\n<link rel=\"canonical\" href=\"https:\/\/kibrisdakik.com\/?p=95542\" \/>\n<meta property=\"og:locale\" content=\"tr_TR\" \/>\n<meta property=\"og:type\" content=\"article\" \/>\n<meta property=\"og:title\" content=\"ERH\u00dcRMAN, SANAY\u0130 ODASI \u00dcYELER\u0130YLE BULU\u015eTU -\" \/>\n<meta property=\"og:description\" content=\"Cumhurba\u015fkan\u0131 aday\u0131 Tufan Erh\u00fcrman, \u201cBu \u00fclkenin \u00fcreticisinin, giri\u015fimcisinin, sanayicisinin, turizmcisinin, esnaf\u0131n\u0131n, i\u00e7erideki ve d\u0131\u015far\u0131daki e\u015fitsiz ve adil olmayan uygulama ve d\u00fczenlemelerle ezilmesine, itilmesine, kak\u0131lmas\u0131na engel olaca\u011f\u0131z.\u201d dedi. Cumhurba\u015fkan\u0131 aday\u0131 Tufan Erh\u00fcrman, K\u0131br\u0131s T\u00fcrk Sanayi Odas\u0131\u2019n\u0131 (KTSO) ziyaret etti. Ziyarette bir\u00e7ok milletvekili ve KTSO Y\u00f6netim Kurulu ile \u00fcyeleri de haz\u0131r bulundu. KTSO Ba\u015fkan\u0131 Ali Kamac\u0131o\u011flu, Tufan\" \/>\n<meta property=\"og:url\" content=\"https:\/\/kibrisdakik.com\/?p=95542\" \/>\n<meta property=\"article:published_time\" content=\"2025-10-13T09:49:10+00:00\" \/>\n<meta property=\"og:image\" content=\"https:\/\/kibrisdakik.com\/wp-content\/uploads\/2025\/10\/mha-1484.png\" \/>\n\t<meta property=\"og:image:width\" content=\"1280\" \/>\n\t<meta property=\"og:image:height\" content=\"720\" \/>\n\t<meta property=\"og:image:type\" content=\"image\/png\" \/>\n<meta name=\"author\" content=\"admin\" \/>\n<meta name=\"twitter:card\" content=\"summary_large_image\" \/>\n<meta name=\"twitter:label1\" content=\"Yazan:\" \/>\n\t<meta name=\"twitter:data1\" content=\"admin\" \/>\n\t<meta name=\"twitter:label2\" content=\"Tahmini okuma s\u00fcresi\" \/>\n\t<meta name=\"twitter:data2\" content=\"5 dakika\" \/>\n<script type=\"application\/ld+json\" class=\"yoast-schema-graph\">{\"@context\":\"https:\\\/\\\/schema.org\",\"@graph\":[{\"@type\":\"Article\",\"@id\":\"https:\\\/\\\/kibrisdakik.com\\\/?p=95542#article\",\"isPartOf\":{\"@id\":\"https:\\\/\\\/kibrisdakik.com\\\/?p=95542\"},\"author\":{\"name\":\"admin\",\"@id\":\"https:\\\/\\\/kibrisdakik.com\\\/#\\\/schema\\\/person\\\/9cd9d437bbb44f72b73ba127e06d8e79\"},\"headline\":\"ERH\u00dcRMAN, SANAY\u0130 ODASI \u00dcYELER\u0130YLE BULU\u015eTU\",\"datePublished\":\"2025-10-13T09:49:10+00:00\",\"mainEntityOfPage\":{\"@id\":\"https:\\\/\\\/kibrisdakik.com\\\/?p=95542\"},\"wordCount\":924,\"commentCount\":0,\"image\":{\"@id\":\"https:\\\/\\\/kibrisdakik.com\\\/?p=95542#primaryimage\"},\"thumbnailUrl\":\"https:\\\/\\\/kibrisdakik.com\\\/wp-content\\\/uploads\\\/2025\\\/10\\\/mha-1484.png\",\"articleSection\":[\"K\u0131br\u0131s\"],\"inLanguage\":\"tr\",\"potentialAction\":[{\"@type\":\"CommentAction\",\"name\":\"Comment\",\"target\":[\"https:\\\/\\\/kibrisdakik.com\\\/?p=95542#respond\"]}]},{\"@type\":\"WebPage\",\"@id\":\"https:\\\/\\\/kibrisdakik.com\\\/?p=95542\",\"url\":\"https:\\\/\\\/kibrisdakik.com\\\/?p=95542\",\"name\":\"ERH\u00dcRMAN, SANAY\u0130 ODASI \u00dcYELER\u0130YLE BULU\u015eTU -\",\"isPartOf\":{\"@id\":\"https:\\\/\\\/kibrisdakik.com\\\/#website\"},\"primaryImageOfPage\":{\"@id\":\"https:\\\/\\\/kibrisdakik.com\\\/?p=95542#primaryimage\"},\"image\":{\"@id\":\"https:\\\/\\\/kibrisdakik.com\\\/?p=95542#primaryimage\"},\"thumbnailUrl\":\"https:\\\/\\\/kibrisdakik.com\\\/wp-content\\\/uploads\\\/2025\\\/10\\\/mha-1484.png\",\"datePublished\":\"2025-10-13T09:49:10+00:00\",\"author\":{\"@id\":\"https:\\\/\\\/kibrisdakik.com\\\/#\\\/schema\\\/person\\\/9cd9d437bbb44f72b73ba127e06d8e79\"},\"breadcrumb\":{\"@id\":\"https:\\\/\\\/kibrisdakik.com\\\/?p=95542#breadcrumb\"},\"inLanguage\":\"tr\",\"potentialAction\":[{\"@type\":\"ReadAction\",\"target\":[\"https:\\\/\\\/kibrisdakik.com\\\/?p=95542\"]}]},{\"@type\":\"ImageObject\",\"inLanguage\":\"tr\",\"@id\":\"https:\\\/\\\/kibrisdakik.com\\\/?p=95542#primaryimage\",\"url\":\"https:\\\/\\\/kibrisdakik.com\\\/wp-content\\\/uploads\\\/2025\\\/10\\\/mha-1484.png\",\"contentUrl\":\"https:\\\/\\\/kibrisdakik.com\\\/wp-content\\\/uploads\\\/2025\\\/10\\\/mha-1484.png\",\"width\":1280,\"height\":720},{\"@type\":\"BreadcrumbList\",\"@id\":\"https:\\\/\\\/kibrisdakik.com\\\/?p=95542#breadcrumb\",\"itemListElement\":[{\"@type\":\"ListItem\",\"position\":1,\"name\":\"Home\",\"item\":\"https:\\\/\\\/kibrisdakik.com\\\/\"},{\"@type\":\"ListItem\",\"position\":2,\"name\":\"ERH\u00dcRMAN, SANAY\u0130 ODASI \u00dcYELER\u0130YLE BULU\u015eTU\"}]},{\"@type\":\"WebSite\",\"@id\":\"https:\\\/\\\/kibrisdakik.com\\\/#website\",\"url\":\"https:\\\/\\\/kibrisdakik.com\\\/\",\"name\":\"\",\"description\":\"Tam vaktinde haber\",\"potentialAction\":[{\"@type\":\"SearchAction\",\"target\":{\"@type\":\"EntryPoint\",\"urlTemplate\":\"https:\\\/\\\/kibrisdakik.com\\\/?s={search_term_string}\"},\"query-input\":{\"@type\":\"PropertyValueSpecification\",\"valueRequired\":true,\"valueName\":\"search_term_string\"}}],\"inLanguage\":\"tr\"},{\"@type\":\"Person\",\"@id\":\"https:\\\/\\\/kibrisdakik.com\\\/#\\\/schema\\\/person\\\/9cd9d437bbb44f72b73ba127e06d8e79\",\"name\":\"admin\",\"image\":{\"@type\":\"ImageObject\",\"inLanguage\":\"tr\",\"@id\":\"https:\\\/\\\/secure.gravatar.com\\\/avatar\\\/ccc17943b9d660506c869530f897617f7cb1c21a4bf30023f252596d83e1f007?s=96&d=mm&r=g\",\"url\":\"https:\\\/\\\/secure.gravatar.com\\\/avatar\\\/ccc17943b9d660506c869530f897617f7cb1c21a4bf30023f252596d83e1f007?s=96&d=mm&r=g\",\"contentUrl\":\"https:\\\/\\\/secure.gravatar.com\\\/avatar\\\/ccc17943b9d660506c869530f897617f7cb1c21a4bf30023f252596d83e1f007?s=96&d=mm&r=g\",\"caption\":\"admin\"},\"sameAs\":[\"https:\\\/\\\/kibrisdakik.com\"],\"url\":\"https:\\\/\\\/kibrisdakik.com\\\/?author=1\"}]}<\/script>\n<!-- \/ Yoast SEO plugin. -->","yoast_head_json":{"title":"ERH\u00dcRMAN, SANAY\u0130 ODASI \u00dcYELER\u0130YLE BULU\u015eTU -","robots":{"index":"index","follow":"follow","max-snippet":"max-snippet:-1","max-image-preview":"max-image-preview:large","max-video-preview":"max-video-preview:-1"},"canonical":"https:\/\/kibrisdakik.com\/?p=95542","og_locale":"tr_TR","og_type":"article","og_title":"ERH\u00dcRMAN, SANAY\u0130 ODASI \u00dcYELER\u0130YLE BULU\u015eTU -","og_description":"Cumhurba\u015fkan\u0131 aday\u0131 Tufan Erh\u00fcrman, \u201cBu \u00fclkenin \u00fcreticisinin, giri\u015fimcisinin, sanayicisinin, turizmcisinin, esnaf\u0131n\u0131n, i\u00e7erideki ve d\u0131\u015far\u0131daki e\u015fitsiz ve adil olmayan uygulama ve d\u00fczenlemelerle ezilmesine, itilmesine, kak\u0131lmas\u0131na engel olaca\u011f\u0131z.\u201d dedi. Cumhurba\u015fkan\u0131 aday\u0131 Tufan Erh\u00fcrman, K\u0131br\u0131s T\u00fcrk Sanayi Odas\u0131\u2019n\u0131 (KTSO) ziyaret etti. Ziyarette bir\u00e7ok milletvekili ve KTSO Y\u00f6netim Kurulu ile \u00fcyeleri de haz\u0131r bulundu. KTSO Ba\u015fkan\u0131 Ali Kamac\u0131o\u011flu, Tufan","og_url":"https:\/\/kibrisdakik.com\/?p=95542","article_published_time":"2025-10-13T09:49:10+00:00","og_image":[{"width":1280,"height":720,"url":"https:\/\/kibrisdakik.com\/wp-content\/uploads\/2025\/10\/mha-1484.png","type":"image\/png"}],"author":"admin","twitter_card":"summary_large_image","twitter_misc":{"Yazan:":"admin","Tahmini okuma s\u00fcresi":"5 dakika"},"schema":{"@context":"https:\/\/schema.org","@graph":[{"@type":"Article","@id":"https:\/\/kibrisdakik.com\/?p=95542#article","isPartOf":{"@id":"https:\/\/kibrisdakik.com\/?p=95542"},"author":{"name":"admin","@id":"https:\/\/kibrisdakik.com\/#\/schema\/person\/9cd9d437bbb44f72b73ba127e06d8e79"},"headline":"ERH\u00dcRMAN, SANAY\u0130 ODASI \u00dcYELER\u0130YLE BULU\u015eTU","datePublished":"2025-10-13T09:49:10+00:00","mainEntityOfPage":{"@id":"https:\/\/kibrisdakik.com\/?p=95542"},"wordCount":924,"commentCount":0,"image":{"@id":"https:\/\/kibrisdakik.com\/?p=95542#primaryimage"},"thumbnailUrl":"https:\/\/kibrisdakik.com\/wp-content\/uploads\/2025\/10\/mha-1484.png","articleSection":["K\u0131br\u0131s"],"inLanguage":"tr","potentialAction":[{"@type":"CommentAction","name":"Comment","target":["https:\/\/kibrisdakik.com\/?p=95542#respond"]}]},{"@type":"WebPage","@id":"https:\/\/kibrisdakik.com\/?p=95542","url":"https:\/\/kibrisdakik.com\/?p=95542","name":"ERH\u00dcRMAN, SANAY\u0130 ODASI \u00dcYELER\u0130YLE BULU\u015eTU -","isPartOf":{"@id":"https:\/\/kibrisdakik.com\/#website"},"primaryImageOfPage":{"@id":"https:\/\/kibrisdakik.com\/?p=95542#primaryimage"},"image":{"@id":"https:\/\/kibrisdakik.com\/?p=95542#primaryimage"},"thumbnailUrl":"https:\/\/kibrisdakik.com\/wp-content\/uploads\/2025\/10\/mha-1484.png","datePublished":"2025-10-13T09:49:10+00:00","author":{"@id":"https:\/\/kibrisdakik.com\/#\/schema\/person\/9cd9d437bbb44f72b73ba127e06d8e79"},"breadcrumb":{"@id":"https:\/\/kibrisdakik.com\/?p=95542#breadcrumb"},"inLanguage":"tr","potentialAction":[{"@type":"ReadAction","target":["https:\/\/kibrisdakik.com\/?p=95542"]}]},{"@type":"ImageObject","inLanguage":"tr","@id":"https:\/\/kibrisdakik.com\/?p=95542#primaryimage","url":"https:\/\/kibrisdakik.com\/wp-content\/uploads\/2025\/10\/mha-1484.png","contentUrl":"https:\/\/kibrisdakik.com\/wp-content\/uploads\/2025\/10\/mha-1484.png","width":1280,"height":720},{"@type":"BreadcrumbList","@id":"https:\/\/kibrisdakik.com\/?p=95542#breadcrumb","itemListElement":[{"@type":"ListItem","position":1,"name":"Home","item":"https:\/\/kibrisdakik.com\/"},{"@type":"ListItem","position":2,"name":"ERH\u00dcRMAN, SANAY\u0130 ODASI \u00dcYELER\u0130YLE BULU\u015eTU"}]},{"@type":"WebSite","@id":"https:\/\/kibrisdakik.com\/#website","url":"https:\/\/kibrisdakik.com\/","name":"","description":"Tam vaktinde haber","potentialAction":[{"@type":"SearchAction","target":{"@type":"EntryPoint","urlTemplate":"https:\/\/kibrisdakik.com\/?s={search_term_string}"},"query-input":{"@type":"PropertyValueSpecification","valueRequired":true,"valueName":"search_term_string"}}],"inLanguage":"tr"},{"@type":"Person","@id":"https:\/\/kibrisdakik.com\/#\/schema\/person\/9cd9d437bbb44f72b73ba127e06d8e79","name":"admin","image":{"@type":"ImageObject","inLanguage":"tr","@id":"https:\/\/secure.gravatar.com\/avatar\/ccc17943b9d660506c869530f897617f7cb1c21a4bf30023f252596d83e1f007?s=96&d=mm&r=g","url":"https:\/\/secure.gravatar.com\/avatar\/ccc17943b9d660506c869530f897617f7cb1c21a4bf30023f252596d83e1f007?s=96&d=mm&r=g","contentUrl":"https:\/\/secure.gravatar.com\/avatar\/ccc17943b9d660506c869530f897617f7cb1c21a4bf30023f252596d83e1f007?s=96&d=mm&r=g","caption":"admin"},"sameAs":["https:\/\/kibrisdakik.com"],"url":"https:\/\/kibrisdakik.com\/?author=1"}]}},"_links":{"self":[{"href":"https:\/\/kibrisdakik.com\/index.php?rest_route=\/wp\/v2\/posts\/95542","targetHints":{"allow":["GET"]}}],"collection":[{"href":"https:\/\/kibrisdakik.com\/index.php?rest_route=\/wp\/v2\/posts"}],"about":[{"href":"https:\/\/kibrisdakik.com\/index.php?rest_route=\/wp\/v2\/types\/post"}],"author":[{"embeddable":true,"href":"https:\/\/kibrisdakik.com\/index.php?rest_route=\/wp\/v2\/users\/1"}],"replies":[{"embeddable":true,"href":"https:\/\/kibrisdakik.com\/index.php?rest_route=%2Fwp%2Fv2%2Fcomments&post=95542"}],"version-history":[{"count":0,"href":"https:\/\/kibrisdakik.com\/index.php?rest_route=\/wp\/v2\/posts\/95542\/revisions"}],"wp:featuredmedia":[{"embeddable":true,"href":"https:\/\/kibrisdakik.com\/index.php?rest_route=\/wp\/v2\/media\/95543"}],"wp:attachment":[{"href":"https:\/\/kibrisdakik.com\/index.php?rest_route=%2Fwp%2Fv2%2Fmedia&parent=95542"}],"wp:term":[{"taxonomy":"category","embeddable":true,"href":"https:\/\/kibrisdakik.com\/index.php?rest_route=%2Fwp%2Fv2%2Fcategories&post=95542"},{"taxonomy":"post_tag","embeddable":true,"href":"https:\/\/kibrisdakik.com\/index.php?rest_route=%2Fwp%2Fv2%2Ftags&post=95542"}],"curies":[{"name":"wp","href":"https:\/\/api.w.org\/{rel}","templated":true}]}}