{"id":95544,"date":"2025-10-13T12:51:53","date_gmt":"2025-10-13T09:51:53","guid":{"rendered":"https:\/\/kibrisdakik.com\/index.php\/2025\/10\/13\/gazzedeki-hukumet-dun-insani-yardim-yuklu-173-tir-ulasti\/"},"modified":"2025-10-13T12:51:53","modified_gmt":"2025-10-13T09:51:53","slug":"gazzedeki-hukumet-dun-insani-yardim-yuklu-173-tir-ulasti","status":"publish","type":"post","link":"https:\/\/kibrisdakik.com\/?p=95544","title":{"rendered":"Gazze&#039;deki H\u00fck\u00fcmet: D\u00fcn insani yard\u0131m y\u00fckl\u00fc 173 t\u0131r ula\u015ft\u0131"},"content":{"rendered":"<p><\/p>\n<div class=\"news-content\">\n<p>\n\tGazze&#8217;deki H\u00fck\u00fcmetin Medya Ofisinden yap\u0131lan a\u00e7\u0131klamada, 12 Ekim Pazar g\u00fcn\u00fc Gazze \u015eeridi&#8217;ne giren yard\u0131mlarla ilgili bilgi verildi.<\/p>\n<p>\n\tAte\u015fkes anla\u015fmas\u0131n\u0131n ard\u0131ndaki ilk g\u00fcnde Gazze \u015eeridi&#8217;ne s\u0131n\u0131r kap\u0131lar\u0131ndan insani yard\u0131m y\u00fckl\u00fc 173 t\u0131r\u0131n ula\u015ft\u0131\u011f\u0131 aktar\u0131lan a\u00e7\u0131klamada, s\u00f6z konusu yard\u0131m t\u0131rlar\u0131ndan 3&#8217;\u00fc mutfak t\u00fcp\u00fc ve 6&#8217;s\u0131n\u0131n akaryak\u0131t y\u00fckl\u00fc oldu\u011fu belirtildi.<\/p>\n<p>\n\t\u0130srail&#8217;in soyk\u0131r\u0131m\u0131 kapsam\u0131nda uzun s\u00fcre Gazze \u015eeridi&#8217;ne giri\u015fini engelledi\u011fi temel ihtiya\u00e7 maddelerdeki yetersizli\u011fe vurgu yap\u0131lan a\u00e7\u0131klamada, \u015funlar kaydedildi:<\/p>\n<p>\n\t&#8220;Gazze&#8217;ye ula\u015fan yard\u0131mlar\u0131n miktar\u0131 ihtiya\u00e7lara oranla olduk\u00e7a az. Bu yard\u0131mlar, 2,4 milyon n\u00fcfusa sahip Gazze \u015eeridi&#8217;ndeki temel ihtiya\u00e7lar\u0131 asgari d\u00fczeyde bile kar\u015f\u0131layam\u0131yor. Gazze&#8217;nin daha fazla ve kesintisiz insani yard\u0131mlara ihtiya\u00e7 var.&#8221;<\/p>\n<p>\n\tA\u00e7\u0131klamada, Gazze&#8217;nin acil akaryak\u0131t, mutfak gaz\u0131 ve g\u0131da maddelerine ihtiya\u00e7 duyuldu\u011fu vurguland\u0131.<\/p>\n<h2>\n\tGazze&#8217;de ate\u015fkes ve esir takas\u0131 anla\u015fmas\u0131<\/h2>\n<p>\n\tABD Ba\u015fkan\u0131 Donald Trump 9 Ekim&#8217;de, M\u0131s\u0131r&#8217;da devam eden m\u00fczakerelerde \u0130srail ile Hamas&#8217;\u0131n, Gazze&#8217;de ate\u015fkes plan\u0131n\u0131n ilk a\u015famas\u0131n\u0131 onaylad\u0131\u011f\u0131n\u0131 duyurmu\u015ftu.<\/p>\n<p>\n\tM\u00fczakerelerin yap\u0131ld\u0131\u011f\u0131 M\u0131s\u0131r&#8217;da anla\u015fma imzalan\u0131rken \u0130srail h\u00fck\u00fcmetinin onay\u0131yla 10 Ekim&#8217;in ilk saatlerinde anla\u015fma devreye girmi\u015fti.<\/p>\n<p>\n\t\u0130srail ordusunun anla\u015fmada belirtildi\u011fi \u00fczere &#8220;sar\u0131 hat&#8221;ta \u00e7ekilmesinin ard\u0131ndan Gazze \u015eeridi&#8217;nde ate\u015fkesin ayn\u0131 g\u00fcn 12.00 itibar\u0131yla y\u00fcr\u00fcrl\u00fc\u011fe girdi\u011fi a\u00e7\u0131klanm\u0131\u015ft\u0131.<\/p>\n<p>\n\t\u0130srail&#8217;in Gazze \u015eeridi&#8217;ne 8 Ekim 2023&#8217;ten ate\u015fkes anla\u015fmas\u0131na kadar ge\u00e7en s\u00fcrede d\u00fczenledi\u011fi sald\u0131r\u0131larda 67 bin 682 ki\u015fi hayat\u0131n\u0131 kaybetmi\u015f, 170 bin 33 ki\u015fi yaralanm\u0131\u015ft\u0131.<\/p>\n<div class=\"news-tags\">\n<div class=\"title\">ET\u0130KETLER<\/div>\n<div class=\"tags\">\n                                                                            Gazze<br \/>\n                                                                            \u0130srail&#8217;in Gazze Soyk\u0131r\u0131m\u0131<br \/>\n                                                                            \u0130srail\n                                                                    <\/div>\n<\/p><\/div>\n<\/p><\/div>\n","protected":false},"excerpt":{"rendered":"<p>Gazze&#8217;deki H\u00fck\u00fcmetin Medya Ofisinden yap\u0131lan a\u00e7\u0131klamada, 12 Ekim Pazar g\u00fcn\u00fc Gazze \u015eeridi&#8217;ne giren yard\u0131mlarla ilgili bilgi verildi. Ate\u015fkes anla\u015fmas\u0131n\u0131n ard\u0131ndaki ilk g\u00fcnde Gazze \u015eeridi&#8217;ne s\u0131n\u0131r kap\u0131lar\u0131ndan insani yard\u0131m y\u00fckl\u00fc 173 t\u0131r\u0131n ula\u015ft\u0131\u011f\u0131 aktar\u0131lan a\u00e7\u0131klamada, s\u00f6z konusu yard\u0131m t\u0131rlar\u0131ndan 3&#8217;\u00fc mutfak t\u00fcp\u00fc ve 6&#8217;s\u0131n\u0131n akaryak\u0131t y\u00fckl\u00fc oldu\u011fu belirtildi. \u0130srail&#8217;in soyk\u0131r\u0131m\u0131 kapsam\u0131nda uzun s\u00fcre Gazze \u015eeridi&#8217;ne giri\u015fini<\/p>\n","protected":false},"author":1,"featured_media":95545,"comment_status":"open","ping_status":"open","sticky":false,"template":"","format":"standard","meta":{"footnotes":""},"categories":[306],"tags":[],"class_list":["post-95544","post","type-post","status-publish","format-standard","has-post-thumbnail","hentry","category-dunya"],"yoast_head":"<!-- This site is optimized with the Yoast SEO plugin v27.5 - https:\/\/yoast.com\/product\/yoast-seo-wordpress\/ -->\n<title>Gazze&#039;deki H\u00fck\u00fcmet: D\u00fcn insani yard\u0131m y\u00fckl\u00fc 173 t\u0131r ula\u015ft\u0131 -<\/title>\n<meta name=\"robots\" content=\"index, follow, max-snippet:-1, max-image-preview:large, max-video-preview:-1\" \/>\n<link rel=\"canonical\" href=\"https:\/\/kibrisdakik.com\/?p=95544\" \/>\n<meta property=\"og:locale\" content=\"tr_TR\" \/>\n<meta property=\"og:type\" content=\"article\" \/>\n<meta property=\"og:title\" content=\"Gazze&#039;deki H\u00fck\u00fcmet: D\u00fcn insani yard\u0131m y\u00fckl\u00fc 173 t\u0131r ula\u015ft\u0131 -\" \/>\n<meta property=\"og:description\" content=\"Gazze&#8217;deki H\u00fck\u00fcmetin Medya Ofisinden yap\u0131lan a\u00e7\u0131klamada, 12 Ekim Pazar g\u00fcn\u00fc Gazze \u015eeridi&#8217;ne giren yard\u0131mlarla ilgili bilgi verildi. Ate\u015fkes anla\u015fmas\u0131n\u0131n ard\u0131ndaki ilk g\u00fcnde Gazze \u015eeridi&#8217;ne s\u0131n\u0131r kap\u0131lar\u0131ndan insani yard\u0131m y\u00fckl\u00fc 173 t\u0131r\u0131n ula\u015ft\u0131\u011f\u0131 aktar\u0131lan a\u00e7\u0131klamada, s\u00f6z konusu yard\u0131m t\u0131rlar\u0131ndan 3&#8217;\u00fc mutfak t\u00fcp\u00fc ve 6&#8217;s\u0131n\u0131n akaryak\u0131t y\u00fckl\u00fc oldu\u011fu belirtildi. \u0130srail&#8217;in soyk\u0131r\u0131m\u0131 kapsam\u0131nda uzun s\u00fcre Gazze \u015eeridi&#8217;ne giri\u015fini\" \/>\n<meta property=\"og:url\" content=\"https:\/\/kibrisdakik.com\/?p=95544\" \/>\n<meta property=\"article:published_time\" content=\"2025-10-13T09:51:53+00:00\" \/>\n<meta property=\"og:image\" content=\"https:\/\/kibrisdakik.com\/wp-content\/uploads\/2025\/10\/yardim-tiri-gazze-a-2406496.jpg\" \/>\n\t<meta property=\"og:image:width\" content=\"1280\" \/>\n\t<meta property=\"og:image:height\" content=\"720\" \/>\n\t<meta property=\"og:image:type\" content=\"image\/jpeg\" \/>\n<meta name=\"author\" content=\"admin\" \/>\n<meta name=\"twitter:card\" content=\"summary_large_image\" \/>\n<meta name=\"twitter:label1\" content=\"Yazan:\" \/>\n\t<meta name=\"twitter:data1\" content=\"admin\" \/>\n\t<meta name=\"twitter:label2\" content=\"Tahmini okuma s\u00fcresi\" \/>\n\t<meta name=\"twitter:data2\" content=\"1 dakika\" \/>\n<script type=\"application\/ld+json\" class=\"yoast-schema-graph\">{\"@context\":\"https:\\\/\\\/schema.org\",\"@graph\":[{\"@type\":\"Article\",\"@id\":\"https:\\\/\\\/kibrisdakik.com\\\/?p=95544#article\",\"isPartOf\":{\"@id\":\"https:\\\/\\\/kibrisdakik.com\\\/?p=95544\"},\"author\":{\"name\":\"admin\",\"@id\":\"https:\\\/\\\/kibrisdakik.com\\\/#\\\/schema\\\/person\\\/9cd9d437bbb44f72b73ba127e06d8e79\"},\"headline\":\"Gazze&#039;deki H\u00fck\u00fcmet: D\u00fcn insani yard\u0131m y\u00fckl\u00fc 173 t\u0131r ula\u015ft\u0131\",\"datePublished\":\"2025-10-13T09:51:53+00:00\",\"mainEntityOfPage\":{\"@id\":\"https:\\\/\\\/kibrisdakik.com\\\/?p=95544\"},\"wordCount\":315,\"commentCount\":0,\"image\":{\"@id\":\"https:\\\/\\\/kibrisdakik.com\\\/?p=95544#primaryimage\"},\"thumbnailUrl\":\"https:\\\/\\\/kibrisdakik.com\\\/wp-content\\\/uploads\\\/2025\\\/10\\\/yardim-tiri-gazze-a-2406496.jpg\",\"articleSection\":[\"D\u00fcnya\"],\"inLanguage\":\"tr\",\"potentialAction\":[{\"@type\":\"CommentAction\",\"name\":\"Comment\",\"target\":[\"https:\\\/\\\/kibrisdakik.com\\\/?p=95544#respond\"]}]},{\"@type\":\"WebPage\",\"@id\":\"https:\\\/\\\/kibrisdakik.com\\\/?p=95544\",\"url\":\"https:\\\/\\\/kibrisdakik.com\\\/?p=95544\",\"name\":\"Gazze&#039;deki H\u00fck\u00fcmet: D\u00fcn insani yard\u0131m y\u00fckl\u00fc 173 t\u0131r ula\u015ft\u0131 -\",\"isPartOf\":{\"@id\":\"https:\\\/\\\/kibrisdakik.com\\\/#website\"},\"primaryImageOfPage\":{\"@id\":\"https:\\\/\\\/kibrisdakik.com\\\/?p=95544#primaryimage\"},\"image\":{\"@id\":\"https:\\\/\\\/kibrisdakik.com\\\/?p=95544#primaryimage\"},\"thumbnailUrl\":\"https:\\\/\\\/kibrisdakik.com\\\/wp-content\\\/uploads\\\/2025\\\/10\\\/yardim-tiri-gazze-a-2406496.jpg\",\"datePublished\":\"2025-10-13T09:51:53+00:00\",\"author\":{\"@id\":\"https:\\\/\\\/kibrisdakik.com\\\/#\\\/schema\\\/person\\\/9cd9d437bbb44f72b73ba127e06d8e79\"},\"breadcrumb\":{\"@id\":\"https:\\\/\\\/kibrisdakik.com\\\/?p=95544#breadcrumb\"},\"inLanguage\":\"tr\",\"potentialAction\":[{\"@type\":\"ReadAction\",\"target\":[\"https:\\\/\\\/kibrisdakik.com\\\/?p=95544\"]}]},{\"@type\":\"ImageObject\",\"inLanguage\":\"tr\",\"@id\":\"https:\\\/\\\/kibrisdakik.com\\\/?p=95544#primaryimage\",\"url\":\"https:\\\/\\\/kibrisdakik.com\\\/wp-content\\\/uploads\\\/2025\\\/10\\\/yardim-tiri-gazze-a-2406496.jpg\",\"contentUrl\":\"https:\\\/\\\/kibrisdakik.com\\\/wp-content\\\/uploads\\\/2025\\\/10\\\/yardim-tiri-gazze-a-2406496.jpg\",\"width\":1280,\"height\":720},{\"@type\":\"BreadcrumbList\",\"@id\":\"https:\\\/\\\/kibrisdakik.com\\\/?p=95544#breadcrumb\",\"itemListElement\":[{\"@type\":\"ListItem\",\"position\":1,\"name\":\"Home\",\"item\":\"https:\\\/\\\/kibrisdakik.com\\\/\"},{\"@type\":\"ListItem\",\"position\":2,\"name\":\"Gazze&#039;deki H\u00fck\u00fcmet: D\u00fcn insani yard\u0131m y\u00fckl\u00fc 173 t\u0131r ula\u015ft\u0131\"}]},{\"@type\":\"WebSite\",\"@id\":\"https:\\\/\\\/kibrisdakik.com\\\/#website\",\"url\":\"https:\\\/\\\/kibrisdakik.com\\\/\",\"name\":\"\",\"description\":\"Tam vaktinde haber\",\"potentialAction\":[{\"@type\":\"SearchAction\",\"target\":{\"@type\":\"EntryPoint\",\"urlTemplate\":\"https:\\\/\\\/kibrisdakik.com\\\/?s={search_term_string}\"},\"query-input\":{\"@type\":\"PropertyValueSpecification\",\"valueRequired\":true,\"valueName\":\"search_term_string\"}}],\"inLanguage\":\"tr\"},{\"@type\":\"Person\",\"@id\":\"https:\\\/\\\/kibrisdakik.com\\\/#\\\/schema\\\/person\\\/9cd9d437bbb44f72b73ba127e06d8e79\",\"name\":\"admin\",\"image\":{\"@type\":\"ImageObject\",\"inLanguage\":\"tr\",\"@id\":\"https:\\\/\\\/secure.gravatar.com\\\/avatar\\\/ccc17943b9d660506c869530f897617f7cb1c21a4bf30023f252596d83e1f007?s=96&d=mm&r=g\",\"url\":\"https:\\\/\\\/secure.gravatar.com\\\/avatar\\\/ccc17943b9d660506c869530f897617f7cb1c21a4bf30023f252596d83e1f007?s=96&d=mm&r=g\",\"contentUrl\":\"https:\\\/\\\/secure.gravatar.com\\\/avatar\\\/ccc17943b9d660506c869530f897617f7cb1c21a4bf30023f252596d83e1f007?s=96&d=mm&r=g\",\"caption\":\"admin\"},\"sameAs\":[\"https:\\\/\\\/kibrisdakik.com\"],\"url\":\"https:\\\/\\\/kibrisdakik.com\\\/?author=1\"}]}<\/script>\n<!-- \/ Yoast SEO plugin. -->","yoast_head_json":{"title":"Gazze&#039;deki H\u00fck\u00fcmet: D\u00fcn insani yard\u0131m y\u00fckl\u00fc 173 t\u0131r ula\u015ft\u0131 -","robots":{"index":"index","follow":"follow","max-snippet":"max-snippet:-1","max-image-preview":"max-image-preview:large","max-video-preview":"max-video-preview:-1"},"canonical":"https:\/\/kibrisdakik.com\/?p=95544","og_locale":"tr_TR","og_type":"article","og_title":"Gazze&#039;deki H\u00fck\u00fcmet: D\u00fcn insani yard\u0131m y\u00fckl\u00fc 173 t\u0131r ula\u015ft\u0131 -","og_description":"Gazze&#8217;deki H\u00fck\u00fcmetin Medya Ofisinden yap\u0131lan a\u00e7\u0131klamada, 12 Ekim Pazar g\u00fcn\u00fc Gazze \u015eeridi&#8217;ne giren yard\u0131mlarla ilgili bilgi verildi. Ate\u015fkes anla\u015fmas\u0131n\u0131n ard\u0131ndaki ilk g\u00fcnde Gazze \u015eeridi&#8217;ne s\u0131n\u0131r kap\u0131lar\u0131ndan insani yard\u0131m y\u00fckl\u00fc 173 t\u0131r\u0131n ula\u015ft\u0131\u011f\u0131 aktar\u0131lan a\u00e7\u0131klamada, s\u00f6z konusu yard\u0131m t\u0131rlar\u0131ndan 3&#8217;\u00fc mutfak t\u00fcp\u00fc ve 6&#8217;s\u0131n\u0131n akaryak\u0131t y\u00fckl\u00fc oldu\u011fu belirtildi. \u0130srail&#8217;in soyk\u0131r\u0131m\u0131 kapsam\u0131nda uzun s\u00fcre Gazze \u015eeridi&#8217;ne giri\u015fini","og_url":"https:\/\/kibrisdakik.com\/?p=95544","article_published_time":"2025-10-13T09:51:53+00:00","og_image":[{"width":1280,"height":720,"url":"https:\/\/kibrisdakik.com\/wp-content\/uploads\/2025\/10\/yardim-tiri-gazze-a-2406496.jpg","type":"image\/jpeg"}],"author":"admin","twitter_card":"summary_large_image","twitter_misc":{"Yazan:":"admin","Tahmini okuma s\u00fcresi":"1 dakika"},"schema":{"@context":"https:\/\/schema.org","@graph":[{"@type":"Article","@id":"https:\/\/kibrisdakik.com\/?p=95544#article","isPartOf":{"@id":"https:\/\/kibrisdakik.com\/?p=95544"},"author":{"name":"admin","@id":"https:\/\/kibrisdakik.com\/#\/schema\/person\/9cd9d437bbb44f72b73ba127e06d8e79"},"headline":"Gazze&#039;deki H\u00fck\u00fcmet: D\u00fcn insani yard\u0131m y\u00fckl\u00fc 173 t\u0131r ula\u015ft\u0131","datePublished":"2025-10-13T09:51:53+00:00","mainEntityOfPage":{"@id":"https:\/\/kibrisdakik.com\/?p=95544"},"wordCount":315,"commentCount":0,"image":{"@id":"https:\/\/kibrisdakik.com\/?p=95544#primaryimage"},"thumbnailUrl":"https:\/\/kibrisdakik.com\/wp-content\/uploads\/2025\/10\/yardim-tiri-gazze-a-2406496.jpg","articleSection":["D\u00fcnya"],"inLanguage":"tr","potentialAction":[{"@type":"CommentAction","name":"Comment","target":["https:\/\/kibrisdakik.com\/?p=95544#respond"]}]},{"@type":"WebPage","@id":"https:\/\/kibrisdakik.com\/?p=95544","url":"https:\/\/kibrisdakik.com\/?p=95544","name":"Gazze&#039;deki H\u00fck\u00fcmet: D\u00fcn insani yard\u0131m y\u00fckl\u00fc 173 t\u0131r ula\u015ft\u0131 -","isPartOf":{"@id":"https:\/\/kibrisdakik.com\/#website"},"primaryImageOfPage":{"@id":"https:\/\/kibrisdakik.com\/?p=95544#primaryimage"},"image":{"@id":"https:\/\/kibrisdakik.com\/?p=95544#primaryimage"},"thumbnailUrl":"https:\/\/kibrisdakik.com\/wp-content\/uploads\/2025\/10\/yardim-tiri-gazze-a-2406496.jpg","datePublished":"2025-10-13T09:51:53+00:00","author":{"@id":"https:\/\/kibrisdakik.com\/#\/schema\/person\/9cd9d437bbb44f72b73ba127e06d8e79"},"breadcrumb":{"@id":"https:\/\/kibrisdakik.com\/?p=95544#breadcrumb"},"inLanguage":"tr","potentialAction":[{"@type":"ReadAction","target":["https:\/\/kibrisdakik.com\/?p=95544"]}]},{"@type":"ImageObject","inLanguage":"tr","@id":"https:\/\/kibrisdakik.com\/?p=95544#primaryimage","url":"https:\/\/kibrisdakik.com\/wp-content\/uploads\/2025\/10\/yardim-tiri-gazze-a-2406496.jpg","contentUrl":"https:\/\/kibrisdakik.com\/wp-content\/uploads\/2025\/10\/yardim-tiri-gazze-a-2406496.jpg","width":1280,"height":720},{"@type":"BreadcrumbList","@id":"https:\/\/kibrisdakik.com\/?p=95544#breadcrumb","itemListElement":[{"@type":"ListItem","position":1,"name":"Home","item":"https:\/\/kibrisdakik.com\/"},{"@type":"ListItem","position":2,"name":"Gazze&#039;deki H\u00fck\u00fcmet: D\u00fcn insani yard\u0131m y\u00fckl\u00fc 173 t\u0131r ula\u015ft\u0131"}]},{"@type":"WebSite","@id":"https:\/\/kibrisdakik.com\/#website","url":"https:\/\/kibrisdakik.com\/","name":"","description":"Tam vaktinde haber","potentialAction":[{"@type":"SearchAction","target":{"@type":"EntryPoint","urlTemplate":"https:\/\/kibrisdakik.com\/?s={search_term_string}"},"query-input":{"@type":"PropertyValueSpecification","valueRequired":true,"valueName":"search_term_string"}}],"inLanguage":"tr"},{"@type":"Person","@id":"https:\/\/kibrisdakik.com\/#\/schema\/person\/9cd9d437bbb44f72b73ba127e06d8e79","name":"admin","image":{"@type":"ImageObject","inLanguage":"tr","@id":"https:\/\/secure.gravatar.com\/avatar\/ccc17943b9d660506c869530f897617f7cb1c21a4bf30023f252596d83e1f007?s=96&d=mm&r=g","url":"https:\/\/secure.gravatar.com\/avatar\/ccc17943b9d660506c869530f897617f7cb1c21a4bf30023f252596d83e1f007?s=96&d=mm&r=g","contentUrl":"https:\/\/secure.gravatar.com\/avatar\/ccc17943b9d660506c869530f897617f7cb1c21a4bf30023f252596d83e1f007?s=96&d=mm&r=g","caption":"admin"},"sameAs":["https:\/\/kibrisdakik.com"],"url":"https:\/\/kibrisdakik.com\/?author=1"}]}},"_links":{"self":[{"href":"https:\/\/kibrisdakik.com\/index.php?rest_route=\/wp\/v2\/posts\/95544","targetHints":{"allow":["GET"]}}],"collection":[{"href":"https:\/\/kibrisdakik.com\/index.php?rest_route=\/wp\/v2\/posts"}],"about":[{"href":"https:\/\/kibrisdakik.com\/index.php?rest_route=\/wp\/v2\/types\/post"}],"author":[{"embeddable":true,"href":"https:\/\/kibrisdakik.com\/index.php?rest_route=\/wp\/v2\/users\/1"}],"replies":[{"embeddable":true,"href":"https:\/\/kibrisdakik.com\/index.php?rest_route=%2Fwp%2Fv2%2Fcomments&post=95544"}],"version-history":[{"count":0,"href":"https:\/\/kibrisdakik.com\/index.php?rest_route=\/wp\/v2\/posts\/95544\/revisions"}],"wp:featuredmedia":[{"embeddable":true,"href":"https:\/\/kibrisdakik.com\/index.php?rest_route=\/wp\/v2\/media\/95545"}],"wp:attachment":[{"href":"https:\/\/kibrisdakik.com\/index.php?rest_route=%2Fwp%2Fv2%2Fmedia&parent=95544"}],"wp:term":[{"taxonomy":"category","embeddable":true,"href":"https:\/\/kibrisdakik.com\/index.php?rest_route=%2Fwp%2Fv2%2Fcategories&post=95544"},{"taxonomy":"post_tag","embeddable":true,"href":"https:\/\/kibrisdakik.com\/index.php?rest_route=%2Fwp%2Fv2%2Ftags&post=95544"}],"curies":[{"name":"wp","href":"https:\/\/api.w.org\/{rel}","templated":true}]}}