{"id":95801,"date":"2025-10-15T15:08:10","date_gmt":"2025-10-15T12:08:10","guid":{"rendered":"https:\/\/kibrisdakik.com\/index.php\/2025\/10\/15\/sara-moskovada-putin-ile-suriyedeki-askeri-tesislerin-yeniden-yapilandirilmasini-gorusecek\/"},"modified":"2025-10-15T15:08:10","modified_gmt":"2025-10-15T12:08:10","slug":"sara-moskovada-putin-ile-suriyedeki-askeri-tesislerin-yeniden-yapilandirilmasini-gorusecek","status":"publish","type":"post","link":"https:\/\/kibrisdakik.com\/?p=95801","title":{"rendered":"\u015eara, Moskova&#039;da Putin ile Suriyedeki askeri tesislerin yeniden yap\u0131land\u0131r\u0131lmas\u0131n\u0131 g\u00f6r\u00fc\u015fecek"},"content":{"rendered":"<p><\/p>\n<div class=\"news-content\">\n<p>\n\tSuriye\u2019nin resmi devlet televizyonu El-\u0130hbariyye\u2019nin haberine g\u00f6re, \u015eara, iki \u00fclke aras\u0131ndaki ili\u015fkilerin yan\u0131 s\u0131ra ortak ilgi alan\u0131na giren k\u00fcresel ve b\u00f6lgesel geli\u015fmeleri ele almak amac\u0131yla Moskova&#8217;ya gitti.<\/p>\n<p>\n\t\u015eara&#8217;n\u0131n, Rusya Devlet Ba\u015fkan\u0131 Vladimir Putin ile g\u00f6r\u00fc\u015fece\u011fi, Rusya\u2019n\u0131n Suriye&#8217;deki varl\u0131\u011f\u0131, Suriye\u2019deki askeri tesislerin yeniden yap\u0131land\u0131r\u0131lmas\u0131, ikili ili\u015fkiler ile b\u00f6lgesel ve k\u00fcresel son geli\u015fmeleri ele alaca\u011f\u0131 belirtildi.<\/p>\n<p>\n\tKremlin&#8217;den yap\u0131lan a\u00e7\u0131klamada ise g\u00f6r\u00fc\u015fmelerde Rusya-Suriye ili\u015fkilerinin siyasi, ticari, ekonomik ve insani alanlardaki mevcut durumu ile gelece\u011fine ili\u015fkin beklentilerin yan\u0131 s\u0131ra Orta Do\u011fu\u2019daki son geli\u015fmelerin de de\u011ferlendirilece\u011fi belirtildi.<\/p>\n<p>\n\t\u00d6te yandan Kremlin S\u00f6zc\u00fcs\u00fc Dmitriy Peskov, gazetecilerin, Putin ile \u015eara\u2019n\u0131n g\u00f6r\u00fc\u015fmesinde Suriye\u2019deki Rus askeri \u00fcslerinin g\u00fcndeme gelip gelmeyece\u011fine ili\u015fkin sorusu \u00fczerine, \u201cElbette, bu konu g\u00f6r\u00fc\u015fmeler s\u0131ras\u0131nda bir \u015fekilde ele al\u0131nacakt\u0131r. Evet, bu beklenebilir.\u201d ifadelerini kulland\u0131.<\/p>\n<p>\n\tRusya D\u0131\u015fi\u015fleri Bakanl\u0131\u011f\u0131 S\u00f6zc\u00fcs\u00fc Mariya Zaharova, d\u00fczenledi\u011fi haftal\u0131k bas\u0131n toplant\u0131s\u0131nda, \u201cSuriye ile ikili g\u00fcndemimiz, Rusya-Suriye i\u015fbirli\u011finin geni\u015f bir yelpazesini kaps\u0131yor. Suriye Arap Cumhuriyeti\u2019ndeki askeri varl\u0131\u011f\u0131m\u0131z konusu da Rus askeri tesislerinin olas\u0131 yeniden d\u00fczenlenmesi ba\u011flam\u0131nda ele al\u0131n\u0131yor. Do\u011fal olarak, bu t\u00fcr konular ve g\u00f6r\u00fc\u015fmeler kapal\u0131 kap\u0131lar ard\u0131nda y\u00fcr\u00fct\u00fcl\u00fcyor.\u201d dedi.<\/p>\n<p>\n\tZaharova, bu hususta Savunma Bakanl\u0131\u011f\u0131n\u0131n ilgili kurum oldu\u011funu ve iki \u00fclkenin savunma bakanl\u0131klar\u0131 da dahil olmak \u00fczere Suriye taraf\u0131yla diyalo\u011fun devam etti\u011fini belirtti.<\/p>\n<p>\n\tTASS\u2019\u0131n haberine g\u00f6re, \u015eara ile Putin\u2019in g\u00f6r\u00fc\u015fmesinin ard\u0131ndan ortak bir bas\u0131n toplant\u0131s\u0131 d\u00fczenlenmeyecek.<\/p>\n<div class=\"news-tags\">\n<div class=\"title\">ET\u0130KETLER<\/div>\n<div class=\"tags\">\n                                                                            Suriye<br \/>\n                                                                            Ahmed \u015eara<br \/>\n                                                                            Rusya<br \/>\n                                                                            Moskova\n                                                                    <\/div>\n<\/p><\/div>\n<\/p><\/div>\n","protected":false},"excerpt":{"rendered":"<p>Suriye\u2019nin resmi devlet televizyonu El-\u0130hbariyye\u2019nin haberine g\u00f6re, \u015eara, iki \u00fclke aras\u0131ndaki ili\u015fkilerin yan\u0131 s\u0131ra ortak ilgi alan\u0131na giren k\u00fcresel ve b\u00f6lgesel geli\u015fmeleri ele almak amac\u0131yla Moskova&#8217;ya gitti. \u015eara&#8217;n\u0131n, Rusya Devlet Ba\u015fkan\u0131 Vladimir Putin ile g\u00f6r\u00fc\u015fece\u011fi, Rusya\u2019n\u0131n Suriye&#8217;deki varl\u0131\u011f\u0131, Suriye\u2019deki askeri tesislerin yeniden yap\u0131land\u0131r\u0131lmas\u0131, ikili ili\u015fkiler ile b\u00f6lgesel ve k\u00fcresel son geli\u015fmeleri ele alaca\u011f\u0131 belirtildi. Kremlin&#8217;den<\/p>\n","protected":false},"author":1,"featured_media":95802,"comment_status":"open","ping_status":"open","sticky":false,"template":"","format":"standard","meta":{"footnotes":""},"categories":[306],"tags":[],"class_list":["post-95801","post","type-post","status-publish","format-standard","has-post-thumbnail","hentry","category-dunya"],"yoast_head":"<!-- This site is optimized with the Yoast SEO plugin v27.5 - https:\/\/yoast.com\/product\/yoast-seo-wordpress\/ -->\n<title>\u015eara, Moskova&#039;da Putin ile Suriyedeki askeri tesislerin yeniden yap\u0131land\u0131r\u0131lmas\u0131n\u0131 g\u00f6r\u00fc\u015fecek -<\/title>\n<meta name=\"robots\" content=\"index, follow, max-snippet:-1, max-image-preview:large, max-video-preview:-1\" \/>\n<link rel=\"canonical\" href=\"https:\/\/kibrisdakik.com\/?p=95801\" \/>\n<meta property=\"og:locale\" content=\"tr_TR\" \/>\n<meta property=\"og:type\" content=\"article\" \/>\n<meta property=\"og:title\" content=\"\u015eara, Moskova&#039;da Putin ile Suriyedeki askeri tesislerin yeniden yap\u0131land\u0131r\u0131lmas\u0131n\u0131 g\u00f6r\u00fc\u015fecek -\" \/>\n<meta property=\"og:description\" content=\"Suriye\u2019nin resmi devlet televizyonu El-\u0130hbariyye\u2019nin haberine g\u00f6re, \u015eara, iki \u00fclke aras\u0131ndaki ili\u015fkilerin yan\u0131 s\u0131ra ortak ilgi alan\u0131na giren k\u00fcresel ve b\u00f6lgesel geli\u015fmeleri ele almak amac\u0131yla Moskova&#8217;ya gitti. \u015eara&#8217;n\u0131n, Rusya Devlet Ba\u015fkan\u0131 Vladimir Putin ile g\u00f6r\u00fc\u015fece\u011fi, Rusya\u2019n\u0131n Suriye&#8217;deki varl\u0131\u011f\u0131, Suriye\u2019deki askeri tesislerin yeniden yap\u0131land\u0131r\u0131lmas\u0131, ikili ili\u015fkiler ile b\u00f6lgesel ve k\u00fcresel son geli\u015fmeleri ele alaca\u011f\u0131 belirtildi. Kremlin&#8217;den\" \/>\n<meta property=\"og:url\" content=\"https:\/\/kibrisdakik.com\/?p=95801\" \/>\n<meta property=\"article:published_time\" content=\"2025-10-15T12:08:10+00:00\" \/>\n<meta property=\"og:image\" content=\"https:\/\/kibrisdakik.com\/wp-content\/uploads\/2025\/10\/sara-putin-aa-2408135.jpg\" \/>\n\t<meta property=\"og:image:width\" content=\"1280\" \/>\n\t<meta property=\"og:image:height\" content=\"720\" \/>\n\t<meta property=\"og:image:type\" content=\"image\/jpeg\" \/>\n<meta name=\"author\" content=\"admin\" \/>\n<meta name=\"twitter:card\" content=\"summary_large_image\" \/>\n<meta name=\"twitter:label1\" content=\"Yazan:\" \/>\n\t<meta name=\"twitter:data1\" content=\"admin\" \/>\n\t<meta name=\"twitter:label2\" content=\"Tahmini okuma s\u00fcresi\" \/>\n\t<meta name=\"twitter:data2\" content=\"2 dakika\" \/>\n<script type=\"application\/ld+json\" class=\"yoast-schema-graph\">{\"@context\":\"https:\\\/\\\/schema.org\",\"@graph\":[{\"@type\":\"Article\",\"@id\":\"https:\\\/\\\/kibrisdakik.com\\\/?p=95801#article\",\"isPartOf\":{\"@id\":\"https:\\\/\\\/kibrisdakik.com\\\/?p=95801\"},\"author\":{\"name\":\"admin\",\"@id\":\"https:\\\/\\\/kibrisdakik.com\\\/#\\\/schema\\\/person\\\/9cd9d437bbb44f72b73ba127e06d8e79\"},\"headline\":\"\u015eara, Moskova&#039;da Putin ile Suriyedeki askeri tesislerin yeniden yap\u0131land\u0131r\u0131lmas\u0131n\u0131 g\u00f6r\u00fc\u015fecek\",\"datePublished\":\"2025-10-15T12:08:10+00:00\",\"mainEntityOfPage\":{\"@id\":\"https:\\\/\\\/kibrisdakik.com\\\/?p=95801\"},\"wordCount\":329,\"commentCount\":0,\"image\":{\"@id\":\"https:\\\/\\\/kibrisdakik.com\\\/?p=95801#primaryimage\"},\"thumbnailUrl\":\"https:\\\/\\\/kibrisdakik.com\\\/wp-content\\\/uploads\\\/2025\\\/10\\\/sara-putin-aa-2408135.jpg\",\"articleSection\":[\"D\u00fcnya\"],\"inLanguage\":\"tr\",\"potentialAction\":[{\"@type\":\"CommentAction\",\"name\":\"Comment\",\"target\":[\"https:\\\/\\\/kibrisdakik.com\\\/?p=95801#respond\"]}]},{\"@type\":\"WebPage\",\"@id\":\"https:\\\/\\\/kibrisdakik.com\\\/?p=95801\",\"url\":\"https:\\\/\\\/kibrisdakik.com\\\/?p=95801\",\"name\":\"\u015eara, Moskova&#039;da Putin ile Suriyedeki askeri tesislerin yeniden yap\u0131land\u0131r\u0131lmas\u0131n\u0131 g\u00f6r\u00fc\u015fecek -\",\"isPartOf\":{\"@id\":\"https:\\\/\\\/kibrisdakik.com\\\/#website\"},\"primaryImageOfPage\":{\"@id\":\"https:\\\/\\\/kibrisdakik.com\\\/?p=95801#primaryimage\"},\"image\":{\"@id\":\"https:\\\/\\\/kibrisdakik.com\\\/?p=95801#primaryimage\"},\"thumbnailUrl\":\"https:\\\/\\\/kibrisdakik.com\\\/wp-content\\\/uploads\\\/2025\\\/10\\\/sara-putin-aa-2408135.jpg\",\"datePublished\":\"2025-10-15T12:08:10+00:00\",\"author\":{\"@id\":\"https:\\\/\\\/kibrisdakik.com\\\/#\\\/schema\\\/person\\\/9cd9d437bbb44f72b73ba127e06d8e79\"},\"breadcrumb\":{\"@id\":\"https:\\\/\\\/kibrisdakik.com\\\/?p=95801#breadcrumb\"},\"inLanguage\":\"tr\",\"potentialAction\":[{\"@type\":\"ReadAction\",\"target\":[\"https:\\\/\\\/kibrisdakik.com\\\/?p=95801\"]}]},{\"@type\":\"ImageObject\",\"inLanguage\":\"tr\",\"@id\":\"https:\\\/\\\/kibrisdakik.com\\\/?p=95801#primaryimage\",\"url\":\"https:\\\/\\\/kibrisdakik.com\\\/wp-content\\\/uploads\\\/2025\\\/10\\\/sara-putin-aa-2408135.jpg\",\"contentUrl\":\"https:\\\/\\\/kibrisdakik.com\\\/wp-content\\\/uploads\\\/2025\\\/10\\\/sara-putin-aa-2408135.jpg\",\"width\":1280,\"height\":720},{\"@type\":\"BreadcrumbList\",\"@id\":\"https:\\\/\\\/kibrisdakik.com\\\/?p=95801#breadcrumb\",\"itemListElement\":[{\"@type\":\"ListItem\",\"position\":1,\"name\":\"Home\",\"item\":\"https:\\\/\\\/kibrisdakik.com\\\/\"},{\"@type\":\"ListItem\",\"position\":2,\"name\":\"\u015eara, Moskova&#039;da Putin ile Suriyedeki askeri tesislerin yeniden yap\u0131land\u0131r\u0131lmas\u0131n\u0131 g\u00f6r\u00fc\u015fecek\"}]},{\"@type\":\"WebSite\",\"@id\":\"https:\\\/\\\/kibrisdakik.com\\\/#website\",\"url\":\"https:\\\/\\\/kibrisdakik.com\\\/\",\"name\":\"\",\"description\":\"Tam vaktinde haber\",\"potentialAction\":[{\"@type\":\"SearchAction\",\"target\":{\"@type\":\"EntryPoint\",\"urlTemplate\":\"https:\\\/\\\/kibrisdakik.com\\\/?s={search_term_string}\"},\"query-input\":{\"@type\":\"PropertyValueSpecification\",\"valueRequired\":true,\"valueName\":\"search_term_string\"}}],\"inLanguage\":\"tr\"},{\"@type\":\"Person\",\"@id\":\"https:\\\/\\\/kibrisdakik.com\\\/#\\\/schema\\\/person\\\/9cd9d437bbb44f72b73ba127e06d8e79\",\"name\":\"admin\",\"image\":{\"@type\":\"ImageObject\",\"inLanguage\":\"tr\",\"@id\":\"https:\\\/\\\/secure.gravatar.com\\\/avatar\\\/ccc17943b9d660506c869530f897617f7cb1c21a4bf30023f252596d83e1f007?s=96&d=mm&r=g\",\"url\":\"https:\\\/\\\/secure.gravatar.com\\\/avatar\\\/ccc17943b9d660506c869530f897617f7cb1c21a4bf30023f252596d83e1f007?s=96&d=mm&r=g\",\"contentUrl\":\"https:\\\/\\\/secure.gravatar.com\\\/avatar\\\/ccc17943b9d660506c869530f897617f7cb1c21a4bf30023f252596d83e1f007?s=96&d=mm&r=g\",\"caption\":\"admin\"},\"sameAs\":[\"https:\\\/\\\/kibrisdakik.com\"],\"url\":\"https:\\\/\\\/kibrisdakik.com\\\/?author=1\"}]}<\/script>\n<!-- \/ Yoast SEO plugin. -->","yoast_head_json":{"title":"\u015eara, Moskova&#039;da Putin ile Suriyedeki askeri tesislerin yeniden yap\u0131land\u0131r\u0131lmas\u0131n\u0131 g\u00f6r\u00fc\u015fecek -","robots":{"index":"index","follow":"follow","max-snippet":"max-snippet:-1","max-image-preview":"max-image-preview:large","max-video-preview":"max-video-preview:-1"},"canonical":"https:\/\/kibrisdakik.com\/?p=95801","og_locale":"tr_TR","og_type":"article","og_title":"\u015eara, Moskova&#039;da Putin ile Suriyedeki askeri tesislerin yeniden yap\u0131land\u0131r\u0131lmas\u0131n\u0131 g\u00f6r\u00fc\u015fecek -","og_description":"Suriye\u2019nin resmi devlet televizyonu El-\u0130hbariyye\u2019nin haberine g\u00f6re, \u015eara, iki \u00fclke aras\u0131ndaki ili\u015fkilerin yan\u0131 s\u0131ra ortak ilgi alan\u0131na giren k\u00fcresel ve b\u00f6lgesel geli\u015fmeleri ele almak amac\u0131yla Moskova&#8217;ya gitti. \u015eara&#8217;n\u0131n, Rusya Devlet Ba\u015fkan\u0131 Vladimir Putin ile g\u00f6r\u00fc\u015fece\u011fi, Rusya\u2019n\u0131n Suriye&#8217;deki varl\u0131\u011f\u0131, Suriye\u2019deki askeri tesislerin yeniden yap\u0131land\u0131r\u0131lmas\u0131, ikili ili\u015fkiler ile b\u00f6lgesel ve k\u00fcresel son geli\u015fmeleri ele alaca\u011f\u0131 belirtildi. Kremlin&#8217;den","og_url":"https:\/\/kibrisdakik.com\/?p=95801","article_published_time":"2025-10-15T12:08:10+00:00","og_image":[{"width":1280,"height":720,"url":"https:\/\/kibrisdakik.com\/wp-content\/uploads\/2025\/10\/sara-putin-aa-2408135.jpg","type":"image\/jpeg"}],"author":"admin","twitter_card":"summary_large_image","twitter_misc":{"Yazan:":"admin","Tahmini okuma s\u00fcresi":"2 dakika"},"schema":{"@context":"https:\/\/schema.org","@graph":[{"@type":"Article","@id":"https:\/\/kibrisdakik.com\/?p=95801#article","isPartOf":{"@id":"https:\/\/kibrisdakik.com\/?p=95801"},"author":{"name":"admin","@id":"https:\/\/kibrisdakik.com\/#\/schema\/person\/9cd9d437bbb44f72b73ba127e06d8e79"},"headline":"\u015eara, Moskova&#039;da Putin ile Suriyedeki askeri tesislerin yeniden yap\u0131land\u0131r\u0131lmas\u0131n\u0131 g\u00f6r\u00fc\u015fecek","datePublished":"2025-10-15T12:08:10+00:00","mainEntityOfPage":{"@id":"https:\/\/kibrisdakik.com\/?p=95801"},"wordCount":329,"commentCount":0,"image":{"@id":"https:\/\/kibrisdakik.com\/?p=95801#primaryimage"},"thumbnailUrl":"https:\/\/kibrisdakik.com\/wp-content\/uploads\/2025\/10\/sara-putin-aa-2408135.jpg","articleSection":["D\u00fcnya"],"inLanguage":"tr","potentialAction":[{"@type":"CommentAction","name":"Comment","target":["https:\/\/kibrisdakik.com\/?p=95801#respond"]}]},{"@type":"WebPage","@id":"https:\/\/kibrisdakik.com\/?p=95801","url":"https:\/\/kibrisdakik.com\/?p=95801","name":"\u015eara, Moskova&#039;da Putin ile Suriyedeki askeri tesislerin yeniden yap\u0131land\u0131r\u0131lmas\u0131n\u0131 g\u00f6r\u00fc\u015fecek -","isPartOf":{"@id":"https:\/\/kibrisdakik.com\/#website"},"primaryImageOfPage":{"@id":"https:\/\/kibrisdakik.com\/?p=95801#primaryimage"},"image":{"@id":"https:\/\/kibrisdakik.com\/?p=95801#primaryimage"},"thumbnailUrl":"https:\/\/kibrisdakik.com\/wp-content\/uploads\/2025\/10\/sara-putin-aa-2408135.jpg","datePublished":"2025-10-15T12:08:10+00:00","author":{"@id":"https:\/\/kibrisdakik.com\/#\/schema\/person\/9cd9d437bbb44f72b73ba127e06d8e79"},"breadcrumb":{"@id":"https:\/\/kibrisdakik.com\/?p=95801#breadcrumb"},"inLanguage":"tr","potentialAction":[{"@type":"ReadAction","target":["https:\/\/kibrisdakik.com\/?p=95801"]}]},{"@type":"ImageObject","inLanguage":"tr","@id":"https:\/\/kibrisdakik.com\/?p=95801#primaryimage","url":"https:\/\/kibrisdakik.com\/wp-content\/uploads\/2025\/10\/sara-putin-aa-2408135.jpg","contentUrl":"https:\/\/kibrisdakik.com\/wp-content\/uploads\/2025\/10\/sara-putin-aa-2408135.jpg","width":1280,"height":720},{"@type":"BreadcrumbList","@id":"https:\/\/kibrisdakik.com\/?p=95801#breadcrumb","itemListElement":[{"@type":"ListItem","position":1,"name":"Home","item":"https:\/\/kibrisdakik.com\/"},{"@type":"ListItem","position":2,"name":"\u015eara, Moskova&#039;da Putin ile Suriyedeki askeri tesislerin yeniden yap\u0131land\u0131r\u0131lmas\u0131n\u0131 g\u00f6r\u00fc\u015fecek"}]},{"@type":"WebSite","@id":"https:\/\/kibrisdakik.com\/#website","url":"https:\/\/kibrisdakik.com\/","name":"","description":"Tam vaktinde haber","potentialAction":[{"@type":"SearchAction","target":{"@type":"EntryPoint","urlTemplate":"https:\/\/kibrisdakik.com\/?s={search_term_string}"},"query-input":{"@type":"PropertyValueSpecification","valueRequired":true,"valueName":"search_term_string"}}],"inLanguage":"tr"},{"@type":"Person","@id":"https:\/\/kibrisdakik.com\/#\/schema\/person\/9cd9d437bbb44f72b73ba127e06d8e79","name":"admin","image":{"@type":"ImageObject","inLanguage":"tr","@id":"https:\/\/secure.gravatar.com\/avatar\/ccc17943b9d660506c869530f897617f7cb1c21a4bf30023f252596d83e1f007?s=96&d=mm&r=g","url":"https:\/\/secure.gravatar.com\/avatar\/ccc17943b9d660506c869530f897617f7cb1c21a4bf30023f252596d83e1f007?s=96&d=mm&r=g","contentUrl":"https:\/\/secure.gravatar.com\/avatar\/ccc17943b9d660506c869530f897617f7cb1c21a4bf30023f252596d83e1f007?s=96&d=mm&r=g","caption":"admin"},"sameAs":["https:\/\/kibrisdakik.com"],"url":"https:\/\/kibrisdakik.com\/?author=1"}]}},"_links":{"self":[{"href":"https:\/\/kibrisdakik.com\/index.php?rest_route=\/wp\/v2\/posts\/95801","targetHints":{"allow":["GET"]}}],"collection":[{"href":"https:\/\/kibrisdakik.com\/index.php?rest_route=\/wp\/v2\/posts"}],"about":[{"href":"https:\/\/kibrisdakik.com\/index.php?rest_route=\/wp\/v2\/types\/post"}],"author":[{"embeddable":true,"href":"https:\/\/kibrisdakik.com\/index.php?rest_route=\/wp\/v2\/users\/1"}],"replies":[{"embeddable":true,"href":"https:\/\/kibrisdakik.com\/index.php?rest_route=%2Fwp%2Fv2%2Fcomments&post=95801"}],"version-history":[{"count":0,"href":"https:\/\/kibrisdakik.com\/index.php?rest_route=\/wp\/v2\/posts\/95801\/revisions"}],"wp:featuredmedia":[{"embeddable":true,"href":"https:\/\/kibrisdakik.com\/index.php?rest_route=\/wp\/v2\/media\/95802"}],"wp:attachment":[{"href":"https:\/\/kibrisdakik.com\/index.php?rest_route=%2Fwp%2Fv2%2Fmedia&parent=95801"}],"wp:term":[{"taxonomy":"category","embeddable":true,"href":"https:\/\/kibrisdakik.com\/index.php?rest_route=%2Fwp%2Fv2%2Fcategories&post=95801"},{"taxonomy":"post_tag","embeddable":true,"href":"https:\/\/kibrisdakik.com\/index.php?rest_route=%2Fwp%2Fv2%2Ftags&post=95801"}],"curies":[{"name":"wp","href":"https:\/\/api.w.org\/{rel}","templated":true}]}}