{"id":95835,"date":"2025-10-15T17:05:11","date_gmt":"2025-10-15T14:05:11","guid":{"rendered":"https:\/\/kibrisdakik.com\/index.php\/2025\/10\/15\/insan-haklari-platformu-ve-kuir-kibristan-aciklama\/"},"modified":"2025-10-15T17:05:11","modified_gmt":"2025-10-15T14:05:11","slug":"insan-haklari-platformu-ve-kuir-kibristan-aciklama","status":"publish","type":"post","link":"https:\/\/kibrisdakik.com\/?p=95835","title":{"rendered":"\u0130NSAN HAKLARI PLATFORMU VE KU\u0130R KIBRIS\u2019TAN A\u00c7IKLAMA"},"content":{"rendered":"<p><\/p>\n<div data-text-id=\"186489\" property=\"articleBody\">\n<p>\u0130nsan Haklar\u0131 Platformu ve Kuir K\u0131br\u0131s Derne\u011fi, Avrupa Komisyonu\u2019nun a\u00e7\u0131klad\u0131\u011f\u0131 2026-2030 d\u00f6nemine y\u00f6nelik yeni LGBTIQ+ E\u015fitlik Stratejisini memnuniyetle kar\u015f\u0131lad\u0131\u011f\u0131n\u0131 duyurdu.<\/p>\n<p>\u0130ki \u00f6rg\u00fct taraf\u0131ndan yap\u0131lan yaz\u0131l\u0131 a\u00e7\u0131klamada, stratejinin, Avrupa genelinde LGBTIQ+\u2019lar i\u00e7in daha g\u00fc\u00e7l\u00fc koruma, g\u00fc\u00e7lendirme ve toplumsal kat\u0131l\u0131m mekanizmalar\u0131 olu\u015fturmay\u0131 hedefledi\u011fi ifade edildi.<\/p>\n<p>Politika yap\u0131c\u0131lar\u0131n, stratejiyi somut eylemlerle hayata ge\u00e7irmeye ve K\u0131br\u0131s dahil Avrupa\u2019n\u0131n her k\u00f6\u015fesinde etkisini g\u00f6stermeye davet edildi\u011fi a\u00e7\u0131klamada, stratejinin ba\u015far\u0131s\u0131n\u0131n yaln\u0131zca uygulama ve izleme mekanizmalar\u0131n\u0131n etkinli\u011fi ile m\u00fcmk\u00fcn oldu\u011fu belirtildi.<\/p>\n<p>Ayr\u0131ca LGBTIQ+ Politika Forumu\u2019nun kurulmas\u0131 ve sivil toplum ile Avrupa Komisyonu aras\u0131nda do\u011frudan bir diyalog platformu olu\u015fturulmas\u0131n\u0131n da memnuniyet verici bir geli\u015fme oldu\u011fu kaydedilen a\u00e7\u0131klamada, \u201cBu forum, K\u0131br\u0131s\u2019taki sivil toplum \u00f6rg\u00fctlerinin de seslerini Avrupa d\u00fczeyinde duyurmalar\u0131 i\u00e7in \u00f6nemli bir f\u0131rsat sunmaktad\u0131r\u201d denildi.<\/p>\n<p>A\u00e7\u0131klamada, \u0130nsan Haklar\u0131 Platformu ve Kuir K\u0131br\u0131s\u2019\u0131n, t\u00fcm payda\u015flarla i\u015f birli\u011fine haz\u0131r oldu\u011fu da ifade edildi.<\/p>\n<\/p><\/div>\n","protected":false},"excerpt":{"rendered":"<p>\u0130nsan Haklar\u0131 Platformu ve Kuir K\u0131br\u0131s Derne\u011fi, Avrupa Komisyonu\u2019nun a\u00e7\u0131klad\u0131\u011f\u0131 2026-2030 d\u00f6nemine y\u00f6nelik yeni LGBTIQ+ E\u015fitlik Stratejisini memnuniyetle kar\u015f\u0131lad\u0131\u011f\u0131n\u0131 duyurdu. \u0130ki \u00f6rg\u00fct taraf\u0131ndan yap\u0131lan yaz\u0131l\u0131 a\u00e7\u0131klamada, stratejinin, Avrupa genelinde LGBTIQ+\u2019lar i\u00e7in daha g\u00fc\u00e7l\u00fc koruma, g\u00fc\u00e7lendirme ve toplumsal kat\u0131l\u0131m mekanizmalar\u0131 olu\u015fturmay\u0131 hedefledi\u011fi ifade edildi. Politika yap\u0131c\u0131lar\u0131n, stratejiyi somut eylemlerle hayata ge\u00e7irmeye ve K\u0131br\u0131s dahil Avrupa\u2019n\u0131n her<\/p>\n","protected":false},"author":1,"featured_media":95836,"comment_status":"open","ping_status":"open","sticky":false,"template":"","format":"standard","meta":{"footnotes":""},"categories":[81],"tags":[],"class_list":["post-95835","post","type-post","status-publish","format-standard","has-post-thumbnail","hentry","category-kibris"],"yoast_head":"<!-- This site is optimized with the Yoast SEO plugin v27.5 - https:\/\/yoast.com\/product\/yoast-seo-wordpress\/ -->\n<title>\u0130NSAN HAKLARI PLATFORMU VE KU\u0130R KIBRIS\u2019TAN A\u00c7IKLAMA -<\/title>\n<meta name=\"robots\" content=\"index, follow, max-snippet:-1, max-image-preview:large, max-video-preview:-1\" \/>\n<link rel=\"canonical\" href=\"https:\/\/kibrisdakik.com\/?p=95835\" \/>\n<meta property=\"og:locale\" content=\"tr_TR\" \/>\n<meta property=\"og:type\" content=\"article\" \/>\n<meta property=\"og:title\" content=\"\u0130NSAN HAKLARI PLATFORMU VE KU\u0130R KIBRIS\u2019TAN A\u00c7IKLAMA -\" \/>\n<meta property=\"og:description\" content=\"\u0130nsan Haklar\u0131 Platformu ve Kuir K\u0131br\u0131s Derne\u011fi, Avrupa Komisyonu\u2019nun a\u00e7\u0131klad\u0131\u011f\u0131 2026-2030 d\u00f6nemine y\u00f6nelik yeni LGBTIQ+ E\u015fitlik Stratejisini memnuniyetle kar\u015f\u0131lad\u0131\u011f\u0131n\u0131 duyurdu. \u0130ki \u00f6rg\u00fct taraf\u0131ndan yap\u0131lan yaz\u0131l\u0131 a\u00e7\u0131klamada, stratejinin, Avrupa genelinde LGBTIQ+\u2019lar i\u00e7in daha g\u00fc\u00e7l\u00fc koruma, g\u00fc\u00e7lendirme ve toplumsal kat\u0131l\u0131m mekanizmalar\u0131 olu\u015fturmay\u0131 hedefledi\u011fi ifade edildi. Politika yap\u0131c\u0131lar\u0131n, stratejiyi somut eylemlerle hayata ge\u00e7irmeye ve K\u0131br\u0131s dahil Avrupa\u2019n\u0131n her\" \/>\n<meta property=\"og:url\" content=\"https:\/\/kibrisdakik.com\/?p=95835\" \/>\n<meta property=\"article:published_time\" content=\"2025-10-15T14:05:11+00:00\" \/>\n<meta property=\"og:image\" content=\"https:\/\/kibrisdakik.com\/wp-content\/uploads\/2025\/10\/mha-1560.png\" \/>\n\t<meta property=\"og:image:width\" content=\"1280\" \/>\n\t<meta property=\"og:image:height\" content=\"720\" \/>\n\t<meta property=\"og:image:type\" content=\"image\/png\" \/>\n<meta name=\"author\" content=\"admin\" \/>\n<meta name=\"twitter:card\" content=\"summary_large_image\" \/>\n<meta name=\"twitter:label1\" content=\"Yazan:\" \/>\n\t<meta name=\"twitter:data1\" content=\"admin\" \/>\n\t<meta name=\"twitter:label2\" content=\"Tahmini okuma s\u00fcresi\" \/>\n\t<meta name=\"twitter:data2\" content=\"1 dakika\" \/>\n<script type=\"application\/ld+json\" class=\"yoast-schema-graph\">{\"@context\":\"https:\\\/\\\/schema.org\",\"@graph\":[{\"@type\":\"Article\",\"@id\":\"https:\\\/\\\/kibrisdakik.com\\\/?p=95835#article\",\"isPartOf\":{\"@id\":\"https:\\\/\\\/kibrisdakik.com\\\/?p=95835\"},\"author\":{\"name\":\"admin\",\"@id\":\"https:\\\/\\\/kibrisdakik.com\\\/#\\\/schema\\\/person\\\/9cd9d437bbb44f72b73ba127e06d8e79\"},\"headline\":\"\u0130NSAN HAKLARI PLATFORMU VE KU\u0130R KIBRIS\u2019TAN A\u00c7IKLAMA\",\"datePublished\":\"2025-10-15T14:05:11+00:00\",\"mainEntityOfPage\":{\"@id\":\"https:\\\/\\\/kibrisdakik.com\\\/?p=95835\"},\"wordCount\":214,\"commentCount\":0,\"image\":{\"@id\":\"https:\\\/\\\/kibrisdakik.com\\\/?p=95835#primaryimage\"},\"thumbnailUrl\":\"https:\\\/\\\/kibrisdakik.com\\\/wp-content\\\/uploads\\\/2025\\\/10\\\/mha-1560.png\",\"articleSection\":[\"K\u0131br\u0131s\"],\"inLanguage\":\"tr\",\"potentialAction\":[{\"@type\":\"CommentAction\",\"name\":\"Comment\",\"target\":[\"https:\\\/\\\/kibrisdakik.com\\\/?p=95835#respond\"]}]},{\"@type\":\"WebPage\",\"@id\":\"https:\\\/\\\/kibrisdakik.com\\\/?p=95835\",\"url\":\"https:\\\/\\\/kibrisdakik.com\\\/?p=95835\",\"name\":\"\u0130NSAN HAKLARI PLATFORMU VE KU\u0130R KIBRIS\u2019TAN A\u00c7IKLAMA -\",\"isPartOf\":{\"@id\":\"https:\\\/\\\/kibrisdakik.com\\\/#website\"},\"primaryImageOfPage\":{\"@id\":\"https:\\\/\\\/kibrisdakik.com\\\/?p=95835#primaryimage\"},\"image\":{\"@id\":\"https:\\\/\\\/kibrisdakik.com\\\/?p=95835#primaryimage\"},\"thumbnailUrl\":\"https:\\\/\\\/kibrisdakik.com\\\/wp-content\\\/uploads\\\/2025\\\/10\\\/mha-1560.png\",\"datePublished\":\"2025-10-15T14:05:11+00:00\",\"author\":{\"@id\":\"https:\\\/\\\/kibrisdakik.com\\\/#\\\/schema\\\/person\\\/9cd9d437bbb44f72b73ba127e06d8e79\"},\"breadcrumb\":{\"@id\":\"https:\\\/\\\/kibrisdakik.com\\\/?p=95835#breadcrumb\"},\"inLanguage\":\"tr\",\"potentialAction\":[{\"@type\":\"ReadAction\",\"target\":[\"https:\\\/\\\/kibrisdakik.com\\\/?p=95835\"]}]},{\"@type\":\"ImageObject\",\"inLanguage\":\"tr\",\"@id\":\"https:\\\/\\\/kibrisdakik.com\\\/?p=95835#primaryimage\",\"url\":\"https:\\\/\\\/kibrisdakik.com\\\/wp-content\\\/uploads\\\/2025\\\/10\\\/mha-1560.png\",\"contentUrl\":\"https:\\\/\\\/kibrisdakik.com\\\/wp-content\\\/uploads\\\/2025\\\/10\\\/mha-1560.png\",\"width\":1280,\"height\":720},{\"@type\":\"BreadcrumbList\",\"@id\":\"https:\\\/\\\/kibrisdakik.com\\\/?p=95835#breadcrumb\",\"itemListElement\":[{\"@type\":\"ListItem\",\"position\":1,\"name\":\"Home\",\"item\":\"https:\\\/\\\/kibrisdakik.com\\\/\"},{\"@type\":\"ListItem\",\"position\":2,\"name\":\"\u0130NSAN HAKLARI PLATFORMU VE KU\u0130R KIBRIS\u2019TAN A\u00c7IKLAMA\"}]},{\"@type\":\"WebSite\",\"@id\":\"https:\\\/\\\/kibrisdakik.com\\\/#website\",\"url\":\"https:\\\/\\\/kibrisdakik.com\\\/\",\"name\":\"\",\"description\":\"Tam vaktinde haber\",\"potentialAction\":[{\"@type\":\"SearchAction\",\"target\":{\"@type\":\"EntryPoint\",\"urlTemplate\":\"https:\\\/\\\/kibrisdakik.com\\\/?s={search_term_string}\"},\"query-input\":{\"@type\":\"PropertyValueSpecification\",\"valueRequired\":true,\"valueName\":\"search_term_string\"}}],\"inLanguage\":\"tr\"},{\"@type\":\"Person\",\"@id\":\"https:\\\/\\\/kibrisdakik.com\\\/#\\\/schema\\\/person\\\/9cd9d437bbb44f72b73ba127e06d8e79\",\"name\":\"admin\",\"image\":{\"@type\":\"ImageObject\",\"inLanguage\":\"tr\",\"@id\":\"https:\\\/\\\/secure.gravatar.com\\\/avatar\\\/ccc17943b9d660506c869530f897617f7cb1c21a4bf30023f252596d83e1f007?s=96&d=mm&r=g\",\"url\":\"https:\\\/\\\/secure.gravatar.com\\\/avatar\\\/ccc17943b9d660506c869530f897617f7cb1c21a4bf30023f252596d83e1f007?s=96&d=mm&r=g\",\"contentUrl\":\"https:\\\/\\\/secure.gravatar.com\\\/avatar\\\/ccc17943b9d660506c869530f897617f7cb1c21a4bf30023f252596d83e1f007?s=96&d=mm&r=g\",\"caption\":\"admin\"},\"sameAs\":[\"https:\\\/\\\/kibrisdakik.com\"],\"url\":\"https:\\\/\\\/kibrisdakik.com\\\/?author=1\"}]}<\/script>\n<!-- \/ Yoast SEO plugin. -->","yoast_head_json":{"title":"\u0130NSAN HAKLARI PLATFORMU VE KU\u0130R KIBRIS\u2019TAN A\u00c7IKLAMA -","robots":{"index":"index","follow":"follow","max-snippet":"max-snippet:-1","max-image-preview":"max-image-preview:large","max-video-preview":"max-video-preview:-1"},"canonical":"https:\/\/kibrisdakik.com\/?p=95835","og_locale":"tr_TR","og_type":"article","og_title":"\u0130NSAN HAKLARI PLATFORMU VE KU\u0130R KIBRIS\u2019TAN A\u00c7IKLAMA -","og_description":"\u0130nsan Haklar\u0131 Platformu ve Kuir K\u0131br\u0131s Derne\u011fi, Avrupa Komisyonu\u2019nun a\u00e7\u0131klad\u0131\u011f\u0131 2026-2030 d\u00f6nemine y\u00f6nelik yeni LGBTIQ+ E\u015fitlik Stratejisini memnuniyetle kar\u015f\u0131lad\u0131\u011f\u0131n\u0131 duyurdu. \u0130ki \u00f6rg\u00fct taraf\u0131ndan yap\u0131lan yaz\u0131l\u0131 a\u00e7\u0131klamada, stratejinin, Avrupa genelinde LGBTIQ+\u2019lar i\u00e7in daha g\u00fc\u00e7l\u00fc koruma, g\u00fc\u00e7lendirme ve toplumsal kat\u0131l\u0131m mekanizmalar\u0131 olu\u015fturmay\u0131 hedefledi\u011fi ifade edildi. Politika yap\u0131c\u0131lar\u0131n, stratejiyi somut eylemlerle hayata ge\u00e7irmeye ve K\u0131br\u0131s dahil Avrupa\u2019n\u0131n her","og_url":"https:\/\/kibrisdakik.com\/?p=95835","article_published_time":"2025-10-15T14:05:11+00:00","og_image":[{"width":1280,"height":720,"url":"https:\/\/kibrisdakik.com\/wp-content\/uploads\/2025\/10\/mha-1560.png","type":"image\/png"}],"author":"admin","twitter_card":"summary_large_image","twitter_misc":{"Yazan:":"admin","Tahmini okuma s\u00fcresi":"1 dakika"},"schema":{"@context":"https:\/\/schema.org","@graph":[{"@type":"Article","@id":"https:\/\/kibrisdakik.com\/?p=95835#article","isPartOf":{"@id":"https:\/\/kibrisdakik.com\/?p=95835"},"author":{"name":"admin","@id":"https:\/\/kibrisdakik.com\/#\/schema\/person\/9cd9d437bbb44f72b73ba127e06d8e79"},"headline":"\u0130NSAN HAKLARI PLATFORMU VE KU\u0130R KIBRIS\u2019TAN A\u00c7IKLAMA","datePublished":"2025-10-15T14:05:11+00:00","mainEntityOfPage":{"@id":"https:\/\/kibrisdakik.com\/?p=95835"},"wordCount":214,"commentCount":0,"image":{"@id":"https:\/\/kibrisdakik.com\/?p=95835#primaryimage"},"thumbnailUrl":"https:\/\/kibrisdakik.com\/wp-content\/uploads\/2025\/10\/mha-1560.png","articleSection":["K\u0131br\u0131s"],"inLanguage":"tr","potentialAction":[{"@type":"CommentAction","name":"Comment","target":["https:\/\/kibrisdakik.com\/?p=95835#respond"]}]},{"@type":"WebPage","@id":"https:\/\/kibrisdakik.com\/?p=95835","url":"https:\/\/kibrisdakik.com\/?p=95835","name":"\u0130NSAN HAKLARI PLATFORMU VE KU\u0130R KIBRIS\u2019TAN A\u00c7IKLAMA -","isPartOf":{"@id":"https:\/\/kibrisdakik.com\/#website"},"primaryImageOfPage":{"@id":"https:\/\/kibrisdakik.com\/?p=95835#primaryimage"},"image":{"@id":"https:\/\/kibrisdakik.com\/?p=95835#primaryimage"},"thumbnailUrl":"https:\/\/kibrisdakik.com\/wp-content\/uploads\/2025\/10\/mha-1560.png","datePublished":"2025-10-15T14:05:11+00:00","author":{"@id":"https:\/\/kibrisdakik.com\/#\/schema\/person\/9cd9d437bbb44f72b73ba127e06d8e79"},"breadcrumb":{"@id":"https:\/\/kibrisdakik.com\/?p=95835#breadcrumb"},"inLanguage":"tr","potentialAction":[{"@type":"ReadAction","target":["https:\/\/kibrisdakik.com\/?p=95835"]}]},{"@type":"ImageObject","inLanguage":"tr","@id":"https:\/\/kibrisdakik.com\/?p=95835#primaryimage","url":"https:\/\/kibrisdakik.com\/wp-content\/uploads\/2025\/10\/mha-1560.png","contentUrl":"https:\/\/kibrisdakik.com\/wp-content\/uploads\/2025\/10\/mha-1560.png","width":1280,"height":720},{"@type":"BreadcrumbList","@id":"https:\/\/kibrisdakik.com\/?p=95835#breadcrumb","itemListElement":[{"@type":"ListItem","position":1,"name":"Home","item":"https:\/\/kibrisdakik.com\/"},{"@type":"ListItem","position":2,"name":"\u0130NSAN HAKLARI PLATFORMU VE KU\u0130R KIBRIS\u2019TAN A\u00c7IKLAMA"}]},{"@type":"WebSite","@id":"https:\/\/kibrisdakik.com\/#website","url":"https:\/\/kibrisdakik.com\/","name":"","description":"Tam vaktinde haber","potentialAction":[{"@type":"SearchAction","target":{"@type":"EntryPoint","urlTemplate":"https:\/\/kibrisdakik.com\/?s={search_term_string}"},"query-input":{"@type":"PropertyValueSpecification","valueRequired":true,"valueName":"search_term_string"}}],"inLanguage":"tr"},{"@type":"Person","@id":"https:\/\/kibrisdakik.com\/#\/schema\/person\/9cd9d437bbb44f72b73ba127e06d8e79","name":"admin","image":{"@type":"ImageObject","inLanguage":"tr","@id":"https:\/\/secure.gravatar.com\/avatar\/ccc17943b9d660506c869530f897617f7cb1c21a4bf30023f252596d83e1f007?s=96&d=mm&r=g","url":"https:\/\/secure.gravatar.com\/avatar\/ccc17943b9d660506c869530f897617f7cb1c21a4bf30023f252596d83e1f007?s=96&d=mm&r=g","contentUrl":"https:\/\/secure.gravatar.com\/avatar\/ccc17943b9d660506c869530f897617f7cb1c21a4bf30023f252596d83e1f007?s=96&d=mm&r=g","caption":"admin"},"sameAs":["https:\/\/kibrisdakik.com"],"url":"https:\/\/kibrisdakik.com\/?author=1"}]}},"_links":{"self":[{"href":"https:\/\/kibrisdakik.com\/index.php?rest_route=\/wp\/v2\/posts\/95835","targetHints":{"allow":["GET"]}}],"collection":[{"href":"https:\/\/kibrisdakik.com\/index.php?rest_route=\/wp\/v2\/posts"}],"about":[{"href":"https:\/\/kibrisdakik.com\/index.php?rest_route=\/wp\/v2\/types\/post"}],"author":[{"embeddable":true,"href":"https:\/\/kibrisdakik.com\/index.php?rest_route=\/wp\/v2\/users\/1"}],"replies":[{"embeddable":true,"href":"https:\/\/kibrisdakik.com\/index.php?rest_route=%2Fwp%2Fv2%2Fcomments&post=95835"}],"version-history":[{"count":0,"href":"https:\/\/kibrisdakik.com\/index.php?rest_route=\/wp\/v2\/posts\/95835\/revisions"}],"wp:featuredmedia":[{"embeddable":true,"href":"https:\/\/kibrisdakik.com\/index.php?rest_route=\/wp\/v2\/media\/95836"}],"wp:attachment":[{"href":"https:\/\/kibrisdakik.com\/index.php?rest_route=%2Fwp%2Fv2%2Fmedia&parent=95835"}],"wp:term":[{"taxonomy":"category","embeddable":true,"href":"https:\/\/kibrisdakik.com\/index.php?rest_route=%2Fwp%2Fv2%2Fcategories&post=95835"},{"taxonomy":"post_tag","embeddable":true,"href":"https:\/\/kibrisdakik.com\/index.php?rest_route=%2Fwp%2Fv2%2Ftags&post=95835"}],"curies":[{"name":"wp","href":"https:\/\/api.w.org\/{rel}","templated":true}]}}