{"id":95848,"date":"2025-10-15T18:15:14","date_gmt":"2025-10-15T15:15:14","guid":{"rendered":"https:\/\/kibrisdakik.com\/index.php\/2025\/10\/15\/abd-savunma-bakani-ukrayna-savasi-sona-ermezse-ulkesinin-rusyaya-bedel-odetecegini-soyledi\/"},"modified":"2025-10-15T18:15:14","modified_gmt":"2025-10-15T15:15:14","slug":"abd-savunma-bakani-ukrayna-savasi-sona-ermezse-ulkesinin-rusyaya-bedel-odetecegini-soyledi","status":"publish","type":"post","link":"https:\/\/kibrisdakik.com\/?p=95848","title":{"rendered":"ABD Savunma Bakan\u0131, Ukrayna sava\u015f\u0131 sona ermezse \u00fclkesinin Rusya&#039;ya bedel \u00f6detece\u011fini s\u00f6yledi"},"content":{"rendered":"<p><\/p>\n<div class=\"news-content\">\n<p>\n\tHegseth, Br\u00fcksel&#8217;de d\u00fczenlenen NATO Ukrayna Savunma Temas Grubu Toplant\u0131s\u0131&#8217;n\u0131n a\u00e7\u0131l\u0131\u015f\u0131nda konu\u015ftu.<\/p>\n<p>\n\tABD Ba\u015fkan\u0131 Donald Trump y\u00f6netiminin politikas\u0131 neticesinde son birka\u00e7 ayda, Avrupa&#8217;n\u0131n Ukrayna savunmas\u0131na yapt\u0131\u011f\u0131 yat\u0131r\u0131m\u0131n \u00f6nemli \u00f6l\u00e7\u00fcde artt\u0131\u011f\u0131n\u0131 vurgulayan Hegseth, &#8220;Elbette ABD de \u00fczerine d\u00fc\u015feni yapacak ancak Avrupal\u0131lar k\u0131tan\u0131n konvansiyonel savunmas\u0131nda birincil sorumlulu\u011fu \u00fcstlenmeye devam etmelidir.&#8221; dedi.<\/p>\n<p>\n\tHegseth, NATO m\u00fcttefiklerinin a\u011fustostan bu yana NATO&#8217;nun ABD silahlar\u0131n\u0131n Ukrayna&#8217;ya tedarikini sa\u011flayan &#8220;PURL&#8221; giri\u015fimi arac\u0131l\u0131\u011f\u0131yla, Ukrayna&#8217;ya 2 milyar dolardan fazla yard\u0131m sa\u011flad\u0131\u011f\u0131n\u0131 aktararak, &#8220;M\u00fcttefikler, s\u0131k \u200b\u200bs\u0131k Ukrayna g\u00fcvenli\u011finin Avrupa g\u00fcvenli\u011fiyle e\u015f anlaml\u0131 oldu\u011funu s\u00f6yl\u00fcyor. \u00d6yleyse \u015fimdi, t\u00fcm NATO \u00fclkelerinin s\u00f6zlerini PURL yat\u0131r\u0131mlar\u0131 \u015feklinde eyleme d\u00f6n\u00fc\u015ft\u00fcrme zaman\u0131d\u0131r.&#8221; ifadelerini kulland\u0131.<\/p>\n<p>\n\tUkrayna sava\u015f\u0131n\u0131n derhal sona erdirilmesi gerekti\u011finin alt\u0131n\u0131 \u00e7izen Hegseth, &#8220;E\u011fer bu sava\u015f sona ermezse ve k\u0131sa vadede bar\u0131\u015fa giden bir yol yoksa ABD, m\u00fcttefikleriyle birlikte Rusya&#8217;n\u0131n devam eden sald\u0131rganl\u0131\u011f\u0131 i\u00e7in gerekli bedelleri \u00f6detme yolunda gerekli ad\u0131mlar\u0131 atacakt\u0131r.&#8221; diye konu\u015ftu.<\/p>\n<p>\n\tHegseth, ABD&#8217;nin bu konuda \u00fcst\u00fcne d\u00fc\u015feni ve kendisinin yetkin oldu\u011fu her \u015feyi yapmaya haz\u0131r oldu\u011funu ifade etti.<\/p>\n<p>\n\tABD Savunma Bakan\u0131, Rus sald\u0131rganl\u0131\u011f\u0131na kar\u015f\u0131 en etkili cayd\u0131r\u0131c\u0131 unsurlar\u0131n, \u00f6l\u00fcmc\u00fcl g\u00fcce sahip, Avrupa liderli\u011findeki NATO ve kendini savunabilen bir Ukrayna ordusu oldu\u011funun alt\u0131n\u0131 \u00e7izdi.<\/p>\n<div class=\"news-tags\">\n<div class=\"title\">ET\u0130KETLER<\/div>\n<div class=\"tags\">\n                                                                            ABD<br \/>\n                                                                            Ukrayna<br \/>\n                                                                            Rusya\n                                                                    <\/div>\n<\/p><\/div>\n<\/p><\/div>\n","protected":false},"excerpt":{"rendered":"<p>Hegseth, Br\u00fcksel&#8217;de d\u00fczenlenen NATO Ukrayna Savunma Temas Grubu Toplant\u0131s\u0131&#8217;n\u0131n a\u00e7\u0131l\u0131\u015f\u0131nda konu\u015ftu. ABD Ba\u015fkan\u0131 Donald Trump y\u00f6netiminin politikas\u0131 neticesinde son birka\u00e7 ayda, Avrupa&#8217;n\u0131n Ukrayna savunmas\u0131na yapt\u0131\u011f\u0131 yat\u0131r\u0131m\u0131n \u00f6nemli \u00f6l\u00e7\u00fcde artt\u0131\u011f\u0131n\u0131 vurgulayan Hegseth, &#8220;Elbette ABD de \u00fczerine d\u00fc\u015feni yapacak ancak Avrupal\u0131lar k\u0131tan\u0131n konvansiyonel savunmas\u0131nda birincil sorumlulu\u011fu \u00fcstlenmeye devam etmelidir.&#8221; dedi. Hegseth, NATO m\u00fcttefiklerinin a\u011fustostan bu yana NATO&#8217;nun<\/p>\n","protected":false},"author":1,"featured_media":95849,"comment_status":"open","ping_status":"open","sticky":false,"template":"","format":"standard","meta":{"footnotes":""},"categories":[306],"tags":[],"class_list":["post-95848","post","type-post","status-publish","format-standard","has-post-thumbnail","hentry","category-dunya"],"yoast_head":"<!-- This site is optimized with the Yoast SEO plugin v27.5 - https:\/\/yoast.com\/product\/yoast-seo-wordpress\/ -->\n<title>ABD Savunma Bakan\u0131, Ukrayna sava\u015f\u0131 sona ermezse \u00fclkesinin Rusya&#039;ya bedel \u00f6detece\u011fini s\u00f6yledi -<\/title>\n<meta name=\"robots\" content=\"index, follow, max-snippet:-1, max-image-preview:large, max-video-preview:-1\" \/>\n<link rel=\"canonical\" href=\"https:\/\/kibrisdakik.com\/?p=95848\" \/>\n<meta property=\"og:locale\" content=\"tr_TR\" \/>\n<meta property=\"og:type\" content=\"article\" \/>\n<meta property=\"og:title\" content=\"ABD Savunma Bakan\u0131, Ukrayna sava\u015f\u0131 sona ermezse \u00fclkesinin Rusya&#039;ya bedel \u00f6detece\u011fini s\u00f6yledi -\" \/>\n<meta property=\"og:description\" content=\"Hegseth, Br\u00fcksel&#8217;de d\u00fczenlenen NATO Ukrayna Savunma Temas Grubu Toplant\u0131s\u0131&#8217;n\u0131n a\u00e7\u0131l\u0131\u015f\u0131nda konu\u015ftu. ABD Ba\u015fkan\u0131 Donald Trump y\u00f6netiminin politikas\u0131 neticesinde son birka\u00e7 ayda, Avrupa&#8217;n\u0131n Ukrayna savunmas\u0131na yapt\u0131\u011f\u0131 yat\u0131r\u0131m\u0131n \u00f6nemli \u00f6l\u00e7\u00fcde artt\u0131\u011f\u0131n\u0131 vurgulayan Hegseth, &#8220;Elbette ABD de \u00fczerine d\u00fc\u015feni yapacak ancak Avrupal\u0131lar k\u0131tan\u0131n konvansiyonel savunmas\u0131nda birincil sorumlulu\u011fu \u00fcstlenmeye devam etmelidir.&#8221; dedi. Hegseth, NATO m\u00fcttefiklerinin a\u011fustostan bu yana NATO&#8217;nun\" \/>\n<meta property=\"og:url\" content=\"https:\/\/kibrisdakik.com\/?p=95848\" \/>\n<meta property=\"article:published_time\" content=\"2025-10-15T15:15:14+00:00\" \/>\n<meta property=\"og:image\" content=\"https:\/\/kibrisdakik.com\/wp-content\/uploads\/2025\/10\/pete-hegseth-aa-2339520.jpg\" \/>\n\t<meta property=\"og:image:width\" content=\"1280\" \/>\n\t<meta property=\"og:image:height\" content=\"720\" \/>\n\t<meta property=\"og:image:type\" content=\"image\/jpeg\" \/>\n<meta name=\"author\" content=\"admin\" \/>\n<meta name=\"twitter:card\" content=\"summary_large_image\" \/>\n<meta name=\"twitter:label1\" content=\"Yazan:\" \/>\n\t<meta name=\"twitter:data1\" content=\"admin\" \/>\n\t<meta name=\"twitter:label2\" content=\"Tahmini okuma s\u00fcresi\" \/>\n\t<meta name=\"twitter:data2\" content=\"1 dakika\" \/>\n<script type=\"application\/ld+json\" class=\"yoast-schema-graph\">{\"@context\":\"https:\\\/\\\/schema.org\",\"@graph\":[{\"@type\":\"Article\",\"@id\":\"https:\\\/\\\/kibrisdakik.com\\\/?p=95848#article\",\"isPartOf\":{\"@id\":\"https:\\\/\\\/kibrisdakik.com\\\/?p=95848\"},\"author\":{\"name\":\"admin\",\"@id\":\"https:\\\/\\\/kibrisdakik.com\\\/#\\\/schema\\\/person\\\/9cd9d437bbb44f72b73ba127e06d8e79\"},\"headline\":\"ABD Savunma Bakan\u0131, Ukrayna sava\u015f\u0131 sona ermezse \u00fclkesinin Rusya&#039;ya bedel \u00f6detece\u011fini s\u00f6yledi\",\"datePublished\":\"2025-10-15T15:15:14+00:00\",\"mainEntityOfPage\":{\"@id\":\"https:\\\/\\\/kibrisdakik.com\\\/?p=95848\"},\"wordCount\":279,\"commentCount\":0,\"image\":{\"@id\":\"https:\\\/\\\/kibrisdakik.com\\\/?p=95848#primaryimage\"},\"thumbnailUrl\":\"https:\\\/\\\/kibrisdakik.com\\\/wp-content\\\/uploads\\\/2025\\\/10\\\/pete-hegseth-aa-2339520.jpg\",\"articleSection\":[\"D\u00fcnya\"],\"inLanguage\":\"tr\",\"potentialAction\":[{\"@type\":\"CommentAction\",\"name\":\"Comment\",\"target\":[\"https:\\\/\\\/kibrisdakik.com\\\/?p=95848#respond\"]}]},{\"@type\":\"WebPage\",\"@id\":\"https:\\\/\\\/kibrisdakik.com\\\/?p=95848\",\"url\":\"https:\\\/\\\/kibrisdakik.com\\\/?p=95848\",\"name\":\"ABD Savunma Bakan\u0131, Ukrayna sava\u015f\u0131 sona ermezse \u00fclkesinin Rusya&#039;ya bedel \u00f6detece\u011fini s\u00f6yledi -\",\"isPartOf\":{\"@id\":\"https:\\\/\\\/kibrisdakik.com\\\/#website\"},\"primaryImageOfPage\":{\"@id\":\"https:\\\/\\\/kibrisdakik.com\\\/?p=95848#primaryimage\"},\"image\":{\"@id\":\"https:\\\/\\\/kibrisdakik.com\\\/?p=95848#primaryimage\"},\"thumbnailUrl\":\"https:\\\/\\\/kibrisdakik.com\\\/wp-content\\\/uploads\\\/2025\\\/10\\\/pete-hegseth-aa-2339520.jpg\",\"datePublished\":\"2025-10-15T15:15:14+00:00\",\"author\":{\"@id\":\"https:\\\/\\\/kibrisdakik.com\\\/#\\\/schema\\\/person\\\/9cd9d437bbb44f72b73ba127e06d8e79\"},\"breadcrumb\":{\"@id\":\"https:\\\/\\\/kibrisdakik.com\\\/?p=95848#breadcrumb\"},\"inLanguage\":\"tr\",\"potentialAction\":[{\"@type\":\"ReadAction\",\"target\":[\"https:\\\/\\\/kibrisdakik.com\\\/?p=95848\"]}]},{\"@type\":\"ImageObject\",\"inLanguage\":\"tr\",\"@id\":\"https:\\\/\\\/kibrisdakik.com\\\/?p=95848#primaryimage\",\"url\":\"https:\\\/\\\/kibrisdakik.com\\\/wp-content\\\/uploads\\\/2025\\\/10\\\/pete-hegseth-aa-2339520.jpg\",\"contentUrl\":\"https:\\\/\\\/kibrisdakik.com\\\/wp-content\\\/uploads\\\/2025\\\/10\\\/pete-hegseth-aa-2339520.jpg\",\"width\":1280,\"height\":720},{\"@type\":\"BreadcrumbList\",\"@id\":\"https:\\\/\\\/kibrisdakik.com\\\/?p=95848#breadcrumb\",\"itemListElement\":[{\"@type\":\"ListItem\",\"position\":1,\"name\":\"Home\",\"item\":\"https:\\\/\\\/kibrisdakik.com\\\/\"},{\"@type\":\"ListItem\",\"position\":2,\"name\":\"ABD Savunma Bakan\u0131, Ukrayna sava\u015f\u0131 sona ermezse \u00fclkesinin Rusya&#039;ya bedel \u00f6detece\u011fini s\u00f6yledi\"}]},{\"@type\":\"WebSite\",\"@id\":\"https:\\\/\\\/kibrisdakik.com\\\/#website\",\"url\":\"https:\\\/\\\/kibrisdakik.com\\\/\",\"name\":\"\",\"description\":\"Tam vaktinde haber\",\"potentialAction\":[{\"@type\":\"SearchAction\",\"target\":{\"@type\":\"EntryPoint\",\"urlTemplate\":\"https:\\\/\\\/kibrisdakik.com\\\/?s={search_term_string}\"},\"query-input\":{\"@type\":\"PropertyValueSpecification\",\"valueRequired\":true,\"valueName\":\"search_term_string\"}}],\"inLanguage\":\"tr\"},{\"@type\":\"Person\",\"@id\":\"https:\\\/\\\/kibrisdakik.com\\\/#\\\/schema\\\/person\\\/9cd9d437bbb44f72b73ba127e06d8e79\",\"name\":\"admin\",\"image\":{\"@type\":\"ImageObject\",\"inLanguage\":\"tr\",\"@id\":\"https:\\\/\\\/secure.gravatar.com\\\/avatar\\\/ccc17943b9d660506c869530f897617f7cb1c21a4bf30023f252596d83e1f007?s=96&d=mm&r=g\",\"url\":\"https:\\\/\\\/secure.gravatar.com\\\/avatar\\\/ccc17943b9d660506c869530f897617f7cb1c21a4bf30023f252596d83e1f007?s=96&d=mm&r=g\",\"contentUrl\":\"https:\\\/\\\/secure.gravatar.com\\\/avatar\\\/ccc17943b9d660506c869530f897617f7cb1c21a4bf30023f252596d83e1f007?s=96&d=mm&r=g\",\"caption\":\"admin\"},\"sameAs\":[\"https:\\\/\\\/kibrisdakik.com\"],\"url\":\"https:\\\/\\\/kibrisdakik.com\\\/?author=1\"}]}<\/script>\n<!-- \/ Yoast SEO plugin. -->","yoast_head_json":{"title":"ABD Savunma Bakan\u0131, Ukrayna sava\u015f\u0131 sona ermezse \u00fclkesinin Rusya&#039;ya bedel \u00f6detece\u011fini s\u00f6yledi -","robots":{"index":"index","follow":"follow","max-snippet":"max-snippet:-1","max-image-preview":"max-image-preview:large","max-video-preview":"max-video-preview:-1"},"canonical":"https:\/\/kibrisdakik.com\/?p=95848","og_locale":"tr_TR","og_type":"article","og_title":"ABD Savunma Bakan\u0131, Ukrayna sava\u015f\u0131 sona ermezse \u00fclkesinin Rusya&#039;ya bedel \u00f6detece\u011fini s\u00f6yledi -","og_description":"Hegseth, Br\u00fcksel&#8217;de d\u00fczenlenen NATO Ukrayna Savunma Temas Grubu Toplant\u0131s\u0131&#8217;n\u0131n a\u00e7\u0131l\u0131\u015f\u0131nda konu\u015ftu. ABD Ba\u015fkan\u0131 Donald Trump y\u00f6netiminin politikas\u0131 neticesinde son birka\u00e7 ayda, Avrupa&#8217;n\u0131n Ukrayna savunmas\u0131na yapt\u0131\u011f\u0131 yat\u0131r\u0131m\u0131n \u00f6nemli \u00f6l\u00e7\u00fcde artt\u0131\u011f\u0131n\u0131 vurgulayan Hegseth, &#8220;Elbette ABD de \u00fczerine d\u00fc\u015feni yapacak ancak Avrupal\u0131lar k\u0131tan\u0131n konvansiyonel savunmas\u0131nda birincil sorumlulu\u011fu \u00fcstlenmeye devam etmelidir.&#8221; dedi. Hegseth, NATO m\u00fcttefiklerinin a\u011fustostan bu yana NATO&#8217;nun","og_url":"https:\/\/kibrisdakik.com\/?p=95848","article_published_time":"2025-10-15T15:15:14+00:00","og_image":[{"width":1280,"height":720,"url":"https:\/\/kibrisdakik.com\/wp-content\/uploads\/2025\/10\/pete-hegseth-aa-2339520.jpg","type":"image\/jpeg"}],"author":"admin","twitter_card":"summary_large_image","twitter_misc":{"Yazan:":"admin","Tahmini okuma s\u00fcresi":"1 dakika"},"schema":{"@context":"https:\/\/schema.org","@graph":[{"@type":"Article","@id":"https:\/\/kibrisdakik.com\/?p=95848#article","isPartOf":{"@id":"https:\/\/kibrisdakik.com\/?p=95848"},"author":{"name":"admin","@id":"https:\/\/kibrisdakik.com\/#\/schema\/person\/9cd9d437bbb44f72b73ba127e06d8e79"},"headline":"ABD Savunma Bakan\u0131, Ukrayna sava\u015f\u0131 sona ermezse \u00fclkesinin Rusya&#039;ya bedel \u00f6detece\u011fini s\u00f6yledi","datePublished":"2025-10-15T15:15:14+00:00","mainEntityOfPage":{"@id":"https:\/\/kibrisdakik.com\/?p=95848"},"wordCount":279,"commentCount":0,"image":{"@id":"https:\/\/kibrisdakik.com\/?p=95848#primaryimage"},"thumbnailUrl":"https:\/\/kibrisdakik.com\/wp-content\/uploads\/2025\/10\/pete-hegseth-aa-2339520.jpg","articleSection":["D\u00fcnya"],"inLanguage":"tr","potentialAction":[{"@type":"CommentAction","name":"Comment","target":["https:\/\/kibrisdakik.com\/?p=95848#respond"]}]},{"@type":"WebPage","@id":"https:\/\/kibrisdakik.com\/?p=95848","url":"https:\/\/kibrisdakik.com\/?p=95848","name":"ABD Savunma Bakan\u0131, Ukrayna sava\u015f\u0131 sona ermezse \u00fclkesinin Rusya&#039;ya bedel \u00f6detece\u011fini s\u00f6yledi -","isPartOf":{"@id":"https:\/\/kibrisdakik.com\/#website"},"primaryImageOfPage":{"@id":"https:\/\/kibrisdakik.com\/?p=95848#primaryimage"},"image":{"@id":"https:\/\/kibrisdakik.com\/?p=95848#primaryimage"},"thumbnailUrl":"https:\/\/kibrisdakik.com\/wp-content\/uploads\/2025\/10\/pete-hegseth-aa-2339520.jpg","datePublished":"2025-10-15T15:15:14+00:00","author":{"@id":"https:\/\/kibrisdakik.com\/#\/schema\/person\/9cd9d437bbb44f72b73ba127e06d8e79"},"breadcrumb":{"@id":"https:\/\/kibrisdakik.com\/?p=95848#breadcrumb"},"inLanguage":"tr","potentialAction":[{"@type":"ReadAction","target":["https:\/\/kibrisdakik.com\/?p=95848"]}]},{"@type":"ImageObject","inLanguage":"tr","@id":"https:\/\/kibrisdakik.com\/?p=95848#primaryimage","url":"https:\/\/kibrisdakik.com\/wp-content\/uploads\/2025\/10\/pete-hegseth-aa-2339520.jpg","contentUrl":"https:\/\/kibrisdakik.com\/wp-content\/uploads\/2025\/10\/pete-hegseth-aa-2339520.jpg","width":1280,"height":720},{"@type":"BreadcrumbList","@id":"https:\/\/kibrisdakik.com\/?p=95848#breadcrumb","itemListElement":[{"@type":"ListItem","position":1,"name":"Home","item":"https:\/\/kibrisdakik.com\/"},{"@type":"ListItem","position":2,"name":"ABD Savunma Bakan\u0131, Ukrayna sava\u015f\u0131 sona ermezse \u00fclkesinin Rusya&#039;ya bedel \u00f6detece\u011fini s\u00f6yledi"}]},{"@type":"WebSite","@id":"https:\/\/kibrisdakik.com\/#website","url":"https:\/\/kibrisdakik.com\/","name":"","description":"Tam vaktinde haber","potentialAction":[{"@type":"SearchAction","target":{"@type":"EntryPoint","urlTemplate":"https:\/\/kibrisdakik.com\/?s={search_term_string}"},"query-input":{"@type":"PropertyValueSpecification","valueRequired":true,"valueName":"search_term_string"}}],"inLanguage":"tr"},{"@type":"Person","@id":"https:\/\/kibrisdakik.com\/#\/schema\/person\/9cd9d437bbb44f72b73ba127e06d8e79","name":"admin","image":{"@type":"ImageObject","inLanguage":"tr","@id":"https:\/\/secure.gravatar.com\/avatar\/ccc17943b9d660506c869530f897617f7cb1c21a4bf30023f252596d83e1f007?s=96&d=mm&r=g","url":"https:\/\/secure.gravatar.com\/avatar\/ccc17943b9d660506c869530f897617f7cb1c21a4bf30023f252596d83e1f007?s=96&d=mm&r=g","contentUrl":"https:\/\/secure.gravatar.com\/avatar\/ccc17943b9d660506c869530f897617f7cb1c21a4bf30023f252596d83e1f007?s=96&d=mm&r=g","caption":"admin"},"sameAs":["https:\/\/kibrisdakik.com"],"url":"https:\/\/kibrisdakik.com\/?author=1"}]}},"_links":{"self":[{"href":"https:\/\/kibrisdakik.com\/index.php?rest_route=\/wp\/v2\/posts\/95848","targetHints":{"allow":["GET"]}}],"collection":[{"href":"https:\/\/kibrisdakik.com\/index.php?rest_route=\/wp\/v2\/posts"}],"about":[{"href":"https:\/\/kibrisdakik.com\/index.php?rest_route=\/wp\/v2\/types\/post"}],"author":[{"embeddable":true,"href":"https:\/\/kibrisdakik.com\/index.php?rest_route=\/wp\/v2\/users\/1"}],"replies":[{"embeddable":true,"href":"https:\/\/kibrisdakik.com\/index.php?rest_route=%2Fwp%2Fv2%2Fcomments&post=95848"}],"version-history":[{"count":0,"href":"https:\/\/kibrisdakik.com\/index.php?rest_route=\/wp\/v2\/posts\/95848\/revisions"}],"wp:featuredmedia":[{"embeddable":true,"href":"https:\/\/kibrisdakik.com\/index.php?rest_route=\/wp\/v2\/media\/95849"}],"wp:attachment":[{"href":"https:\/\/kibrisdakik.com\/index.php?rest_route=%2Fwp%2Fv2%2Fmedia&parent=95848"}],"wp:term":[{"taxonomy":"category","embeddable":true,"href":"https:\/\/kibrisdakik.com\/index.php?rest_route=%2Fwp%2Fv2%2Fcategories&post=95848"},{"taxonomy":"post_tag","embeddable":true,"href":"https:\/\/kibrisdakik.com\/index.php?rest_route=%2Fwp%2Fv2%2Ftags&post=95848"}],"curies":[{"name":"wp","href":"https:\/\/api.w.org\/{rel}","templated":true}]}}