{"id":95879,"date":"2025-10-16T07:16:18","date_gmt":"2025-10-16T04:16:18","guid":{"rendered":"https:\/\/kibrisdakik.com\/index.php\/2025\/10\/16\/beynimiz-hangi-yasta-zirveye-ulasiyor-bilim-insanlari-acikladi\/"},"modified":"2025-10-16T07:16:18","modified_gmt":"2025-10-16T04:16:18","slug":"beynimiz-hangi-yasta-zirveye-ulasiyor-bilim-insanlari-acikladi","status":"publish","type":"post","link":"https:\/\/kibrisdakik.com\/?p=95879","title":{"rendered":"Beynimiz hangi ya\u015fta zirveye ula\u015f\u0131yor? Bilim insanlar\u0131 a\u00e7\u0131klad\u0131"},"content":{"rendered":"<p><\/p>\n<div class=\"news-content\">\n<p>\n\tAvustralya\u2019daki The University of Western Australia ara\u015ft\u0131rmac\u0131s\u0131 Prof. Gilles E. Gignac ve ekibinin Intelligence dergisinde yay\u0131mlad\u0131\u011f\u0131 \u00e7al\u0131\u015fmaya g\u00f6re, insan zihninin t\u00fcm psikolojik bile\u015fenleri de\u011ferlendirildi\u011finde, en y\u00fcksek genel bili\u015fsel performans 55\u201360 ya\u015f aral\u0131\u011f\u0131nda g\u00f6r\u00fcl\u00fcyor.<\/p>\n<p>\n\tBilim insanlar\u0131, mant\u0131ksal d\u00fc\u015f\u00fcnme, haf\u0131za, bilgi d\u00fczeyi ve i\u015flem h\u0131z\u0131n\u0131n yan\u0131 s\u0131ra, ki\u015filik \u00f6zellikleri ve duygusal denge gibi 16 farkl\u0131 psikolojik boyutu inceledi. Bu boyutlar aras\u0131nda \u201cb\u00fcy\u00fck be\u015fli\u201d ki\u015filik \u00f6zellikleri (d\u0131\u015fad\u00f6n\u00fckl\u00fck, duygusal istikrar, vicdanl\u0131l\u0131k, deneyime a\u00e7\u0131kl\u0131k ve uyumluluk) da yer ald\u0131.<\/p>\n<h2>\n\tBaz\u0131 yetenekler ya\u015fla art\u0131yor<\/h2>\n<p>\n\tAra\u015ft\u0131rmaya g\u00f6re, baz\u0131 bili\u015fsel beceriler ya\u015fla birlikte azalsa da, vicdanl\u0131l\u0131k 65 ya\u015f\u0131nda, duygusal denge ise 75 ya\u015f\u0131nda zirveye ula\u015f\u0131yor.<\/p>\n<p>\n\tAyr\u0131ca ahlaki muhakeme ve bili\u015fsel \u00f6nyarg\u0131lara direnme kapasitesi de 70\u2019li ya\u015flara kadar geli\u015fmeye devam ediyor.<\/p>\n<p>\n\tT\u00fcm veriler bir araya getirildi\u011finde, zihinsel i\u015flevlerin 55\u201360 ya\u015fta en y\u00fcksek seviyeye \u00e7\u0131kt\u0131\u011f\u0131, 65 ya\u015f\u0131ndan itibaren yava\u015f yava\u015f azalmaya ba\u015flad\u0131\u011f\u0131, 75 ya\u015f sonras\u0131nda ise d\u00fc\u015f\u00fc\u015f\u00fcn h\u0131zland\u0131\u011f\u0131 tespit edildi.<\/p>\n<h2>\n\tLiderlik ve karar verme a\u00e7\u0131s\u0131ndan avantaj<\/h2>\n<p>\n\tAra\u015ft\u0131rmac\u0131lara g\u00f6re, bu sonu\u00e7lar neden bir\u00e7ok liderin, \u00fcst d\u00fczey y\u00f6neticinin ve siyaset\u00e7inin 50\u2019li ya\u015flarda en ba\u015far\u0131l\u0131 d\u00f6nemini ya\u015fad\u0131\u011f\u0131n\u0131 a\u00e7\u0131kl\u0131yor.<\/p>\n<p>\n\tProf. Gignac, \u201cYa\u015fla birlikte baz\u0131 yetiler zay\u0131flasa da, artan deneyim, duygusal denge ve ahlaki muhakeme bu kay\u0131plar\u0131 telafi ediyor. Bu da daha dengeli kararlar al\u0131nmas\u0131n\u0131 sa\u011fl\u0131yor\u201d dedi.<\/p>\n<h2>\n\t\u201cOrta ya\u015f bir d\u00fc\u015f\u00fc\u015f de\u011fil, zirve d\u00f6nemi\u201d<\/h2>\n<p>\n\tAra\u015ft\u0131rma, ya\u015f temelli \u00f6nyarg\u0131lar\u0131n da sorgulanmas\u0131 gerekti\u011fini vurguluyor. \u00c7\u00fcnk\u00fc baz\u0131 bireylerde mant\u0131ksal d\u00fc\u015f\u00fcnme ve haf\u0131za h\u0131z\u0131nda d\u00fc\u015f\u00fc\u015f g\u00f6r\u00fclse de, di\u011ferlerinde bu beceriler uzun s\u00fcre korunabiliyor.<\/p>\n<p>\n\tBilim insanlar\u0131na g\u00f6re bu bulgular, i\u015fe al\u0131m ve kariyer de\u011ferlendirmelerinde ya\u015f de\u011fil, bireysel becerilerin esas al\u0131nmas\u0131 gerekti\u011fini g\u00f6steriyor.<\/p>\n<p>\n\tProf. Gignac \u00e7al\u0131\u015fmay\u0131 \u015f\u00f6yle \u00f6zetliyor:<\/p>\n<p>\n\t\u201cOrta ya\u015f bir gerileme de\u011fil, insan zihninin olgunluk ve denge a\u00e7\u0131s\u0131ndan ula\u015ft\u0131\u011f\u0131 zirve noktas\u0131d\u0131r. Toplumun bu d\u00f6nemi bir \u2018geri say\u0131m\u2019 de\u011fil, bir \u2018zirve\u2019 olarak g\u00f6rmesi gerekiyor.\u201d<\/p>\n<div class=\"news-tags\">\n<div class=\"title\">ET\u0130KETLER<\/div>\n<div class=\"tags\">\n                                                                            Ara\u015ft\u0131rma<br \/>\n                                                                            Bilimsel Ara\u015ft\u0131rma\n                                                                    <\/div>\n<\/p><\/div>\n<\/p><\/div>\n","protected":false},"excerpt":{"rendered":"<p>Avustralya\u2019daki The University of Western Australia ara\u015ft\u0131rmac\u0131s\u0131 Prof. Gilles E. Gignac ve ekibinin Intelligence dergisinde yay\u0131mlad\u0131\u011f\u0131 \u00e7al\u0131\u015fmaya g\u00f6re, insan zihninin t\u00fcm psikolojik bile\u015fenleri de\u011ferlendirildi\u011finde, en y\u00fcksek genel bili\u015fsel performans 55\u201360 ya\u015f aral\u0131\u011f\u0131nda g\u00f6r\u00fcl\u00fcyor. Bilim insanlar\u0131, mant\u0131ksal d\u00fc\u015f\u00fcnme, haf\u0131za, bilgi d\u00fczeyi ve i\u015flem h\u0131z\u0131n\u0131n yan\u0131 s\u0131ra, ki\u015filik \u00f6zellikleri ve duygusal denge gibi 16 farkl\u0131 psikolojik boyutu<\/p>\n","protected":false},"author":1,"featured_media":95880,"comment_status":"open","ping_status":"open","sticky":false,"template":"","format":"standard","meta":{"footnotes":""},"categories":[306],"tags":[],"class_list":["post-95879","post","type-post","status-publish","format-standard","has-post-thumbnail","hentry","category-dunya"],"yoast_head":"<!-- This site is optimized with the Yoast SEO plugin v27.4 - https:\/\/yoast.com\/product\/yoast-seo-wordpress\/ -->\n<title>Beynimiz hangi ya\u015fta zirveye ula\u015f\u0131yor? Bilim insanlar\u0131 a\u00e7\u0131klad\u0131 -<\/title>\n<meta name=\"robots\" content=\"index, follow, max-snippet:-1, max-image-preview:large, max-video-preview:-1\" \/>\n<link rel=\"canonical\" href=\"https:\/\/kibrisdakik.com\/?p=95879\" \/>\n<meta property=\"og:locale\" content=\"tr_TR\" \/>\n<meta property=\"og:type\" content=\"article\" \/>\n<meta property=\"og:title\" content=\"Beynimiz hangi ya\u015fta zirveye ula\u015f\u0131yor? Bilim insanlar\u0131 a\u00e7\u0131klad\u0131 -\" \/>\n<meta property=\"og:description\" content=\"Avustralya\u2019daki The University of Western Australia ara\u015ft\u0131rmac\u0131s\u0131 Prof. Gilles E. Gignac ve ekibinin Intelligence dergisinde yay\u0131mlad\u0131\u011f\u0131 \u00e7al\u0131\u015fmaya g\u00f6re, insan zihninin t\u00fcm psikolojik bile\u015fenleri de\u011ferlendirildi\u011finde, en y\u00fcksek genel bili\u015fsel performans 55\u201360 ya\u015f aral\u0131\u011f\u0131nda g\u00f6r\u00fcl\u00fcyor. Bilim insanlar\u0131, mant\u0131ksal d\u00fc\u015f\u00fcnme, haf\u0131za, bilgi d\u00fczeyi ve i\u015flem h\u0131z\u0131n\u0131n yan\u0131 s\u0131ra, ki\u015filik \u00f6zellikleri ve duygusal denge gibi 16 farkl\u0131 psikolojik boyutu\" \/>\n<meta property=\"og:url\" content=\"https:\/\/kibrisdakik.com\/?p=95879\" \/>\n<meta property=\"article:published_time\" content=\"2025-10-16T04:16:18+00:00\" \/>\n<meta property=\"og:image\" content=\"https:\/\/kibrisdakik.com\/wp-content\/uploads\/2025\/10\/beyin-2120635.jpg\" \/>\n\t<meta property=\"og:image:width\" content=\"1280\" \/>\n\t<meta property=\"og:image:height\" content=\"720\" \/>\n\t<meta property=\"og:image:type\" content=\"image\/jpeg\" \/>\n<meta name=\"author\" content=\"admin\" \/>\n<meta name=\"twitter:card\" content=\"summary_large_image\" \/>\n<meta name=\"twitter:label1\" content=\"Yazan:\" \/>\n\t<meta name=\"twitter:data1\" content=\"admin\" \/>\n\t<meta name=\"twitter:label2\" content=\"Tahmini okuma s\u00fcresi\" \/>\n\t<meta name=\"twitter:data2\" content=\"2 dakika\" \/>\n<script type=\"application\/ld+json\" class=\"yoast-schema-graph\">{\"@context\":\"https:\\\/\\\/schema.org\",\"@graph\":[{\"@type\":\"Article\",\"@id\":\"https:\\\/\\\/kibrisdakik.com\\\/?p=95879#article\",\"isPartOf\":{\"@id\":\"https:\\\/\\\/kibrisdakik.com\\\/?p=95879\"},\"author\":{\"name\":\"admin\",\"@id\":\"https:\\\/\\\/kibrisdakik.com\\\/#\\\/schema\\\/person\\\/9cd9d437bbb44f72b73ba127e06d8e79\"},\"headline\":\"Beynimiz hangi ya\u015fta zirveye ula\u015f\u0131yor? Bilim insanlar\u0131 a\u00e7\u0131klad\u0131\",\"datePublished\":\"2025-10-16T04:16:18+00:00\",\"mainEntityOfPage\":{\"@id\":\"https:\\\/\\\/kibrisdakik.com\\\/?p=95879\"},\"wordCount\":415,\"commentCount\":0,\"image\":{\"@id\":\"https:\\\/\\\/kibrisdakik.com\\\/?p=95879#primaryimage\"},\"thumbnailUrl\":\"https:\\\/\\\/kibrisdakik.com\\\/wp-content\\\/uploads\\\/2025\\\/10\\\/beyin-2120635.jpg\",\"articleSection\":[\"D\u00fcnya\"],\"inLanguage\":\"tr\",\"potentialAction\":[{\"@type\":\"CommentAction\",\"name\":\"Comment\",\"target\":[\"https:\\\/\\\/kibrisdakik.com\\\/?p=95879#respond\"]}]},{\"@type\":\"WebPage\",\"@id\":\"https:\\\/\\\/kibrisdakik.com\\\/?p=95879\",\"url\":\"https:\\\/\\\/kibrisdakik.com\\\/?p=95879\",\"name\":\"Beynimiz hangi ya\u015fta zirveye ula\u015f\u0131yor? Bilim insanlar\u0131 a\u00e7\u0131klad\u0131 -\",\"isPartOf\":{\"@id\":\"https:\\\/\\\/kibrisdakik.com\\\/#website\"},\"primaryImageOfPage\":{\"@id\":\"https:\\\/\\\/kibrisdakik.com\\\/?p=95879#primaryimage\"},\"image\":{\"@id\":\"https:\\\/\\\/kibrisdakik.com\\\/?p=95879#primaryimage\"},\"thumbnailUrl\":\"https:\\\/\\\/kibrisdakik.com\\\/wp-content\\\/uploads\\\/2025\\\/10\\\/beyin-2120635.jpg\",\"datePublished\":\"2025-10-16T04:16:18+00:00\",\"author\":{\"@id\":\"https:\\\/\\\/kibrisdakik.com\\\/#\\\/schema\\\/person\\\/9cd9d437bbb44f72b73ba127e06d8e79\"},\"breadcrumb\":{\"@id\":\"https:\\\/\\\/kibrisdakik.com\\\/?p=95879#breadcrumb\"},\"inLanguage\":\"tr\",\"potentialAction\":[{\"@type\":\"ReadAction\",\"target\":[\"https:\\\/\\\/kibrisdakik.com\\\/?p=95879\"]}]},{\"@type\":\"ImageObject\",\"inLanguage\":\"tr\",\"@id\":\"https:\\\/\\\/kibrisdakik.com\\\/?p=95879#primaryimage\",\"url\":\"https:\\\/\\\/kibrisdakik.com\\\/wp-content\\\/uploads\\\/2025\\\/10\\\/beyin-2120635.jpg\",\"contentUrl\":\"https:\\\/\\\/kibrisdakik.com\\\/wp-content\\\/uploads\\\/2025\\\/10\\\/beyin-2120635.jpg\",\"width\":1280,\"height\":720},{\"@type\":\"BreadcrumbList\",\"@id\":\"https:\\\/\\\/kibrisdakik.com\\\/?p=95879#breadcrumb\",\"itemListElement\":[{\"@type\":\"ListItem\",\"position\":1,\"name\":\"Home\",\"item\":\"https:\\\/\\\/kibrisdakik.com\\\/\"},{\"@type\":\"ListItem\",\"position\":2,\"name\":\"Beynimiz hangi ya\u015fta zirveye ula\u015f\u0131yor? Bilim insanlar\u0131 a\u00e7\u0131klad\u0131\"}]},{\"@type\":\"WebSite\",\"@id\":\"https:\\\/\\\/kibrisdakik.com\\\/#website\",\"url\":\"https:\\\/\\\/kibrisdakik.com\\\/\",\"name\":\"\",\"description\":\"Tam vaktinde haber\",\"potentialAction\":[{\"@type\":\"SearchAction\",\"target\":{\"@type\":\"EntryPoint\",\"urlTemplate\":\"https:\\\/\\\/kibrisdakik.com\\\/?s={search_term_string}\"},\"query-input\":{\"@type\":\"PropertyValueSpecification\",\"valueRequired\":true,\"valueName\":\"search_term_string\"}}],\"inLanguage\":\"tr\"},{\"@type\":\"Person\",\"@id\":\"https:\\\/\\\/kibrisdakik.com\\\/#\\\/schema\\\/person\\\/9cd9d437bbb44f72b73ba127e06d8e79\",\"name\":\"admin\",\"image\":{\"@type\":\"ImageObject\",\"inLanguage\":\"tr\",\"@id\":\"https:\\\/\\\/secure.gravatar.com\\\/avatar\\\/ccc17943b9d660506c869530f897617f7cb1c21a4bf30023f252596d83e1f007?s=96&d=mm&r=g\",\"url\":\"https:\\\/\\\/secure.gravatar.com\\\/avatar\\\/ccc17943b9d660506c869530f897617f7cb1c21a4bf30023f252596d83e1f007?s=96&d=mm&r=g\",\"contentUrl\":\"https:\\\/\\\/secure.gravatar.com\\\/avatar\\\/ccc17943b9d660506c869530f897617f7cb1c21a4bf30023f252596d83e1f007?s=96&d=mm&r=g\",\"caption\":\"admin\"},\"sameAs\":[\"https:\\\/\\\/kibrisdakik.com\"],\"url\":\"https:\\\/\\\/kibrisdakik.com\\\/?author=1\"}]}<\/script>\n<!-- \/ Yoast SEO plugin. -->","yoast_head_json":{"title":"Beynimiz hangi ya\u015fta zirveye ula\u015f\u0131yor? Bilim insanlar\u0131 a\u00e7\u0131klad\u0131 -","robots":{"index":"index","follow":"follow","max-snippet":"max-snippet:-1","max-image-preview":"max-image-preview:large","max-video-preview":"max-video-preview:-1"},"canonical":"https:\/\/kibrisdakik.com\/?p=95879","og_locale":"tr_TR","og_type":"article","og_title":"Beynimiz hangi ya\u015fta zirveye ula\u015f\u0131yor? Bilim insanlar\u0131 a\u00e7\u0131klad\u0131 -","og_description":"Avustralya\u2019daki The University of Western Australia ara\u015ft\u0131rmac\u0131s\u0131 Prof. Gilles E. Gignac ve ekibinin Intelligence dergisinde yay\u0131mlad\u0131\u011f\u0131 \u00e7al\u0131\u015fmaya g\u00f6re, insan zihninin t\u00fcm psikolojik bile\u015fenleri de\u011ferlendirildi\u011finde, en y\u00fcksek genel bili\u015fsel performans 55\u201360 ya\u015f aral\u0131\u011f\u0131nda g\u00f6r\u00fcl\u00fcyor. Bilim insanlar\u0131, mant\u0131ksal d\u00fc\u015f\u00fcnme, haf\u0131za, bilgi d\u00fczeyi ve i\u015flem h\u0131z\u0131n\u0131n yan\u0131 s\u0131ra, ki\u015filik \u00f6zellikleri ve duygusal denge gibi 16 farkl\u0131 psikolojik boyutu","og_url":"https:\/\/kibrisdakik.com\/?p=95879","article_published_time":"2025-10-16T04:16:18+00:00","og_image":[{"width":1280,"height":720,"url":"https:\/\/kibrisdakik.com\/wp-content\/uploads\/2025\/10\/beyin-2120635.jpg","type":"image\/jpeg"}],"author":"admin","twitter_card":"summary_large_image","twitter_misc":{"Yazan:":"admin","Tahmini okuma s\u00fcresi":"2 dakika"},"schema":{"@context":"https:\/\/schema.org","@graph":[{"@type":"Article","@id":"https:\/\/kibrisdakik.com\/?p=95879#article","isPartOf":{"@id":"https:\/\/kibrisdakik.com\/?p=95879"},"author":{"name":"admin","@id":"https:\/\/kibrisdakik.com\/#\/schema\/person\/9cd9d437bbb44f72b73ba127e06d8e79"},"headline":"Beynimiz hangi ya\u015fta zirveye ula\u015f\u0131yor? Bilim insanlar\u0131 a\u00e7\u0131klad\u0131","datePublished":"2025-10-16T04:16:18+00:00","mainEntityOfPage":{"@id":"https:\/\/kibrisdakik.com\/?p=95879"},"wordCount":415,"commentCount":0,"image":{"@id":"https:\/\/kibrisdakik.com\/?p=95879#primaryimage"},"thumbnailUrl":"https:\/\/kibrisdakik.com\/wp-content\/uploads\/2025\/10\/beyin-2120635.jpg","articleSection":["D\u00fcnya"],"inLanguage":"tr","potentialAction":[{"@type":"CommentAction","name":"Comment","target":["https:\/\/kibrisdakik.com\/?p=95879#respond"]}]},{"@type":"WebPage","@id":"https:\/\/kibrisdakik.com\/?p=95879","url":"https:\/\/kibrisdakik.com\/?p=95879","name":"Beynimiz hangi ya\u015fta zirveye ula\u015f\u0131yor? Bilim insanlar\u0131 a\u00e7\u0131klad\u0131 -","isPartOf":{"@id":"https:\/\/kibrisdakik.com\/#website"},"primaryImageOfPage":{"@id":"https:\/\/kibrisdakik.com\/?p=95879#primaryimage"},"image":{"@id":"https:\/\/kibrisdakik.com\/?p=95879#primaryimage"},"thumbnailUrl":"https:\/\/kibrisdakik.com\/wp-content\/uploads\/2025\/10\/beyin-2120635.jpg","datePublished":"2025-10-16T04:16:18+00:00","author":{"@id":"https:\/\/kibrisdakik.com\/#\/schema\/person\/9cd9d437bbb44f72b73ba127e06d8e79"},"breadcrumb":{"@id":"https:\/\/kibrisdakik.com\/?p=95879#breadcrumb"},"inLanguage":"tr","potentialAction":[{"@type":"ReadAction","target":["https:\/\/kibrisdakik.com\/?p=95879"]}]},{"@type":"ImageObject","inLanguage":"tr","@id":"https:\/\/kibrisdakik.com\/?p=95879#primaryimage","url":"https:\/\/kibrisdakik.com\/wp-content\/uploads\/2025\/10\/beyin-2120635.jpg","contentUrl":"https:\/\/kibrisdakik.com\/wp-content\/uploads\/2025\/10\/beyin-2120635.jpg","width":1280,"height":720},{"@type":"BreadcrumbList","@id":"https:\/\/kibrisdakik.com\/?p=95879#breadcrumb","itemListElement":[{"@type":"ListItem","position":1,"name":"Home","item":"https:\/\/kibrisdakik.com\/"},{"@type":"ListItem","position":2,"name":"Beynimiz hangi ya\u015fta zirveye ula\u015f\u0131yor? Bilim insanlar\u0131 a\u00e7\u0131klad\u0131"}]},{"@type":"WebSite","@id":"https:\/\/kibrisdakik.com\/#website","url":"https:\/\/kibrisdakik.com\/","name":"","description":"Tam vaktinde haber","potentialAction":[{"@type":"SearchAction","target":{"@type":"EntryPoint","urlTemplate":"https:\/\/kibrisdakik.com\/?s={search_term_string}"},"query-input":{"@type":"PropertyValueSpecification","valueRequired":true,"valueName":"search_term_string"}}],"inLanguage":"tr"},{"@type":"Person","@id":"https:\/\/kibrisdakik.com\/#\/schema\/person\/9cd9d437bbb44f72b73ba127e06d8e79","name":"admin","image":{"@type":"ImageObject","inLanguage":"tr","@id":"https:\/\/secure.gravatar.com\/avatar\/ccc17943b9d660506c869530f897617f7cb1c21a4bf30023f252596d83e1f007?s=96&d=mm&r=g","url":"https:\/\/secure.gravatar.com\/avatar\/ccc17943b9d660506c869530f897617f7cb1c21a4bf30023f252596d83e1f007?s=96&d=mm&r=g","contentUrl":"https:\/\/secure.gravatar.com\/avatar\/ccc17943b9d660506c869530f897617f7cb1c21a4bf30023f252596d83e1f007?s=96&d=mm&r=g","caption":"admin"},"sameAs":["https:\/\/kibrisdakik.com"],"url":"https:\/\/kibrisdakik.com\/?author=1"}]}},"_links":{"self":[{"href":"https:\/\/kibrisdakik.com\/index.php?rest_route=\/wp\/v2\/posts\/95879","targetHints":{"allow":["GET"]}}],"collection":[{"href":"https:\/\/kibrisdakik.com\/index.php?rest_route=\/wp\/v2\/posts"}],"about":[{"href":"https:\/\/kibrisdakik.com\/index.php?rest_route=\/wp\/v2\/types\/post"}],"author":[{"embeddable":true,"href":"https:\/\/kibrisdakik.com\/index.php?rest_route=\/wp\/v2\/users\/1"}],"replies":[{"embeddable":true,"href":"https:\/\/kibrisdakik.com\/index.php?rest_route=%2Fwp%2Fv2%2Fcomments&post=95879"}],"version-history":[{"count":0,"href":"https:\/\/kibrisdakik.com\/index.php?rest_route=\/wp\/v2\/posts\/95879\/revisions"}],"wp:featuredmedia":[{"embeddable":true,"href":"https:\/\/kibrisdakik.com\/index.php?rest_route=\/wp\/v2\/media\/95880"}],"wp:attachment":[{"href":"https:\/\/kibrisdakik.com\/index.php?rest_route=%2Fwp%2Fv2%2Fmedia&parent=95879"}],"wp:term":[{"taxonomy":"category","embeddable":true,"href":"https:\/\/kibrisdakik.com\/index.php?rest_route=%2Fwp%2Fv2%2Fcategories&post=95879"},{"taxonomy":"post_tag","embeddable":true,"href":"https:\/\/kibrisdakik.com\/index.php?rest_route=%2Fwp%2Fv2%2Ftags&post=95879"}],"curies":[{"name":"wp","href":"https:\/\/api.w.org\/{rel}","templated":true}]}}