{"id":95965,"date":"2025-10-16T17:38:25","date_gmt":"2025-10-16T14:38:25","guid":{"rendered":"https:\/\/kibrisdakik.com\/index.php\/2025\/10\/16\/kultur-dairesi-fotograf-yarismasi-odullu-eserleri-yeniden-sergiliyor\/"},"modified":"2025-10-16T17:38:25","modified_gmt":"2025-10-16T14:38:25","slug":"kultur-dairesi-fotograf-yarismasi-odullu-eserleri-yeniden-sergiliyor","status":"publish","type":"post","link":"https:\/\/kibrisdakik.com\/?p=95965","title":{"rendered":"K\u00dcLT\u00dcR DA\u0130RES\u0130 FOTO\u011eRAF YARI\u015eMASI \u00d6D\u00dcLL\u00dc ESERLER\u0130 YEN\u0130DEN SERG\u0130L\u0130YOR"},"content":{"rendered":"<p><\/p>\n<div data-text-id=\"186567\" property=\"articleBody\">\n<p>K\u00fclt\u00fcr Dairesi 31. ve 32. Devlet Foto\u011fraf Yar\u0131\u015fmalar\u0131n\u0131n \u201cmimari\u201d ve \u201crenkli\u201d kategorilerinde \u00f6d\u00fcl ve sergileme alan foto\u011fraflar\u0131 yeniden sergileniyor.<\/p>\n<p>Mimari kategorisi Atat\u00fcrk K\u00fclt\u00fcr Merkezi\u2019nde, renkli kategorisi de Girne Halk K\u00fct\u00fcphanesi\u2019nde sergileniyor.<\/p>\n<p>K\u00fclt\u00fcr Dairesi\u2019nden verilen bilgiye g\u00f6re, konu hakk\u0131nda a\u00e7\u0131klama yapan K\u00fclt\u00fcr Dairesi M\u00fcd\u00fcr\u00fc \u015eirin Zaima\u011fao\u011flu, foto\u011fraflar\u0131n ar\u015fiv niteli\u011fi ta\u015f\u0131d\u0131\u011f\u0131n\u0131 vurgulayarak, 30 y\u0131ld\u0131r \u00fc\u00e7 kategori ile d\u00fczenlenen yar\u0131\u015fmay\u0131 \u201cmimari\u201d, \u201ckavramsal\u201d ve \u201cbenim \u015fehrim\u201d kategorilerini ekleyerek 31. Devlet Foto\u011fraf Yar\u0131\u015fmas\u0131\u2019n\u0131 alt\u0131 kategoriye \u00e7\u0131kard\u0131klar\u0131n\u0131 hat\u0131rlatt\u0131.<\/p>\n<p>Zaima\u011fao\u011flu, yeniden sergilenen mimari kategori foto\u011fraflar\u0131yla, \u00fclkenin mimarlar\u0131na ve mimari yap\u0131s\u0131na dikkat \u00e7ekmeyi hedeflediklerini belirtti.<br \/>&#13;\n <\/p>\n<p>31. Devlet Foto\u011fraf Yar\u0131\u015fmas\u0131\u2019nda Mimar Ahmet Vural Behaeddin Eserleri ve 32. Devlet Foto\u011fraf Yar\u0131\u015fmas\u0131\u2019nda Mimar Abdullah Onar\u2019\u0131n eserlerini konu alan siyah beyaz foto\u011fraflar\u0131n sergilenece\u011fini kaydeden Zaima\u011fao\u011flu, toplam 37 foto\u011fraf\u0131n, 24 Ekim Cuma g\u00fcn\u00fcne kadar mesai saatleri i\u00e7inde Atat\u00fcrk K\u00fclt\u00fcr Merkezi Sergi Salonu\u2019nda sergilenece\u011fini duyurdu.<\/p>\n<p>Zaima\u011fao\u011flu, renkli kategorilerindeki toplam 33 foto\u011fraftan olu\u015fan di\u011fer bir sergiyi ise Girne Halk K\u00fct\u00fcphanesi\u2019nde 31 Ekim Cuma g\u00fcn\u00fcne kadar mesai saatleri i\u00e7inde sanatseverlerin izlenimine sunduklar\u0131n\u0131 bildirdi.<\/p>\n<\/p><\/div>\n","protected":false},"excerpt":{"rendered":"<p>K\u00fclt\u00fcr Dairesi 31. ve 32. Devlet Foto\u011fraf Yar\u0131\u015fmalar\u0131n\u0131n \u201cmimari\u201d ve \u201crenkli\u201d kategorilerinde \u00f6d\u00fcl ve sergileme alan foto\u011fraflar\u0131 yeniden sergileniyor. Mimari kategorisi Atat\u00fcrk K\u00fclt\u00fcr Merkezi\u2019nde, renkli kategorisi de Girne Halk K\u00fct\u00fcphanesi\u2019nde sergileniyor. K\u00fclt\u00fcr Dairesi\u2019nden verilen bilgiye g\u00f6re, konu hakk\u0131nda a\u00e7\u0131klama yapan K\u00fclt\u00fcr Dairesi M\u00fcd\u00fcr\u00fc \u015eirin Zaima\u011fao\u011flu, foto\u011fraflar\u0131n ar\u015fiv niteli\u011fi ta\u015f\u0131d\u0131\u011f\u0131n\u0131 vurgulayarak, 30 y\u0131ld\u0131r \u00fc\u00e7 kategori ile<\/p>\n","protected":false},"author":1,"featured_media":95966,"comment_status":"open","ping_status":"open","sticky":false,"template":"","format":"standard","meta":{"footnotes":""},"categories":[81],"tags":[],"class_list":["post-95965","post","type-post","status-publish","format-standard","has-post-thumbnail","hentry","category-kibris"],"yoast_head":"<!-- This site is optimized with the Yoast SEO plugin v27.5 - https:\/\/yoast.com\/product\/yoast-seo-wordpress\/ -->\n<title>K\u00dcLT\u00dcR DA\u0130RES\u0130 FOTO\u011eRAF YARI\u015eMASI \u00d6D\u00dcLL\u00dc ESERLER\u0130 YEN\u0130DEN SERG\u0130L\u0130YOR -<\/title>\n<meta name=\"robots\" content=\"index, follow, max-snippet:-1, max-image-preview:large, max-video-preview:-1\" \/>\n<link rel=\"canonical\" href=\"https:\/\/kibrisdakik.com\/?p=95965\" \/>\n<meta property=\"og:locale\" content=\"tr_TR\" \/>\n<meta property=\"og:type\" content=\"article\" \/>\n<meta property=\"og:title\" content=\"K\u00dcLT\u00dcR DA\u0130RES\u0130 FOTO\u011eRAF YARI\u015eMASI \u00d6D\u00dcLL\u00dc ESERLER\u0130 YEN\u0130DEN SERG\u0130L\u0130YOR -\" \/>\n<meta property=\"og:description\" content=\"K\u00fclt\u00fcr Dairesi 31. ve 32. Devlet Foto\u011fraf Yar\u0131\u015fmalar\u0131n\u0131n \u201cmimari\u201d ve \u201crenkli\u201d kategorilerinde \u00f6d\u00fcl ve sergileme alan foto\u011fraflar\u0131 yeniden sergileniyor. Mimari kategorisi Atat\u00fcrk K\u00fclt\u00fcr Merkezi\u2019nde, renkli kategorisi de Girne Halk K\u00fct\u00fcphanesi\u2019nde sergileniyor. K\u00fclt\u00fcr Dairesi\u2019nden verilen bilgiye g\u00f6re, konu hakk\u0131nda a\u00e7\u0131klama yapan K\u00fclt\u00fcr Dairesi M\u00fcd\u00fcr\u00fc \u015eirin Zaima\u011fao\u011flu, foto\u011fraflar\u0131n ar\u015fiv niteli\u011fi ta\u015f\u0131d\u0131\u011f\u0131n\u0131 vurgulayarak, 30 y\u0131ld\u0131r \u00fc\u00e7 kategori ile\" \/>\n<meta property=\"og:url\" content=\"https:\/\/kibrisdakik.com\/?p=95965\" \/>\n<meta property=\"article:published_time\" content=\"2025-10-16T14:38:25+00:00\" \/>\n<meta property=\"og:image\" content=\"https:\/\/kibrisdakik.com\/wp-content\/uploads\/2025\/10\/mha-1591.png\" \/>\n\t<meta property=\"og:image:width\" content=\"1280\" \/>\n\t<meta property=\"og:image:height\" content=\"720\" \/>\n\t<meta property=\"og:image:type\" content=\"image\/png\" \/>\n<meta name=\"author\" content=\"admin\" \/>\n<meta name=\"twitter:card\" content=\"summary_large_image\" \/>\n<meta name=\"twitter:label1\" content=\"Yazan:\" \/>\n\t<meta name=\"twitter:data1\" content=\"admin\" \/>\n\t<meta name=\"twitter:label2\" content=\"Tahmini okuma s\u00fcresi\" \/>\n\t<meta name=\"twitter:data2\" content=\"1 dakika\" \/>\n<script type=\"application\/ld+json\" class=\"yoast-schema-graph\">{\"@context\":\"https:\\\/\\\/schema.org\",\"@graph\":[{\"@type\":\"Article\",\"@id\":\"https:\\\/\\\/kibrisdakik.com\\\/?p=95965#article\",\"isPartOf\":{\"@id\":\"https:\\\/\\\/kibrisdakik.com\\\/?p=95965\"},\"author\":{\"name\":\"admin\",\"@id\":\"https:\\\/\\\/kibrisdakik.com\\\/#\\\/schema\\\/person\\\/9cd9d437bbb44f72b73ba127e06d8e79\"},\"headline\":\"K\u00dcLT\u00dcR DA\u0130RES\u0130 FOTO\u011eRAF YARI\u015eMASI \u00d6D\u00dcLL\u00dc ESERLER\u0130 YEN\u0130DEN SERG\u0130L\u0130YOR\",\"datePublished\":\"2025-10-16T14:38:25+00:00\",\"mainEntityOfPage\":{\"@id\":\"https:\\\/\\\/kibrisdakik.com\\\/?p=95965\"},\"wordCount\":247,\"commentCount\":0,\"image\":{\"@id\":\"https:\\\/\\\/kibrisdakik.com\\\/?p=95965#primaryimage\"},\"thumbnailUrl\":\"https:\\\/\\\/kibrisdakik.com\\\/wp-content\\\/uploads\\\/2025\\\/10\\\/mha-1591.png\",\"articleSection\":[\"K\u0131br\u0131s\"],\"inLanguage\":\"tr\",\"potentialAction\":[{\"@type\":\"CommentAction\",\"name\":\"Comment\",\"target\":[\"https:\\\/\\\/kibrisdakik.com\\\/?p=95965#respond\"]}]},{\"@type\":\"WebPage\",\"@id\":\"https:\\\/\\\/kibrisdakik.com\\\/?p=95965\",\"url\":\"https:\\\/\\\/kibrisdakik.com\\\/?p=95965\",\"name\":\"K\u00dcLT\u00dcR DA\u0130RES\u0130 FOTO\u011eRAF YARI\u015eMASI \u00d6D\u00dcLL\u00dc ESERLER\u0130 YEN\u0130DEN SERG\u0130L\u0130YOR -\",\"isPartOf\":{\"@id\":\"https:\\\/\\\/kibrisdakik.com\\\/#website\"},\"primaryImageOfPage\":{\"@id\":\"https:\\\/\\\/kibrisdakik.com\\\/?p=95965#primaryimage\"},\"image\":{\"@id\":\"https:\\\/\\\/kibrisdakik.com\\\/?p=95965#primaryimage\"},\"thumbnailUrl\":\"https:\\\/\\\/kibrisdakik.com\\\/wp-content\\\/uploads\\\/2025\\\/10\\\/mha-1591.png\",\"datePublished\":\"2025-10-16T14:38:25+00:00\",\"author\":{\"@id\":\"https:\\\/\\\/kibrisdakik.com\\\/#\\\/schema\\\/person\\\/9cd9d437bbb44f72b73ba127e06d8e79\"},\"breadcrumb\":{\"@id\":\"https:\\\/\\\/kibrisdakik.com\\\/?p=95965#breadcrumb\"},\"inLanguage\":\"tr\",\"potentialAction\":[{\"@type\":\"ReadAction\",\"target\":[\"https:\\\/\\\/kibrisdakik.com\\\/?p=95965\"]}]},{\"@type\":\"ImageObject\",\"inLanguage\":\"tr\",\"@id\":\"https:\\\/\\\/kibrisdakik.com\\\/?p=95965#primaryimage\",\"url\":\"https:\\\/\\\/kibrisdakik.com\\\/wp-content\\\/uploads\\\/2025\\\/10\\\/mha-1591.png\",\"contentUrl\":\"https:\\\/\\\/kibrisdakik.com\\\/wp-content\\\/uploads\\\/2025\\\/10\\\/mha-1591.png\",\"width\":1280,\"height\":720},{\"@type\":\"BreadcrumbList\",\"@id\":\"https:\\\/\\\/kibrisdakik.com\\\/?p=95965#breadcrumb\",\"itemListElement\":[{\"@type\":\"ListItem\",\"position\":1,\"name\":\"Home\",\"item\":\"https:\\\/\\\/kibrisdakik.com\\\/\"},{\"@type\":\"ListItem\",\"position\":2,\"name\":\"K\u00dcLT\u00dcR DA\u0130RES\u0130 FOTO\u011eRAF YARI\u015eMASI \u00d6D\u00dcLL\u00dc ESERLER\u0130 YEN\u0130DEN SERG\u0130L\u0130YOR\"}]},{\"@type\":\"WebSite\",\"@id\":\"https:\\\/\\\/kibrisdakik.com\\\/#website\",\"url\":\"https:\\\/\\\/kibrisdakik.com\\\/\",\"name\":\"\",\"description\":\"Tam vaktinde haber\",\"potentialAction\":[{\"@type\":\"SearchAction\",\"target\":{\"@type\":\"EntryPoint\",\"urlTemplate\":\"https:\\\/\\\/kibrisdakik.com\\\/?s={search_term_string}\"},\"query-input\":{\"@type\":\"PropertyValueSpecification\",\"valueRequired\":true,\"valueName\":\"search_term_string\"}}],\"inLanguage\":\"tr\"},{\"@type\":\"Person\",\"@id\":\"https:\\\/\\\/kibrisdakik.com\\\/#\\\/schema\\\/person\\\/9cd9d437bbb44f72b73ba127e06d8e79\",\"name\":\"admin\",\"image\":{\"@type\":\"ImageObject\",\"inLanguage\":\"tr\",\"@id\":\"https:\\\/\\\/secure.gravatar.com\\\/avatar\\\/ccc17943b9d660506c869530f897617f7cb1c21a4bf30023f252596d83e1f007?s=96&d=mm&r=g\",\"url\":\"https:\\\/\\\/secure.gravatar.com\\\/avatar\\\/ccc17943b9d660506c869530f897617f7cb1c21a4bf30023f252596d83e1f007?s=96&d=mm&r=g\",\"contentUrl\":\"https:\\\/\\\/secure.gravatar.com\\\/avatar\\\/ccc17943b9d660506c869530f897617f7cb1c21a4bf30023f252596d83e1f007?s=96&d=mm&r=g\",\"caption\":\"admin\"},\"sameAs\":[\"https:\\\/\\\/kibrisdakik.com\"],\"url\":\"https:\\\/\\\/kibrisdakik.com\\\/?author=1\"}]}<\/script>\n<!-- \/ Yoast SEO plugin. -->","yoast_head_json":{"title":"K\u00dcLT\u00dcR DA\u0130RES\u0130 FOTO\u011eRAF YARI\u015eMASI \u00d6D\u00dcLL\u00dc ESERLER\u0130 YEN\u0130DEN SERG\u0130L\u0130YOR -","robots":{"index":"index","follow":"follow","max-snippet":"max-snippet:-1","max-image-preview":"max-image-preview:large","max-video-preview":"max-video-preview:-1"},"canonical":"https:\/\/kibrisdakik.com\/?p=95965","og_locale":"tr_TR","og_type":"article","og_title":"K\u00dcLT\u00dcR DA\u0130RES\u0130 FOTO\u011eRAF YARI\u015eMASI \u00d6D\u00dcLL\u00dc ESERLER\u0130 YEN\u0130DEN SERG\u0130L\u0130YOR -","og_description":"K\u00fclt\u00fcr Dairesi 31. ve 32. Devlet Foto\u011fraf Yar\u0131\u015fmalar\u0131n\u0131n \u201cmimari\u201d ve \u201crenkli\u201d kategorilerinde \u00f6d\u00fcl ve sergileme alan foto\u011fraflar\u0131 yeniden sergileniyor. Mimari kategorisi Atat\u00fcrk K\u00fclt\u00fcr Merkezi\u2019nde, renkli kategorisi de Girne Halk K\u00fct\u00fcphanesi\u2019nde sergileniyor. K\u00fclt\u00fcr Dairesi\u2019nden verilen bilgiye g\u00f6re, konu hakk\u0131nda a\u00e7\u0131klama yapan K\u00fclt\u00fcr Dairesi M\u00fcd\u00fcr\u00fc \u015eirin Zaima\u011fao\u011flu, foto\u011fraflar\u0131n ar\u015fiv niteli\u011fi ta\u015f\u0131d\u0131\u011f\u0131n\u0131 vurgulayarak, 30 y\u0131ld\u0131r \u00fc\u00e7 kategori ile","og_url":"https:\/\/kibrisdakik.com\/?p=95965","article_published_time":"2025-10-16T14:38:25+00:00","og_image":[{"width":1280,"height":720,"url":"https:\/\/kibrisdakik.com\/wp-content\/uploads\/2025\/10\/mha-1591.png","type":"image\/png"}],"author":"admin","twitter_card":"summary_large_image","twitter_misc":{"Yazan:":"admin","Tahmini okuma s\u00fcresi":"1 dakika"},"schema":{"@context":"https:\/\/schema.org","@graph":[{"@type":"Article","@id":"https:\/\/kibrisdakik.com\/?p=95965#article","isPartOf":{"@id":"https:\/\/kibrisdakik.com\/?p=95965"},"author":{"name":"admin","@id":"https:\/\/kibrisdakik.com\/#\/schema\/person\/9cd9d437bbb44f72b73ba127e06d8e79"},"headline":"K\u00dcLT\u00dcR DA\u0130RES\u0130 FOTO\u011eRAF YARI\u015eMASI \u00d6D\u00dcLL\u00dc ESERLER\u0130 YEN\u0130DEN SERG\u0130L\u0130YOR","datePublished":"2025-10-16T14:38:25+00:00","mainEntityOfPage":{"@id":"https:\/\/kibrisdakik.com\/?p=95965"},"wordCount":247,"commentCount":0,"image":{"@id":"https:\/\/kibrisdakik.com\/?p=95965#primaryimage"},"thumbnailUrl":"https:\/\/kibrisdakik.com\/wp-content\/uploads\/2025\/10\/mha-1591.png","articleSection":["K\u0131br\u0131s"],"inLanguage":"tr","potentialAction":[{"@type":"CommentAction","name":"Comment","target":["https:\/\/kibrisdakik.com\/?p=95965#respond"]}]},{"@type":"WebPage","@id":"https:\/\/kibrisdakik.com\/?p=95965","url":"https:\/\/kibrisdakik.com\/?p=95965","name":"K\u00dcLT\u00dcR DA\u0130RES\u0130 FOTO\u011eRAF YARI\u015eMASI \u00d6D\u00dcLL\u00dc ESERLER\u0130 YEN\u0130DEN SERG\u0130L\u0130YOR -","isPartOf":{"@id":"https:\/\/kibrisdakik.com\/#website"},"primaryImageOfPage":{"@id":"https:\/\/kibrisdakik.com\/?p=95965#primaryimage"},"image":{"@id":"https:\/\/kibrisdakik.com\/?p=95965#primaryimage"},"thumbnailUrl":"https:\/\/kibrisdakik.com\/wp-content\/uploads\/2025\/10\/mha-1591.png","datePublished":"2025-10-16T14:38:25+00:00","author":{"@id":"https:\/\/kibrisdakik.com\/#\/schema\/person\/9cd9d437bbb44f72b73ba127e06d8e79"},"breadcrumb":{"@id":"https:\/\/kibrisdakik.com\/?p=95965#breadcrumb"},"inLanguage":"tr","potentialAction":[{"@type":"ReadAction","target":["https:\/\/kibrisdakik.com\/?p=95965"]}]},{"@type":"ImageObject","inLanguage":"tr","@id":"https:\/\/kibrisdakik.com\/?p=95965#primaryimage","url":"https:\/\/kibrisdakik.com\/wp-content\/uploads\/2025\/10\/mha-1591.png","contentUrl":"https:\/\/kibrisdakik.com\/wp-content\/uploads\/2025\/10\/mha-1591.png","width":1280,"height":720},{"@type":"BreadcrumbList","@id":"https:\/\/kibrisdakik.com\/?p=95965#breadcrumb","itemListElement":[{"@type":"ListItem","position":1,"name":"Home","item":"https:\/\/kibrisdakik.com\/"},{"@type":"ListItem","position":2,"name":"K\u00dcLT\u00dcR DA\u0130RES\u0130 FOTO\u011eRAF YARI\u015eMASI \u00d6D\u00dcLL\u00dc ESERLER\u0130 YEN\u0130DEN SERG\u0130L\u0130YOR"}]},{"@type":"WebSite","@id":"https:\/\/kibrisdakik.com\/#website","url":"https:\/\/kibrisdakik.com\/","name":"","description":"Tam vaktinde haber","potentialAction":[{"@type":"SearchAction","target":{"@type":"EntryPoint","urlTemplate":"https:\/\/kibrisdakik.com\/?s={search_term_string}"},"query-input":{"@type":"PropertyValueSpecification","valueRequired":true,"valueName":"search_term_string"}}],"inLanguage":"tr"},{"@type":"Person","@id":"https:\/\/kibrisdakik.com\/#\/schema\/person\/9cd9d437bbb44f72b73ba127e06d8e79","name":"admin","image":{"@type":"ImageObject","inLanguage":"tr","@id":"https:\/\/secure.gravatar.com\/avatar\/ccc17943b9d660506c869530f897617f7cb1c21a4bf30023f252596d83e1f007?s=96&d=mm&r=g","url":"https:\/\/secure.gravatar.com\/avatar\/ccc17943b9d660506c869530f897617f7cb1c21a4bf30023f252596d83e1f007?s=96&d=mm&r=g","contentUrl":"https:\/\/secure.gravatar.com\/avatar\/ccc17943b9d660506c869530f897617f7cb1c21a4bf30023f252596d83e1f007?s=96&d=mm&r=g","caption":"admin"},"sameAs":["https:\/\/kibrisdakik.com"],"url":"https:\/\/kibrisdakik.com\/?author=1"}]}},"_links":{"self":[{"href":"https:\/\/kibrisdakik.com\/index.php?rest_route=\/wp\/v2\/posts\/95965","targetHints":{"allow":["GET"]}}],"collection":[{"href":"https:\/\/kibrisdakik.com\/index.php?rest_route=\/wp\/v2\/posts"}],"about":[{"href":"https:\/\/kibrisdakik.com\/index.php?rest_route=\/wp\/v2\/types\/post"}],"author":[{"embeddable":true,"href":"https:\/\/kibrisdakik.com\/index.php?rest_route=\/wp\/v2\/users\/1"}],"replies":[{"embeddable":true,"href":"https:\/\/kibrisdakik.com\/index.php?rest_route=%2Fwp%2Fv2%2Fcomments&post=95965"}],"version-history":[{"count":0,"href":"https:\/\/kibrisdakik.com\/index.php?rest_route=\/wp\/v2\/posts\/95965\/revisions"}],"wp:featuredmedia":[{"embeddable":true,"href":"https:\/\/kibrisdakik.com\/index.php?rest_route=\/wp\/v2\/media\/95966"}],"wp:attachment":[{"href":"https:\/\/kibrisdakik.com\/index.php?rest_route=%2Fwp%2Fv2%2Fmedia&parent=95965"}],"wp:term":[{"taxonomy":"category","embeddable":true,"href":"https:\/\/kibrisdakik.com\/index.php?rest_route=%2Fwp%2Fv2%2Fcategories&post=95965"},{"taxonomy":"post_tag","embeddable":true,"href":"https:\/\/kibrisdakik.com\/index.php?rest_route=%2Fwp%2Fv2%2Ftags&post=95965"}],"curies":[{"name":"wp","href":"https:\/\/api.w.org\/{rel}","templated":true}]}}