{"id":9599,"date":"2023-06-29T19:10:20","date_gmt":"2023-06-29T19:10:20","guid":{"rendered":"https:\/\/kibrisdakik.com\/index.php\/2023\/06\/29\/polis-genel-muduru-kuni-anitlara-celenk-sunacak\/"},"modified":"2023-06-29T19:10:20","modified_gmt":"2023-06-29T19:10:20","slug":"polis-genel-muduru-kuni-anitlara-celenk-sunacak","status":"publish","type":"post","link":"https:\/\/kibrisdakik.com\/?p=9599","title":{"rendered":"Polis Genel M\u00fcd\u00fcr\u00fc Kuni, an\u0131tlara \u00e7elenk sunacak"},"content":{"rendered":"<p><\/p>\n<div>\n<div class=\"mariselle-image-container center\">\n                <img width=\"1100\" height=\"400\" class=\"lazy-image\" alt=\"\" decoding=\"async\" loading=\"lazy\" sizes=\"auto, (max-width: 1100px) 100vw, 1100px\" src=\"https:\/\/brtk.net\/wp-content\/uploads\/2023\/04\/03\/kasim_kuni_polis_genel_muduru_1inci_yardimcisi_olarak_atandi_h371369_06b49.jpg?ver=bb0c1f3a31422255c1aa3c10572e6eb9\" srcset=\"https:\/\/brtk.net\/wp-content\/uploads\/2023\/04\/03\/kasim_kuni_polis_genel_muduru_1inci_yardimcisi_olarak_atandi_h371369_06b49.jpg?ver=bb0c1f3a31422255c1aa3c10572e6eb9 1100w, https:\/\/brtk.net\/wp-content\/uploads\/2023\/04\/03\/kasim_kuni_polis_genel_muduru_1inci_yardimcisi_olarak_atandi_h371369_06b49-300x109.jpg?ver=94efc50ae09de8d3f4e2703fa67e64d6 300w, https:\/\/brtk.net\/wp-content\/uploads\/2023\/04\/03\/kasim_kuni_polis_genel_muduru_1inci_yardimcisi_olarak_atandi_h371369_06b49-1024x372.jpg?ver=94efc50ae09de8d3f4e2703fa67e64d6 1024w, https:\/\/brtk.net\/wp-content\/uploads\/2023\/04\/03\/kasim_kuni_polis_genel_muduru_1inci_yardimcisi_olarak_atandi_h371369_06b49-768x279.jpg?ver=94efc50ae09de8d3f4e2703fa67e64d6 768w\"\/>                            <\/div>\n<p>30 Haziran  Polis G\u00fcn\u00fc ve Polis \u00d6rg\u00fct\u00fc\u2019n\u00fcn 59\u2019uncu Kurulu\u015f Y\u0131ld\u00f6n\u00fcm\u00fc dolay\u0131s\u0131yla Lefko\u015fa\u2019da, Polis Genel M\u00fcd\u00fcr\u00fc Kas\u0131m Kuni ba\u015fkanl\u0131\u011f\u0131ndaki polis heyeti an\u0131tlara \u00e7elenk sunacak.<\/p>\n<p>Atat\u00fcrk An\u0131t\u0131nda sabah  saat 09.00\u2019da ba\u015flayacak \u00e7elenk sunma etkinli\u011fi s\u0131ras\u0131yla  Dr. Faz\u0131l K\u00fc\u00e7\u00fck An\u0131t\u0131 ve Kurucu Cumhurba\u015fkan\u0131 Rauf Denkta\u015f\u2019\u0131n kabrine \u00e7elenk sunma ile tamamlanacak.<\/p>\n<p>M<\/p>\n<\/p><\/div>\n<p><script async\n                    defer\n                    crossorigin=\"anonymous\"\n                    src=\"https:\/\/connect.facebook.net\/tr_TR\/sdk.js#xfbml=1&#038;version=v3.3\"\n            ><\/script><\/p>\n","protected":false},"excerpt":{"rendered":"<p>30 Haziran Polis G\u00fcn\u00fc ve Polis \u00d6rg\u00fct\u00fc\u2019n\u00fcn 59\u2019uncu Kurulu\u015f Y\u0131ld\u00f6n\u00fcm\u00fc dolay\u0131s\u0131yla Lefko\u015fa\u2019da, Polis Genel M\u00fcd\u00fcr\u00fc Kas\u0131m Kuni ba\u015fkanl\u0131\u011f\u0131ndaki polis heyeti an\u0131tlara \u00e7elenk sunacak. Atat\u00fcrk An\u0131t\u0131nda sabah saat 09.00\u2019da ba\u015flayacak \u00e7elenk sunma etkinli\u011fi s\u0131ras\u0131yla Dr. Faz\u0131l K\u00fc\u00e7\u00fck An\u0131t\u0131 ve Kurucu Cumhurba\u015fkan\u0131 Rauf Denkta\u015f\u2019\u0131n kabrine \u00e7elenk sunma ile tamamlanacak. M<\/p>\n","protected":false},"author":1,"featured_media":4511,"comment_status":"open","ping_status":"open","sticky":false,"template":"","format":"standard","meta":{"footnotes":""},"categories":[1],"tags":[],"class_list":["post-9599","post","type-post","status-publish","format-standard","has-post-thumbnail","hentry","category-gundem"],"yoast_head":"<!-- This site is optimized with the Yoast SEO plugin v27.4 - https:\/\/yoast.com\/product\/yoast-seo-wordpress\/ -->\n<title>Polis Genel M\u00fcd\u00fcr\u00fc Kuni, an\u0131tlara \u00e7elenk sunacak -<\/title>\n<meta name=\"robots\" content=\"index, follow, max-snippet:-1, max-image-preview:large, max-video-preview:-1\" \/>\n<link rel=\"canonical\" href=\"https:\/\/kibrisdakik.com\/?p=9599\" \/>\n<meta property=\"og:locale\" content=\"tr_TR\" \/>\n<meta property=\"og:type\" content=\"article\" \/>\n<meta property=\"og:title\" content=\"Polis Genel M\u00fcd\u00fcr\u00fc Kuni, an\u0131tlara \u00e7elenk sunacak -\" \/>\n<meta property=\"og:description\" content=\"30 Haziran Polis G\u00fcn\u00fc ve Polis \u00d6rg\u00fct\u00fc\u2019n\u00fcn 59\u2019uncu Kurulu\u015f Y\u0131ld\u00f6n\u00fcm\u00fc dolay\u0131s\u0131yla Lefko\u015fa\u2019da, Polis Genel M\u00fcd\u00fcr\u00fc Kas\u0131m Kuni ba\u015fkanl\u0131\u011f\u0131ndaki polis heyeti an\u0131tlara \u00e7elenk sunacak. Atat\u00fcrk An\u0131t\u0131nda sabah saat 09.00\u2019da ba\u015flayacak \u00e7elenk sunma etkinli\u011fi s\u0131ras\u0131yla Dr. Faz\u0131l K\u00fc\u00e7\u00fck An\u0131t\u0131 ve Kurucu Cumhurba\u015fkan\u0131 Rauf Denkta\u015f\u2019\u0131n kabrine \u00e7elenk sunma ile tamamlanacak. M\" \/>\n<meta property=\"og:url\" content=\"https:\/\/kibrisdakik.com\/?p=9599\" \/>\n<meta property=\"article:published_time\" content=\"2023-06-29T19:10:20+00:00\" \/>\n<meta property=\"og:image\" content=\"https:\/\/kibrisdakik.com\/wp-content\/uploads\/2023\/04\/kasim_kuni_polis_genel_muduru_1inci_yardimcisi_olarak_atandi_h371369_06b49-740x400.jpg\" \/>\n\t<meta property=\"og:image:width\" content=\"1100\" \/>\n\t<meta property=\"og:image:height\" content=\"400\" \/>\n\t<meta property=\"og:image:type\" content=\"image\/jpeg\" \/>\n<meta name=\"author\" content=\"admin\" \/>\n<meta name=\"twitter:card\" content=\"summary_large_image\" \/>\n<meta name=\"twitter:label1\" content=\"Yazan:\" \/>\n\t<meta name=\"twitter:data1\" content=\"admin\" \/>\n<script type=\"application\/ld+json\" class=\"yoast-schema-graph\">{\"@context\":\"https:\\\/\\\/schema.org\",\"@graph\":[{\"@type\":\"Article\",\"@id\":\"https:\\\/\\\/kibrisdakik.com\\\/?p=9599#article\",\"isPartOf\":{\"@id\":\"https:\\\/\\\/kibrisdakik.com\\\/?p=9599\"},\"author\":{\"name\":\"admin\",\"@id\":\"https:\\\/\\\/kibrisdakik.com\\\/#\\\/schema\\\/person\\\/9cd9d437bbb44f72b73ba127e06d8e79\"},\"headline\":\"Polis Genel M\u00fcd\u00fcr\u00fc Kuni, an\u0131tlara \u00e7elenk sunacak\",\"datePublished\":\"2023-06-29T19:10:20+00:00\",\"mainEntityOfPage\":{\"@id\":\"https:\\\/\\\/kibrisdakik.com\\\/?p=9599\"},\"wordCount\":86,\"commentCount\":0,\"image\":{\"@id\":\"https:\\\/\\\/kibrisdakik.com\\\/?p=9599#primaryimage\"},\"thumbnailUrl\":\"https:\\\/\\\/kibrisdakik.com\\\/wp-content\\\/uploads\\\/2023\\\/04\\\/kasim_kuni_polis_genel_muduru_1inci_yardimcisi_olarak_atandi_h371369_06b49-740x400.jpg\",\"articleSection\":[\"G\u00fcndem\"],\"inLanguage\":\"tr\",\"potentialAction\":[{\"@type\":\"CommentAction\",\"name\":\"Comment\",\"target\":[\"https:\\\/\\\/kibrisdakik.com\\\/?p=9599#respond\"]}]},{\"@type\":\"WebPage\",\"@id\":\"https:\\\/\\\/kibrisdakik.com\\\/?p=9599\",\"url\":\"https:\\\/\\\/kibrisdakik.com\\\/?p=9599\",\"name\":\"Polis Genel M\u00fcd\u00fcr\u00fc Kuni, an\u0131tlara \u00e7elenk sunacak -\",\"isPartOf\":{\"@id\":\"https:\\\/\\\/kibrisdakik.com\\\/#website\"},\"primaryImageOfPage\":{\"@id\":\"https:\\\/\\\/kibrisdakik.com\\\/?p=9599#primaryimage\"},\"image\":{\"@id\":\"https:\\\/\\\/kibrisdakik.com\\\/?p=9599#primaryimage\"},\"thumbnailUrl\":\"https:\\\/\\\/kibrisdakik.com\\\/wp-content\\\/uploads\\\/2023\\\/04\\\/kasim_kuni_polis_genel_muduru_1inci_yardimcisi_olarak_atandi_h371369_06b49-740x400.jpg\",\"datePublished\":\"2023-06-29T19:10:20+00:00\",\"author\":{\"@id\":\"https:\\\/\\\/kibrisdakik.com\\\/#\\\/schema\\\/person\\\/9cd9d437bbb44f72b73ba127e06d8e79\"},\"breadcrumb\":{\"@id\":\"https:\\\/\\\/kibrisdakik.com\\\/?p=9599#breadcrumb\"},\"inLanguage\":\"tr\",\"potentialAction\":[{\"@type\":\"ReadAction\",\"target\":[\"https:\\\/\\\/kibrisdakik.com\\\/?p=9599\"]}]},{\"@type\":\"ImageObject\",\"inLanguage\":\"tr\",\"@id\":\"https:\\\/\\\/kibrisdakik.com\\\/?p=9599#primaryimage\",\"url\":\"https:\\\/\\\/kibrisdakik.com\\\/wp-content\\\/uploads\\\/2023\\\/04\\\/kasim_kuni_polis_genel_muduru_1inci_yardimcisi_olarak_atandi_h371369_06b49-740x400.jpg\",\"contentUrl\":\"https:\\\/\\\/kibrisdakik.com\\\/wp-content\\\/uploads\\\/2023\\\/04\\\/kasim_kuni_polis_genel_muduru_1inci_yardimcisi_olarak_atandi_h371369_06b49-740x400.jpg\",\"width\":1100,\"height\":400},{\"@type\":\"BreadcrumbList\",\"@id\":\"https:\\\/\\\/kibrisdakik.com\\\/?p=9599#breadcrumb\",\"itemListElement\":[{\"@type\":\"ListItem\",\"position\":1,\"name\":\"Home\",\"item\":\"https:\\\/\\\/kibrisdakik.com\\\/\"},{\"@type\":\"ListItem\",\"position\":2,\"name\":\"Polis Genel M\u00fcd\u00fcr\u00fc Kuni, an\u0131tlara \u00e7elenk sunacak\"}]},{\"@type\":\"WebSite\",\"@id\":\"https:\\\/\\\/kibrisdakik.com\\\/#website\",\"url\":\"https:\\\/\\\/kibrisdakik.com\\\/\",\"name\":\"\",\"description\":\"Tam vaktinde haber\",\"potentialAction\":[{\"@type\":\"SearchAction\",\"target\":{\"@type\":\"EntryPoint\",\"urlTemplate\":\"https:\\\/\\\/kibrisdakik.com\\\/?s={search_term_string}\"},\"query-input\":{\"@type\":\"PropertyValueSpecification\",\"valueRequired\":true,\"valueName\":\"search_term_string\"}}],\"inLanguage\":\"tr\"},{\"@type\":\"Person\",\"@id\":\"https:\\\/\\\/kibrisdakik.com\\\/#\\\/schema\\\/person\\\/9cd9d437bbb44f72b73ba127e06d8e79\",\"name\":\"admin\",\"image\":{\"@type\":\"ImageObject\",\"inLanguage\":\"tr\",\"@id\":\"https:\\\/\\\/secure.gravatar.com\\\/avatar\\\/ccc17943b9d660506c869530f897617f7cb1c21a4bf30023f252596d83e1f007?s=96&d=mm&r=g\",\"url\":\"https:\\\/\\\/secure.gravatar.com\\\/avatar\\\/ccc17943b9d660506c869530f897617f7cb1c21a4bf30023f252596d83e1f007?s=96&d=mm&r=g\",\"contentUrl\":\"https:\\\/\\\/secure.gravatar.com\\\/avatar\\\/ccc17943b9d660506c869530f897617f7cb1c21a4bf30023f252596d83e1f007?s=96&d=mm&r=g\",\"caption\":\"admin\"},\"sameAs\":[\"https:\\\/\\\/kibrisdakik.com\"],\"url\":\"https:\\\/\\\/kibrisdakik.com\\\/?author=1\"}]}<\/script>\n<!-- \/ Yoast SEO plugin. -->","yoast_head_json":{"title":"Polis Genel M\u00fcd\u00fcr\u00fc Kuni, an\u0131tlara \u00e7elenk sunacak -","robots":{"index":"index","follow":"follow","max-snippet":"max-snippet:-1","max-image-preview":"max-image-preview:large","max-video-preview":"max-video-preview:-1"},"canonical":"https:\/\/kibrisdakik.com\/?p=9599","og_locale":"tr_TR","og_type":"article","og_title":"Polis Genel M\u00fcd\u00fcr\u00fc Kuni, an\u0131tlara \u00e7elenk sunacak -","og_description":"30 Haziran Polis G\u00fcn\u00fc ve Polis \u00d6rg\u00fct\u00fc\u2019n\u00fcn 59\u2019uncu Kurulu\u015f Y\u0131ld\u00f6n\u00fcm\u00fc dolay\u0131s\u0131yla Lefko\u015fa\u2019da, Polis Genel M\u00fcd\u00fcr\u00fc Kas\u0131m Kuni ba\u015fkanl\u0131\u011f\u0131ndaki polis heyeti an\u0131tlara \u00e7elenk sunacak. Atat\u00fcrk An\u0131t\u0131nda sabah saat 09.00\u2019da ba\u015flayacak \u00e7elenk sunma etkinli\u011fi s\u0131ras\u0131yla Dr. Faz\u0131l K\u00fc\u00e7\u00fck An\u0131t\u0131 ve Kurucu Cumhurba\u015fkan\u0131 Rauf Denkta\u015f\u2019\u0131n kabrine \u00e7elenk sunma ile tamamlanacak. M","og_url":"https:\/\/kibrisdakik.com\/?p=9599","article_published_time":"2023-06-29T19:10:20+00:00","og_image":[{"width":1100,"height":400,"url":"https:\/\/kibrisdakik.com\/wp-content\/uploads\/2023\/04\/kasim_kuni_polis_genel_muduru_1inci_yardimcisi_olarak_atandi_h371369_06b49-740x400.jpg","type":"image\/jpeg"}],"author":"admin","twitter_card":"summary_large_image","twitter_misc":{"Yazan:":"admin"},"schema":{"@context":"https:\/\/schema.org","@graph":[{"@type":"Article","@id":"https:\/\/kibrisdakik.com\/?p=9599#article","isPartOf":{"@id":"https:\/\/kibrisdakik.com\/?p=9599"},"author":{"name":"admin","@id":"https:\/\/kibrisdakik.com\/#\/schema\/person\/9cd9d437bbb44f72b73ba127e06d8e79"},"headline":"Polis Genel M\u00fcd\u00fcr\u00fc Kuni, an\u0131tlara \u00e7elenk sunacak","datePublished":"2023-06-29T19:10:20+00:00","mainEntityOfPage":{"@id":"https:\/\/kibrisdakik.com\/?p=9599"},"wordCount":86,"commentCount":0,"image":{"@id":"https:\/\/kibrisdakik.com\/?p=9599#primaryimage"},"thumbnailUrl":"https:\/\/kibrisdakik.com\/wp-content\/uploads\/2023\/04\/kasim_kuni_polis_genel_muduru_1inci_yardimcisi_olarak_atandi_h371369_06b49-740x400.jpg","articleSection":["G\u00fcndem"],"inLanguage":"tr","potentialAction":[{"@type":"CommentAction","name":"Comment","target":["https:\/\/kibrisdakik.com\/?p=9599#respond"]}]},{"@type":"WebPage","@id":"https:\/\/kibrisdakik.com\/?p=9599","url":"https:\/\/kibrisdakik.com\/?p=9599","name":"Polis Genel M\u00fcd\u00fcr\u00fc Kuni, an\u0131tlara \u00e7elenk sunacak -","isPartOf":{"@id":"https:\/\/kibrisdakik.com\/#website"},"primaryImageOfPage":{"@id":"https:\/\/kibrisdakik.com\/?p=9599#primaryimage"},"image":{"@id":"https:\/\/kibrisdakik.com\/?p=9599#primaryimage"},"thumbnailUrl":"https:\/\/kibrisdakik.com\/wp-content\/uploads\/2023\/04\/kasim_kuni_polis_genel_muduru_1inci_yardimcisi_olarak_atandi_h371369_06b49-740x400.jpg","datePublished":"2023-06-29T19:10:20+00:00","author":{"@id":"https:\/\/kibrisdakik.com\/#\/schema\/person\/9cd9d437bbb44f72b73ba127e06d8e79"},"breadcrumb":{"@id":"https:\/\/kibrisdakik.com\/?p=9599#breadcrumb"},"inLanguage":"tr","potentialAction":[{"@type":"ReadAction","target":["https:\/\/kibrisdakik.com\/?p=9599"]}]},{"@type":"ImageObject","inLanguage":"tr","@id":"https:\/\/kibrisdakik.com\/?p=9599#primaryimage","url":"https:\/\/kibrisdakik.com\/wp-content\/uploads\/2023\/04\/kasim_kuni_polis_genel_muduru_1inci_yardimcisi_olarak_atandi_h371369_06b49-740x400.jpg","contentUrl":"https:\/\/kibrisdakik.com\/wp-content\/uploads\/2023\/04\/kasim_kuni_polis_genel_muduru_1inci_yardimcisi_olarak_atandi_h371369_06b49-740x400.jpg","width":1100,"height":400},{"@type":"BreadcrumbList","@id":"https:\/\/kibrisdakik.com\/?p=9599#breadcrumb","itemListElement":[{"@type":"ListItem","position":1,"name":"Home","item":"https:\/\/kibrisdakik.com\/"},{"@type":"ListItem","position":2,"name":"Polis Genel M\u00fcd\u00fcr\u00fc Kuni, an\u0131tlara \u00e7elenk sunacak"}]},{"@type":"WebSite","@id":"https:\/\/kibrisdakik.com\/#website","url":"https:\/\/kibrisdakik.com\/","name":"","description":"Tam vaktinde haber","potentialAction":[{"@type":"SearchAction","target":{"@type":"EntryPoint","urlTemplate":"https:\/\/kibrisdakik.com\/?s={search_term_string}"},"query-input":{"@type":"PropertyValueSpecification","valueRequired":true,"valueName":"search_term_string"}}],"inLanguage":"tr"},{"@type":"Person","@id":"https:\/\/kibrisdakik.com\/#\/schema\/person\/9cd9d437bbb44f72b73ba127e06d8e79","name":"admin","image":{"@type":"ImageObject","inLanguage":"tr","@id":"https:\/\/secure.gravatar.com\/avatar\/ccc17943b9d660506c869530f897617f7cb1c21a4bf30023f252596d83e1f007?s=96&d=mm&r=g","url":"https:\/\/secure.gravatar.com\/avatar\/ccc17943b9d660506c869530f897617f7cb1c21a4bf30023f252596d83e1f007?s=96&d=mm&r=g","contentUrl":"https:\/\/secure.gravatar.com\/avatar\/ccc17943b9d660506c869530f897617f7cb1c21a4bf30023f252596d83e1f007?s=96&d=mm&r=g","caption":"admin"},"sameAs":["https:\/\/kibrisdakik.com"],"url":"https:\/\/kibrisdakik.com\/?author=1"}]}},"_links":{"self":[{"href":"https:\/\/kibrisdakik.com\/index.php?rest_route=\/wp\/v2\/posts\/9599","targetHints":{"allow":["GET"]}}],"collection":[{"href":"https:\/\/kibrisdakik.com\/index.php?rest_route=\/wp\/v2\/posts"}],"about":[{"href":"https:\/\/kibrisdakik.com\/index.php?rest_route=\/wp\/v2\/types\/post"}],"author":[{"embeddable":true,"href":"https:\/\/kibrisdakik.com\/index.php?rest_route=\/wp\/v2\/users\/1"}],"replies":[{"embeddable":true,"href":"https:\/\/kibrisdakik.com\/index.php?rest_route=%2Fwp%2Fv2%2Fcomments&post=9599"}],"version-history":[{"count":0,"href":"https:\/\/kibrisdakik.com\/index.php?rest_route=\/wp\/v2\/posts\/9599\/revisions"}],"wp:featuredmedia":[{"embeddable":true,"href":"https:\/\/kibrisdakik.com\/index.php?rest_route=\/wp\/v2\/media\/4511"}],"wp:attachment":[{"href":"https:\/\/kibrisdakik.com\/index.php?rest_route=%2Fwp%2Fv2%2Fmedia&parent=9599"}],"wp:term":[{"taxonomy":"category","embeddable":true,"href":"https:\/\/kibrisdakik.com\/index.php?rest_route=%2Fwp%2Fv2%2Fcategories&post=9599"},{"taxonomy":"post_tag","embeddable":true,"href":"https:\/\/kibrisdakik.com\/index.php?rest_route=%2Fwp%2Fv2%2Ftags&post=9599"}],"curies":[{"name":"wp","href":"https:\/\/api.w.org\/{rel}","templated":true}]}}