{"id":96027,"date":"2025-10-17T10:57:12","date_gmt":"2025-10-17T07:57:12","guid":{"rendered":"https:\/\/kibrisdakik.com\/index.php\/2025\/10\/17\/trumpin-turkiye-mesajlari-atinada-endise-yaratti-diasporaya-harekete-gecin-cagrisi\/"},"modified":"2025-10-17T10:57:12","modified_gmt":"2025-10-17T07:57:12","slug":"trumpin-turkiye-mesajlari-atinada-endise-yaratti-diasporaya-harekete-gecin-cagrisi","status":"publish","type":"post","link":"https:\/\/kibrisdakik.com\/?p=96027","title":{"rendered":"Trump\u0131n T\u00fcrkiye mesajlar\u0131 Atinada endi\u015fe yaratt\u0131: Diasporaya &quot;harekete ge\u00e7in&quot; \u00e7a\u011fr\u0131s\u0131"},"content":{"rendered":"<p><\/p>\n<div class=\"news-content\">\n<p>\n\tYunanistan merkezli Kathimerini Gazetesi&#8217;nde Cumhurba\u015fkan\u0131 Erdo\u011fan ile ABD Ba\u015fkan\u0131 Trump aras\u0131ndaki g\u00f6r\u00fc\u015fmelere dair dikkat \u00e7eken bir yaz\u0131 kaleme al\u0131nd\u0131.<\/p>\n<p>\n\tTom Ellis taraf\u0131ndan kaleme al\u0131nan yaz\u0131da Trump&#8217;\u0131n Erdo\u011fan ve T\u00fcrk ordusu \u00f6vg\u00fcs\u00fcnden endi\u015feyle bahsedildi.<\/p>\n<p>\n\tYaz\u0131da, &#8220;ABD Ba\u015fkan\u0131 Donald Trump, ge\u00e7ti\u011fimiz hafta Birle\u015fmi\u015f Milletler Genel Kurulu kapsam\u0131nda Gazze konulu toplant\u0131da Cumhurba\u015fkan\u0131 Recep Tayyip Erdo\u011fan\u2019a \u00f6zel bir konum tan\u0131d\u0131. \u0130ki g\u00fcn sonra Beyaz Saray\u2019da Erdo\u011fan\u2019\u0131 kabul eden Trump, ard\u0131ndan \u015earm El-\u015eeyh\u2019teki Gazze bar\u0131\u015f anla\u015fmas\u0131 t\u00f6reninde de T\u00fcrk lideri yan\u0131na ald\u0131. Her \u00fc\u00e7 etkinlikte de Trump, Erdo\u011fan hakk\u0131nda \u00f6vg\u00fc dolu ifadeler kulland\u0131&#8221; ifadelerine yer verildi.<\/p>\n<p>\n\tTrump&#8217;\u0131n &#8220;D\u00fcnyan\u0131n en g\u00fc\u00e7l\u00fc ordular\u0131ndan birine sahip. Son \u00e7at\u0131\u015fmalarda hep zirvedeydi ve kazanan taraftayd\u0131. Hi\u00e7bir \u00e7\u0131kar pe\u015finde de\u011fil.&#8221; mesaj\u0131na dikkat \u00e7ekildi.<\/p>\n<p>\n\t\u00a0<\/p>\n<blockquote class=\"twitter-tweet\" data-media-max-width=\"560\">\n<p dir=\"ltr\" lang=\"tr\">\n\t\tABD Ba\u015fkan\u0131 Trump, Rusya ile Ukrayna aras\u0131ndaki sava\u015f\u0131n sonland\u0131r\u0131lmas\u0131na da Cumhurba\u015fkan\u0131 Erdo\u011fan\u2019\u0131n yard\u0131mc\u0131 olabilece\u011fini s\u00f6yledi:<\/p>\n<p>\t\t\u25aa\ufe0f&#8221;Cumhurba\u015fkan\u0131 Erdo\u011fan yapar. G\u00fc\u00e7l\u00fc bir lider ve benim dostum. Putin de ona sayg\u0131 duyuyor.&#8221; <a href=\"https:\/\/t.co\/2Hfmkb1Mni\">pic.twitter.com\/2Hfmkb1Mni<\/a><\/p>\n<p>\t\u2014 TRT HABER (@trthaber) <a href=\"https:\/\/twitter.com\/trthaber\/status\/1978020420826681693?ref_src=twsrc%5Etfw\">October 14, 2025<\/a><\/p><\/blockquote>\n<p><script async src=\"https:\/\/platform.twitter.com\/widgets.js\" charset=\"utf-8\"><\/script><\/p>\n<p>\n\t\u00a0<\/p>\n<h2>\n\t\u201cBu yak\u0131nl\u0131k g\u00f6z ard\u0131 edilemez\u201d<\/h2>\n<p>\n\tEllis, \u201cd\u00fcnyay\u0131 yaln\u0131zca Yunan-T\u00fcrk rekabeti \u00fczerinden okumamak gerekti\u011fini\u201d belirterek, Trump\u2019\u0131n tavr\u0131n\u0131n Atina\u2019da g\u00f6rmezden gelinemeyece\u011fini,\u00a0T\u00fcrkiye\u2013ABD ili\u015fkilerindeki bu yeni tonun yak\u0131ndan izlenmesi gerekti\u011fini s\u00f6yledi.<\/p>\n<h2>\n\tYunan diasporas\u0131na a\u00e7\u0131k \u00e7a\u011fr\u0131<\/h2>\n<p>\n\tYazar, k\u00f6\u015fe yaz\u0131s\u0131nda ABD\u2019deki Yunan diasporas\u0131na do\u011frudan bir \u00e7a\u011fr\u0131da bulundu:<\/p>\n<p>\n\t\u201cBeyaz Saray\u2019a eri\u015fimi olan Yunan k\u00f6kenli Amerikal\u0131lar, \u015fimdi bunu pratikte kan\u0131tlaman\u0131n zaman\u0131. Bu s\u00fcre\u00e7te Kongre\u2019deki Yunan etkisi daha da g\u00fc\u00e7lendirilmeli. \u00c7\u00fcnk\u00fc mesele ki\u015filer de\u011fil, \u00fclkenin \u00e7\u0131karlar\u0131d\u0131r.\u201d<\/p>\n<\/p>\n<div class=\"related-news\">\n<div class=\"related-news-image\"><\/div>\n<div class=\"related-news-title\">Yunan bas\u0131n\u0131: T\u00fcrkiye, uluslararas\u0131 diplomasi masas\u0131nda \u00f6nemli bir yere sahip<\/div>\n<\/div>\n<h2>\n\tMi\u00e7otakis i\u00e7in yeni hesap<\/h2>\n<p>\n\tYazar, Ba\u015fbakan Kiryakos Mi\u00e7otakis\u2019in Beyaz Saray ziyareti konusundaki \u00f6nceki \u00e7ekincelerini de yeniden de\u011ferlendirdi\u011fini belirtti:<\/p>\n<p>\n\t\u201cBa\u015fta gereksiz g\u00f6r\u00fcn\u00fcyordu ama son geli\u015fmelerle birlikte, bu ziyaretin ulusal \u00e7\u0131karlar a\u00e7\u0131s\u0131ndan yeniden ele al\u0131nmas\u0131 gerekiyor.\u201d<\/p>\n<div class=\"news-tags\">\n<div class=\"title\">ET\u0130KETLER<\/div>\n<div class=\"tags\">\n                                                                            ABD<br \/>\n                                                                            Donald Trump<br \/>\n                                                                            Recep Tayyip Erdo\u011fan<br \/>\n                                                                            T\u00fcrkiye- ABD \u0130li\u015fkileri<br \/>\n                                                                            Yunanistan\n                                                                    <\/div>\n<\/p><\/div>\n<\/p><\/div>\n","protected":false},"excerpt":{"rendered":"<p>Yunanistan merkezli Kathimerini Gazetesi&#8217;nde Cumhurba\u015fkan\u0131 Erdo\u011fan ile ABD Ba\u015fkan\u0131 Trump aras\u0131ndaki g\u00f6r\u00fc\u015fmelere dair dikkat \u00e7eken bir yaz\u0131 kaleme al\u0131nd\u0131. Tom Ellis taraf\u0131ndan kaleme al\u0131nan yaz\u0131da Trump&#8217;\u0131n Erdo\u011fan ve T\u00fcrk ordusu \u00f6vg\u00fcs\u00fcnden endi\u015feyle bahsedildi. Yaz\u0131da, &#8220;ABD Ba\u015fkan\u0131 Donald Trump, ge\u00e7ti\u011fimiz hafta Birle\u015fmi\u015f Milletler Genel Kurulu kapsam\u0131nda Gazze konulu toplant\u0131da Cumhurba\u015fkan\u0131 Recep Tayyip Erdo\u011fan\u2019a \u00f6zel bir konum<\/p>\n","protected":false},"author":1,"featured_media":96028,"comment_status":"open","ping_status":"open","sticky":false,"template":"","format":"standard","meta":{"footnotes":""},"categories":[306],"tags":[],"class_list":["post-96027","post","type-post","status-publish","format-standard","has-post-thumbnail","hentry","category-dunya"],"yoast_head":"<!-- This site is optimized with the Yoast SEO plugin v27.4 - https:\/\/yoast.com\/product\/yoast-seo-wordpress\/ -->\n<title>Trump\u0131n T\u00fcrkiye mesajlar\u0131 Atinada endi\u015fe yaratt\u0131: Diasporaya &quot;harekete ge\u00e7in&quot; \u00e7a\u011fr\u0131s\u0131 -<\/title>\n<meta name=\"robots\" content=\"index, follow, max-snippet:-1, max-image-preview:large, max-video-preview:-1\" \/>\n<link rel=\"canonical\" href=\"https:\/\/kibrisdakik.com\/?p=96027\" \/>\n<meta property=\"og:locale\" content=\"tr_TR\" \/>\n<meta property=\"og:type\" content=\"article\" \/>\n<meta property=\"og:title\" content=\"Trump\u0131n T\u00fcrkiye mesajlar\u0131 Atinada endi\u015fe yaratt\u0131: Diasporaya &quot;harekete ge\u00e7in&quot; \u00e7a\u011fr\u0131s\u0131 -\" \/>\n<meta property=\"og:description\" content=\"Yunanistan merkezli Kathimerini Gazetesi&#8217;nde Cumhurba\u015fkan\u0131 Erdo\u011fan ile ABD Ba\u015fkan\u0131 Trump aras\u0131ndaki g\u00f6r\u00fc\u015fmelere dair dikkat \u00e7eken bir yaz\u0131 kaleme al\u0131nd\u0131. Tom Ellis taraf\u0131ndan kaleme al\u0131nan yaz\u0131da Trump&#8217;\u0131n Erdo\u011fan ve T\u00fcrk ordusu \u00f6vg\u00fcs\u00fcnden endi\u015feyle bahsedildi. Yaz\u0131da, &#8220;ABD Ba\u015fkan\u0131 Donald Trump, ge\u00e7ti\u011fimiz hafta Birle\u015fmi\u015f Milletler Genel Kurulu kapsam\u0131nda Gazze konulu toplant\u0131da Cumhurba\u015fkan\u0131 Recep Tayyip Erdo\u011fan\u2019a \u00f6zel bir konum\" \/>\n<meta property=\"og:url\" content=\"https:\/\/kibrisdakik.com\/?p=96027\" \/>\n<meta property=\"article:published_time\" content=\"2025-10-17T07:57:12+00:00\" \/>\n<meta property=\"og:image\" content=\"https:\/\/kibrisdakik.com\/wp-content\/uploads\/2025\/10\/erdogan-trump-2401788.jpg\" \/>\n\t<meta property=\"og:image:width\" content=\"1280\" \/>\n\t<meta property=\"og:image:height\" content=\"720\" \/>\n\t<meta property=\"og:image:type\" content=\"image\/jpeg\" \/>\n<meta name=\"author\" content=\"admin\" \/>\n<meta name=\"twitter:card\" content=\"summary_large_image\" \/>\n<meta name=\"twitter:label1\" content=\"Yazan:\" \/>\n\t<meta name=\"twitter:data1\" content=\"admin\" \/>\n\t<meta name=\"twitter:label2\" content=\"Tahmini okuma s\u00fcresi\" \/>\n\t<meta name=\"twitter:data2\" content=\"2 dakika\" \/>\n<script type=\"application\/ld+json\" class=\"yoast-schema-graph\">{\"@context\":\"https:\\\/\\\/schema.org\",\"@graph\":[{\"@type\":\"Article\",\"@id\":\"https:\\\/\\\/kibrisdakik.com\\\/?p=96027#article\",\"isPartOf\":{\"@id\":\"https:\\\/\\\/kibrisdakik.com\\\/?p=96027\"},\"author\":{\"name\":\"admin\",\"@id\":\"https:\\\/\\\/kibrisdakik.com\\\/#\\\/schema\\\/person\\\/9cd9d437bbb44f72b73ba127e06d8e79\"},\"headline\":\"Trump\u0131n T\u00fcrkiye mesajlar\u0131 Atinada endi\u015fe yaratt\u0131: Diasporaya &quot;harekete ge\u00e7in&quot; \u00e7a\u011fr\u0131s\u0131\",\"datePublished\":\"2025-10-17T07:57:12+00:00\",\"mainEntityOfPage\":{\"@id\":\"https:\\\/\\\/kibrisdakik.com\\\/?p=96027\"},\"wordCount\":420,\"commentCount\":0,\"image\":{\"@id\":\"https:\\\/\\\/kibrisdakik.com\\\/?p=96027#primaryimage\"},\"thumbnailUrl\":\"https:\\\/\\\/kibrisdakik.com\\\/wp-content\\\/uploads\\\/2025\\\/10\\\/erdogan-trump-2401788.jpg\",\"articleSection\":[\"D\u00fcnya\"],\"inLanguage\":\"tr\",\"potentialAction\":[{\"@type\":\"CommentAction\",\"name\":\"Comment\",\"target\":[\"https:\\\/\\\/kibrisdakik.com\\\/?p=96027#respond\"]}]},{\"@type\":\"WebPage\",\"@id\":\"https:\\\/\\\/kibrisdakik.com\\\/?p=96027\",\"url\":\"https:\\\/\\\/kibrisdakik.com\\\/?p=96027\",\"name\":\"Trump\u0131n T\u00fcrkiye mesajlar\u0131 Atinada endi\u015fe yaratt\u0131: Diasporaya &quot;harekete ge\u00e7in&quot; \u00e7a\u011fr\u0131s\u0131 -\",\"isPartOf\":{\"@id\":\"https:\\\/\\\/kibrisdakik.com\\\/#website\"},\"primaryImageOfPage\":{\"@id\":\"https:\\\/\\\/kibrisdakik.com\\\/?p=96027#primaryimage\"},\"image\":{\"@id\":\"https:\\\/\\\/kibrisdakik.com\\\/?p=96027#primaryimage\"},\"thumbnailUrl\":\"https:\\\/\\\/kibrisdakik.com\\\/wp-content\\\/uploads\\\/2025\\\/10\\\/erdogan-trump-2401788.jpg\",\"datePublished\":\"2025-10-17T07:57:12+00:00\",\"author\":{\"@id\":\"https:\\\/\\\/kibrisdakik.com\\\/#\\\/schema\\\/person\\\/9cd9d437bbb44f72b73ba127e06d8e79\"},\"breadcrumb\":{\"@id\":\"https:\\\/\\\/kibrisdakik.com\\\/?p=96027#breadcrumb\"},\"inLanguage\":\"tr\",\"potentialAction\":[{\"@type\":\"ReadAction\",\"target\":[\"https:\\\/\\\/kibrisdakik.com\\\/?p=96027\"]}]},{\"@type\":\"ImageObject\",\"inLanguage\":\"tr\",\"@id\":\"https:\\\/\\\/kibrisdakik.com\\\/?p=96027#primaryimage\",\"url\":\"https:\\\/\\\/kibrisdakik.com\\\/wp-content\\\/uploads\\\/2025\\\/10\\\/erdogan-trump-2401788.jpg\",\"contentUrl\":\"https:\\\/\\\/kibrisdakik.com\\\/wp-content\\\/uploads\\\/2025\\\/10\\\/erdogan-trump-2401788.jpg\",\"width\":1280,\"height\":720},{\"@type\":\"BreadcrumbList\",\"@id\":\"https:\\\/\\\/kibrisdakik.com\\\/?p=96027#breadcrumb\",\"itemListElement\":[{\"@type\":\"ListItem\",\"position\":1,\"name\":\"Home\",\"item\":\"https:\\\/\\\/kibrisdakik.com\\\/\"},{\"@type\":\"ListItem\",\"position\":2,\"name\":\"Trump\u0131n T\u00fcrkiye mesajlar\u0131 Atinada endi\u015fe yaratt\u0131: Diasporaya &quot;harekete ge\u00e7in&quot; \u00e7a\u011fr\u0131s\u0131\"}]},{\"@type\":\"WebSite\",\"@id\":\"https:\\\/\\\/kibrisdakik.com\\\/#website\",\"url\":\"https:\\\/\\\/kibrisdakik.com\\\/\",\"name\":\"\",\"description\":\"Tam vaktinde haber\",\"potentialAction\":[{\"@type\":\"SearchAction\",\"target\":{\"@type\":\"EntryPoint\",\"urlTemplate\":\"https:\\\/\\\/kibrisdakik.com\\\/?s={search_term_string}\"},\"query-input\":{\"@type\":\"PropertyValueSpecification\",\"valueRequired\":true,\"valueName\":\"search_term_string\"}}],\"inLanguage\":\"tr\"},{\"@type\":\"Person\",\"@id\":\"https:\\\/\\\/kibrisdakik.com\\\/#\\\/schema\\\/person\\\/9cd9d437bbb44f72b73ba127e06d8e79\",\"name\":\"admin\",\"image\":{\"@type\":\"ImageObject\",\"inLanguage\":\"tr\",\"@id\":\"https:\\\/\\\/secure.gravatar.com\\\/avatar\\\/ccc17943b9d660506c869530f897617f7cb1c21a4bf30023f252596d83e1f007?s=96&d=mm&r=g\",\"url\":\"https:\\\/\\\/secure.gravatar.com\\\/avatar\\\/ccc17943b9d660506c869530f897617f7cb1c21a4bf30023f252596d83e1f007?s=96&d=mm&r=g\",\"contentUrl\":\"https:\\\/\\\/secure.gravatar.com\\\/avatar\\\/ccc17943b9d660506c869530f897617f7cb1c21a4bf30023f252596d83e1f007?s=96&d=mm&r=g\",\"caption\":\"admin\"},\"sameAs\":[\"https:\\\/\\\/kibrisdakik.com\"],\"url\":\"https:\\\/\\\/kibrisdakik.com\\\/?author=1\"}]}<\/script>\n<!-- \/ Yoast SEO plugin. -->","yoast_head_json":{"title":"Trump\u0131n T\u00fcrkiye mesajlar\u0131 Atinada endi\u015fe yaratt\u0131: Diasporaya &quot;harekete ge\u00e7in&quot; \u00e7a\u011fr\u0131s\u0131 -","robots":{"index":"index","follow":"follow","max-snippet":"max-snippet:-1","max-image-preview":"max-image-preview:large","max-video-preview":"max-video-preview:-1"},"canonical":"https:\/\/kibrisdakik.com\/?p=96027","og_locale":"tr_TR","og_type":"article","og_title":"Trump\u0131n T\u00fcrkiye mesajlar\u0131 Atinada endi\u015fe yaratt\u0131: Diasporaya &quot;harekete ge\u00e7in&quot; \u00e7a\u011fr\u0131s\u0131 -","og_description":"Yunanistan merkezli Kathimerini Gazetesi&#8217;nde Cumhurba\u015fkan\u0131 Erdo\u011fan ile ABD Ba\u015fkan\u0131 Trump aras\u0131ndaki g\u00f6r\u00fc\u015fmelere dair dikkat \u00e7eken bir yaz\u0131 kaleme al\u0131nd\u0131. Tom Ellis taraf\u0131ndan kaleme al\u0131nan yaz\u0131da Trump&#8217;\u0131n Erdo\u011fan ve T\u00fcrk ordusu \u00f6vg\u00fcs\u00fcnden endi\u015feyle bahsedildi. Yaz\u0131da, &#8220;ABD Ba\u015fkan\u0131 Donald Trump, ge\u00e7ti\u011fimiz hafta Birle\u015fmi\u015f Milletler Genel Kurulu kapsam\u0131nda Gazze konulu toplant\u0131da Cumhurba\u015fkan\u0131 Recep Tayyip Erdo\u011fan\u2019a \u00f6zel bir konum","og_url":"https:\/\/kibrisdakik.com\/?p=96027","article_published_time":"2025-10-17T07:57:12+00:00","og_image":[{"width":1280,"height":720,"url":"https:\/\/kibrisdakik.com\/wp-content\/uploads\/2025\/10\/erdogan-trump-2401788.jpg","type":"image\/jpeg"}],"author":"admin","twitter_card":"summary_large_image","twitter_misc":{"Yazan:":"admin","Tahmini okuma s\u00fcresi":"2 dakika"},"schema":{"@context":"https:\/\/schema.org","@graph":[{"@type":"Article","@id":"https:\/\/kibrisdakik.com\/?p=96027#article","isPartOf":{"@id":"https:\/\/kibrisdakik.com\/?p=96027"},"author":{"name":"admin","@id":"https:\/\/kibrisdakik.com\/#\/schema\/person\/9cd9d437bbb44f72b73ba127e06d8e79"},"headline":"Trump\u0131n T\u00fcrkiye mesajlar\u0131 Atinada endi\u015fe yaratt\u0131: Diasporaya &quot;harekete ge\u00e7in&quot; \u00e7a\u011fr\u0131s\u0131","datePublished":"2025-10-17T07:57:12+00:00","mainEntityOfPage":{"@id":"https:\/\/kibrisdakik.com\/?p=96027"},"wordCount":420,"commentCount":0,"image":{"@id":"https:\/\/kibrisdakik.com\/?p=96027#primaryimage"},"thumbnailUrl":"https:\/\/kibrisdakik.com\/wp-content\/uploads\/2025\/10\/erdogan-trump-2401788.jpg","articleSection":["D\u00fcnya"],"inLanguage":"tr","potentialAction":[{"@type":"CommentAction","name":"Comment","target":["https:\/\/kibrisdakik.com\/?p=96027#respond"]}]},{"@type":"WebPage","@id":"https:\/\/kibrisdakik.com\/?p=96027","url":"https:\/\/kibrisdakik.com\/?p=96027","name":"Trump\u0131n T\u00fcrkiye mesajlar\u0131 Atinada endi\u015fe yaratt\u0131: Diasporaya &quot;harekete ge\u00e7in&quot; \u00e7a\u011fr\u0131s\u0131 -","isPartOf":{"@id":"https:\/\/kibrisdakik.com\/#website"},"primaryImageOfPage":{"@id":"https:\/\/kibrisdakik.com\/?p=96027#primaryimage"},"image":{"@id":"https:\/\/kibrisdakik.com\/?p=96027#primaryimage"},"thumbnailUrl":"https:\/\/kibrisdakik.com\/wp-content\/uploads\/2025\/10\/erdogan-trump-2401788.jpg","datePublished":"2025-10-17T07:57:12+00:00","author":{"@id":"https:\/\/kibrisdakik.com\/#\/schema\/person\/9cd9d437bbb44f72b73ba127e06d8e79"},"breadcrumb":{"@id":"https:\/\/kibrisdakik.com\/?p=96027#breadcrumb"},"inLanguage":"tr","potentialAction":[{"@type":"ReadAction","target":["https:\/\/kibrisdakik.com\/?p=96027"]}]},{"@type":"ImageObject","inLanguage":"tr","@id":"https:\/\/kibrisdakik.com\/?p=96027#primaryimage","url":"https:\/\/kibrisdakik.com\/wp-content\/uploads\/2025\/10\/erdogan-trump-2401788.jpg","contentUrl":"https:\/\/kibrisdakik.com\/wp-content\/uploads\/2025\/10\/erdogan-trump-2401788.jpg","width":1280,"height":720},{"@type":"BreadcrumbList","@id":"https:\/\/kibrisdakik.com\/?p=96027#breadcrumb","itemListElement":[{"@type":"ListItem","position":1,"name":"Home","item":"https:\/\/kibrisdakik.com\/"},{"@type":"ListItem","position":2,"name":"Trump\u0131n T\u00fcrkiye mesajlar\u0131 Atinada endi\u015fe yaratt\u0131: Diasporaya &quot;harekete ge\u00e7in&quot; \u00e7a\u011fr\u0131s\u0131"}]},{"@type":"WebSite","@id":"https:\/\/kibrisdakik.com\/#website","url":"https:\/\/kibrisdakik.com\/","name":"","description":"Tam vaktinde haber","potentialAction":[{"@type":"SearchAction","target":{"@type":"EntryPoint","urlTemplate":"https:\/\/kibrisdakik.com\/?s={search_term_string}"},"query-input":{"@type":"PropertyValueSpecification","valueRequired":true,"valueName":"search_term_string"}}],"inLanguage":"tr"},{"@type":"Person","@id":"https:\/\/kibrisdakik.com\/#\/schema\/person\/9cd9d437bbb44f72b73ba127e06d8e79","name":"admin","image":{"@type":"ImageObject","inLanguage":"tr","@id":"https:\/\/secure.gravatar.com\/avatar\/ccc17943b9d660506c869530f897617f7cb1c21a4bf30023f252596d83e1f007?s=96&d=mm&r=g","url":"https:\/\/secure.gravatar.com\/avatar\/ccc17943b9d660506c869530f897617f7cb1c21a4bf30023f252596d83e1f007?s=96&d=mm&r=g","contentUrl":"https:\/\/secure.gravatar.com\/avatar\/ccc17943b9d660506c869530f897617f7cb1c21a4bf30023f252596d83e1f007?s=96&d=mm&r=g","caption":"admin"},"sameAs":["https:\/\/kibrisdakik.com"],"url":"https:\/\/kibrisdakik.com\/?author=1"}]}},"_links":{"self":[{"href":"https:\/\/kibrisdakik.com\/index.php?rest_route=\/wp\/v2\/posts\/96027","targetHints":{"allow":["GET"]}}],"collection":[{"href":"https:\/\/kibrisdakik.com\/index.php?rest_route=\/wp\/v2\/posts"}],"about":[{"href":"https:\/\/kibrisdakik.com\/index.php?rest_route=\/wp\/v2\/types\/post"}],"author":[{"embeddable":true,"href":"https:\/\/kibrisdakik.com\/index.php?rest_route=\/wp\/v2\/users\/1"}],"replies":[{"embeddable":true,"href":"https:\/\/kibrisdakik.com\/index.php?rest_route=%2Fwp%2Fv2%2Fcomments&post=96027"}],"version-history":[{"count":0,"href":"https:\/\/kibrisdakik.com\/index.php?rest_route=\/wp\/v2\/posts\/96027\/revisions"}],"wp:featuredmedia":[{"embeddable":true,"href":"https:\/\/kibrisdakik.com\/index.php?rest_route=\/wp\/v2\/media\/96028"}],"wp:attachment":[{"href":"https:\/\/kibrisdakik.com\/index.php?rest_route=%2Fwp%2Fv2%2Fmedia&parent=96027"}],"wp:term":[{"taxonomy":"category","embeddable":true,"href":"https:\/\/kibrisdakik.com\/index.php?rest_route=%2Fwp%2Fv2%2Fcategories&post=96027"},{"taxonomy":"post_tag","embeddable":true,"href":"https:\/\/kibrisdakik.com\/index.php?rest_route=%2Fwp%2Fv2%2Ftags&post=96027"}],"curies":[{"name":"wp","href":"https:\/\/api.w.org\/{rel}","templated":true}]}}