{"id":96043,"date":"2025-10-17T12:03:13","date_gmt":"2025-10-17T09:03:13","guid":{"rendered":"https:\/\/kibrisdakik.com\/index.php\/2025\/10\/17\/alzheimer-ve-kanser-yakinda-duyamadigimiz-seslerle-tedavi-edilebilir\/"},"modified":"2025-10-17T12:03:13","modified_gmt":"2025-10-17T09:03:13","slug":"alzheimer-ve-kanser-yakinda-duyamadigimiz-seslerle-tedavi-edilebilir","status":"publish","type":"post","link":"https:\/\/kibrisdakik.com\/?p=96043","title":{"rendered":"Alzheimer ve kanser, yak\u0131nda duyamad\u0131\u011f\u0131m\u0131z seslerle tedavi edilebilir"},"content":{"rendered":"<p><\/p>\n<div class=\"news-content\">\n<p>\n\t\u0130nsan kula\u011f\u0131n\u0131n duyamayaca\u011f\u0131 kadar y\u00fcksek frekansl\u0131 ses dalgalar\u0131, yani ultrason, t\u0131pta uzun s\u00fcredir tan\u0131 ama\u00e7l\u0131 kullan\u0131l\u0131yor. Ancak art\u0131k bu teknoloji, yaln\u0131zca g\u00f6r\u00fcnt\u00fcleme de\u011fil, tedavi arac\u0131 olarak da kullan\u0131lmaya ba\u015fl\u0131yor.<\/p>\n<p>\n\tABD\u2019nin Virginia \u00dcniversitesi\u2019nden Biyomedikal M\u00fchendis Prof. Richard J. Price, odaklanm\u0131\u015f ultrason teknolojisinin (Focused Ultrasound) kanser, Alzheimer ve nadir n\u00f6rolojik hastal\u0131klar\u0131n tedavisinde \u00e7\u0131\u011f\u0131r a\u00e7abilece\u011fini belirtiyor.<\/p>\n<h2>\n\tBeyin bariyerini a\u015fan teknoloji<\/h2>\n<p>\n\tBeyni zararl\u0131 maddelerden koruyan kan-beyin bariyeri, ila\u00e7lar\u0131n beyne ula\u015fmas\u0131n\u0131 da engelliyor. Bilim insanlar\u0131, d\u00fc\u015f\u00fck yo\u011funluklu odaklanm\u0131\u015f ultrason dalgalar\u0131n\u0131n kan damarlar\u0131ndaki mikrokabarc\u0131klar\u0131 titre\u015ftirerek bu bariyeri ge\u00e7ici olarak a\u00e7abildi\u011fini ke\u015ffetti.<\/p>\n<p>\n\tBu sayede ila\u00e7lar ve hatta gen tedavileri, hedeflenen b\u00f6lgeye do\u011frudan ula\u015fabiliyor. Prof. Price, bu y\u00f6ntemin g\u00fcvenli\u011fini kan\u0131tlayan \u00e7ok say\u0131da denemenin ard\u0131ndan Alzheimer, beyin t\u00fcm\u00f6rleri ve glioblastoma gibi hastal\u0131klar i\u00e7in klinik \u00e7al\u0131\u015fmalara ba\u015fland\u0131\u011f\u0131n\u0131 s\u00f6yl\u00fcyor.<\/p>\n<h2>\n\tKanseri v\u00fccudun kendi ba\u011f\u0131\u015f\u0131kl\u0131\u011f\u0131yla yenmek<\/h2>\n<p>\n\tOdaklanm\u0131\u015f ultrason yaln\u0131zca ila\u00e7 ta\u015f\u0131makla kalm\u0131yor; ayn\u0131 zamanda ba\u011f\u0131\u015f\u0131kl\u0131k sistemini kanserle sava\u015fmaya te\u015fvik edebiliyor.<\/p>\n<p>\n\tAra\u015ft\u0131rmalar, bu y\u00f6ntemin t\u00fcm\u00f6rleri par\u00e7alay\u0131p ba\u011f\u0131\u015f\u0131kl\u0131k h\u00fccrelerine \u201ctan\u0131tma\u201d etkisi yaratt\u0131\u011f\u0131n\u0131 g\u00f6steriyor. B\u00f6ylece v\u00fccut kendi kanser h\u00fccrelerini tan\u0131y\u0131p yok edebiliyor.<\/p>\n<p>\n\tVirginia \u00dcniversitesi, 2022 y\u0131l\u0131nda bu alandaki \u00e7al\u0131\u015fmalar\u0131 h\u0131zland\u0131rmak i\u00e7in d\u00fcnyan\u0131n ilk Odaklanm\u0131\u015f Ultrason ve \u0130mm\u00fcno-onkoloji Ara\u015ft\u0131rma Merkezini kurdu. Merkezde, ileri evre melanom hastalar\u0131 \u00fczerinde yeni tedavi kombinasyonlar\u0131 test ediliyor.<\/p>\n<h2>\n\tAmeliyats\u0131z beyin tedavileri ufukta<\/h2>\n<p>\n\tTeknolojinin en umut verici y\u00f6nlerinden biri de beyin ameliyatlar\u0131na alternatif olu\u015fturabilmesi. \u00d6rne\u011fin, nadir g\u00f6r\u00fclen serebral kavern\u00f6z malformasyon (CCM) hastal\u0131\u011f\u0131nda, beyin damarlar\u0131ndaki anormal b\u00fcy\u00fcmeler genellikle cerrahiyle al\u0131nabiliyor. Ancak bu lezyonlar eri\u015filmesi zor b\u00f6lgelerde bulundu\u011funda ameliyat ciddi riskler ta\u015f\u0131yor.<\/p>\n<p>\n\tProf. Price ve ekibi, ultrasonla kan-beyin bariyerini a\u00e7arak ila\u00e7 ge\u00e7i\u015fini kolayla\u015ft\u0131rman\u0131n yan\u0131 s\u0131ra, hi\u00e7 ila\u00e7 verilmeden bile lezyonlar\u0131n b\u00fcy\u00fcmesinin durdu\u011funu g\u00f6zlemledi.<\/p>\n<h2>\n\t\u201cGelece\u011fin tedavisi sessizlikte gizli\u201d<\/h2>\n<p>\n\tBilim insanlar\u0131na g\u00f6re odaklanm\u0131\u015f ultrason, \u00f6n\u00fcm\u00fczdeki y\u0131llarda yaln\u0131zca Alzheimer veya kanser i\u00e7in de\u011fil, nadir ve tedavisi zor n\u00f6rolojik hastal\u0131klar i\u00e7in de umut olacak.<\/p>\n<p>\n\tProf. Price, \u201cBu teknoloji sayesinde, cerrahiye gerek kalmadan beynin derin b\u00f6lgelerine ula\u015fabiliyoruz. Belki de gelece\u011fin t\u0131bb\u0131, duyamad\u0131\u011f\u0131m\u0131z seslerin i\u00e7inde sakl\u0131\u201d ifadelerini kullan\u0131yor.<\/p>\n<div class=\"news-tags\">\n<div class=\"title\">ET\u0130KETLER<\/div>\n<div class=\"tags\">\n                                                                            Alzheimer<br \/>\n                                                                            Kanser<br \/>\n                                                                            Ara\u015ft\u0131rma<br \/>\n                                                                            Bilimsel Ara\u015ft\u0131rma\n                                                                    <\/div>\n<\/p><\/div>\n<\/p><\/div>\n","protected":false},"excerpt":{"rendered":"<p>\u0130nsan kula\u011f\u0131n\u0131n duyamayaca\u011f\u0131 kadar y\u00fcksek frekansl\u0131 ses dalgalar\u0131, yani ultrason, t\u0131pta uzun s\u00fcredir tan\u0131 ama\u00e7l\u0131 kullan\u0131l\u0131yor. Ancak art\u0131k bu teknoloji, yaln\u0131zca g\u00f6r\u00fcnt\u00fcleme de\u011fil, tedavi arac\u0131 olarak da kullan\u0131lmaya ba\u015fl\u0131yor. ABD\u2019nin Virginia \u00dcniversitesi\u2019nden Biyomedikal M\u00fchendis Prof. Richard J. Price, odaklanm\u0131\u015f ultrason teknolojisinin (Focused Ultrasound) kanser, Alzheimer ve nadir n\u00f6rolojik hastal\u0131klar\u0131n tedavisinde \u00e7\u0131\u011f\u0131r a\u00e7abilece\u011fini belirtiyor. Beyin bariyerini<\/p>\n","protected":false},"author":1,"featured_media":96044,"comment_status":"open","ping_status":"open","sticky":false,"template":"","format":"standard","meta":{"footnotes":""},"categories":[306],"tags":[],"class_list":["post-96043","post","type-post","status-publish","format-standard","has-post-thumbnail","hentry","category-dunya"],"yoast_head":"<!-- This site is optimized with the Yoast SEO plugin v27.4 - https:\/\/yoast.com\/product\/yoast-seo-wordpress\/ -->\n<title>Alzheimer ve kanser, yak\u0131nda duyamad\u0131\u011f\u0131m\u0131z seslerle tedavi edilebilir -<\/title>\n<meta name=\"robots\" content=\"index, follow, max-snippet:-1, max-image-preview:large, max-video-preview:-1\" \/>\n<link rel=\"canonical\" href=\"https:\/\/kibrisdakik.com\/?p=96043\" \/>\n<meta property=\"og:locale\" content=\"tr_TR\" \/>\n<meta property=\"og:type\" content=\"article\" \/>\n<meta property=\"og:title\" content=\"Alzheimer ve kanser, yak\u0131nda duyamad\u0131\u011f\u0131m\u0131z seslerle tedavi edilebilir -\" \/>\n<meta property=\"og:description\" content=\"\u0130nsan kula\u011f\u0131n\u0131n duyamayaca\u011f\u0131 kadar y\u00fcksek frekansl\u0131 ses dalgalar\u0131, yani ultrason, t\u0131pta uzun s\u00fcredir tan\u0131 ama\u00e7l\u0131 kullan\u0131l\u0131yor. Ancak art\u0131k bu teknoloji, yaln\u0131zca g\u00f6r\u00fcnt\u00fcleme de\u011fil, tedavi arac\u0131 olarak da kullan\u0131lmaya ba\u015fl\u0131yor. ABD\u2019nin Virginia \u00dcniversitesi\u2019nden Biyomedikal M\u00fchendis Prof. Richard J. Price, odaklanm\u0131\u015f ultrason teknolojisinin (Focused Ultrasound) kanser, Alzheimer ve nadir n\u00f6rolojik hastal\u0131klar\u0131n tedavisinde \u00e7\u0131\u011f\u0131r a\u00e7abilece\u011fini belirtiyor. Beyin bariyerini\" \/>\n<meta property=\"og:url\" content=\"https:\/\/kibrisdakik.com\/?p=96043\" \/>\n<meta property=\"article:published_time\" content=\"2025-10-17T09:03:13+00:00\" \/>\n<meta property=\"og:image\" content=\"https:\/\/kibrisdakik.com\/wp-content\/uploads\/2025\/10\/alzaymir-getty-1825516.jpg\" \/>\n\t<meta property=\"og:image:width\" content=\"1280\" \/>\n\t<meta property=\"og:image:height\" content=\"720\" \/>\n\t<meta property=\"og:image:type\" content=\"image\/jpeg\" \/>\n<meta name=\"author\" content=\"admin\" \/>\n<meta name=\"twitter:card\" content=\"summary_large_image\" \/>\n<meta name=\"twitter:label1\" content=\"Yazan:\" \/>\n\t<meta name=\"twitter:data1\" content=\"admin\" \/>\n\t<meta name=\"twitter:label2\" content=\"Tahmini okuma s\u00fcresi\" \/>\n\t<meta name=\"twitter:data2\" content=\"2 dakika\" \/>\n<script type=\"application\/ld+json\" class=\"yoast-schema-graph\">{\"@context\":\"https:\\\/\\\/schema.org\",\"@graph\":[{\"@type\":\"Article\",\"@id\":\"https:\\\/\\\/kibrisdakik.com\\\/?p=96043#article\",\"isPartOf\":{\"@id\":\"https:\\\/\\\/kibrisdakik.com\\\/?p=96043\"},\"author\":{\"name\":\"admin\",\"@id\":\"https:\\\/\\\/kibrisdakik.com\\\/#\\\/schema\\\/person\\\/9cd9d437bbb44f72b73ba127e06d8e79\"},\"headline\":\"Alzheimer ve kanser, yak\u0131nda duyamad\u0131\u011f\u0131m\u0131z seslerle tedavi edilebilir\",\"datePublished\":\"2025-10-17T09:03:13+00:00\",\"mainEntityOfPage\":{\"@id\":\"https:\\\/\\\/kibrisdakik.com\\\/?p=96043\"},\"wordCount\":465,\"commentCount\":0,\"image\":{\"@id\":\"https:\\\/\\\/kibrisdakik.com\\\/?p=96043#primaryimage\"},\"thumbnailUrl\":\"https:\\\/\\\/kibrisdakik.com\\\/wp-content\\\/uploads\\\/2025\\\/10\\\/alzaymir-getty-1825516.jpg\",\"articleSection\":[\"D\u00fcnya\"],\"inLanguage\":\"tr\",\"potentialAction\":[{\"@type\":\"CommentAction\",\"name\":\"Comment\",\"target\":[\"https:\\\/\\\/kibrisdakik.com\\\/?p=96043#respond\"]}]},{\"@type\":\"WebPage\",\"@id\":\"https:\\\/\\\/kibrisdakik.com\\\/?p=96043\",\"url\":\"https:\\\/\\\/kibrisdakik.com\\\/?p=96043\",\"name\":\"Alzheimer ve kanser, yak\u0131nda duyamad\u0131\u011f\u0131m\u0131z seslerle tedavi edilebilir -\",\"isPartOf\":{\"@id\":\"https:\\\/\\\/kibrisdakik.com\\\/#website\"},\"primaryImageOfPage\":{\"@id\":\"https:\\\/\\\/kibrisdakik.com\\\/?p=96043#primaryimage\"},\"image\":{\"@id\":\"https:\\\/\\\/kibrisdakik.com\\\/?p=96043#primaryimage\"},\"thumbnailUrl\":\"https:\\\/\\\/kibrisdakik.com\\\/wp-content\\\/uploads\\\/2025\\\/10\\\/alzaymir-getty-1825516.jpg\",\"datePublished\":\"2025-10-17T09:03:13+00:00\",\"author\":{\"@id\":\"https:\\\/\\\/kibrisdakik.com\\\/#\\\/schema\\\/person\\\/9cd9d437bbb44f72b73ba127e06d8e79\"},\"breadcrumb\":{\"@id\":\"https:\\\/\\\/kibrisdakik.com\\\/?p=96043#breadcrumb\"},\"inLanguage\":\"tr\",\"potentialAction\":[{\"@type\":\"ReadAction\",\"target\":[\"https:\\\/\\\/kibrisdakik.com\\\/?p=96043\"]}]},{\"@type\":\"ImageObject\",\"inLanguage\":\"tr\",\"@id\":\"https:\\\/\\\/kibrisdakik.com\\\/?p=96043#primaryimage\",\"url\":\"https:\\\/\\\/kibrisdakik.com\\\/wp-content\\\/uploads\\\/2025\\\/10\\\/alzaymir-getty-1825516.jpg\",\"contentUrl\":\"https:\\\/\\\/kibrisdakik.com\\\/wp-content\\\/uploads\\\/2025\\\/10\\\/alzaymir-getty-1825516.jpg\",\"width\":1280,\"height\":720},{\"@type\":\"BreadcrumbList\",\"@id\":\"https:\\\/\\\/kibrisdakik.com\\\/?p=96043#breadcrumb\",\"itemListElement\":[{\"@type\":\"ListItem\",\"position\":1,\"name\":\"Home\",\"item\":\"https:\\\/\\\/kibrisdakik.com\\\/\"},{\"@type\":\"ListItem\",\"position\":2,\"name\":\"Alzheimer ve kanser, yak\u0131nda duyamad\u0131\u011f\u0131m\u0131z seslerle tedavi edilebilir\"}]},{\"@type\":\"WebSite\",\"@id\":\"https:\\\/\\\/kibrisdakik.com\\\/#website\",\"url\":\"https:\\\/\\\/kibrisdakik.com\\\/\",\"name\":\"\",\"description\":\"Tam vaktinde haber\",\"potentialAction\":[{\"@type\":\"SearchAction\",\"target\":{\"@type\":\"EntryPoint\",\"urlTemplate\":\"https:\\\/\\\/kibrisdakik.com\\\/?s={search_term_string}\"},\"query-input\":{\"@type\":\"PropertyValueSpecification\",\"valueRequired\":true,\"valueName\":\"search_term_string\"}}],\"inLanguage\":\"tr\"},{\"@type\":\"Person\",\"@id\":\"https:\\\/\\\/kibrisdakik.com\\\/#\\\/schema\\\/person\\\/9cd9d437bbb44f72b73ba127e06d8e79\",\"name\":\"admin\",\"image\":{\"@type\":\"ImageObject\",\"inLanguage\":\"tr\",\"@id\":\"https:\\\/\\\/secure.gravatar.com\\\/avatar\\\/ccc17943b9d660506c869530f897617f7cb1c21a4bf30023f252596d83e1f007?s=96&d=mm&r=g\",\"url\":\"https:\\\/\\\/secure.gravatar.com\\\/avatar\\\/ccc17943b9d660506c869530f897617f7cb1c21a4bf30023f252596d83e1f007?s=96&d=mm&r=g\",\"contentUrl\":\"https:\\\/\\\/secure.gravatar.com\\\/avatar\\\/ccc17943b9d660506c869530f897617f7cb1c21a4bf30023f252596d83e1f007?s=96&d=mm&r=g\",\"caption\":\"admin\"},\"sameAs\":[\"https:\\\/\\\/kibrisdakik.com\"],\"url\":\"https:\\\/\\\/kibrisdakik.com\\\/?author=1\"}]}<\/script>\n<!-- \/ Yoast SEO plugin. -->","yoast_head_json":{"title":"Alzheimer ve kanser, yak\u0131nda duyamad\u0131\u011f\u0131m\u0131z seslerle tedavi edilebilir -","robots":{"index":"index","follow":"follow","max-snippet":"max-snippet:-1","max-image-preview":"max-image-preview:large","max-video-preview":"max-video-preview:-1"},"canonical":"https:\/\/kibrisdakik.com\/?p=96043","og_locale":"tr_TR","og_type":"article","og_title":"Alzheimer ve kanser, yak\u0131nda duyamad\u0131\u011f\u0131m\u0131z seslerle tedavi edilebilir -","og_description":"\u0130nsan kula\u011f\u0131n\u0131n duyamayaca\u011f\u0131 kadar y\u00fcksek frekansl\u0131 ses dalgalar\u0131, yani ultrason, t\u0131pta uzun s\u00fcredir tan\u0131 ama\u00e7l\u0131 kullan\u0131l\u0131yor. Ancak art\u0131k bu teknoloji, yaln\u0131zca g\u00f6r\u00fcnt\u00fcleme de\u011fil, tedavi arac\u0131 olarak da kullan\u0131lmaya ba\u015fl\u0131yor. ABD\u2019nin Virginia \u00dcniversitesi\u2019nden Biyomedikal M\u00fchendis Prof. Richard J. Price, odaklanm\u0131\u015f ultrason teknolojisinin (Focused Ultrasound) kanser, Alzheimer ve nadir n\u00f6rolojik hastal\u0131klar\u0131n tedavisinde \u00e7\u0131\u011f\u0131r a\u00e7abilece\u011fini belirtiyor. Beyin bariyerini","og_url":"https:\/\/kibrisdakik.com\/?p=96043","article_published_time":"2025-10-17T09:03:13+00:00","og_image":[{"width":1280,"height":720,"url":"https:\/\/kibrisdakik.com\/wp-content\/uploads\/2025\/10\/alzaymir-getty-1825516.jpg","type":"image\/jpeg"}],"author":"admin","twitter_card":"summary_large_image","twitter_misc":{"Yazan:":"admin","Tahmini okuma s\u00fcresi":"2 dakika"},"schema":{"@context":"https:\/\/schema.org","@graph":[{"@type":"Article","@id":"https:\/\/kibrisdakik.com\/?p=96043#article","isPartOf":{"@id":"https:\/\/kibrisdakik.com\/?p=96043"},"author":{"name":"admin","@id":"https:\/\/kibrisdakik.com\/#\/schema\/person\/9cd9d437bbb44f72b73ba127e06d8e79"},"headline":"Alzheimer ve kanser, yak\u0131nda duyamad\u0131\u011f\u0131m\u0131z seslerle tedavi edilebilir","datePublished":"2025-10-17T09:03:13+00:00","mainEntityOfPage":{"@id":"https:\/\/kibrisdakik.com\/?p=96043"},"wordCount":465,"commentCount":0,"image":{"@id":"https:\/\/kibrisdakik.com\/?p=96043#primaryimage"},"thumbnailUrl":"https:\/\/kibrisdakik.com\/wp-content\/uploads\/2025\/10\/alzaymir-getty-1825516.jpg","articleSection":["D\u00fcnya"],"inLanguage":"tr","potentialAction":[{"@type":"CommentAction","name":"Comment","target":["https:\/\/kibrisdakik.com\/?p=96043#respond"]}]},{"@type":"WebPage","@id":"https:\/\/kibrisdakik.com\/?p=96043","url":"https:\/\/kibrisdakik.com\/?p=96043","name":"Alzheimer ve kanser, yak\u0131nda duyamad\u0131\u011f\u0131m\u0131z seslerle tedavi edilebilir -","isPartOf":{"@id":"https:\/\/kibrisdakik.com\/#website"},"primaryImageOfPage":{"@id":"https:\/\/kibrisdakik.com\/?p=96043#primaryimage"},"image":{"@id":"https:\/\/kibrisdakik.com\/?p=96043#primaryimage"},"thumbnailUrl":"https:\/\/kibrisdakik.com\/wp-content\/uploads\/2025\/10\/alzaymir-getty-1825516.jpg","datePublished":"2025-10-17T09:03:13+00:00","author":{"@id":"https:\/\/kibrisdakik.com\/#\/schema\/person\/9cd9d437bbb44f72b73ba127e06d8e79"},"breadcrumb":{"@id":"https:\/\/kibrisdakik.com\/?p=96043#breadcrumb"},"inLanguage":"tr","potentialAction":[{"@type":"ReadAction","target":["https:\/\/kibrisdakik.com\/?p=96043"]}]},{"@type":"ImageObject","inLanguage":"tr","@id":"https:\/\/kibrisdakik.com\/?p=96043#primaryimage","url":"https:\/\/kibrisdakik.com\/wp-content\/uploads\/2025\/10\/alzaymir-getty-1825516.jpg","contentUrl":"https:\/\/kibrisdakik.com\/wp-content\/uploads\/2025\/10\/alzaymir-getty-1825516.jpg","width":1280,"height":720},{"@type":"BreadcrumbList","@id":"https:\/\/kibrisdakik.com\/?p=96043#breadcrumb","itemListElement":[{"@type":"ListItem","position":1,"name":"Home","item":"https:\/\/kibrisdakik.com\/"},{"@type":"ListItem","position":2,"name":"Alzheimer ve kanser, yak\u0131nda duyamad\u0131\u011f\u0131m\u0131z seslerle tedavi edilebilir"}]},{"@type":"WebSite","@id":"https:\/\/kibrisdakik.com\/#website","url":"https:\/\/kibrisdakik.com\/","name":"","description":"Tam vaktinde haber","potentialAction":[{"@type":"SearchAction","target":{"@type":"EntryPoint","urlTemplate":"https:\/\/kibrisdakik.com\/?s={search_term_string}"},"query-input":{"@type":"PropertyValueSpecification","valueRequired":true,"valueName":"search_term_string"}}],"inLanguage":"tr"},{"@type":"Person","@id":"https:\/\/kibrisdakik.com\/#\/schema\/person\/9cd9d437bbb44f72b73ba127e06d8e79","name":"admin","image":{"@type":"ImageObject","inLanguage":"tr","@id":"https:\/\/secure.gravatar.com\/avatar\/ccc17943b9d660506c869530f897617f7cb1c21a4bf30023f252596d83e1f007?s=96&d=mm&r=g","url":"https:\/\/secure.gravatar.com\/avatar\/ccc17943b9d660506c869530f897617f7cb1c21a4bf30023f252596d83e1f007?s=96&d=mm&r=g","contentUrl":"https:\/\/secure.gravatar.com\/avatar\/ccc17943b9d660506c869530f897617f7cb1c21a4bf30023f252596d83e1f007?s=96&d=mm&r=g","caption":"admin"},"sameAs":["https:\/\/kibrisdakik.com"],"url":"https:\/\/kibrisdakik.com\/?author=1"}]}},"_links":{"self":[{"href":"https:\/\/kibrisdakik.com\/index.php?rest_route=\/wp\/v2\/posts\/96043","targetHints":{"allow":["GET"]}}],"collection":[{"href":"https:\/\/kibrisdakik.com\/index.php?rest_route=\/wp\/v2\/posts"}],"about":[{"href":"https:\/\/kibrisdakik.com\/index.php?rest_route=\/wp\/v2\/types\/post"}],"author":[{"embeddable":true,"href":"https:\/\/kibrisdakik.com\/index.php?rest_route=\/wp\/v2\/users\/1"}],"replies":[{"embeddable":true,"href":"https:\/\/kibrisdakik.com\/index.php?rest_route=%2Fwp%2Fv2%2Fcomments&post=96043"}],"version-history":[{"count":0,"href":"https:\/\/kibrisdakik.com\/index.php?rest_route=\/wp\/v2\/posts\/96043\/revisions"}],"wp:featuredmedia":[{"embeddable":true,"href":"https:\/\/kibrisdakik.com\/index.php?rest_route=\/wp\/v2\/media\/96044"}],"wp:attachment":[{"href":"https:\/\/kibrisdakik.com\/index.php?rest_route=%2Fwp%2Fv2%2Fmedia&parent=96043"}],"wp:term":[{"taxonomy":"category","embeddable":true,"href":"https:\/\/kibrisdakik.com\/index.php?rest_route=%2Fwp%2Fv2%2Fcategories&post=96043"},{"taxonomy":"post_tag","embeddable":true,"href":"https:\/\/kibrisdakik.com\/index.php?rest_route=%2Fwp%2Fv2%2Ftags&post=96043"}],"curies":[{"name":"wp","href":"https:\/\/api.w.org\/{rel}","templated":true}]}}