{"id":96045,"date":"2025-10-17T12:14:01","date_gmt":"2025-10-17T09:14:01","guid":{"rendered":"https:\/\/kibrisdakik.com\/index.php\/2025\/10\/17\/hollandada-erken-secim-oncesinde-anketler-asiri-sagin-ilk-sirayi-alacagini-gosteriyor\/"},"modified":"2025-10-17T12:14:01","modified_gmt":"2025-10-17T09:14:01","slug":"hollandada-erken-secim-oncesinde-anketler-asiri-sagin-ilk-sirayi-alacagini-gosteriyor","status":"publish","type":"post","link":"https:\/\/kibrisdakik.com\/?p=96045","title":{"rendered":"Hollanda&#039;da erken se\u00e7im \u00f6ncesinde anketler a\u015f\u0131r\u0131 sa\u011f\u0131n ilk s\u0131ray\u0131 alaca\u011f\u0131n\u0131 g\u00f6steriyor"},"content":{"rendered":"<p><\/p>\n<div class=\"news-content\">\n<p>\n\tAvrupa se\u00e7imleri \u00fczerine ara\u015ft\u0131rmalar yapan siyaset bilimci ve Europe Elects yazar\u0131 Nassreddin Taibi ve sivil toplum kurulu\u015fu The Rights Forum&#8217;un Kampanya Direkt\u00f6r\u00fc Edwin van &#8216;t Pad, AA muhabirine, se\u00e7ime ili\u015fkin beklentilerini, a\u015f\u0131r\u0131 sa\u011f\u0131n y\u00fckseli\u015fi ve \u0130srail lobisinin Hollanda siyasetindeki etkisine ili\u015fkin analizlerini payla\u015ft\u0131.<\/p>\n<p>\n\tEurope Elects yazar\u0131 siyaset bilimci Taibi, Dilan Ye\u015filg\u00f6z liderli\u011findeki VVD&#8217;nin anketlerdeki d\u00fc\u015f\u00fc\u015f\u00fcn\u00fcn uzun zamand\u0131r beklenen bir geli\u015fme oldu\u011funu belirterek partinin onlarca y\u0131ld\u0131r \u00f6zellikle eski Ba\u015fbakan Mark Rutte d\u00f6neminde Hollanda merkez sa\u011f\u0131nda g\u00fc\u00e7 merkezi oldu\u011funu hat\u0131rlatt\u0131.<\/p>\n<p>\n\tTaibi, &#8220;Rutte \u00e7o\u011funlukla merkezci h\u00fck\u00fcmetler kurdu\u011fu i\u00e7in daha muhafazakar VVD se\u00e7menleri partiye olan g\u00fcvenlerini kaybetti ve \u00f6nceki se\u00e7imlerde \u00c7ift\u00e7i Vatanda\u015f Hareketi Partisi (BBB), JA21 Partisi ve \u00f6zellikle PVV&#8217;ye ge\u00e7ti. \u015eimdi VVD sa\u011fa kayd\u0131 ve hatta Dick Schoof h\u00fck\u00fcmeti alt\u0131nda PVV ile birlikte y\u00f6netiyor, daha merkezci VVD se\u00e7menleri de partiyi terk etti ve (Hristiyan Demokrat Parti) CDA ile D66&#8217;ya gitti. Daha muhafazakar se\u00e7menler ise PVV\/JA21\/BBB&#8217;den geri d\u00f6nmek i\u00e7in VVD&#8217;ye hala g\u00fcvenmiyor.&#8221; ifadelerini kulland\u0131.<\/p>\n<h2>\n\tSol blok neden b\u00fcy\u00fcyemiyor?<\/h2>\n<p>\n\tGroenLinks (Ye\u015fil Sol) ve PvdA&#8217;n\u0131n (\u0130\u015f\u00e7i Partisi) birle\u015fmesine ra\u011fmen b\u00fcy\u00fcmelerinin beklenenden yava\u015f olmas\u0131na de\u011finen Taibi, &#8220;GroenLinks\/PvdA&#8217;n\u0131n b\u00fcy\u00fck bir b\u00fcy\u00fcme kaydetmemesi, Hollanda se\u00e7men kitlesinin 3 gruba y\u00fcksek oranda kutupla\u015ft\u0131\u011f\u0131n\u0131 g\u00f6steriyor: sol-ilerici, merkezci ve a\u015f\u0131r\u0131 sa\u011f.&#8221; dedi.<\/p>\n<p>\n\tSon h\u00fck\u00fcmetin ba\u015far\u0131s\u0131zl\u0131\u011f\u0131n\u0131n bir\u00e7ok se\u00e7meni hayal k\u0131r\u0131kl\u0131\u011f\u0131na u\u011fratt\u0131\u011f\u0131n\u0131 ancak VVD, Yeni Sosyal S\u00f6zle\u015fme Parti (NSC), BBB ve PVV&#8217;den gelen se\u00e7menlerin kendi merkezci ve a\u015f\u0131r\u0131 sa\u011f bloklar\u0131nda kald\u0131\u011f\u0131n\u0131 belirten Taibi, bir di\u011fer fakt\u00f6r\u00fcn de GroenLinks\/PvdA lideri Frans Timmermans&#8217;\u0131n 1998&#8217;den beri ulusal siyasette olmas\u0131 oldu\u011funu kaydetti.<\/p>\n<p>\n\tTaibi, a\u015f\u0131r\u0131 sa\u011f\u0131n daha geni\u015f normalle\u015fmesini g\u00f6rd\u00fcklerini belirterek &#8220;Son y\u0131llarda s\u0131\u011f\u0131nma oran\u0131 azalm\u0131\u015f olsa da g\u00f6\u00e7 ve s\u0131\u011f\u0131nma medyada en \u00e7ok tart\u0131\u015f\u0131lan siyasi konular ve \u00e7o\u011fu se\u00e7men de bu konuyu olduk\u00e7a \u00f6nemli buluyor.&#8221; diye konu\u015ftu.<\/p>\n<h2>\n\tAnketlere g\u00f6re a\u015f\u0131r\u0131 sa\u011f stabil, VVD&#8217;de d\u00fc\u015f\u00fc\u015f var<\/h2>\n<p>\n\tThe Rights Forum&#8217;dan Van &#8216;t Pad, a\u015f\u0131r\u0131 sa\u011f\u0131n istikrarl\u0131 g\u00f6r\u00fcnmesine ve anketlerde liderli\u011fini s\u00fcrd\u00fcrmesine kar\u015f\u0131n Hollanda siyasetinde en etkili parti olan VVD&#8217;nin \u00e7\u00f6kmekte oldu\u011funu belirtti.<\/p>\n<p>\n\tBu t\u00fcr bir sonucun ard\u0131ndan koalisyon g\u00f6r\u00fc\u015fmelerinin \u00e7ok zor olaca\u011f\u0131n\u0131 vurgulayan Van &#8216;t Pad, &#8220;T\u00fcm Hollanda partilerinin siyasi yelpazenin tamam\u0131na yay\u0131lmas\u0131 nedeniyle ger\u00e7ekten y\u00fcksek bir par\u00e7alanma var. Sol ve sa\u011f aras\u0131nda her zaman var olan kutupla\u015fma g\u00fc\u00e7lendi. Sa\u011f ger\u00e7ekten sol ile y\u00f6netmek istemiyor, sol ger\u00e7ekten sa\u011f ile y\u00f6netmek istemiyor&#8221; ifadesini kulland\u0131.<\/p>\n<p>\n\tVan &#8216;t Pad, partiler aras\u0131ndaki bu g\u00f6r\u00fc\u015f ayr\u0131l\u0131\u011f\u0131n\u0131 kapatmak i\u00e7in birka\u00e7 merkez partiye ihtiya\u00e7 duyulabilece\u011fini ancak bunun \u00e7ok karma\u015f\u0131k olaca\u011f\u0131n\u0131 kaydetti.<\/p>\n<h2>\n\t\u0130srail lobisinin Hollanda siyasetindeki etkisi<\/h2>\n<p>\n\tVan &#8216;t Pad, etnik-milliyet\u00e7i politikalar\u0131 nedeniyle a\u015f\u0131r\u0131 sa\u011f\u0131n \u0130srail&#8217;i destekledi\u011fini belirterek &#8220;Her halk\u0131n kendine ait topraklarda ya\u015famas\u0131 fikri, genel olarak a\u015f\u0131r\u0131 sa\u011f\u0131n her yerde uygulamak istedi\u011fi bir \u015fey. \u0130srail&#8217;le bu anlamda ideolojik olarak birbirlerine uyuyorlar.&#8221; dedi.<\/p>\n<p>\n\tThe Rights Forum&#8217;un \u00f6zellikle Hristiyan a\u015f\u0131r\u0131 sa\u011fa ve \u0130srail i\u00e7in \u00e7ok yo\u011fun lobi yapan gruplara odakland\u0131\u011f\u0131n\u0131 belirten Van &#8216;t Pad, \u015funlar\u0131 kaydetti:<\/p>\n<p>\n\t&#8220;Ger\u00e7ekten \u0130srail Knesset&#8217;inden, \u0130srail kurulu\u015flar\u0131ndan Hollanda\u2019daki bu Hristiyan gruplar\u0131 besleyen, \u00e7ok say\u0131da ve do\u011frudan ba\u011flant\u0131lar var. Bu partilere konu\u015fma noktalar\u0131, arg\u00fcmanlar veriyorlar, kendi \u00fclkelerinde \u0130srail i\u00e7in lobi yapmalar\u0131 i\u00e7in onlar\u0131 d\u00fcnyan\u0131n d\u00f6rt bir yan\u0131ndan bir araya getiriyorlar. Genellikle temelsiz, \u0130srail propaganda malzemesi Hollanda parlamentosuna giriyor.&#8221;<\/p>\n<p>\n\tVan &#8216;t Pad, etnik-milliyet\u00e7ili\u011fin Hristiyan \u00e7er\u00e7evesi i\u00e7inde \u00e7ok zehirli bir kar\u0131\u015f\u0131m g\u00f6rd\u00fcklerini belirterek \u015funlar\u0131 kaydetti:<\/p>\n<p>\n\t&#8220;Vadedilmi\u015f Toprak, Yahudilere ait gibi kavramlar ama Hristiyan perspektifinden. \u00d6rne\u011fin, Yahudiler Kutsal Topraklara geri d\u00f6nd\u00fc\u011f\u00fcnde Mesih&#8217;in gelece\u011fine ve herkesin Hristiyanl\u0131\u011fa d\u00f6n\u00fc\u015fece\u011fine inan\u0131yor. Bu inanca g\u00f6re Yahudiler de d\u00f6n\u00fc\u015fece\u011fi i\u00e7in Yahudiler a\u00e7\u0131s\u0131ndan bu anlay\u0131\u015f ho\u015f kar\u015f\u0131lanm\u0131yor ama yine de Hristiyanl\u0131k&#8217;taki bu anlat\u0131n\u0131n g\u00fcc\u00fcn\u00fc g\u00f6r\u00fcyorlar ve bunu ger\u00e7ekten ara\u00e7salla\u015ft\u0131r\u0131yorlar, kendi politikalar\u0131 i\u00e7in kullan\u0131yorlar.&#8221; ifadelerini kulland\u0131.<\/p>\n<p>\n\tVan &#8216;t Pad, bunun \u00e7ok endi\u015fe verici oldu\u011funu ve Hollanda kamuoyu ve siyasi manzaras\u0131n\u0131n do\u011frudan \u0130srail taraf\u0131ndan etkilenmesi anlam\u0131na geldi\u011fini vurgulad\u0131.<\/p>\n<h2>\n\tHollanda istihbarat\u0131 \u0130srail etkisini tehdit olarak g\u00f6r\u00fcyor<\/h2>\n<p>\n\tHollanda kar\u015f\u0131 istihbarat birimlerinin bile \u0130srail&#8217;in bu etkileme eylemlerini Hollanda ulusal demokrasisine y\u00f6nelik bir tehdit olarak not etti\u011fini belirten Van &#8216;t Pad, &#8220;Neyse ki buna kar\u015f\u0131 bir kar\u015f\u0131 hareket g\u00f6r\u00fcyoruz.&#8221; dedi.<\/p>\n<p>\n\tVan &#8216;t Pad, pek \u00e7ok partinin a\u00e7\u0131k bir \u015fekilde \u0130srail yanl\u0131s\u0131 politikalar\u0131 takip etse de Hollanda kamuoyunda \u0130srail&#8217;e destek veya \u0130srail alg\u0131s\u0131n\u0131n Hollanda&#8217;da tarihsel olarak en d\u00fc\u015f\u00fck seviyede oldu\u011funu kaydetti.<\/p>\n<p>\n\t&#8220;Hollandal\u0131lar\u0131n neredeyse y\u00fczde 80&#8217;i \u0130srail hakk\u0131nda olumsuz g\u00f6r\u00fc\u015fe sahip ama bir \u015fekilde bu Hollanda siyasi sisteminde veya partilerde yans\u0131t\u0131lm\u0131yor. Burada \u0130srail&#8217;in partilerle ne kadar verimli ili\u015fkilere sahip oldu\u011funu g\u00f6r\u00fcyoruz ama kamuyu ikna etmeyi ba\u015faramad\u0131lar.&#8221; diyen Van &#8216;t Pad, kamuoyu ile partiler aras\u0131nda b\u00fcy\u00fck bir fark oldu\u011funu ve bunun demokrasi i\u00e7in endi\u015fe verici bir i\u015faret oldu\u011funu vurgulad\u0131.<\/p>\n<h2>\n\tG\u00f6\u00e7 meselesi neden bu kadar kritik?<\/h2>\n<p>\n\tSon d\u00f6rt h\u00fck\u00fcmetin g\u00f6\u00e7 meselesi nedeniyle d\u00fc\u015ft\u00fc\u011f\u00fcn\u00fc hat\u0131rlatan Van &#8216;t Pad, insanlar\u0131n belirsizlik i\u00e7inde siyasette kesinlik arad\u0131klar\u0131n\u0131 ve politikac\u0131lar\u0131n, partilerin bu belirsizli\u011fi su\u00e7layacak birini bularak istismar etti\u011fini s\u00f6yledi.<\/p>\n<p>\n\tHollanda&#8217;da b\u00fcy\u00fck bir konut krizi oldu\u011funu ve a\u015f\u0131r\u0131 sa\u011f\u0131n anlat\u0131s\u0131n\u0131n bunun g\u00f6\u00e7 nedeniyle oldu\u011fu \u015feklinde oldu\u011funu belirten Van &#8216;t Pad, &#8220;Oysa rakamlar bunun ger\u00e7ekte b\u00f6yle olmad\u0131\u011f\u0131n\u0131 g\u00f6steriyor. Yeni ev in\u015fa edilmesini \u00e7ok zorla\u015ft\u0131ran \u00e7evreci d\u00fczenlemeler var. \u0130n\u015fa edilen ev say\u0131s\u0131 n\u00fcfus art\u0131\u015f\u0131yla ayn\u0131 oradan ilerlemiyor. Bu a\u015f\u0131r\u0131 sa\u011f taraf\u0131ndan kullan\u0131l\u0131yor.&#8221; dedi.<\/p>\n<div class=\"news-tags\">\n<div class=\"title\">ET\u0130KETLER<\/div>\n<div class=\"tags\">\n                                                                            Hollanda<br \/>\n                                                                            Se\u00e7im\n                                                                    <\/div>\n<\/p><\/div>\n<\/p><\/div>\n","protected":false},"excerpt":{"rendered":"<p>Avrupa se\u00e7imleri \u00fczerine ara\u015ft\u0131rmalar yapan siyaset bilimci ve Europe Elects yazar\u0131 Nassreddin Taibi ve sivil toplum kurulu\u015fu The Rights Forum&#8217;un Kampanya Direkt\u00f6r\u00fc Edwin van &#8216;t Pad, AA muhabirine, se\u00e7ime ili\u015fkin beklentilerini, a\u015f\u0131r\u0131 sa\u011f\u0131n y\u00fckseli\u015fi ve \u0130srail lobisinin Hollanda siyasetindeki etkisine ili\u015fkin analizlerini payla\u015ft\u0131. Europe Elects yazar\u0131 siyaset bilimci Taibi, Dilan Ye\u015filg\u00f6z liderli\u011findeki VVD&#8217;nin anketlerdeki d\u00fc\u015f\u00fc\u015f\u00fcn\u00fcn<\/p>\n","protected":false},"author":1,"featured_media":96046,"comment_status":"open","ping_status":"open","sticky":false,"template":"","format":"standard","meta":{"footnotes":""},"categories":[306],"tags":[],"class_list":["post-96045","post","type-post","status-publish","format-standard","has-post-thumbnail","hentry","category-dunya"],"yoast_head":"<!-- This site is optimized with the Yoast SEO plugin v27.4 - https:\/\/yoast.com\/product\/yoast-seo-wordpress\/ -->\n<title>Hollanda&#039;da erken se\u00e7im \u00f6ncesinde anketler a\u015f\u0131r\u0131 sa\u011f\u0131n ilk s\u0131ray\u0131 alaca\u011f\u0131n\u0131 g\u00f6steriyor -<\/title>\n<meta name=\"robots\" content=\"index, follow, max-snippet:-1, max-image-preview:large, max-video-preview:-1\" \/>\n<link rel=\"canonical\" href=\"https:\/\/kibrisdakik.com\/?p=96045\" \/>\n<meta property=\"og:locale\" content=\"tr_TR\" \/>\n<meta property=\"og:type\" content=\"article\" \/>\n<meta property=\"og:title\" content=\"Hollanda&#039;da erken se\u00e7im \u00f6ncesinde anketler a\u015f\u0131r\u0131 sa\u011f\u0131n ilk s\u0131ray\u0131 alaca\u011f\u0131n\u0131 g\u00f6steriyor -\" \/>\n<meta property=\"og:description\" content=\"Avrupa se\u00e7imleri \u00fczerine ara\u015ft\u0131rmalar yapan siyaset bilimci ve Europe Elects yazar\u0131 Nassreddin Taibi ve sivil toplum kurulu\u015fu The Rights Forum&#8217;un Kampanya Direkt\u00f6r\u00fc Edwin van &#8216;t Pad, AA muhabirine, se\u00e7ime ili\u015fkin beklentilerini, a\u015f\u0131r\u0131 sa\u011f\u0131n y\u00fckseli\u015fi ve \u0130srail lobisinin Hollanda siyasetindeki etkisine ili\u015fkin analizlerini payla\u015ft\u0131. Europe Elects yazar\u0131 siyaset bilimci Taibi, Dilan Ye\u015filg\u00f6z liderli\u011findeki VVD&#8217;nin anketlerdeki d\u00fc\u015f\u00fc\u015f\u00fcn\u00fcn\" \/>\n<meta property=\"og:url\" content=\"https:\/\/kibrisdakik.com\/?p=96045\" \/>\n<meta property=\"article:published_time\" content=\"2025-10-17T09:14:01+00:00\" \/>\n<meta property=\"og:image\" content=\"https:\/\/kibrisdakik.com\/wp-content\/uploads\/2025\/10\/hollanda-secim-aa-2144870.jpg\" \/>\n\t<meta property=\"og:image:width\" content=\"1280\" \/>\n\t<meta property=\"og:image:height\" content=\"720\" \/>\n\t<meta property=\"og:image:type\" content=\"image\/jpeg\" \/>\n<meta name=\"author\" content=\"admin\" \/>\n<meta name=\"twitter:card\" content=\"summary_large_image\" \/>\n<meta name=\"twitter:label1\" content=\"Yazan:\" \/>\n\t<meta name=\"twitter:data1\" content=\"admin\" \/>\n\t<meta name=\"twitter:label2\" content=\"Tahmini okuma s\u00fcresi\" \/>\n\t<meta name=\"twitter:data2\" content=\"5 dakika\" \/>\n<script type=\"application\/ld+json\" class=\"yoast-schema-graph\">{\"@context\":\"https:\\\/\\\/schema.org\",\"@graph\":[{\"@type\":\"Article\",\"@id\":\"https:\\\/\\\/kibrisdakik.com\\\/?p=96045#article\",\"isPartOf\":{\"@id\":\"https:\\\/\\\/kibrisdakik.com\\\/?p=96045\"},\"author\":{\"name\":\"admin\",\"@id\":\"https:\\\/\\\/kibrisdakik.com\\\/#\\\/schema\\\/person\\\/9cd9d437bbb44f72b73ba127e06d8e79\"},\"headline\":\"Hollanda&#039;da erken se\u00e7im \u00f6ncesinde anketler a\u015f\u0131r\u0131 sa\u011f\u0131n ilk s\u0131ray\u0131 alaca\u011f\u0131n\u0131 g\u00f6steriyor\",\"datePublished\":\"2025-10-17T09:14:01+00:00\",\"mainEntityOfPage\":{\"@id\":\"https:\\\/\\\/kibrisdakik.com\\\/?p=96045\"},\"wordCount\":1105,\"commentCount\":0,\"image\":{\"@id\":\"https:\\\/\\\/kibrisdakik.com\\\/?p=96045#primaryimage\"},\"thumbnailUrl\":\"https:\\\/\\\/kibrisdakik.com\\\/wp-content\\\/uploads\\\/2025\\\/10\\\/hollanda-secim-aa-2144870.jpg\",\"articleSection\":[\"D\u00fcnya\"],\"inLanguage\":\"tr\",\"potentialAction\":[{\"@type\":\"CommentAction\",\"name\":\"Comment\",\"target\":[\"https:\\\/\\\/kibrisdakik.com\\\/?p=96045#respond\"]}]},{\"@type\":\"WebPage\",\"@id\":\"https:\\\/\\\/kibrisdakik.com\\\/?p=96045\",\"url\":\"https:\\\/\\\/kibrisdakik.com\\\/?p=96045\",\"name\":\"Hollanda&#039;da erken se\u00e7im \u00f6ncesinde anketler a\u015f\u0131r\u0131 sa\u011f\u0131n ilk s\u0131ray\u0131 alaca\u011f\u0131n\u0131 g\u00f6steriyor -\",\"isPartOf\":{\"@id\":\"https:\\\/\\\/kibrisdakik.com\\\/#website\"},\"primaryImageOfPage\":{\"@id\":\"https:\\\/\\\/kibrisdakik.com\\\/?p=96045#primaryimage\"},\"image\":{\"@id\":\"https:\\\/\\\/kibrisdakik.com\\\/?p=96045#primaryimage\"},\"thumbnailUrl\":\"https:\\\/\\\/kibrisdakik.com\\\/wp-content\\\/uploads\\\/2025\\\/10\\\/hollanda-secim-aa-2144870.jpg\",\"datePublished\":\"2025-10-17T09:14:01+00:00\",\"author\":{\"@id\":\"https:\\\/\\\/kibrisdakik.com\\\/#\\\/schema\\\/person\\\/9cd9d437bbb44f72b73ba127e06d8e79\"},\"breadcrumb\":{\"@id\":\"https:\\\/\\\/kibrisdakik.com\\\/?p=96045#breadcrumb\"},\"inLanguage\":\"tr\",\"potentialAction\":[{\"@type\":\"ReadAction\",\"target\":[\"https:\\\/\\\/kibrisdakik.com\\\/?p=96045\"]}]},{\"@type\":\"ImageObject\",\"inLanguage\":\"tr\",\"@id\":\"https:\\\/\\\/kibrisdakik.com\\\/?p=96045#primaryimage\",\"url\":\"https:\\\/\\\/kibrisdakik.com\\\/wp-content\\\/uploads\\\/2025\\\/10\\\/hollanda-secim-aa-2144870.jpg\",\"contentUrl\":\"https:\\\/\\\/kibrisdakik.com\\\/wp-content\\\/uploads\\\/2025\\\/10\\\/hollanda-secim-aa-2144870.jpg\",\"width\":1280,\"height\":720},{\"@type\":\"BreadcrumbList\",\"@id\":\"https:\\\/\\\/kibrisdakik.com\\\/?p=96045#breadcrumb\",\"itemListElement\":[{\"@type\":\"ListItem\",\"position\":1,\"name\":\"Home\",\"item\":\"https:\\\/\\\/kibrisdakik.com\\\/\"},{\"@type\":\"ListItem\",\"position\":2,\"name\":\"Hollanda&#039;da erken se\u00e7im \u00f6ncesinde anketler a\u015f\u0131r\u0131 sa\u011f\u0131n ilk s\u0131ray\u0131 alaca\u011f\u0131n\u0131 g\u00f6steriyor\"}]},{\"@type\":\"WebSite\",\"@id\":\"https:\\\/\\\/kibrisdakik.com\\\/#website\",\"url\":\"https:\\\/\\\/kibrisdakik.com\\\/\",\"name\":\"\",\"description\":\"Tam vaktinde haber\",\"potentialAction\":[{\"@type\":\"SearchAction\",\"target\":{\"@type\":\"EntryPoint\",\"urlTemplate\":\"https:\\\/\\\/kibrisdakik.com\\\/?s={search_term_string}\"},\"query-input\":{\"@type\":\"PropertyValueSpecification\",\"valueRequired\":true,\"valueName\":\"search_term_string\"}}],\"inLanguage\":\"tr\"},{\"@type\":\"Person\",\"@id\":\"https:\\\/\\\/kibrisdakik.com\\\/#\\\/schema\\\/person\\\/9cd9d437bbb44f72b73ba127e06d8e79\",\"name\":\"admin\",\"image\":{\"@type\":\"ImageObject\",\"inLanguage\":\"tr\",\"@id\":\"https:\\\/\\\/secure.gravatar.com\\\/avatar\\\/ccc17943b9d660506c869530f897617f7cb1c21a4bf30023f252596d83e1f007?s=96&d=mm&r=g\",\"url\":\"https:\\\/\\\/secure.gravatar.com\\\/avatar\\\/ccc17943b9d660506c869530f897617f7cb1c21a4bf30023f252596d83e1f007?s=96&d=mm&r=g\",\"contentUrl\":\"https:\\\/\\\/secure.gravatar.com\\\/avatar\\\/ccc17943b9d660506c869530f897617f7cb1c21a4bf30023f252596d83e1f007?s=96&d=mm&r=g\",\"caption\":\"admin\"},\"sameAs\":[\"https:\\\/\\\/kibrisdakik.com\"],\"url\":\"https:\\\/\\\/kibrisdakik.com\\\/?author=1\"}]}<\/script>\n<!-- \/ Yoast SEO plugin. -->","yoast_head_json":{"title":"Hollanda&#039;da erken se\u00e7im \u00f6ncesinde anketler a\u015f\u0131r\u0131 sa\u011f\u0131n ilk s\u0131ray\u0131 alaca\u011f\u0131n\u0131 g\u00f6steriyor -","robots":{"index":"index","follow":"follow","max-snippet":"max-snippet:-1","max-image-preview":"max-image-preview:large","max-video-preview":"max-video-preview:-1"},"canonical":"https:\/\/kibrisdakik.com\/?p=96045","og_locale":"tr_TR","og_type":"article","og_title":"Hollanda&#039;da erken se\u00e7im \u00f6ncesinde anketler a\u015f\u0131r\u0131 sa\u011f\u0131n ilk s\u0131ray\u0131 alaca\u011f\u0131n\u0131 g\u00f6steriyor -","og_description":"Avrupa se\u00e7imleri \u00fczerine ara\u015ft\u0131rmalar yapan siyaset bilimci ve Europe Elects yazar\u0131 Nassreddin Taibi ve sivil toplum kurulu\u015fu The Rights Forum&#8217;un Kampanya Direkt\u00f6r\u00fc Edwin van &#8216;t Pad, AA muhabirine, se\u00e7ime ili\u015fkin beklentilerini, a\u015f\u0131r\u0131 sa\u011f\u0131n y\u00fckseli\u015fi ve \u0130srail lobisinin Hollanda siyasetindeki etkisine ili\u015fkin analizlerini payla\u015ft\u0131. Europe Elects yazar\u0131 siyaset bilimci Taibi, Dilan Ye\u015filg\u00f6z liderli\u011findeki VVD&#8217;nin anketlerdeki d\u00fc\u015f\u00fc\u015f\u00fcn\u00fcn","og_url":"https:\/\/kibrisdakik.com\/?p=96045","article_published_time":"2025-10-17T09:14:01+00:00","og_image":[{"width":1280,"height":720,"url":"https:\/\/kibrisdakik.com\/wp-content\/uploads\/2025\/10\/hollanda-secim-aa-2144870.jpg","type":"image\/jpeg"}],"author":"admin","twitter_card":"summary_large_image","twitter_misc":{"Yazan:":"admin","Tahmini okuma s\u00fcresi":"5 dakika"},"schema":{"@context":"https:\/\/schema.org","@graph":[{"@type":"Article","@id":"https:\/\/kibrisdakik.com\/?p=96045#article","isPartOf":{"@id":"https:\/\/kibrisdakik.com\/?p=96045"},"author":{"name":"admin","@id":"https:\/\/kibrisdakik.com\/#\/schema\/person\/9cd9d437bbb44f72b73ba127e06d8e79"},"headline":"Hollanda&#039;da erken se\u00e7im \u00f6ncesinde anketler a\u015f\u0131r\u0131 sa\u011f\u0131n ilk s\u0131ray\u0131 alaca\u011f\u0131n\u0131 g\u00f6steriyor","datePublished":"2025-10-17T09:14:01+00:00","mainEntityOfPage":{"@id":"https:\/\/kibrisdakik.com\/?p=96045"},"wordCount":1105,"commentCount":0,"image":{"@id":"https:\/\/kibrisdakik.com\/?p=96045#primaryimage"},"thumbnailUrl":"https:\/\/kibrisdakik.com\/wp-content\/uploads\/2025\/10\/hollanda-secim-aa-2144870.jpg","articleSection":["D\u00fcnya"],"inLanguage":"tr","potentialAction":[{"@type":"CommentAction","name":"Comment","target":["https:\/\/kibrisdakik.com\/?p=96045#respond"]}]},{"@type":"WebPage","@id":"https:\/\/kibrisdakik.com\/?p=96045","url":"https:\/\/kibrisdakik.com\/?p=96045","name":"Hollanda&#039;da erken se\u00e7im \u00f6ncesinde anketler a\u015f\u0131r\u0131 sa\u011f\u0131n ilk s\u0131ray\u0131 alaca\u011f\u0131n\u0131 g\u00f6steriyor -","isPartOf":{"@id":"https:\/\/kibrisdakik.com\/#website"},"primaryImageOfPage":{"@id":"https:\/\/kibrisdakik.com\/?p=96045#primaryimage"},"image":{"@id":"https:\/\/kibrisdakik.com\/?p=96045#primaryimage"},"thumbnailUrl":"https:\/\/kibrisdakik.com\/wp-content\/uploads\/2025\/10\/hollanda-secim-aa-2144870.jpg","datePublished":"2025-10-17T09:14:01+00:00","author":{"@id":"https:\/\/kibrisdakik.com\/#\/schema\/person\/9cd9d437bbb44f72b73ba127e06d8e79"},"breadcrumb":{"@id":"https:\/\/kibrisdakik.com\/?p=96045#breadcrumb"},"inLanguage":"tr","potentialAction":[{"@type":"ReadAction","target":["https:\/\/kibrisdakik.com\/?p=96045"]}]},{"@type":"ImageObject","inLanguage":"tr","@id":"https:\/\/kibrisdakik.com\/?p=96045#primaryimage","url":"https:\/\/kibrisdakik.com\/wp-content\/uploads\/2025\/10\/hollanda-secim-aa-2144870.jpg","contentUrl":"https:\/\/kibrisdakik.com\/wp-content\/uploads\/2025\/10\/hollanda-secim-aa-2144870.jpg","width":1280,"height":720},{"@type":"BreadcrumbList","@id":"https:\/\/kibrisdakik.com\/?p=96045#breadcrumb","itemListElement":[{"@type":"ListItem","position":1,"name":"Home","item":"https:\/\/kibrisdakik.com\/"},{"@type":"ListItem","position":2,"name":"Hollanda&#039;da erken se\u00e7im \u00f6ncesinde anketler a\u015f\u0131r\u0131 sa\u011f\u0131n ilk s\u0131ray\u0131 alaca\u011f\u0131n\u0131 g\u00f6steriyor"}]},{"@type":"WebSite","@id":"https:\/\/kibrisdakik.com\/#website","url":"https:\/\/kibrisdakik.com\/","name":"","description":"Tam vaktinde haber","potentialAction":[{"@type":"SearchAction","target":{"@type":"EntryPoint","urlTemplate":"https:\/\/kibrisdakik.com\/?s={search_term_string}"},"query-input":{"@type":"PropertyValueSpecification","valueRequired":true,"valueName":"search_term_string"}}],"inLanguage":"tr"},{"@type":"Person","@id":"https:\/\/kibrisdakik.com\/#\/schema\/person\/9cd9d437bbb44f72b73ba127e06d8e79","name":"admin","image":{"@type":"ImageObject","inLanguage":"tr","@id":"https:\/\/secure.gravatar.com\/avatar\/ccc17943b9d660506c869530f897617f7cb1c21a4bf30023f252596d83e1f007?s=96&d=mm&r=g","url":"https:\/\/secure.gravatar.com\/avatar\/ccc17943b9d660506c869530f897617f7cb1c21a4bf30023f252596d83e1f007?s=96&d=mm&r=g","contentUrl":"https:\/\/secure.gravatar.com\/avatar\/ccc17943b9d660506c869530f897617f7cb1c21a4bf30023f252596d83e1f007?s=96&d=mm&r=g","caption":"admin"},"sameAs":["https:\/\/kibrisdakik.com"],"url":"https:\/\/kibrisdakik.com\/?author=1"}]}},"_links":{"self":[{"href":"https:\/\/kibrisdakik.com\/index.php?rest_route=\/wp\/v2\/posts\/96045","targetHints":{"allow":["GET"]}}],"collection":[{"href":"https:\/\/kibrisdakik.com\/index.php?rest_route=\/wp\/v2\/posts"}],"about":[{"href":"https:\/\/kibrisdakik.com\/index.php?rest_route=\/wp\/v2\/types\/post"}],"author":[{"embeddable":true,"href":"https:\/\/kibrisdakik.com\/index.php?rest_route=\/wp\/v2\/users\/1"}],"replies":[{"embeddable":true,"href":"https:\/\/kibrisdakik.com\/index.php?rest_route=%2Fwp%2Fv2%2Fcomments&post=96045"}],"version-history":[{"count":0,"href":"https:\/\/kibrisdakik.com\/index.php?rest_route=\/wp\/v2\/posts\/96045\/revisions"}],"wp:featuredmedia":[{"embeddable":true,"href":"https:\/\/kibrisdakik.com\/index.php?rest_route=\/wp\/v2\/media\/96046"}],"wp:attachment":[{"href":"https:\/\/kibrisdakik.com\/index.php?rest_route=%2Fwp%2Fv2%2Fmedia&parent=96045"}],"wp:term":[{"taxonomy":"category","embeddable":true,"href":"https:\/\/kibrisdakik.com\/index.php?rest_route=%2Fwp%2Fv2%2Fcategories&post=96045"},{"taxonomy":"post_tag","embeddable":true,"href":"https:\/\/kibrisdakik.com\/index.php?rest_route=%2Fwp%2Fv2%2Ftags&post=96045"}],"curies":[{"name":"wp","href":"https:\/\/api.w.org\/{rel}","templated":true}]}}