{"id":96049,"date":"2025-10-17T12:42:03","date_gmt":"2025-10-17T09:42:03","guid":{"rendered":"https:\/\/kibrisdakik.com\/index.php\/2025\/10\/17\/mavis-ciddiyete-sahip-lider-gormek-istiyoruz\/"},"modified":"2025-10-17T12:42:03","modified_gmt":"2025-10-17T09:42:03","slug":"mavis-ciddiyete-sahip-lider-gormek-istiyoruz","status":"publish","type":"post","link":"https:\/\/kibrisdakik.com\/?p=96049","title":{"rendered":"MAV\u0130\u015e: \u201cC\u0130DD\u0130YETE SAH\u0130P L\u0130DER G\u00d6RMEK \u0130ST\u0130YORUZ\u201d"},"content":{"rendered":"<p><\/p>\n<p>K\u0131br\u0131s T\u00fcrk \u00d6\u011fretmenler Sendikas\u0131 (KT\u00d6S) Genel Sekreteri Burak Mavi\u015f, Kanal Sim\u2019de yay\u0131nlanan Meyil Adakul\u2019un program\u0131na konuk oldu. Mavi\u015f, yakla\u015fan cumhurba\u015fkanl\u0131\u011f\u0131 se\u00e7imleri, uluslararas\u0131 temaslar, e\u011fitim politikalar\u0131 ve \u00fcniversitelerle ilgili de\u011ferlendirmelerde bulundu.<\/p>\n<p>&#8220;SON 5 YIL BO\u015e GE\u00c7T\u0130&#8221;<br \/>\nKT\u00d6S Genel Sekreteri Burak Mavi\u015f, Mavi\u015f, son be\u015f y\u0131lda resmi m\u00fczakerelerin yap\u0131lmad\u0131\u011f\u0131n\u0131 belirterek, s\u00fcrekli olarak New York\u2019a gidip g\u00f6r\u00fc\u015fmeler yap\u0131lan bir anlay\u0131\u015f\u0131n hakim oldu\u011funu ifade etti. Bu se\u00e7imlerde de a\u00e7\u0131k bir m\u00fcdahale oldu\u011funu g\u00f6zlemlediklerini kaydeden Burak Mavi\u015f, \u201cAncak bu m\u00fcdahaleyi yaln\u0131zca biz fark etmiyoruz. Adan\u0131n kuzeyinde, h\u00fck\u00fcmetin yaratt\u0131\u011f\u0131 olumsuzluklar ve e\u015fitsizlikler alt\u0131nda ezilen ayd\u0131n bir toplum var ve bu toplum olan biteni g\u00f6r\u00fcyor. K\u00fclt\u00fcrel kodlar\u0131m\u0131z buna g\u00f6re \u015fekillenmi\u015f durumda ve art\u0131k siyasetin \u00fczerinden yap\u0131lan m\u00fcdahaleleri kabul etmiyor\u201d dedi. \u0130ki toplumlu etkinliklerde ve Avrupa Komisyonu ile Avrupa Parlamento temsilcileriyle yap\u0131lan temaslarda da eksiklikler ya\u015fand\u0131\u011f\u0131n\u0131 belirten Mavi\u015f, Tufan Erh\u00fcrman gibi bir liderin bu bo\u015flu\u011fu doldurabilece\u011fini ve olumlu atmosferler yaratabilece\u011fini bu sebeple Cumhurba\u015fkan\u0131 Aday\u0131 Tufan Erh\u00fcrman\u2019a a\u00e7\u0131k destek verdiklerini ifade etti.<\/p>\n<p>\u201cM\u00dcDAHALE VARSA, M\u00dcCADELE DE VARDIR!\u201d<br \/>\nMavi\u015f, m\u00fcdahale varsa m\u00fccadele de olmas\u0131 gerekti\u011fini ifade ederek, \u201cBu m\u00fcdahaleleri g\u00f6r\u00fcp s\u00f6z\u00fcm\u00fcz\u00fc a\u00e7\u0131k\u00e7a s\u00f6ylememiz gerekiyor. Tarafs\u0131z olma l\u00fcks\u00fcm\u00fcz yok. Ba\u011f\u0131ms\u0131z olmak ile sorumluluktan ka\u00e7mamak birbirine kar\u0131\u015ft\u0131r\u0131lmamal\u0131. Bug\u00fcn Cevdet Y\u0131lmaz, S\u00fcleyman Soylu, Ahmet Erba\u015f veya Mesut \u00d6zil gibi isimler bu \u00fclkeye geliyorsa, bu bir m\u00fcdahaledir; ancak m\u00fcdahale var diye kenara \u00e7ekilip seyretmek s\u00f6z konusu olamaz\u201d \u015feklinde konu\u015ftu.<\/p>\n<p>\u201cTATAR, BA\u015eKANLIK REJ\u0130M\u0130NE BENZER SENARYOLAR \u0130LE PROPAGANDA YAPTI\u201d<br \/>\nErsin Tatar\u2019\u0131n \u201cAtak Diplomasi, Halk \u0130\u00e7in E\u011fitim\u201d anlay\u0131\u015f\u0131yla hareket etmesini ele\u015ftiren Mavi\u015f, \u201cAncak son be\u015f y\u0131l toplum yarar\u0131na boyunca ciddi bir eylemsizlik g\u00f6zlemlendi. Evliya \u00c7elebi gibi T\u00fcrkiye\u2019de dola\u015fmad\u0131\u011f\u0131, fahri doktora unvan\u0131 almad\u0131\u011f\u0131 yer kalmad\u0131; fakat Cumhurba\u015fkanl\u0131\u011f\u0131 g\u00f6revleri aras\u0131nda olmamas\u0131na ra\u011fmen h\u00fck\u00fcmetin yetki alan\u0131na giren konularda T\u00fcrkiye\u2019deki ba\u015fkanl\u0131k rejimi benzeri senaryolar kurgulay\u0131p billboardlarda propaganda yapt\u0131\u201d dedi.<\/p>\n<p>E\u011e\u0130T\u0130M ALANINDAK\u0130 EKS\u0130KL\u0130KLER<br \/>\nE\u011fitim alan\u0131na \u00f6zellikle dikkat \u00e7eken belirten Mavi\u015f, \u201c\u00c7ocuklar\u0131m\u0131z\u0131n g\u00fcvenli ve \u00e7a\u011fda\u015f e\u011fitim kurumlar\u0131nda \u00f6\u011frenim g\u00f6rmesini sa\u011flamak temel hedef olmal\u0131. E\u011fitim Bakan\u0131, 29 okulun g\u00fc\u00e7lendirildi\u011fini a\u00e7\u0131klarken, \u015fu anda 20 okulda \u015fantiye \u00e7al\u0131\u015fmalar\u0131 devam ediyor ve 30 okulda 252 konteyner bulunuyor\u201d dedi.<\/p>\n<p>\u201c26 YEN\u0130 OKUL H\u00c2L\u00c2 TAMAMLANMADI\u201d<br \/>\nMavi\u015f, \u00fc\u00e7 y\u0131l \u00f6nce T\u00fcrkiye ile imzalanan protokolle 26 yeni okul yap\u0131laca\u011f\u0131 s\u00f6ylendi\u011fini hat\u0131rlatarak, \u201cAncak bu okullar h\u00e2l\u00e2 tamamlanmad\u0131. Yap\u0131lan okullar\u0131n b\u00fcy\u00fck k\u0131sm\u0131 i\u015f insanlar\u0131 ve belediyeler arac\u0131l\u0131\u011f\u0131yla in\u015fa edildi. A\u00e7\u0131l\u0131\u015flar\u0131na kat\u0131l\u0131p kurdele kesiliyor. Sn. Tatar mesleki ve teknik alanlarda yeni b\u00f6l\u00fcmler a\u00e7\u0131laca\u011f\u0131n\u0131 s\u00f6yl\u00fcyor; ancak \u00f6ncelik mevcut okullara sahip \u00e7\u0131kmak olmal\u0131yd\u0131. Be\u015f y\u0131l boyunca meslek okullar\u0131na girilip denetlendi mi? Hangi yeni b\u00f6l\u00fcmler a\u00e7\u0131ld\u0131?\u201d diye sordu.<\/p>\n<p>\u201cE\u011e\u0130T\u0130M VE \u0130ST\u0130HDAM POL\u0130T\u0130KALARI HEDEF\u0130 KAR\u015eILAMIYOR\u201d<br \/>\nMavi\u015f, toplumun i\u015f g\u00fcc\u00fcn\u00fcn b\u00fcy\u00fck \u00f6l\u00e7\u00fcde \u00fc\u00e7\u00fcnc\u00fc d\u00fcnya \u00fclkelerinden gelen i\u015f g\u00fcc\u00fcyle d\u00f6nmesinin e\u011fitim ve istihdam politikalar\u0131n\u0131n yetersizli\u011fine ba\u011fl\u0131 oldu\u011funu kaydederek, \u201cMeslek okullar\u0131ndan mezun olanlar\u0131n y\u00fczde ka\u00e7\u0131 kendi alanlar\u0131nda \u00e7al\u0131\u015fabiliyor. \u00c7ocuklar meslek edindi\u011finde hak ettikleri maa\u015f\u0131 alabilmeli, oysa bug\u00fcn e\u011fitim ve istihdam politikalar\u0131 bu hedefi kar\u015f\u0131lam\u0131yor ve billboardlarla yap\u0131lan propagandalarla kamuoyunun akl\u0131yla oynan\u0131yor\u201d dedi.<\/p>\n<p>Cumhurba\u015fkan\u0131 Tatar\u2019\u0131n yapt\u0131\u011f\u0131 bir a\u00e7\u0131klamada \u201c1000 Euro asgari \u00fccret fazlad\u0131r\u201d diyerek en b\u00fcy\u00fck hatas\u0131n\u0131 itiraf etti\u011fini ifade eden Mavi\u015f, \u201cMesleki e\u011fitim politikas\u0131n\u0131n eksikli\u011fi ve \u00fcretime katk\u0131 sa\u011flama noktas\u0131ndaki ihmaller, toplumun gelece\u011fini ciddi \u015fekilde etkiliyor\u201d dedi.<\/p>\n<p>\u00dcN\u0130VERS\u0130TELERDEK\u0130 SORUNLAR<br \/>\nMavi\u015f, \u00fcniversitelerin uluslararas\u0131 alanda rekabet g\u00fcc\u00fcn\u00fcn art\u0131r\u0131laca\u011f\u0131 y\u00f6n\u00fcndeki a\u00e7\u0131klamalara ra\u011fmen, Y\u00d6DAK\u2019a atanan baz\u0131 ki\u015filerin yolsuzlukla an\u0131ld\u0131\u011f\u0131n\u0131 kaydetti. Mavi\u015f, \u201cEski e\u011fitim bakan\u0131 sahte diploma sat\u0131yor; hatta sahte diploma satan ki\u015finin kendisinin diplomas\u0131n\u0131n da sahte oldu\u011fu ortaya \u00e7\u0131k\u0131yor\u201d dedi.<\/p>\n<p>Mavi\u015f, k\u00f6kl\u00fc \u00fcniversiteler olmas\u0131na ra\u011fmen Ersin Tatar\u2019\u0131n deste\u011fi ile T\u00fcrkiye\u2019den i\u015f insanlar\u0131 getirilip onlara butik \u00fcniversiteler a\u00e7t\u0131r\u0131ld\u0131\u011f\u0131n\u0131 ifade ederek, \u201c\u00dcniversite say\u0131s\u0131 23\u2019e ula\u015f\u0131yor; ancak bu kurumlar\u0131n \u00fcretim ve akademik yay\u0131n kapasitesi \u00e7ok s\u0131n\u0131rl\u0131. Bu \u00fcniversiteler neredeyse sadece diploma veriyor. Yarat\u0131lan sistemin bir par\u00e7as\u0131 olarak, diplomalar\u0131n ki\u015filer taraf\u0131ndan kolayca elde edilebildi\u011fi ve meslek hayat\u0131nda avantaj sa\u011flamak i\u00e7in kullan\u0131labildi\u011fi Mahkeme tutanaklar\u0131na ge\u00e7mi\u015ftir. Bu durum sosyal ahlaki \u00e7\u00f6k\u00fc\u015f\u00fcn bir par\u00e7as\u0131d\u0131r\u201d dedi.<\/p>\n<p>\u201cTATAR\u2019IN G\u00d6REV S\u00dcRES\u0130 BOYUNCA \u00d6\u011eRENC\u0130 SAYISI AZALDI\u201d<br \/>\nMavi\u015f, \u00fcniversitelerin uluslararas\u0131 d\u00fczeydeki ba\u015far\u0131lar\u0131n\u0131n da s\u0131n\u0131rl\u0131 kald\u0131\u011f\u0131n\u0131 kaydederek, \u201cTatar g\u00f6reve ba\u015flad\u0131\u011f\u0131 g\u00fcnden bu yana yurt d\u0131\u015f\u0131ndan gelen \u00f6\u011frenci say\u0131s\u0131nda belirgin bir d\u00fc\u015f\u00fc\u015f ya\u015fand\u0131 ve bu \u00fclkedeki y\u00fcksek\u00f6\u011fretim alan\u0131 ciddi \u015fekilde etkilendi.<\/p>\n<p>\u201cTOPLUMSAL HAKLARIMIZI SAVUNMAYA DEVAM ED\u0130YORUZ\u201d<br \/>\nK\u0131br\u0131s T\u00fcrk Toplumu\u2019nun tarih boyunca kar\u015f\u0131la\u015ft\u0131\u011f\u0131 zorluklara da de\u011finen Mavi\u015f, toplumun \u00f6zne bilinci ve demokrasi m\u00fccadelesinin \u00f6nemine vurgu yapt\u0131. \u201cToplumsal birli\u011fimiz kolay olu\u015fmad\u0131; \u0130ngiliz d\u00f6neminde ba\u015fka zorluklarla bo\u011fu\u015ftu, 1963-74 y\u0131llar\u0131 aras\u0131nda evinden bark\u0131ndan \u00e7\u0131kmak zorunda kald\u0131. \u00d6\u011fretmenlerimiz toplumsal m\u00fccadelede b\u00fcy\u00fck fedak\u00e2rl\u0131k g\u00f6sterdi. Bug\u00fcn ise ba\u011f\u0131ms\u0131zl\u0131k ve sorumluluk anlay\u0131\u015f\u0131yla toplumsal haklar\u0131m\u0131z\u0131 savunmaya devam ediyoruz\u201d ifadelerini kulland\u0131.<\/p>\n","protected":false},"excerpt":{"rendered":"<p>K\u0131br\u0131s T\u00fcrk \u00d6\u011fretmenler Sendikas\u0131 (KT\u00d6S) Genel Sekreteri Burak Mavi\u015f, Kanal Sim\u2019de yay\u0131nlanan Meyil Adakul\u2019un program\u0131na konuk oldu. Mavi\u015f, yakla\u015fan cumhurba\u015fkanl\u0131\u011f\u0131 se\u00e7imleri, uluslararas\u0131 temaslar, e\u011fitim politikalar\u0131 ve \u00fcniversitelerle ilgili de\u011ferlendirmelerde bulundu. &#8220;SON 5 YIL BO\u015e GE\u00c7T\u0130&#8221; KT\u00d6S Genel Sekreteri Burak Mavi\u015f, Mavi\u015f, son be\u015f y\u0131lda resmi m\u00fczakerelerin yap\u0131lmad\u0131\u011f\u0131n\u0131 belirterek, s\u00fcrekli olarak New York\u2019a gidip g\u00f6r\u00fc\u015fmeler yap\u0131lan<\/p>\n","protected":false},"author":1,"featured_media":96050,"comment_status":"open","ping_status":"open","sticky":false,"template":"","format":"standard","meta":{"footnotes":""},"categories":[81],"tags":[],"class_list":["post-96049","post","type-post","status-publish","format-standard","has-post-thumbnail","hentry","category-kibris"],"yoast_head":"<!-- This site is optimized with the Yoast SEO plugin v27.5 - https:\/\/yoast.com\/product\/yoast-seo-wordpress\/ -->\n<title>MAV\u0130\u015e: \u201cC\u0130DD\u0130YETE SAH\u0130P L\u0130DER G\u00d6RMEK \u0130ST\u0130YORUZ\u201d -<\/title>\n<meta name=\"robots\" content=\"index, follow, max-snippet:-1, max-image-preview:large, max-video-preview:-1\" \/>\n<link rel=\"canonical\" href=\"https:\/\/kibrisdakik.com\/?p=96049\" \/>\n<meta property=\"og:locale\" content=\"tr_TR\" \/>\n<meta property=\"og:type\" content=\"article\" \/>\n<meta property=\"og:title\" content=\"MAV\u0130\u015e: \u201cC\u0130DD\u0130YETE SAH\u0130P L\u0130DER G\u00d6RMEK \u0130ST\u0130YORUZ\u201d -\" \/>\n<meta property=\"og:description\" content=\"K\u0131br\u0131s T\u00fcrk \u00d6\u011fretmenler Sendikas\u0131 (KT\u00d6S) Genel Sekreteri Burak Mavi\u015f, Kanal Sim\u2019de yay\u0131nlanan Meyil Adakul\u2019un program\u0131na konuk oldu. Mavi\u015f, yakla\u015fan cumhurba\u015fkanl\u0131\u011f\u0131 se\u00e7imleri, uluslararas\u0131 temaslar, e\u011fitim politikalar\u0131 ve \u00fcniversitelerle ilgili de\u011ferlendirmelerde bulundu. &#8220;SON 5 YIL BO\u015e GE\u00c7T\u0130&#8221; KT\u00d6S Genel Sekreteri Burak Mavi\u015f, Mavi\u015f, son be\u015f y\u0131lda resmi m\u00fczakerelerin yap\u0131lmad\u0131\u011f\u0131n\u0131 belirterek, s\u00fcrekli olarak New York\u2019a gidip g\u00f6r\u00fc\u015fmeler yap\u0131lan\" \/>\n<meta property=\"og:url\" content=\"https:\/\/kibrisdakik.com\/?p=96049\" \/>\n<meta property=\"article:published_time\" content=\"2025-10-17T09:42:03+00:00\" \/>\n<meta property=\"og:image\" content=\"https:\/\/kibrisdakik.com\/wp-content\/uploads\/2025\/10\/mha-1602.png\" \/>\n\t<meta property=\"og:image:width\" content=\"1280\" \/>\n\t<meta property=\"og:image:height\" content=\"720\" \/>\n\t<meta property=\"og:image:type\" content=\"image\/png\" \/>\n<meta name=\"author\" content=\"admin\" \/>\n<meta name=\"twitter:card\" content=\"summary_large_image\" \/>\n<meta name=\"twitter:label1\" content=\"Yazan:\" \/>\n\t<meta name=\"twitter:data1\" content=\"admin\" \/>\n\t<meta name=\"twitter:label2\" content=\"Tahmini okuma s\u00fcresi\" \/>\n\t<meta name=\"twitter:data2\" content=\"5 dakika\" \/>\n<script type=\"application\/ld+json\" class=\"yoast-schema-graph\">{\"@context\":\"https:\\\/\\\/schema.org\",\"@graph\":[{\"@type\":\"Article\",\"@id\":\"https:\\\/\\\/kibrisdakik.com\\\/?p=96049#article\",\"isPartOf\":{\"@id\":\"https:\\\/\\\/kibrisdakik.com\\\/?p=96049\"},\"author\":{\"name\":\"admin\",\"@id\":\"https:\\\/\\\/kibrisdakik.com\\\/#\\\/schema\\\/person\\\/9cd9d437bbb44f72b73ba127e06d8e79\"},\"headline\":\"MAV\u0130\u015e: \u201cC\u0130DD\u0130YETE SAH\u0130P L\u0130DER G\u00d6RMEK \u0130ST\u0130YORUZ\u201d\",\"datePublished\":\"2025-10-17T09:42:03+00:00\",\"mainEntityOfPage\":{\"@id\":\"https:\\\/\\\/kibrisdakik.com\\\/?p=96049\"},\"wordCount\":1025,\"commentCount\":0,\"image\":{\"@id\":\"https:\\\/\\\/kibrisdakik.com\\\/?p=96049#primaryimage\"},\"thumbnailUrl\":\"https:\\\/\\\/kibrisdakik.com\\\/wp-content\\\/uploads\\\/2025\\\/10\\\/mha-1602.png\",\"articleSection\":[\"K\u0131br\u0131s\"],\"inLanguage\":\"tr\",\"potentialAction\":[{\"@type\":\"CommentAction\",\"name\":\"Comment\",\"target\":[\"https:\\\/\\\/kibrisdakik.com\\\/?p=96049#respond\"]}]},{\"@type\":\"WebPage\",\"@id\":\"https:\\\/\\\/kibrisdakik.com\\\/?p=96049\",\"url\":\"https:\\\/\\\/kibrisdakik.com\\\/?p=96049\",\"name\":\"MAV\u0130\u015e: \u201cC\u0130DD\u0130YETE SAH\u0130P L\u0130DER G\u00d6RMEK \u0130ST\u0130YORUZ\u201d -\",\"isPartOf\":{\"@id\":\"https:\\\/\\\/kibrisdakik.com\\\/#website\"},\"primaryImageOfPage\":{\"@id\":\"https:\\\/\\\/kibrisdakik.com\\\/?p=96049#primaryimage\"},\"image\":{\"@id\":\"https:\\\/\\\/kibrisdakik.com\\\/?p=96049#primaryimage\"},\"thumbnailUrl\":\"https:\\\/\\\/kibrisdakik.com\\\/wp-content\\\/uploads\\\/2025\\\/10\\\/mha-1602.png\",\"datePublished\":\"2025-10-17T09:42:03+00:00\",\"author\":{\"@id\":\"https:\\\/\\\/kibrisdakik.com\\\/#\\\/schema\\\/person\\\/9cd9d437bbb44f72b73ba127e06d8e79\"},\"breadcrumb\":{\"@id\":\"https:\\\/\\\/kibrisdakik.com\\\/?p=96049#breadcrumb\"},\"inLanguage\":\"tr\",\"potentialAction\":[{\"@type\":\"ReadAction\",\"target\":[\"https:\\\/\\\/kibrisdakik.com\\\/?p=96049\"]}]},{\"@type\":\"ImageObject\",\"inLanguage\":\"tr\",\"@id\":\"https:\\\/\\\/kibrisdakik.com\\\/?p=96049#primaryimage\",\"url\":\"https:\\\/\\\/kibrisdakik.com\\\/wp-content\\\/uploads\\\/2025\\\/10\\\/mha-1602.png\",\"contentUrl\":\"https:\\\/\\\/kibrisdakik.com\\\/wp-content\\\/uploads\\\/2025\\\/10\\\/mha-1602.png\",\"width\":1280,\"height\":720},{\"@type\":\"BreadcrumbList\",\"@id\":\"https:\\\/\\\/kibrisdakik.com\\\/?p=96049#breadcrumb\",\"itemListElement\":[{\"@type\":\"ListItem\",\"position\":1,\"name\":\"Home\",\"item\":\"https:\\\/\\\/kibrisdakik.com\\\/\"},{\"@type\":\"ListItem\",\"position\":2,\"name\":\"MAV\u0130\u015e: \u201cC\u0130DD\u0130YETE SAH\u0130P L\u0130DER G\u00d6RMEK \u0130ST\u0130YORUZ\u201d\"}]},{\"@type\":\"WebSite\",\"@id\":\"https:\\\/\\\/kibrisdakik.com\\\/#website\",\"url\":\"https:\\\/\\\/kibrisdakik.com\\\/\",\"name\":\"\",\"description\":\"Tam vaktinde haber\",\"potentialAction\":[{\"@type\":\"SearchAction\",\"target\":{\"@type\":\"EntryPoint\",\"urlTemplate\":\"https:\\\/\\\/kibrisdakik.com\\\/?s={search_term_string}\"},\"query-input\":{\"@type\":\"PropertyValueSpecification\",\"valueRequired\":true,\"valueName\":\"search_term_string\"}}],\"inLanguage\":\"tr\"},{\"@type\":\"Person\",\"@id\":\"https:\\\/\\\/kibrisdakik.com\\\/#\\\/schema\\\/person\\\/9cd9d437bbb44f72b73ba127e06d8e79\",\"name\":\"admin\",\"image\":{\"@type\":\"ImageObject\",\"inLanguage\":\"tr\",\"@id\":\"https:\\\/\\\/secure.gravatar.com\\\/avatar\\\/ccc17943b9d660506c869530f897617f7cb1c21a4bf30023f252596d83e1f007?s=96&d=mm&r=g\",\"url\":\"https:\\\/\\\/secure.gravatar.com\\\/avatar\\\/ccc17943b9d660506c869530f897617f7cb1c21a4bf30023f252596d83e1f007?s=96&d=mm&r=g\",\"contentUrl\":\"https:\\\/\\\/secure.gravatar.com\\\/avatar\\\/ccc17943b9d660506c869530f897617f7cb1c21a4bf30023f252596d83e1f007?s=96&d=mm&r=g\",\"caption\":\"admin\"},\"sameAs\":[\"https:\\\/\\\/kibrisdakik.com\"],\"url\":\"https:\\\/\\\/kibrisdakik.com\\\/?author=1\"}]}<\/script>\n<!-- \/ Yoast SEO plugin. -->","yoast_head_json":{"title":"MAV\u0130\u015e: \u201cC\u0130DD\u0130YETE SAH\u0130P L\u0130DER G\u00d6RMEK \u0130ST\u0130YORUZ\u201d -","robots":{"index":"index","follow":"follow","max-snippet":"max-snippet:-1","max-image-preview":"max-image-preview:large","max-video-preview":"max-video-preview:-1"},"canonical":"https:\/\/kibrisdakik.com\/?p=96049","og_locale":"tr_TR","og_type":"article","og_title":"MAV\u0130\u015e: \u201cC\u0130DD\u0130YETE SAH\u0130P L\u0130DER G\u00d6RMEK \u0130ST\u0130YORUZ\u201d -","og_description":"K\u0131br\u0131s T\u00fcrk \u00d6\u011fretmenler Sendikas\u0131 (KT\u00d6S) Genel Sekreteri Burak Mavi\u015f, Kanal Sim\u2019de yay\u0131nlanan Meyil Adakul\u2019un program\u0131na konuk oldu. Mavi\u015f, yakla\u015fan cumhurba\u015fkanl\u0131\u011f\u0131 se\u00e7imleri, uluslararas\u0131 temaslar, e\u011fitim politikalar\u0131 ve \u00fcniversitelerle ilgili de\u011ferlendirmelerde bulundu. &#8220;SON 5 YIL BO\u015e GE\u00c7T\u0130&#8221; KT\u00d6S Genel Sekreteri Burak Mavi\u015f, Mavi\u015f, son be\u015f y\u0131lda resmi m\u00fczakerelerin yap\u0131lmad\u0131\u011f\u0131n\u0131 belirterek, s\u00fcrekli olarak New York\u2019a gidip g\u00f6r\u00fc\u015fmeler yap\u0131lan","og_url":"https:\/\/kibrisdakik.com\/?p=96049","article_published_time":"2025-10-17T09:42:03+00:00","og_image":[{"width":1280,"height":720,"url":"https:\/\/kibrisdakik.com\/wp-content\/uploads\/2025\/10\/mha-1602.png","type":"image\/png"}],"author":"admin","twitter_card":"summary_large_image","twitter_misc":{"Yazan:":"admin","Tahmini okuma s\u00fcresi":"5 dakika"},"schema":{"@context":"https:\/\/schema.org","@graph":[{"@type":"Article","@id":"https:\/\/kibrisdakik.com\/?p=96049#article","isPartOf":{"@id":"https:\/\/kibrisdakik.com\/?p=96049"},"author":{"name":"admin","@id":"https:\/\/kibrisdakik.com\/#\/schema\/person\/9cd9d437bbb44f72b73ba127e06d8e79"},"headline":"MAV\u0130\u015e: \u201cC\u0130DD\u0130YETE SAH\u0130P L\u0130DER G\u00d6RMEK \u0130ST\u0130YORUZ\u201d","datePublished":"2025-10-17T09:42:03+00:00","mainEntityOfPage":{"@id":"https:\/\/kibrisdakik.com\/?p=96049"},"wordCount":1025,"commentCount":0,"image":{"@id":"https:\/\/kibrisdakik.com\/?p=96049#primaryimage"},"thumbnailUrl":"https:\/\/kibrisdakik.com\/wp-content\/uploads\/2025\/10\/mha-1602.png","articleSection":["K\u0131br\u0131s"],"inLanguage":"tr","potentialAction":[{"@type":"CommentAction","name":"Comment","target":["https:\/\/kibrisdakik.com\/?p=96049#respond"]}]},{"@type":"WebPage","@id":"https:\/\/kibrisdakik.com\/?p=96049","url":"https:\/\/kibrisdakik.com\/?p=96049","name":"MAV\u0130\u015e: \u201cC\u0130DD\u0130YETE SAH\u0130P L\u0130DER G\u00d6RMEK \u0130ST\u0130YORUZ\u201d -","isPartOf":{"@id":"https:\/\/kibrisdakik.com\/#website"},"primaryImageOfPage":{"@id":"https:\/\/kibrisdakik.com\/?p=96049#primaryimage"},"image":{"@id":"https:\/\/kibrisdakik.com\/?p=96049#primaryimage"},"thumbnailUrl":"https:\/\/kibrisdakik.com\/wp-content\/uploads\/2025\/10\/mha-1602.png","datePublished":"2025-10-17T09:42:03+00:00","author":{"@id":"https:\/\/kibrisdakik.com\/#\/schema\/person\/9cd9d437bbb44f72b73ba127e06d8e79"},"breadcrumb":{"@id":"https:\/\/kibrisdakik.com\/?p=96049#breadcrumb"},"inLanguage":"tr","potentialAction":[{"@type":"ReadAction","target":["https:\/\/kibrisdakik.com\/?p=96049"]}]},{"@type":"ImageObject","inLanguage":"tr","@id":"https:\/\/kibrisdakik.com\/?p=96049#primaryimage","url":"https:\/\/kibrisdakik.com\/wp-content\/uploads\/2025\/10\/mha-1602.png","contentUrl":"https:\/\/kibrisdakik.com\/wp-content\/uploads\/2025\/10\/mha-1602.png","width":1280,"height":720},{"@type":"BreadcrumbList","@id":"https:\/\/kibrisdakik.com\/?p=96049#breadcrumb","itemListElement":[{"@type":"ListItem","position":1,"name":"Home","item":"https:\/\/kibrisdakik.com\/"},{"@type":"ListItem","position":2,"name":"MAV\u0130\u015e: \u201cC\u0130DD\u0130YETE SAH\u0130P L\u0130DER G\u00d6RMEK \u0130ST\u0130YORUZ\u201d"}]},{"@type":"WebSite","@id":"https:\/\/kibrisdakik.com\/#website","url":"https:\/\/kibrisdakik.com\/","name":"","description":"Tam vaktinde haber","potentialAction":[{"@type":"SearchAction","target":{"@type":"EntryPoint","urlTemplate":"https:\/\/kibrisdakik.com\/?s={search_term_string}"},"query-input":{"@type":"PropertyValueSpecification","valueRequired":true,"valueName":"search_term_string"}}],"inLanguage":"tr"},{"@type":"Person","@id":"https:\/\/kibrisdakik.com\/#\/schema\/person\/9cd9d437bbb44f72b73ba127e06d8e79","name":"admin","image":{"@type":"ImageObject","inLanguage":"tr","@id":"https:\/\/secure.gravatar.com\/avatar\/ccc17943b9d660506c869530f897617f7cb1c21a4bf30023f252596d83e1f007?s=96&d=mm&r=g","url":"https:\/\/secure.gravatar.com\/avatar\/ccc17943b9d660506c869530f897617f7cb1c21a4bf30023f252596d83e1f007?s=96&d=mm&r=g","contentUrl":"https:\/\/secure.gravatar.com\/avatar\/ccc17943b9d660506c869530f897617f7cb1c21a4bf30023f252596d83e1f007?s=96&d=mm&r=g","caption":"admin"},"sameAs":["https:\/\/kibrisdakik.com"],"url":"https:\/\/kibrisdakik.com\/?author=1"}]}},"_links":{"self":[{"href":"https:\/\/kibrisdakik.com\/index.php?rest_route=\/wp\/v2\/posts\/96049","targetHints":{"allow":["GET"]}}],"collection":[{"href":"https:\/\/kibrisdakik.com\/index.php?rest_route=\/wp\/v2\/posts"}],"about":[{"href":"https:\/\/kibrisdakik.com\/index.php?rest_route=\/wp\/v2\/types\/post"}],"author":[{"embeddable":true,"href":"https:\/\/kibrisdakik.com\/index.php?rest_route=\/wp\/v2\/users\/1"}],"replies":[{"embeddable":true,"href":"https:\/\/kibrisdakik.com\/index.php?rest_route=%2Fwp%2Fv2%2Fcomments&post=96049"}],"version-history":[{"count":0,"href":"https:\/\/kibrisdakik.com\/index.php?rest_route=\/wp\/v2\/posts\/96049\/revisions"}],"wp:featuredmedia":[{"embeddable":true,"href":"https:\/\/kibrisdakik.com\/index.php?rest_route=\/wp\/v2\/media\/96050"}],"wp:attachment":[{"href":"https:\/\/kibrisdakik.com\/index.php?rest_route=%2Fwp%2Fv2%2Fmedia&parent=96049"}],"wp:term":[{"taxonomy":"category","embeddable":true,"href":"https:\/\/kibrisdakik.com\/index.php?rest_route=%2Fwp%2Fv2%2Fcategories&post=96049"},{"taxonomy":"post_tag","embeddable":true,"href":"https:\/\/kibrisdakik.com\/index.php?rest_route=%2Fwp%2Fv2%2Ftags&post=96049"}],"curies":[{"name":"wp","href":"https:\/\/api.w.org\/{rel}","templated":true}]}}