{"id":96071,"date":"2025-10-17T14:48:04","date_gmt":"2025-10-17T11:48:04","guid":{"rendered":"https:\/\/kibrisdakik.com\/index.php\/2025\/10\/17\/gazzedeki-hukumet-israili-filistinlilerin-organlarini-calmakla-sucladi\/"},"modified":"2025-10-17T14:48:04","modified_gmt":"2025-10-17T11:48:04","slug":"gazzedeki-hukumet-israili-filistinlilerin-organlarini-calmakla-sucladi","status":"publish","type":"post","link":"https:\/\/kibrisdakik.com\/?p=96071","title":{"rendered":"Gazze&#039;deki h\u00fck\u00fcmet, \u0130srail&#039;i Filistinlilerin organlar\u0131n\u0131 \u00e7almakla su\u00e7lad\u0131"},"content":{"rendered":"<p><\/p>\n<div class=\"news-content\">\n<p>\n\tGazze&#8217;deki h\u00fck\u00fcmetin Medya Ofis M\u00fcd\u00fcr\u00fc \u0130smail es-Sevabite, AA muhabirine yapt\u0131\u011f\u0131 a\u00e7\u0131klamada, \u0130srail ordusunun Filistinlilerin naa\u015flar\u0131ndan organ \u00e7almas\u0131n\u0131 &#8220;vah\u015fi bir su\u00e7&#8221; olarak niteledi.<\/p>\n<p>\n\tSevabite, olay\u0131 ortaya \u00e7\u0131karmak \u00fczere uluslararas\u0131 bir soru\u015fturma komitesi kurulmas\u0131 \u00e7a\u011fr\u0131s\u0131nda bulundu.<\/p>\n<p>\n\t\u0130srail&#8217;in son 3 g\u00fcnde Uluslararas\u0131 K\u0131z\u0131lha\u00e7 Komitesi arac\u0131l\u0131\u011f\u0131yla 120 cenazeyi teslim etti\u011fini belirten Sevabite, &#8220;Cesetlerin \u00e7o\u011fu i\u00e7ler ac\u0131s\u0131 bir durumda geldi. Bu durum, sahiplerinin sahada infaz edildi\u011fini ve sistematik i\u015fkenceye maruz kald\u0131\u011f\u0131n\u0131 g\u00f6steriyor.&#8221; dedi.<\/p>\n<p>\n\tSevabite, \u015f\u00f6yle devam etti:<\/p>\n<p>\n\t&#8220;Baz\u0131 \u015fehitlerin cenazeleri g\u00f6zleri ba\u011fl\u0131, elleri ve ayaklar\u0131 kelep\u00e7eli \u015fekilde g\u00f6nderildi. Di\u011ferlerinin bedenlerinde ise bo\u011fma izleri ve boyunlar\u0131nda ipler bulunuyor, bu da kasten \u00f6ld\u00fcrme vakalar\u0131na i\u015faret ediyor. Pek \u00e7ok Filistinlinin de g\u00f6zler, kornealar ve di\u011fer organlar gibi baz\u0131 k\u0131s\u0131mlar\u0131 eksikti.&#8221;<\/p>\n<p>\n\t\u0130srail&#8217;den konuya ili\u015fkin bir a\u00e7\u0131klama yap\u0131lmad\u0131.<\/p>\n<h2>\n\tGazze&#8217;de ate\u015fkes ve esir takas\u0131 anla\u015fmas\u0131<\/h2>\n<p>\n\tABD Ba\u015fkan\u0131 Donald Trump 9 Ekim&#8217;de, M\u0131s\u0131r&#8217;da devam eden m\u00fczakerelerde \u0130srail ile Hamas&#8217;\u0131n, Gazze&#8217;de ate\u015fkes plan\u0131n\u0131n ilk a\u015famas\u0131n\u0131 onaylad\u0131\u011f\u0131n\u0131 duyurmu\u015ftu.<\/p>\n<p>\n\tM\u00fczakerelerin yap\u0131ld\u0131\u011f\u0131 M\u0131s\u0131r&#8217;da anla\u015fma imzalan\u0131rken \u0130srail h\u00fck\u00fcmetinin onay\u0131yla 10 Ekim&#8217;in ilk saatlerinde anla\u015fma devreye girmi\u015fti.<\/p>\n<p>\n\t\u0130srail ordusunun anla\u015fmada belirtildi\u011fi \u00fczere &#8220;sar\u0131 hat&#8221;ta \u00e7ekilmesinin ard\u0131ndan Gazze \u015eeridi&#8217;nde ate\u015fkesin ayn\u0131 g\u00fcn 12.00 itibar\u0131yla y\u00fcr\u00fcrl\u00fc\u011fe girdi\u011fi a\u00e7\u0131klanm\u0131\u015ft\u0131.<\/p>\n<p>\n\tHamas, Gazze&#8217;de ate\u015fkes ve esir takas\u0131 anla\u015fmas\u0131 kapsam\u0131nda 20 sa\u011f \u0130srailli esiri serbest b\u0131rakm\u0131\u015f, kar\u015f\u0131l\u0131\u011f\u0131nda 250&#8217;si m\u00fcebbet ve uzun s\u00fcreli hapis cezas\u0131na \u00e7arpt\u0131r\u0131lanlardan 1718&#8217;i Ekim 2023&#8217;ten bu yana Gazze \u015eeridi&#8217;nden al\u0131konulanlar olmak \u00fczere 1968 Filistinli esirin serbest kald\u0131\u011f\u0131 duyurulmu\u015ftu.\u00a0<\/p>\n<div class=\"news-tags\">\n<div class=\"title\">ET\u0130KETLER<\/div>\n<div class=\"tags\">\n                                                                            Gazze<br \/>\n                                                                            \u0130srail&#8217;in Gazze Soyk\u0131r\u0131m\u0131<br \/>\n                                                                            \u0130srail\n                                                                    <\/div>\n<\/p><\/div>\n<\/p><\/div>\n","protected":false},"excerpt":{"rendered":"<p>Gazze&#8217;deki h\u00fck\u00fcmetin Medya Ofis M\u00fcd\u00fcr\u00fc \u0130smail es-Sevabite, AA muhabirine yapt\u0131\u011f\u0131 a\u00e7\u0131klamada, \u0130srail ordusunun Filistinlilerin naa\u015flar\u0131ndan organ \u00e7almas\u0131n\u0131 &#8220;vah\u015fi bir su\u00e7&#8221; olarak niteledi. Sevabite, olay\u0131 ortaya \u00e7\u0131karmak \u00fczere uluslararas\u0131 bir soru\u015fturma komitesi kurulmas\u0131 \u00e7a\u011fr\u0131s\u0131nda bulundu. \u0130srail&#8217;in son 3 g\u00fcnde Uluslararas\u0131 K\u0131z\u0131lha\u00e7 Komitesi arac\u0131l\u0131\u011f\u0131yla 120 cenazeyi teslim etti\u011fini belirten Sevabite, &#8220;Cesetlerin \u00e7o\u011fu i\u00e7ler ac\u0131s\u0131 bir durumda geldi.<\/p>\n","protected":false},"author":1,"featured_media":94752,"comment_status":"open","ping_status":"open","sticky":false,"template":"","format":"standard","meta":{"footnotes":""},"categories":[306],"tags":[],"class_list":["post-96071","post","type-post","status-publish","format-standard","has-post-thumbnail","hentry","category-dunya"],"yoast_head":"<!-- This site is optimized with the Yoast SEO plugin v27.4 - https:\/\/yoast.com\/product\/yoast-seo-wordpress\/ -->\n<title>Gazze&#039;deki h\u00fck\u00fcmet, \u0130srail&#039;i Filistinlilerin organlar\u0131n\u0131 \u00e7almakla su\u00e7lad\u0131 -<\/title>\n<meta name=\"robots\" content=\"index, follow, max-snippet:-1, max-image-preview:large, max-video-preview:-1\" \/>\n<link rel=\"canonical\" href=\"https:\/\/kibrisdakik.com\/?p=96071\" \/>\n<meta property=\"og:locale\" content=\"tr_TR\" \/>\n<meta property=\"og:type\" content=\"article\" \/>\n<meta property=\"og:title\" content=\"Gazze&#039;deki h\u00fck\u00fcmet, \u0130srail&#039;i Filistinlilerin organlar\u0131n\u0131 \u00e7almakla su\u00e7lad\u0131 -\" \/>\n<meta property=\"og:description\" content=\"Gazze&#8217;deki h\u00fck\u00fcmetin Medya Ofis M\u00fcd\u00fcr\u00fc \u0130smail es-Sevabite, AA muhabirine yapt\u0131\u011f\u0131 a\u00e7\u0131klamada, \u0130srail ordusunun Filistinlilerin naa\u015flar\u0131ndan organ \u00e7almas\u0131n\u0131 &#8220;vah\u015fi bir su\u00e7&#8221; olarak niteledi. Sevabite, olay\u0131 ortaya \u00e7\u0131karmak \u00fczere uluslararas\u0131 bir soru\u015fturma komitesi kurulmas\u0131 \u00e7a\u011fr\u0131s\u0131nda bulundu. \u0130srail&#8217;in son 3 g\u00fcnde Uluslararas\u0131 K\u0131z\u0131lha\u00e7 Komitesi arac\u0131l\u0131\u011f\u0131yla 120 cenazeyi teslim etti\u011fini belirten Sevabite, &#8220;Cesetlerin \u00e7o\u011fu i\u00e7ler ac\u0131s\u0131 bir durumda geldi.\" \/>\n<meta property=\"og:url\" content=\"https:\/\/kibrisdakik.com\/?p=96071\" \/>\n<meta property=\"article:published_time\" content=\"2025-10-17T11:48:04+00:00\" \/>\n<meta property=\"og:image\" content=\"https:\/\/kibrisdakik.com\/wp-content\/uploads\/2025\/10\/gazze-saldiri-aa-2404197.jpg\" \/>\n\t<meta property=\"og:image:width\" content=\"1280\" \/>\n\t<meta property=\"og:image:height\" content=\"720\" \/>\n\t<meta property=\"og:image:type\" content=\"image\/jpeg\" \/>\n<meta name=\"author\" content=\"admin\" \/>\n<meta name=\"twitter:card\" content=\"summary_large_image\" \/>\n<meta name=\"twitter:label1\" content=\"Yazan:\" \/>\n\t<meta name=\"twitter:data1\" content=\"admin\" \/>\n\t<meta name=\"twitter:label2\" content=\"Tahmini okuma s\u00fcresi\" \/>\n\t<meta name=\"twitter:data2\" content=\"2 dakika\" \/>\n<script type=\"application\/ld+json\" class=\"yoast-schema-graph\">{\"@context\":\"https:\\\/\\\/schema.org\",\"@graph\":[{\"@type\":\"Article\",\"@id\":\"https:\\\/\\\/kibrisdakik.com\\\/?p=96071#article\",\"isPartOf\":{\"@id\":\"https:\\\/\\\/kibrisdakik.com\\\/?p=96071\"},\"author\":{\"name\":\"admin\",\"@id\":\"https:\\\/\\\/kibrisdakik.com\\\/#\\\/schema\\\/person\\\/9cd9d437bbb44f72b73ba127e06d8e79\"},\"headline\":\"Gazze&#039;deki h\u00fck\u00fcmet, \u0130srail&#039;i Filistinlilerin organlar\u0131n\u0131 \u00e7almakla su\u00e7lad\u0131\",\"datePublished\":\"2025-10-17T11:48:04+00:00\",\"mainEntityOfPage\":{\"@id\":\"https:\\\/\\\/kibrisdakik.com\\\/?p=96071\"},\"wordCount\":326,\"commentCount\":0,\"image\":{\"@id\":\"https:\\\/\\\/kibrisdakik.com\\\/?p=96071#primaryimage\"},\"thumbnailUrl\":\"https:\\\/\\\/kibrisdakik.com\\\/wp-content\\\/uploads\\\/2025\\\/10\\\/gazze-saldiri-aa-2404197.jpg\",\"articleSection\":[\"D\u00fcnya\"],\"inLanguage\":\"tr\",\"potentialAction\":[{\"@type\":\"CommentAction\",\"name\":\"Comment\",\"target\":[\"https:\\\/\\\/kibrisdakik.com\\\/?p=96071#respond\"]}]},{\"@type\":\"WebPage\",\"@id\":\"https:\\\/\\\/kibrisdakik.com\\\/?p=96071\",\"url\":\"https:\\\/\\\/kibrisdakik.com\\\/?p=96071\",\"name\":\"Gazze&#039;deki h\u00fck\u00fcmet, \u0130srail&#039;i Filistinlilerin organlar\u0131n\u0131 \u00e7almakla su\u00e7lad\u0131 -\",\"isPartOf\":{\"@id\":\"https:\\\/\\\/kibrisdakik.com\\\/#website\"},\"primaryImageOfPage\":{\"@id\":\"https:\\\/\\\/kibrisdakik.com\\\/?p=96071#primaryimage\"},\"image\":{\"@id\":\"https:\\\/\\\/kibrisdakik.com\\\/?p=96071#primaryimage\"},\"thumbnailUrl\":\"https:\\\/\\\/kibrisdakik.com\\\/wp-content\\\/uploads\\\/2025\\\/10\\\/gazze-saldiri-aa-2404197.jpg\",\"datePublished\":\"2025-10-17T11:48:04+00:00\",\"author\":{\"@id\":\"https:\\\/\\\/kibrisdakik.com\\\/#\\\/schema\\\/person\\\/9cd9d437bbb44f72b73ba127e06d8e79\"},\"breadcrumb\":{\"@id\":\"https:\\\/\\\/kibrisdakik.com\\\/?p=96071#breadcrumb\"},\"inLanguage\":\"tr\",\"potentialAction\":[{\"@type\":\"ReadAction\",\"target\":[\"https:\\\/\\\/kibrisdakik.com\\\/?p=96071\"]}]},{\"@type\":\"ImageObject\",\"inLanguage\":\"tr\",\"@id\":\"https:\\\/\\\/kibrisdakik.com\\\/?p=96071#primaryimage\",\"url\":\"https:\\\/\\\/kibrisdakik.com\\\/wp-content\\\/uploads\\\/2025\\\/10\\\/gazze-saldiri-aa-2404197.jpg\",\"contentUrl\":\"https:\\\/\\\/kibrisdakik.com\\\/wp-content\\\/uploads\\\/2025\\\/10\\\/gazze-saldiri-aa-2404197.jpg\",\"width\":1280,\"height\":720},{\"@type\":\"BreadcrumbList\",\"@id\":\"https:\\\/\\\/kibrisdakik.com\\\/?p=96071#breadcrumb\",\"itemListElement\":[{\"@type\":\"ListItem\",\"position\":1,\"name\":\"Home\",\"item\":\"https:\\\/\\\/kibrisdakik.com\\\/\"},{\"@type\":\"ListItem\",\"position\":2,\"name\":\"Gazze&#039;deki h\u00fck\u00fcmet, \u0130srail&#039;i Filistinlilerin organlar\u0131n\u0131 \u00e7almakla su\u00e7lad\u0131\"}]},{\"@type\":\"WebSite\",\"@id\":\"https:\\\/\\\/kibrisdakik.com\\\/#website\",\"url\":\"https:\\\/\\\/kibrisdakik.com\\\/\",\"name\":\"\",\"description\":\"Tam vaktinde haber\",\"potentialAction\":[{\"@type\":\"SearchAction\",\"target\":{\"@type\":\"EntryPoint\",\"urlTemplate\":\"https:\\\/\\\/kibrisdakik.com\\\/?s={search_term_string}\"},\"query-input\":{\"@type\":\"PropertyValueSpecification\",\"valueRequired\":true,\"valueName\":\"search_term_string\"}}],\"inLanguage\":\"tr\"},{\"@type\":\"Person\",\"@id\":\"https:\\\/\\\/kibrisdakik.com\\\/#\\\/schema\\\/person\\\/9cd9d437bbb44f72b73ba127e06d8e79\",\"name\":\"admin\",\"image\":{\"@type\":\"ImageObject\",\"inLanguage\":\"tr\",\"@id\":\"https:\\\/\\\/secure.gravatar.com\\\/avatar\\\/ccc17943b9d660506c869530f897617f7cb1c21a4bf30023f252596d83e1f007?s=96&d=mm&r=g\",\"url\":\"https:\\\/\\\/secure.gravatar.com\\\/avatar\\\/ccc17943b9d660506c869530f897617f7cb1c21a4bf30023f252596d83e1f007?s=96&d=mm&r=g\",\"contentUrl\":\"https:\\\/\\\/secure.gravatar.com\\\/avatar\\\/ccc17943b9d660506c869530f897617f7cb1c21a4bf30023f252596d83e1f007?s=96&d=mm&r=g\",\"caption\":\"admin\"},\"sameAs\":[\"https:\\\/\\\/kibrisdakik.com\"],\"url\":\"https:\\\/\\\/kibrisdakik.com\\\/?author=1\"}]}<\/script>\n<!-- \/ Yoast SEO plugin. -->","yoast_head_json":{"title":"Gazze&#039;deki h\u00fck\u00fcmet, \u0130srail&#039;i Filistinlilerin organlar\u0131n\u0131 \u00e7almakla su\u00e7lad\u0131 -","robots":{"index":"index","follow":"follow","max-snippet":"max-snippet:-1","max-image-preview":"max-image-preview:large","max-video-preview":"max-video-preview:-1"},"canonical":"https:\/\/kibrisdakik.com\/?p=96071","og_locale":"tr_TR","og_type":"article","og_title":"Gazze&#039;deki h\u00fck\u00fcmet, \u0130srail&#039;i Filistinlilerin organlar\u0131n\u0131 \u00e7almakla su\u00e7lad\u0131 -","og_description":"Gazze&#8217;deki h\u00fck\u00fcmetin Medya Ofis M\u00fcd\u00fcr\u00fc \u0130smail es-Sevabite, AA muhabirine yapt\u0131\u011f\u0131 a\u00e7\u0131klamada, \u0130srail ordusunun Filistinlilerin naa\u015flar\u0131ndan organ \u00e7almas\u0131n\u0131 &#8220;vah\u015fi bir su\u00e7&#8221; olarak niteledi. Sevabite, olay\u0131 ortaya \u00e7\u0131karmak \u00fczere uluslararas\u0131 bir soru\u015fturma komitesi kurulmas\u0131 \u00e7a\u011fr\u0131s\u0131nda bulundu. \u0130srail&#8217;in son 3 g\u00fcnde Uluslararas\u0131 K\u0131z\u0131lha\u00e7 Komitesi arac\u0131l\u0131\u011f\u0131yla 120 cenazeyi teslim etti\u011fini belirten Sevabite, &#8220;Cesetlerin \u00e7o\u011fu i\u00e7ler ac\u0131s\u0131 bir durumda geldi.","og_url":"https:\/\/kibrisdakik.com\/?p=96071","article_published_time":"2025-10-17T11:48:04+00:00","og_image":[{"width":1280,"height":720,"url":"https:\/\/kibrisdakik.com\/wp-content\/uploads\/2025\/10\/gazze-saldiri-aa-2404197.jpg","type":"image\/jpeg"}],"author":"admin","twitter_card":"summary_large_image","twitter_misc":{"Yazan:":"admin","Tahmini okuma s\u00fcresi":"2 dakika"},"schema":{"@context":"https:\/\/schema.org","@graph":[{"@type":"Article","@id":"https:\/\/kibrisdakik.com\/?p=96071#article","isPartOf":{"@id":"https:\/\/kibrisdakik.com\/?p=96071"},"author":{"name":"admin","@id":"https:\/\/kibrisdakik.com\/#\/schema\/person\/9cd9d437bbb44f72b73ba127e06d8e79"},"headline":"Gazze&#039;deki h\u00fck\u00fcmet, \u0130srail&#039;i Filistinlilerin organlar\u0131n\u0131 \u00e7almakla su\u00e7lad\u0131","datePublished":"2025-10-17T11:48:04+00:00","mainEntityOfPage":{"@id":"https:\/\/kibrisdakik.com\/?p=96071"},"wordCount":326,"commentCount":0,"image":{"@id":"https:\/\/kibrisdakik.com\/?p=96071#primaryimage"},"thumbnailUrl":"https:\/\/kibrisdakik.com\/wp-content\/uploads\/2025\/10\/gazze-saldiri-aa-2404197.jpg","articleSection":["D\u00fcnya"],"inLanguage":"tr","potentialAction":[{"@type":"CommentAction","name":"Comment","target":["https:\/\/kibrisdakik.com\/?p=96071#respond"]}]},{"@type":"WebPage","@id":"https:\/\/kibrisdakik.com\/?p=96071","url":"https:\/\/kibrisdakik.com\/?p=96071","name":"Gazze&#039;deki h\u00fck\u00fcmet, \u0130srail&#039;i Filistinlilerin organlar\u0131n\u0131 \u00e7almakla su\u00e7lad\u0131 -","isPartOf":{"@id":"https:\/\/kibrisdakik.com\/#website"},"primaryImageOfPage":{"@id":"https:\/\/kibrisdakik.com\/?p=96071#primaryimage"},"image":{"@id":"https:\/\/kibrisdakik.com\/?p=96071#primaryimage"},"thumbnailUrl":"https:\/\/kibrisdakik.com\/wp-content\/uploads\/2025\/10\/gazze-saldiri-aa-2404197.jpg","datePublished":"2025-10-17T11:48:04+00:00","author":{"@id":"https:\/\/kibrisdakik.com\/#\/schema\/person\/9cd9d437bbb44f72b73ba127e06d8e79"},"breadcrumb":{"@id":"https:\/\/kibrisdakik.com\/?p=96071#breadcrumb"},"inLanguage":"tr","potentialAction":[{"@type":"ReadAction","target":["https:\/\/kibrisdakik.com\/?p=96071"]}]},{"@type":"ImageObject","inLanguage":"tr","@id":"https:\/\/kibrisdakik.com\/?p=96071#primaryimage","url":"https:\/\/kibrisdakik.com\/wp-content\/uploads\/2025\/10\/gazze-saldiri-aa-2404197.jpg","contentUrl":"https:\/\/kibrisdakik.com\/wp-content\/uploads\/2025\/10\/gazze-saldiri-aa-2404197.jpg","width":1280,"height":720},{"@type":"BreadcrumbList","@id":"https:\/\/kibrisdakik.com\/?p=96071#breadcrumb","itemListElement":[{"@type":"ListItem","position":1,"name":"Home","item":"https:\/\/kibrisdakik.com\/"},{"@type":"ListItem","position":2,"name":"Gazze&#039;deki h\u00fck\u00fcmet, \u0130srail&#039;i Filistinlilerin organlar\u0131n\u0131 \u00e7almakla su\u00e7lad\u0131"}]},{"@type":"WebSite","@id":"https:\/\/kibrisdakik.com\/#website","url":"https:\/\/kibrisdakik.com\/","name":"","description":"Tam vaktinde haber","potentialAction":[{"@type":"SearchAction","target":{"@type":"EntryPoint","urlTemplate":"https:\/\/kibrisdakik.com\/?s={search_term_string}"},"query-input":{"@type":"PropertyValueSpecification","valueRequired":true,"valueName":"search_term_string"}}],"inLanguage":"tr"},{"@type":"Person","@id":"https:\/\/kibrisdakik.com\/#\/schema\/person\/9cd9d437bbb44f72b73ba127e06d8e79","name":"admin","image":{"@type":"ImageObject","inLanguage":"tr","@id":"https:\/\/secure.gravatar.com\/avatar\/ccc17943b9d660506c869530f897617f7cb1c21a4bf30023f252596d83e1f007?s=96&d=mm&r=g","url":"https:\/\/secure.gravatar.com\/avatar\/ccc17943b9d660506c869530f897617f7cb1c21a4bf30023f252596d83e1f007?s=96&d=mm&r=g","contentUrl":"https:\/\/secure.gravatar.com\/avatar\/ccc17943b9d660506c869530f897617f7cb1c21a4bf30023f252596d83e1f007?s=96&d=mm&r=g","caption":"admin"},"sameAs":["https:\/\/kibrisdakik.com"],"url":"https:\/\/kibrisdakik.com\/?author=1"}]}},"_links":{"self":[{"href":"https:\/\/kibrisdakik.com\/index.php?rest_route=\/wp\/v2\/posts\/96071","targetHints":{"allow":["GET"]}}],"collection":[{"href":"https:\/\/kibrisdakik.com\/index.php?rest_route=\/wp\/v2\/posts"}],"about":[{"href":"https:\/\/kibrisdakik.com\/index.php?rest_route=\/wp\/v2\/types\/post"}],"author":[{"embeddable":true,"href":"https:\/\/kibrisdakik.com\/index.php?rest_route=\/wp\/v2\/users\/1"}],"replies":[{"embeddable":true,"href":"https:\/\/kibrisdakik.com\/index.php?rest_route=%2Fwp%2Fv2%2Fcomments&post=96071"}],"version-history":[{"count":0,"href":"https:\/\/kibrisdakik.com\/index.php?rest_route=\/wp\/v2\/posts\/96071\/revisions"}],"wp:featuredmedia":[{"embeddable":true,"href":"https:\/\/kibrisdakik.com\/index.php?rest_route=\/wp\/v2\/media\/94752"}],"wp:attachment":[{"href":"https:\/\/kibrisdakik.com\/index.php?rest_route=%2Fwp%2Fv2%2Fmedia&parent=96071"}],"wp:term":[{"taxonomy":"category","embeddable":true,"href":"https:\/\/kibrisdakik.com\/index.php?rest_route=%2Fwp%2Fv2%2Fcategories&post=96071"},{"taxonomy":"post_tag","embeddable":true,"href":"https:\/\/kibrisdakik.com\/index.php?rest_route=%2Fwp%2Fv2%2Ftags&post=96071"}],"curies":[{"name":"wp","href":"https:\/\/api.w.org\/{rel}","templated":true}]}}