{"id":96123,"date":"2025-10-18T11:53:00","date_gmt":"2025-10-18T08:53:00","guid":{"rendered":"https:\/\/kibrisdakik.com\/index.php\/2025\/10\/18\/azerbaycan-bagimsizligini-yeniden-kazanmanin-34-yilini-kutluyor\/"},"modified":"2025-10-18T11:53:00","modified_gmt":"2025-10-18T08:53:00","slug":"azerbaycan-bagimsizligini-yeniden-kazanmanin-34-yilini-kutluyor","status":"publish","type":"post","link":"https:\/\/kibrisdakik.com\/?p=96123","title":{"rendered":"Azerbaycan, ba\u011f\u0131ms\u0131zl\u0131\u011f\u0131n\u0131 yeniden kazanman\u0131n 34. y\u0131l\u0131n\u0131 kutluyor"},"content":{"rendered":"<p><\/p>\n<div class=\"news-content\">\n<p>\n\tAzerbaycan&#8217;da ba\u011f\u0131ms\u0131zl\u0131k, 28 May\u0131s 1918&#8217;de Mehmet Emin Resulzade ba\u015fkanl\u0131\u011f\u0131ndaki Milli \u015eura taraf\u0131ndan ilan edildi. \u00dclke, iki y\u0131ll\u0131k k\u0131sa d\u00f6nemden sonra Sovyetler Birli\u011fi taraf\u0131ndan i\u015fgal edilmesi sonras\u0131 18 Ekim 1991&#8217;de tarih sahnesinde yeniden ba\u011f\u0131ms\u0131z devlet olarak yerini ald\u0131.<\/p>\n<p>\n\tAzerbaycanl\u0131lar, 70 y\u0131l Sovyet y\u00f6netimi alt\u0131nda ya\u015fasalar da bir zamanlar Do\u011fu&#8217;nun ilk demokratik cumhuriyeti kabul edilen, \u0131rk, din, mezhep ve cinsiyet fark\u0131 g\u00f6zetmeksizin t\u00fcm yurtta\u015flara e\u015fit haklar tan\u0131yan devlete sahip olduklar\u0131n\u0131 unutmad\u0131.<\/p>\n<p>\n\tSovyet ordusunun 20 Ocak 1990&#8217;da Bak\u00fc ve di\u011fer illerde kad\u0131n ve \u00e7ocuk ay\u0131rmadan yapt\u0131\u011f\u0131 katliam, Azerbaycan halk\u0131n\u0131n Sovyet Sosyalist Cumhuriyetler Birli\u011fi (SSCB) y\u00f6netimine olan g\u00fcvenini tamamen sarsarak \u00fclkenin ba\u011f\u0131ms\u0131zl\u0131\u011f\u0131na giden s\u00fcreci h\u0131zland\u0131rd\u0131.<\/p>\n<p>\n\tD\u00f6nemin parlamentosu niteli\u011findeki Azerbaycan Y\u00fcksek Konseyinde 30 A\u011fustos 1991&#8217;de ba\u011f\u0131ms\u0131zl\u0131k ilan edilmesi y\u00f6n\u00fcnde bildiri kabul edildi. Eyl\u00fcl 1991&#8217;de Sovyetler Birli\u011fi&#8217;nden ayr\u0131larak ba\u011f\u0131ms\u0131zl\u0131\u011f\u0131n ilan edilmesinin tart\u0131\u015f\u0131ld\u0131\u011f\u0131 oturumlar yap\u0131ld\u0131. Y\u00fcksek Konseyce, 18 Ekim 1991&#8217;de &#8220;Azerbaycan Cumhuriyeti&#8217;nin Devlet Ba\u011f\u0131ms\u0131zl\u0131\u011f\u0131 Hakk\u0131nda Anayasa Akti&#8221; oy \u00e7oklu\u011fuyla kabul edildi. Belgede Sovyetler i\u015fgalci olarak belirtildi ve Azerbaycan&#8217;\u0131n, 1918&#8217;de kurulan cumhuriyetin varisi oldu\u011fu ilan edildi.<\/p>\n<p>\n\tY\u00fcksek Konseyin karar\u0131 29 Aral\u0131k 1991&#8217;de referanduma g\u00f6t\u00fcr\u00fcld\u00fc. Referandumda halk\u0131n neredeyse tamam\u0131, ba\u011f\u0131ms\u0131zl\u0131ktan yana oy kulland\u0131.<\/p>\n<p>\n\tAzerbaycan, ge\u00e7en 34 y\u0131lda ekonomisini ilerletti, ordusunu g\u00fc\u00e7lendirdi. Karde\u015f \u00fclke T\u00fcrkiye ile ili\u015fkilerini stratejik i\u015fbirli\u011fi d\u00fczeyine \u00e7\u0131kartarak ger\u00e7ekle\u015ftirdi\u011fi enerji ve ula\u015ft\u0131rma projeleriyle b\u00f6lgesel akt\u00f6r haline geldi.<\/p>\n<p>\n\tBug\u00fcn art\u0131k ekonomik olanaklar\u0131 k\u0131s\u0131tl\u0131, topraklar\u0131n\u0131 kaybeden bir \u00fclke de\u011fil, b\u00f6lgede ve d\u00fcnyada n\u00fcfuzu giderek artan, ekonomisi b\u00fcy\u00fcyen, topraklar\u0131n\u0131 i\u015fgalden kurtaran g\u00fc\u00e7l\u00fc bir Azerbaycan var.<\/p>\n<h2>\n\tKaraba\u011f&#8217;\u0131n i\u015fgal ve kurtar\u0131l\u0131\u015f s\u00fcreci<\/h2>\n<p>\n\tBa\u011f\u0131ms\u0131zl\u0131\u011f\u0131n\u0131n ilk y\u0131llar\u0131nda Azerbaycan, Ermenistan&#8217;\u0131n toprak talepleri ve sald\u0131r\u0131lar\u0131yla kar\u015f\u0131 kar\u015f\u0131ya kald\u0131.<\/p>\n<p>\n\tAzerbaycan&#8217;daki siyasi \u00e7eki\u015fmelerden de faydalanan Ermenistan, 1991-1993&#8217;te Karaba\u011f ve civar\u0131ndaki illeri i\u015fgal etti. \u0130\u015fgal sonucu yakla\u015f\u0131k 1 milyon Azerbaycanl\u0131 yurtlar\u0131n\u0131 terk etmek zorunda kald\u0131.<\/p>\n<p>\n\tAzerbaycan, sorunun bar\u0131\u015f yolu ile \u00e7\u00f6z\u00fclmesi i\u00e7in Rusya, ABD ve Fransa&#8217;n\u0131n e\u015f ba\u015fkanl\u0131\u011f\u0131ndaki Avrupa G\u00fcvenlik ve \u0130\u015fbirli\u011fi Te\u015fkilat\u0131 (AG\u0130T) Minsk Grubu arac\u0131l\u0131\u011f\u0131yla y\u0131llarca Ermenistan ile m\u00fczakere y\u00fcr\u00fctt\u00fc. M\u00fczakerelerden sonu\u00e7 \u00e7\u0131kmamas\u0131 ve Ermenistan ordusunun da sivil yerle\u015fim birimlerine sald\u0131r\u0131lar\u0131n\u0131 artt\u0131rmas\u0131 \u00fczerine Azerbaycan, uluslararas\u0131 hukuktan do\u011fan hakk\u0131n\u0131 kullanma yoluna gitti.<\/p>\n<p>\n\tAzerbaycan, Ermeni g\u00fc\u00e7lerinin Azerbaycan sivil yerle\u015fim birimlerine ate\u015f a\u00e7mas\u0131 \u00fczerine 27 Eyl\u00fcl 2020&#8217;de kar\u015f\u0131 sald\u0131r\u0131 operasyonunu ba\u015flatt\u0131. Bir s\u00fcre sonra &#8220;vatan sava\u015f\u0131na&#8221; d\u00f6n\u00fc\u015fen bu operasyonda Azerbaycan ordusu topraklar\u0131n\u0131 kurtararak halk\u0131n\u0131n 30 y\u0131ll\u0131k hasretine son verdi.<\/p>\n<p>\n\tAzerbaycanl\u0131lar\u0131n &#8220;Vatan Muharebesi&#8221; dedi\u011fi 2. Karaba\u011f Sava\u015f\u0131, 44 g\u00fcn s\u00fcrd\u00fc ve 10 Kas\u0131m 2020&#8217;de Ermenistan, yenilgisini kabul eden bildiriye imza at\u0131nca sona erdi.<\/p>\n<p>\n\tAzerbaycan ordusu, 44 g\u00fcnde 5 \u015fehir, 4 kasaba ve 286 k\u00f6y\u00fc i\u015fgalden kurtard\u0131, imzalanan bildiri gere\u011fi Ermenistan ordusu Kelbecer, La\u00e7\u0131n ve A\u011fdam illerini terk etmek zorunda kald\u0131.<\/p>\n<p>\n\tEyl\u00fcl 2023&#8217;te Azerbaycan ordusu, Karaba\u011f b\u00f6lgesinde d\u00fczenledi\u011fi antiter\u00f6r operasyonuyla \u00fclke topraklar\u0131 \u00fczerindeki yasa d\u0131\u015f\u0131 silahl\u0131 g\u00fc\u00e7lerin varl\u0131\u011f\u0131na son verdi. B\u00f6ylece Azerbaycan, toprak b\u00fct\u00fcnl\u00fc\u011f\u00fcn\u00fc tamamen sa\u011flad\u0131 ve egemenli\u011fini t\u00fcm \u00fclke sath\u0131nda tesis etti.<\/p>\n<p>\n\tBu s\u00fcrecin ard\u0131ndan bar\u0131\u015f g\u00f6r\u00fc\u015fmeleri yeniden ivme kazand\u0131. Washington&#8217;daki zirvede taraflar bar\u0131\u015f anla\u015fmas\u0131 metnini paraflayarak kal\u0131c\u0131 bar\u0131\u015fa giden yolda \u00f6nemli ad\u0131m att\u0131.<\/p>\n<h2>\n\tAzerbaycan&#8217;\u0131n petrol ve do\u011fal gaz projeleri<\/h2>\n<p>\n\tAzerbaycan&#8217;\u0131n ekonomik geli\u015fiminin temeli, merhum Cumhurba\u015fkan\u0131 ve Ulusal Lider Haydar Aliyev&#8217;in 7 \u00fclkeden 11 \u015firketle, Azerbaycan&#8217;\u0131n en b\u00fcy\u00fck petrol yata\u011f\u0131 Azeri-\u00c7\u0131rak-G\u00fcne\u015fli (A\u00c7G) havzas\u0131n\u0131n i\u015fletilmesini ve petrol\u00fcn d\u00fcnya pazarlar\u0131na \u00e7\u0131kart\u0131lmas\u0131n\u0131 \u00f6ng\u00f6ren &#8220;Asr\u0131n Anla\u015fmas\u0131&#8221;n\u0131 imzalamas\u0131yla at\u0131ld\u0131.<\/p>\n<p>\n\tAzerbaycan, petrol\u00fcn ta\u015f\u0131nmas\u0131 i\u00e7in T\u00fcrkiye ve G\u00fcrcistan&#8217;la i\u015fbirli\u011fi yapt\u0131 ve Bak\u00fc-Tiflis-Ceyhan (BTC) Boru Hatt\u0131 in\u015fa edildi.<\/p>\n<p>\n\t1990&#8217;l\u0131 y\u0131llar\u0131n ba\u015flar\u0131nda petrol \u00fcretimi yok denilecek kadar azalan Azerbaycan, bug\u00fcn 30&#8217;dan fazla \u00fclkeye petrol ve petrol \u00fcr\u00fcnleri sat\u0131yor.<\/p>\n<p>\n\tCumhurba\u015fkan\u0131 \u0130lham Aliyev d\u00f6neminde ise do\u011fal gaz sekt\u00f6r\u00fcnde at\u0131l\u0131m yap\u0131ld\u0131. \u015eahdeniz 2 yata\u011f\u0131ndan \u00e7\u0131kar\u0131lan do\u011fal gaz\u0131n T\u00fcrkiye ve Avrupa&#8217;ya iletilmesini sa\u011flayan G\u00fcney Kafkasya Boru Hatt\u0131, Trans Anadolu Do\u011falgaz Boru Hatt\u0131 (TANAP) ve Trans-Adriyatik Boru Hatt\u0131&#8217;ndan (TAP) olu\u015fan G\u00fcney Gaz Koridoru in\u015fa edildi. Azerbaycan do\u011falgaz\u0131 bug\u00fcn 14 \u00fclkeye ihra\u00e7 ediliyor.<\/p>\n<h2>\n\tT\u00fcrkiye ile &#8220;bir millet, iki devlet&#8221; m\u00fcttefikli\u011fi kuruldu<\/h2>\n<p>\n\tAzerbaycan&#8217;\u0131n ba\u011f\u0131ms\u0131zl\u0131\u011f\u0131n\u0131 ilk tan\u0131yan devlet T\u00fcrkiye oldu. Merhum Cumhurba\u015fkan\u0131 Haydar Aliyev&#8217;in T\u00fcrkiye ve Azerbaycan i\u00e7in kulland\u0131\u011f\u0131 &#8220;bir millet, iki devlet&#8221; s\u00f6zleri iki \u00fclke aras\u0131ndaki ili\u015fkilerde temel prensip oldu.<\/p>\n<p>\n\t\u0130li\u015fkilerini stratejik m\u00fcttefiklik \u00fczerinde kuran T\u00fcrkiye ile Azerbaycan, Bak\u00fc-Tiflis-Ceyhan Petrol Boru Hatt\u0131, TANAP, Bak\u00fc-Tiflis-Kars demir yolu hatt\u0131 gibi projelere imza att\u0131.<\/p>\n<p>\n\t\u0130kinci Karaba\u011f Sava\u015f\u0131&#8217;nda T\u00fcrkiye ve T\u00fcrk halk\u0131 Azerbaycan&#8217;a siyasi ve manevi destek verdi. Cumhurba\u015fkan\u0131 Recep Tayyip Erdo\u011fan&#8217;\u0131n &#8220;Azerbaycan yaln\u0131z de\u011fildir.&#8221; a\u00e7\u0131klamas\u0131, \u00fc\u00e7\u00fcnc\u00fc g\u00fc\u00e7lerin Azerbaycan&#8217;\u0131n operasyonuna m\u00fcdahil olmas\u0131n\u0131 engelledi.<\/p>\n<p>\n\tErdo\u011fan ve Aliyev, 15 Haziran 2021&#8217;de \u015eu\u015fa Beyannamesi&#8217;ni imzalayarak iki \u00fclke aras\u0131ndaki ili\u015fkileri daha \u00fcst d\u00fczeye \u00e7\u0131kard\u0131.<\/p>\n<h2>\n\tAzerbaycan, uluslararas\u0131 kurulu\u015flarda aktif rol al\u0131yor<\/h2>\n<p>\n\tBa\u011f\u0131ms\u0131zl\u0131ktan sonra Ermenistan d\u0131\u015f\u0131nda kom\u015fu ve yak\u0131n t\u00fcm \u00fclkelerle iyi ili\u015fkiler kuran Azerbaycan, T\u00fcrk Devletleri Te\u015fkilat\u0131 (TDT), Ba\u011f\u0131ms\u0131z Devletler Toplulu\u011fu, \u0130slam \u0130\u015fbirli\u011fi Te\u015fkilat\u0131 (\u0130\u0130T), Ba\u011flant\u0131s\u0131zlar Hareketi, Ekonomik \u0130\u015fbirli\u011fi Te\u015fkilat\u0131 ve AG\u0130T gibi uluslararas\u0131 kurulu\u015flarda aktif rol al\u0131yor.<\/p>\n<p>\n\t2012-2013 d\u00f6neminde Birle\u015fmi\u015f Milletler (BM) G\u00fcvenlik Konseyinin ge\u00e7ici \u00fcyesi olan Azerbaycan, 2019-2023 y\u0131llar\u0131nda Ba\u011flant\u0131s\u0131zlar Hareketinin d\u00f6nem ba\u015fkanl\u0131\u011f\u0131n\u0131 y\u00fcr\u00fctt\u00fc.<\/p>\n<p>\n\tAzerbaycan, 11-22 Kas\u0131m 2024 tarihlerinde BM \u0130klim De\u011fi\u015fikli\u011fi \u00c7er\u00e7eve S\u00f6zle\u015fmesi 29. Taraflar Konferans\u0131&#8217;na (COP 29) ev sahipli\u011fi yapt\u0131.<\/p>\n<p>\n\tBa\u015far\u0131lar\u0131 ve kazan\u0131mlar\u0131yla n\u00fcfuzu her ge\u00e7en g\u00fcn artan Azerbaycan, ba\u011f\u0131ms\u0131zl\u0131\u011f\u0131n\u0131n yeniden kazan\u0131lmas\u0131n\u0131n 34. y\u0131l d\u00f6n\u00fcm\u00fcn\u00fc, hem ge\u00e7mi\u015fteki m\u00fccadelesine duydu\u011fu gururla hem de gelece\u011fe y\u00f6nelik kararl\u0131 ad\u0131mlarla kutluyor.<\/p>\n<div class=\"news-tags\">\n<div class=\"title\">ET\u0130KETLER<\/div>\n<div class=\"tags\">\n                                                                            Azerbaycan\n                                                                    <\/div>\n<\/p><\/div>\n<\/p><\/div>\n","protected":false},"excerpt":{"rendered":"<p>Azerbaycan&#8217;da ba\u011f\u0131ms\u0131zl\u0131k, 28 May\u0131s 1918&#8217;de Mehmet Emin Resulzade ba\u015fkanl\u0131\u011f\u0131ndaki Milli \u015eura taraf\u0131ndan ilan edildi. \u00dclke, iki y\u0131ll\u0131k k\u0131sa d\u00f6nemden sonra Sovyetler Birli\u011fi taraf\u0131ndan i\u015fgal edilmesi sonras\u0131 18 Ekim 1991&#8217;de tarih sahnesinde yeniden ba\u011f\u0131ms\u0131z devlet olarak yerini ald\u0131. Azerbaycanl\u0131lar, 70 y\u0131l Sovyet y\u00f6netimi alt\u0131nda ya\u015fasalar da bir zamanlar Do\u011fu&#8217;nun ilk demokratik cumhuriyeti kabul edilen, \u0131rk, din,<\/p>\n","protected":false},"author":1,"featured_media":96124,"comment_status":"open","ping_status":"open","sticky":false,"template":"","format":"standard","meta":{"footnotes":""},"categories":[306],"tags":[],"class_list":["post-96123","post","type-post","status-publish","format-standard","has-post-thumbnail","hentry","category-dunya"],"yoast_head":"<!-- This site is optimized with the Yoast SEO plugin v27.5 - https:\/\/yoast.com\/product\/yoast-seo-wordpress\/ -->\n<title>Azerbaycan, ba\u011f\u0131ms\u0131zl\u0131\u011f\u0131n\u0131 yeniden kazanman\u0131n 34. y\u0131l\u0131n\u0131 kutluyor -<\/title>\n<meta name=\"robots\" content=\"index, follow, max-snippet:-1, max-image-preview:large, max-video-preview:-1\" \/>\n<link rel=\"canonical\" href=\"https:\/\/kibrisdakik.com\/?p=96123\" \/>\n<meta property=\"og:locale\" content=\"tr_TR\" \/>\n<meta property=\"og:type\" content=\"article\" \/>\n<meta property=\"og:title\" content=\"Azerbaycan, ba\u011f\u0131ms\u0131zl\u0131\u011f\u0131n\u0131 yeniden kazanman\u0131n 34. y\u0131l\u0131n\u0131 kutluyor -\" \/>\n<meta property=\"og:description\" content=\"Azerbaycan&#8217;da ba\u011f\u0131ms\u0131zl\u0131k, 28 May\u0131s 1918&#8217;de Mehmet Emin Resulzade ba\u015fkanl\u0131\u011f\u0131ndaki Milli \u015eura taraf\u0131ndan ilan edildi. \u00dclke, iki y\u0131ll\u0131k k\u0131sa d\u00f6nemden sonra Sovyetler Birli\u011fi taraf\u0131ndan i\u015fgal edilmesi sonras\u0131 18 Ekim 1991&#8217;de tarih sahnesinde yeniden ba\u011f\u0131ms\u0131z devlet olarak yerini ald\u0131. Azerbaycanl\u0131lar, 70 y\u0131l Sovyet y\u00f6netimi alt\u0131nda ya\u015fasalar da bir zamanlar Do\u011fu&#8217;nun ilk demokratik cumhuriyeti kabul edilen, \u0131rk, din,\" \/>\n<meta property=\"og:url\" content=\"https:\/\/kibrisdakik.com\/?p=96123\" \/>\n<meta property=\"article:published_time\" content=\"2025-10-18T08:53:00+00:00\" \/>\n<meta property=\"og:image\" content=\"https:\/\/kibrisdakik.com\/wp-content\/uploads\/2025\/10\/azerbaycan-bayrak-zafer-kaynak-aa-2114000.jpg\" \/>\n\t<meta property=\"og:image:width\" content=\"1280\" \/>\n\t<meta property=\"og:image:height\" content=\"720\" \/>\n\t<meta property=\"og:image:type\" content=\"image\/jpeg\" \/>\n<meta name=\"author\" content=\"admin\" \/>\n<meta name=\"twitter:card\" content=\"summary_large_image\" \/>\n<meta name=\"twitter:label1\" content=\"Yazan:\" \/>\n\t<meta name=\"twitter:data1\" content=\"admin\" \/>\n\t<meta name=\"twitter:label2\" content=\"Tahmini okuma s\u00fcresi\" \/>\n\t<meta name=\"twitter:data2\" content=\"6 dakika\" \/>\n<script type=\"application\/ld+json\" class=\"yoast-schema-graph\">{\"@context\":\"https:\\\/\\\/schema.org\",\"@graph\":[{\"@type\":\"Article\",\"@id\":\"https:\\\/\\\/kibrisdakik.com\\\/?p=96123#article\",\"isPartOf\":{\"@id\":\"https:\\\/\\\/kibrisdakik.com\\\/?p=96123\"},\"author\":{\"name\":\"admin\",\"@id\":\"https:\\\/\\\/kibrisdakik.com\\\/#\\\/schema\\\/person\\\/9cd9d437bbb44f72b73ba127e06d8e79\"},\"headline\":\"Azerbaycan, ba\u011f\u0131ms\u0131zl\u0131\u011f\u0131n\u0131 yeniden kazanman\u0131n 34. y\u0131l\u0131n\u0131 kutluyor\",\"datePublished\":\"2025-10-18T08:53:00+00:00\",\"mainEntityOfPage\":{\"@id\":\"https:\\\/\\\/kibrisdakik.com\\\/?p=96123\"},\"wordCount\":1149,\"commentCount\":0,\"image\":{\"@id\":\"https:\\\/\\\/kibrisdakik.com\\\/?p=96123#primaryimage\"},\"thumbnailUrl\":\"https:\\\/\\\/kibrisdakik.com\\\/wp-content\\\/uploads\\\/2025\\\/10\\\/azerbaycan-bayrak-zafer-kaynak-aa-2114000.jpg\",\"articleSection\":[\"D\u00fcnya\"],\"inLanguage\":\"tr\",\"potentialAction\":[{\"@type\":\"CommentAction\",\"name\":\"Comment\",\"target\":[\"https:\\\/\\\/kibrisdakik.com\\\/?p=96123#respond\"]}]},{\"@type\":\"WebPage\",\"@id\":\"https:\\\/\\\/kibrisdakik.com\\\/?p=96123\",\"url\":\"https:\\\/\\\/kibrisdakik.com\\\/?p=96123\",\"name\":\"Azerbaycan, ba\u011f\u0131ms\u0131zl\u0131\u011f\u0131n\u0131 yeniden kazanman\u0131n 34. y\u0131l\u0131n\u0131 kutluyor -\",\"isPartOf\":{\"@id\":\"https:\\\/\\\/kibrisdakik.com\\\/#website\"},\"primaryImageOfPage\":{\"@id\":\"https:\\\/\\\/kibrisdakik.com\\\/?p=96123#primaryimage\"},\"image\":{\"@id\":\"https:\\\/\\\/kibrisdakik.com\\\/?p=96123#primaryimage\"},\"thumbnailUrl\":\"https:\\\/\\\/kibrisdakik.com\\\/wp-content\\\/uploads\\\/2025\\\/10\\\/azerbaycan-bayrak-zafer-kaynak-aa-2114000.jpg\",\"datePublished\":\"2025-10-18T08:53:00+00:00\",\"author\":{\"@id\":\"https:\\\/\\\/kibrisdakik.com\\\/#\\\/schema\\\/person\\\/9cd9d437bbb44f72b73ba127e06d8e79\"},\"breadcrumb\":{\"@id\":\"https:\\\/\\\/kibrisdakik.com\\\/?p=96123#breadcrumb\"},\"inLanguage\":\"tr\",\"potentialAction\":[{\"@type\":\"ReadAction\",\"target\":[\"https:\\\/\\\/kibrisdakik.com\\\/?p=96123\"]}]},{\"@type\":\"ImageObject\",\"inLanguage\":\"tr\",\"@id\":\"https:\\\/\\\/kibrisdakik.com\\\/?p=96123#primaryimage\",\"url\":\"https:\\\/\\\/kibrisdakik.com\\\/wp-content\\\/uploads\\\/2025\\\/10\\\/azerbaycan-bayrak-zafer-kaynak-aa-2114000.jpg\",\"contentUrl\":\"https:\\\/\\\/kibrisdakik.com\\\/wp-content\\\/uploads\\\/2025\\\/10\\\/azerbaycan-bayrak-zafer-kaynak-aa-2114000.jpg\",\"width\":1280,\"height\":720},{\"@type\":\"BreadcrumbList\",\"@id\":\"https:\\\/\\\/kibrisdakik.com\\\/?p=96123#breadcrumb\",\"itemListElement\":[{\"@type\":\"ListItem\",\"position\":1,\"name\":\"Home\",\"item\":\"https:\\\/\\\/kibrisdakik.com\\\/\"},{\"@type\":\"ListItem\",\"position\":2,\"name\":\"Azerbaycan, ba\u011f\u0131ms\u0131zl\u0131\u011f\u0131n\u0131 yeniden kazanman\u0131n 34. y\u0131l\u0131n\u0131 kutluyor\"}]},{\"@type\":\"WebSite\",\"@id\":\"https:\\\/\\\/kibrisdakik.com\\\/#website\",\"url\":\"https:\\\/\\\/kibrisdakik.com\\\/\",\"name\":\"\",\"description\":\"Tam vaktinde haber\",\"potentialAction\":[{\"@type\":\"SearchAction\",\"target\":{\"@type\":\"EntryPoint\",\"urlTemplate\":\"https:\\\/\\\/kibrisdakik.com\\\/?s={search_term_string}\"},\"query-input\":{\"@type\":\"PropertyValueSpecification\",\"valueRequired\":true,\"valueName\":\"search_term_string\"}}],\"inLanguage\":\"tr\"},{\"@type\":\"Person\",\"@id\":\"https:\\\/\\\/kibrisdakik.com\\\/#\\\/schema\\\/person\\\/9cd9d437bbb44f72b73ba127e06d8e79\",\"name\":\"admin\",\"image\":{\"@type\":\"ImageObject\",\"inLanguage\":\"tr\",\"@id\":\"https:\\\/\\\/secure.gravatar.com\\\/avatar\\\/ccc17943b9d660506c869530f897617f7cb1c21a4bf30023f252596d83e1f007?s=96&d=mm&r=g\",\"url\":\"https:\\\/\\\/secure.gravatar.com\\\/avatar\\\/ccc17943b9d660506c869530f897617f7cb1c21a4bf30023f252596d83e1f007?s=96&d=mm&r=g\",\"contentUrl\":\"https:\\\/\\\/secure.gravatar.com\\\/avatar\\\/ccc17943b9d660506c869530f897617f7cb1c21a4bf30023f252596d83e1f007?s=96&d=mm&r=g\",\"caption\":\"admin\"},\"sameAs\":[\"https:\\\/\\\/kibrisdakik.com\"],\"url\":\"https:\\\/\\\/kibrisdakik.com\\\/?author=1\"}]}<\/script>\n<!-- \/ Yoast SEO plugin. -->","yoast_head_json":{"title":"Azerbaycan, ba\u011f\u0131ms\u0131zl\u0131\u011f\u0131n\u0131 yeniden kazanman\u0131n 34. y\u0131l\u0131n\u0131 kutluyor -","robots":{"index":"index","follow":"follow","max-snippet":"max-snippet:-1","max-image-preview":"max-image-preview:large","max-video-preview":"max-video-preview:-1"},"canonical":"https:\/\/kibrisdakik.com\/?p=96123","og_locale":"tr_TR","og_type":"article","og_title":"Azerbaycan, ba\u011f\u0131ms\u0131zl\u0131\u011f\u0131n\u0131 yeniden kazanman\u0131n 34. y\u0131l\u0131n\u0131 kutluyor -","og_description":"Azerbaycan&#8217;da ba\u011f\u0131ms\u0131zl\u0131k, 28 May\u0131s 1918&#8217;de Mehmet Emin Resulzade ba\u015fkanl\u0131\u011f\u0131ndaki Milli \u015eura taraf\u0131ndan ilan edildi. \u00dclke, iki y\u0131ll\u0131k k\u0131sa d\u00f6nemden sonra Sovyetler Birli\u011fi taraf\u0131ndan i\u015fgal edilmesi sonras\u0131 18 Ekim 1991&#8217;de tarih sahnesinde yeniden ba\u011f\u0131ms\u0131z devlet olarak yerini ald\u0131. Azerbaycanl\u0131lar, 70 y\u0131l Sovyet y\u00f6netimi alt\u0131nda ya\u015fasalar da bir zamanlar Do\u011fu&#8217;nun ilk demokratik cumhuriyeti kabul edilen, \u0131rk, din,","og_url":"https:\/\/kibrisdakik.com\/?p=96123","article_published_time":"2025-10-18T08:53:00+00:00","og_image":[{"width":1280,"height":720,"url":"https:\/\/kibrisdakik.com\/wp-content\/uploads\/2025\/10\/azerbaycan-bayrak-zafer-kaynak-aa-2114000.jpg","type":"image\/jpeg"}],"author":"admin","twitter_card":"summary_large_image","twitter_misc":{"Yazan:":"admin","Tahmini okuma s\u00fcresi":"6 dakika"},"schema":{"@context":"https:\/\/schema.org","@graph":[{"@type":"Article","@id":"https:\/\/kibrisdakik.com\/?p=96123#article","isPartOf":{"@id":"https:\/\/kibrisdakik.com\/?p=96123"},"author":{"name":"admin","@id":"https:\/\/kibrisdakik.com\/#\/schema\/person\/9cd9d437bbb44f72b73ba127e06d8e79"},"headline":"Azerbaycan, ba\u011f\u0131ms\u0131zl\u0131\u011f\u0131n\u0131 yeniden kazanman\u0131n 34. y\u0131l\u0131n\u0131 kutluyor","datePublished":"2025-10-18T08:53:00+00:00","mainEntityOfPage":{"@id":"https:\/\/kibrisdakik.com\/?p=96123"},"wordCount":1149,"commentCount":0,"image":{"@id":"https:\/\/kibrisdakik.com\/?p=96123#primaryimage"},"thumbnailUrl":"https:\/\/kibrisdakik.com\/wp-content\/uploads\/2025\/10\/azerbaycan-bayrak-zafer-kaynak-aa-2114000.jpg","articleSection":["D\u00fcnya"],"inLanguage":"tr","potentialAction":[{"@type":"CommentAction","name":"Comment","target":["https:\/\/kibrisdakik.com\/?p=96123#respond"]}]},{"@type":"WebPage","@id":"https:\/\/kibrisdakik.com\/?p=96123","url":"https:\/\/kibrisdakik.com\/?p=96123","name":"Azerbaycan, ba\u011f\u0131ms\u0131zl\u0131\u011f\u0131n\u0131 yeniden kazanman\u0131n 34. y\u0131l\u0131n\u0131 kutluyor -","isPartOf":{"@id":"https:\/\/kibrisdakik.com\/#website"},"primaryImageOfPage":{"@id":"https:\/\/kibrisdakik.com\/?p=96123#primaryimage"},"image":{"@id":"https:\/\/kibrisdakik.com\/?p=96123#primaryimage"},"thumbnailUrl":"https:\/\/kibrisdakik.com\/wp-content\/uploads\/2025\/10\/azerbaycan-bayrak-zafer-kaynak-aa-2114000.jpg","datePublished":"2025-10-18T08:53:00+00:00","author":{"@id":"https:\/\/kibrisdakik.com\/#\/schema\/person\/9cd9d437bbb44f72b73ba127e06d8e79"},"breadcrumb":{"@id":"https:\/\/kibrisdakik.com\/?p=96123#breadcrumb"},"inLanguage":"tr","potentialAction":[{"@type":"ReadAction","target":["https:\/\/kibrisdakik.com\/?p=96123"]}]},{"@type":"ImageObject","inLanguage":"tr","@id":"https:\/\/kibrisdakik.com\/?p=96123#primaryimage","url":"https:\/\/kibrisdakik.com\/wp-content\/uploads\/2025\/10\/azerbaycan-bayrak-zafer-kaynak-aa-2114000.jpg","contentUrl":"https:\/\/kibrisdakik.com\/wp-content\/uploads\/2025\/10\/azerbaycan-bayrak-zafer-kaynak-aa-2114000.jpg","width":1280,"height":720},{"@type":"BreadcrumbList","@id":"https:\/\/kibrisdakik.com\/?p=96123#breadcrumb","itemListElement":[{"@type":"ListItem","position":1,"name":"Home","item":"https:\/\/kibrisdakik.com\/"},{"@type":"ListItem","position":2,"name":"Azerbaycan, ba\u011f\u0131ms\u0131zl\u0131\u011f\u0131n\u0131 yeniden kazanman\u0131n 34. y\u0131l\u0131n\u0131 kutluyor"}]},{"@type":"WebSite","@id":"https:\/\/kibrisdakik.com\/#website","url":"https:\/\/kibrisdakik.com\/","name":"","description":"Tam vaktinde haber","potentialAction":[{"@type":"SearchAction","target":{"@type":"EntryPoint","urlTemplate":"https:\/\/kibrisdakik.com\/?s={search_term_string}"},"query-input":{"@type":"PropertyValueSpecification","valueRequired":true,"valueName":"search_term_string"}}],"inLanguage":"tr"},{"@type":"Person","@id":"https:\/\/kibrisdakik.com\/#\/schema\/person\/9cd9d437bbb44f72b73ba127e06d8e79","name":"admin","image":{"@type":"ImageObject","inLanguage":"tr","@id":"https:\/\/secure.gravatar.com\/avatar\/ccc17943b9d660506c869530f897617f7cb1c21a4bf30023f252596d83e1f007?s=96&d=mm&r=g","url":"https:\/\/secure.gravatar.com\/avatar\/ccc17943b9d660506c869530f897617f7cb1c21a4bf30023f252596d83e1f007?s=96&d=mm&r=g","contentUrl":"https:\/\/secure.gravatar.com\/avatar\/ccc17943b9d660506c869530f897617f7cb1c21a4bf30023f252596d83e1f007?s=96&d=mm&r=g","caption":"admin"},"sameAs":["https:\/\/kibrisdakik.com"],"url":"https:\/\/kibrisdakik.com\/?author=1"}]}},"_links":{"self":[{"href":"https:\/\/kibrisdakik.com\/index.php?rest_route=\/wp\/v2\/posts\/96123","targetHints":{"allow":["GET"]}}],"collection":[{"href":"https:\/\/kibrisdakik.com\/index.php?rest_route=\/wp\/v2\/posts"}],"about":[{"href":"https:\/\/kibrisdakik.com\/index.php?rest_route=\/wp\/v2\/types\/post"}],"author":[{"embeddable":true,"href":"https:\/\/kibrisdakik.com\/index.php?rest_route=\/wp\/v2\/users\/1"}],"replies":[{"embeddable":true,"href":"https:\/\/kibrisdakik.com\/index.php?rest_route=%2Fwp%2Fv2%2Fcomments&post=96123"}],"version-history":[{"count":0,"href":"https:\/\/kibrisdakik.com\/index.php?rest_route=\/wp\/v2\/posts\/96123\/revisions"}],"wp:featuredmedia":[{"embeddable":true,"href":"https:\/\/kibrisdakik.com\/index.php?rest_route=\/wp\/v2\/media\/96124"}],"wp:attachment":[{"href":"https:\/\/kibrisdakik.com\/index.php?rest_route=%2Fwp%2Fv2%2Fmedia&parent=96123"}],"wp:term":[{"taxonomy":"category","embeddable":true,"href":"https:\/\/kibrisdakik.com\/index.php?rest_route=%2Fwp%2Fv2%2Fcategories&post=96123"},{"taxonomy":"post_tag","embeddable":true,"href":"https:\/\/kibrisdakik.com\/index.php?rest_route=%2Fwp%2Fv2%2Ftags&post=96123"}],"curies":[{"name":"wp","href":"https:\/\/api.w.org\/{rel}","templated":true}]}}