{"id":96179,"date":"2025-10-19T01:05:23","date_gmt":"2025-10-18T22:05:23","guid":{"rendered":"https:\/\/kibrisdakik.com\/index.php\/2025\/10\/19\/hamas-netanyahu-refah-sinir-kapisini-acmama-karariyla-ateskesi-acikca-ihlal-etti\/"},"modified":"2025-10-19T01:05:23","modified_gmt":"2025-10-18T22:05:23","slug":"hamas-netanyahu-refah-sinir-kapisini-acmama-karariyla-ateskesi-acikca-ihlal-etti","status":"publish","type":"post","link":"https:\/\/kibrisdakik.com\/?p=96179","title":{"rendered":"Hamas: Netanyahu, Refah S\u0131n\u0131r Kap\u0131s\u0131&#039;n\u0131 a\u00e7mama karar\u0131yla ate\u015fkesi a\u00e7\u0131k\u00e7a ihlal etti"},"content":{"rendered":"<p><\/p>\n<div class=\"news-content\">\n<p>\n\tNetanyahu&#8217;nun Refah S\u0131n\u0131r Kap\u0131s\u0131&#8217;n\u0131n &#8220;bir sonraki duyuruya kadar a\u00e7\u0131lmamas\u0131&#8221; talimat\u0131 vermesiyle ilgili olarak Hamas&#8217;tan a\u00e7\u0131klama yap\u0131ld\u0131.<\/p>\n<p>\n\tA\u00e7\u0131klamada, Refah S\u0131n\u0131r Kap\u0131s\u0131&#8217;n\u0131n s\u00fcrekli kapal\u0131 tutulmas\u0131n\u0131n, yaral\u0131 ve hastalar\u0131n \u00e7\u0131k\u0131\u015f\u0131n\u0131, enkazdaki ki\u015filerin aranmas\u0131 i\u00e7in gerekli \u00f6zel ekipmanlar\u0131n ve cesetleri te\u015fhis etme konusunda uzmanla\u015fm\u0131\u015f ekiplerin giri\u015finin engellenmesinin cesetlerin (\u0130srailli esirler) bulunmas\u0131 ve teslim edilmesi i\u015flemini geciktirece\u011fi kaydedildi.<\/p>\n<p>\n\t\u0130srail&#8217;in, ate\u015fkesin imzalanmas\u0131ndan bu yana ger\u00e7ekle\u015ftirdi\u011fi 47 ihlalde 38 ki\u015finin \u00f6l\u00fcm\u00fcne, 143 ki\u015finin yaralanmas\u0131na neden oldu\u011fu hat\u0131rlat\u0131lan a\u00e7\u0131klamada, \u0130srail&#8217;in s\u0131n\u0131r kap\u0131s\u0131n\u0131 a\u00e7mama karar\u0131yla da ate\u015fkes anla\u015fmas\u0131n\u0131 ve ara bulucular ile garant\u00f6rlere verdi\u011fi taahh\u00fctleri a\u00e7\u0131k\u00e7a ihlal etti\u011fi ve Gazze \u015eeridi&#8217;ndeki 2 milyondan fazla Filistinliye uygulad\u0131\u011f\u0131 ablukay\u0131 s\u00fcrd\u00fcrme niyetini ortaya koydu\u011fu anlat\u0131ld\u0131.<\/p>\n<p>\n\t&#8220;Sava\u015f su\u00e7lusu Netanyahu&#8217;nun, anla\u015fmay\u0131 bozmak ve verdi\u011fi taahh\u00fctlerden ka\u00e7mak i\u00e7in bahaneler uydurdu\u011fu&#8221; aktar\u0131lan a\u00e7\u0131klamada, ara bulucular ile garant\u00f6rlere, Refah S\u0131n\u0131r Kap\u0131s\u0131&#8217;n\u0131 a\u00e7mas\u0131 ve anla\u015fman\u0131n t\u00fcm maddelerine uymas\u0131 i\u00e7in \u0130srail&#8217;e bask\u0131 yapma \u00e7a\u011fr\u0131s\u0131nda bulunuldu.<\/p>\n<p>\n\t\u0130srail Ba\u015fbakanl\u0131k Ofisi&#8217;nden d\u00fcn yap\u0131lan a\u00e7\u0131klamada, Refah S\u0131n\u0131r Kap\u0131s\u0131&#8217;n\u0131n &#8220;bir sonraki duyuruya kadar a\u00e7\u0131lmayaca\u011f\u0131&#8221; belirtilmi\u015fti.<\/p>\n<p>\n\tS\u0131n\u0131r\u0131n a\u00e7\u0131lmas\u0131n\u0131n Hamas&#8217;\u0131n Gazze&#8217;deki \u0130srailli esirlerin cesetlerini iade etmesine ba\u011fl\u0131 oldu\u011fu ileri s\u00fcr\u00fclen a\u00e7\u0131klamada, Hamas&#8217;\u0131n ate\u015fkes ve esir takas\u0131 anla\u015fmas\u0131ndaki y\u00fck\u00fcml\u00fcl\u00fcklerini yerine getirmesi durumunda yeniden bir de\u011ferlendirme yap\u0131laca\u011f\u0131 iddia edilmi\u015fti.<\/p>\n<div class=\"news-tags\">\n<div class=\"title\">ET\u0130KETLER<\/div>\n<div class=\"tags\">\n                                                                            Hamas<br \/>\n                                                                            Gazze<br \/>\n                                                                            Netanyahu\n                                                                    <\/div>\n<\/p><\/div>\n<\/p><\/div>\n","protected":false},"excerpt":{"rendered":"<p>Netanyahu&#8217;nun Refah S\u0131n\u0131r Kap\u0131s\u0131&#8217;n\u0131n &#8220;bir sonraki duyuruya kadar a\u00e7\u0131lmamas\u0131&#8221; talimat\u0131 vermesiyle ilgili olarak Hamas&#8217;tan a\u00e7\u0131klama yap\u0131ld\u0131. A\u00e7\u0131klamada, Refah S\u0131n\u0131r Kap\u0131s\u0131&#8217;n\u0131n s\u00fcrekli kapal\u0131 tutulmas\u0131n\u0131n, yaral\u0131 ve hastalar\u0131n \u00e7\u0131k\u0131\u015f\u0131n\u0131, enkazdaki ki\u015filerin aranmas\u0131 i\u00e7in gerekli \u00f6zel ekipmanlar\u0131n ve cesetleri te\u015fhis etme konusunda uzmanla\u015fm\u0131\u015f ekiplerin giri\u015finin engellenmesinin cesetlerin (\u0130srailli esirler) bulunmas\u0131 ve teslim edilmesi i\u015flemini geciktirece\u011fi kaydedildi. \u0130srail&#8217;in, ate\u015fkesin<\/p>\n","protected":false},"author":1,"featured_media":95900,"comment_status":"open","ping_status":"open","sticky":false,"template":"","format":"standard","meta":{"footnotes":""},"categories":[306],"tags":[],"class_list":["post-96179","post","type-post","status-publish","format-standard","has-post-thumbnail","hentry","category-dunya"],"yoast_head":"<!-- This site is optimized with the Yoast SEO plugin v27.5 - https:\/\/yoast.com\/product\/yoast-seo-wordpress\/ -->\n<title>Hamas: Netanyahu, Refah S\u0131n\u0131r Kap\u0131s\u0131&#039;n\u0131 a\u00e7mama karar\u0131yla ate\u015fkesi a\u00e7\u0131k\u00e7a ihlal etti -<\/title>\n<meta name=\"robots\" content=\"index, follow, max-snippet:-1, max-image-preview:large, max-video-preview:-1\" \/>\n<link rel=\"canonical\" href=\"https:\/\/kibrisdakik.com\/?p=96179\" \/>\n<meta property=\"og:locale\" content=\"tr_TR\" \/>\n<meta property=\"og:type\" content=\"article\" \/>\n<meta property=\"og:title\" content=\"Hamas: Netanyahu, Refah S\u0131n\u0131r Kap\u0131s\u0131&#039;n\u0131 a\u00e7mama karar\u0131yla ate\u015fkesi a\u00e7\u0131k\u00e7a ihlal etti -\" \/>\n<meta property=\"og:description\" content=\"Netanyahu&#8217;nun Refah S\u0131n\u0131r Kap\u0131s\u0131&#8217;n\u0131n &#8220;bir sonraki duyuruya kadar a\u00e7\u0131lmamas\u0131&#8221; talimat\u0131 vermesiyle ilgili olarak Hamas&#8217;tan a\u00e7\u0131klama yap\u0131ld\u0131. A\u00e7\u0131klamada, Refah S\u0131n\u0131r Kap\u0131s\u0131&#8217;n\u0131n s\u00fcrekli kapal\u0131 tutulmas\u0131n\u0131n, yaral\u0131 ve hastalar\u0131n \u00e7\u0131k\u0131\u015f\u0131n\u0131, enkazdaki ki\u015filerin aranmas\u0131 i\u00e7in gerekli \u00f6zel ekipmanlar\u0131n ve cesetleri te\u015fhis etme konusunda uzmanla\u015fm\u0131\u015f ekiplerin giri\u015finin engellenmesinin cesetlerin (\u0130srailli esirler) bulunmas\u0131 ve teslim edilmesi i\u015flemini geciktirece\u011fi kaydedildi. \u0130srail&#8217;in, ate\u015fkesin\" \/>\n<meta property=\"og:url\" content=\"https:\/\/kibrisdakik.com\/?p=96179\" \/>\n<meta property=\"article:published_time\" content=\"2025-10-18T22:05:23+00:00\" \/>\n<meta property=\"og:image\" content=\"https:\/\/kibrisdakik.com\/wp-content\/uploads\/2025\/10\/refah-sinir-kapisi-aa-1513497.jpg\" \/>\n\t<meta property=\"og:image:width\" content=\"1280\" \/>\n\t<meta property=\"og:image:height\" content=\"720\" \/>\n\t<meta property=\"og:image:type\" content=\"image\/jpeg\" \/>\n<meta name=\"author\" content=\"admin\" \/>\n<meta name=\"twitter:card\" content=\"summary_large_image\" \/>\n<meta name=\"twitter:label1\" content=\"Yazan:\" \/>\n\t<meta name=\"twitter:data1\" content=\"admin\" \/>\n\t<meta name=\"twitter:label2\" content=\"Tahmini okuma s\u00fcresi\" \/>\n\t<meta name=\"twitter:data2\" content=\"1 dakika\" \/>\n<script type=\"application\/ld+json\" class=\"yoast-schema-graph\">{\"@context\":\"https:\\\/\\\/schema.org\",\"@graph\":[{\"@type\":\"Article\",\"@id\":\"https:\\\/\\\/kibrisdakik.com\\\/?p=96179#article\",\"isPartOf\":{\"@id\":\"https:\\\/\\\/kibrisdakik.com\\\/?p=96179\"},\"author\":{\"name\":\"admin\",\"@id\":\"https:\\\/\\\/kibrisdakik.com\\\/#\\\/schema\\\/person\\\/9cd9d437bbb44f72b73ba127e06d8e79\"},\"headline\":\"Hamas: Netanyahu, Refah S\u0131n\u0131r Kap\u0131s\u0131&#039;n\u0131 a\u00e7mama karar\u0131yla ate\u015fkesi a\u00e7\u0131k\u00e7a ihlal etti\",\"datePublished\":\"2025-10-18T22:05:23+00:00\",\"mainEntityOfPage\":{\"@id\":\"https:\\\/\\\/kibrisdakik.com\\\/?p=96179\"},\"wordCount\":319,\"commentCount\":0,\"image\":{\"@id\":\"https:\\\/\\\/kibrisdakik.com\\\/?p=96179#primaryimage\"},\"thumbnailUrl\":\"https:\\\/\\\/kibrisdakik.com\\\/wp-content\\\/uploads\\\/2025\\\/10\\\/refah-sinir-kapisi-aa-1513497.jpg\",\"articleSection\":[\"D\u00fcnya\"],\"inLanguage\":\"tr\",\"potentialAction\":[{\"@type\":\"CommentAction\",\"name\":\"Comment\",\"target\":[\"https:\\\/\\\/kibrisdakik.com\\\/?p=96179#respond\"]}]},{\"@type\":\"WebPage\",\"@id\":\"https:\\\/\\\/kibrisdakik.com\\\/?p=96179\",\"url\":\"https:\\\/\\\/kibrisdakik.com\\\/?p=96179\",\"name\":\"Hamas: Netanyahu, Refah S\u0131n\u0131r Kap\u0131s\u0131&#039;n\u0131 a\u00e7mama karar\u0131yla ate\u015fkesi a\u00e7\u0131k\u00e7a ihlal etti -\",\"isPartOf\":{\"@id\":\"https:\\\/\\\/kibrisdakik.com\\\/#website\"},\"primaryImageOfPage\":{\"@id\":\"https:\\\/\\\/kibrisdakik.com\\\/?p=96179#primaryimage\"},\"image\":{\"@id\":\"https:\\\/\\\/kibrisdakik.com\\\/?p=96179#primaryimage\"},\"thumbnailUrl\":\"https:\\\/\\\/kibrisdakik.com\\\/wp-content\\\/uploads\\\/2025\\\/10\\\/refah-sinir-kapisi-aa-1513497.jpg\",\"datePublished\":\"2025-10-18T22:05:23+00:00\",\"author\":{\"@id\":\"https:\\\/\\\/kibrisdakik.com\\\/#\\\/schema\\\/person\\\/9cd9d437bbb44f72b73ba127e06d8e79\"},\"breadcrumb\":{\"@id\":\"https:\\\/\\\/kibrisdakik.com\\\/?p=96179#breadcrumb\"},\"inLanguage\":\"tr\",\"potentialAction\":[{\"@type\":\"ReadAction\",\"target\":[\"https:\\\/\\\/kibrisdakik.com\\\/?p=96179\"]}]},{\"@type\":\"ImageObject\",\"inLanguage\":\"tr\",\"@id\":\"https:\\\/\\\/kibrisdakik.com\\\/?p=96179#primaryimage\",\"url\":\"https:\\\/\\\/kibrisdakik.com\\\/wp-content\\\/uploads\\\/2025\\\/10\\\/refah-sinir-kapisi-aa-1513497.jpg\",\"contentUrl\":\"https:\\\/\\\/kibrisdakik.com\\\/wp-content\\\/uploads\\\/2025\\\/10\\\/refah-sinir-kapisi-aa-1513497.jpg\",\"width\":1280,\"height\":720},{\"@type\":\"BreadcrumbList\",\"@id\":\"https:\\\/\\\/kibrisdakik.com\\\/?p=96179#breadcrumb\",\"itemListElement\":[{\"@type\":\"ListItem\",\"position\":1,\"name\":\"Home\",\"item\":\"https:\\\/\\\/kibrisdakik.com\\\/\"},{\"@type\":\"ListItem\",\"position\":2,\"name\":\"Hamas: Netanyahu, Refah S\u0131n\u0131r Kap\u0131s\u0131&#039;n\u0131 a\u00e7mama karar\u0131yla ate\u015fkesi a\u00e7\u0131k\u00e7a ihlal etti\"}]},{\"@type\":\"WebSite\",\"@id\":\"https:\\\/\\\/kibrisdakik.com\\\/#website\",\"url\":\"https:\\\/\\\/kibrisdakik.com\\\/\",\"name\":\"\",\"description\":\"Tam vaktinde haber\",\"potentialAction\":[{\"@type\":\"SearchAction\",\"target\":{\"@type\":\"EntryPoint\",\"urlTemplate\":\"https:\\\/\\\/kibrisdakik.com\\\/?s={search_term_string}\"},\"query-input\":{\"@type\":\"PropertyValueSpecification\",\"valueRequired\":true,\"valueName\":\"search_term_string\"}}],\"inLanguage\":\"tr\"},{\"@type\":\"Person\",\"@id\":\"https:\\\/\\\/kibrisdakik.com\\\/#\\\/schema\\\/person\\\/9cd9d437bbb44f72b73ba127e06d8e79\",\"name\":\"admin\",\"image\":{\"@type\":\"ImageObject\",\"inLanguage\":\"tr\",\"@id\":\"https:\\\/\\\/secure.gravatar.com\\\/avatar\\\/ccc17943b9d660506c869530f897617f7cb1c21a4bf30023f252596d83e1f007?s=96&d=mm&r=g\",\"url\":\"https:\\\/\\\/secure.gravatar.com\\\/avatar\\\/ccc17943b9d660506c869530f897617f7cb1c21a4bf30023f252596d83e1f007?s=96&d=mm&r=g\",\"contentUrl\":\"https:\\\/\\\/secure.gravatar.com\\\/avatar\\\/ccc17943b9d660506c869530f897617f7cb1c21a4bf30023f252596d83e1f007?s=96&d=mm&r=g\",\"caption\":\"admin\"},\"sameAs\":[\"https:\\\/\\\/kibrisdakik.com\"],\"url\":\"https:\\\/\\\/kibrisdakik.com\\\/?author=1\"}]}<\/script>\n<!-- \/ Yoast SEO plugin. -->","yoast_head_json":{"title":"Hamas: Netanyahu, Refah S\u0131n\u0131r Kap\u0131s\u0131&#039;n\u0131 a\u00e7mama karar\u0131yla ate\u015fkesi a\u00e7\u0131k\u00e7a ihlal etti -","robots":{"index":"index","follow":"follow","max-snippet":"max-snippet:-1","max-image-preview":"max-image-preview:large","max-video-preview":"max-video-preview:-1"},"canonical":"https:\/\/kibrisdakik.com\/?p=96179","og_locale":"tr_TR","og_type":"article","og_title":"Hamas: Netanyahu, Refah S\u0131n\u0131r Kap\u0131s\u0131&#039;n\u0131 a\u00e7mama karar\u0131yla ate\u015fkesi a\u00e7\u0131k\u00e7a ihlal etti -","og_description":"Netanyahu&#8217;nun Refah S\u0131n\u0131r Kap\u0131s\u0131&#8217;n\u0131n &#8220;bir sonraki duyuruya kadar a\u00e7\u0131lmamas\u0131&#8221; talimat\u0131 vermesiyle ilgili olarak Hamas&#8217;tan a\u00e7\u0131klama yap\u0131ld\u0131. A\u00e7\u0131klamada, Refah S\u0131n\u0131r Kap\u0131s\u0131&#8217;n\u0131n s\u00fcrekli kapal\u0131 tutulmas\u0131n\u0131n, yaral\u0131 ve hastalar\u0131n \u00e7\u0131k\u0131\u015f\u0131n\u0131, enkazdaki ki\u015filerin aranmas\u0131 i\u00e7in gerekli \u00f6zel ekipmanlar\u0131n ve cesetleri te\u015fhis etme konusunda uzmanla\u015fm\u0131\u015f ekiplerin giri\u015finin engellenmesinin cesetlerin (\u0130srailli esirler) bulunmas\u0131 ve teslim edilmesi i\u015flemini geciktirece\u011fi kaydedildi. \u0130srail&#8217;in, ate\u015fkesin","og_url":"https:\/\/kibrisdakik.com\/?p=96179","article_published_time":"2025-10-18T22:05:23+00:00","og_image":[{"width":1280,"height":720,"url":"https:\/\/kibrisdakik.com\/wp-content\/uploads\/2025\/10\/refah-sinir-kapisi-aa-1513497.jpg","type":"image\/jpeg"}],"author":"admin","twitter_card":"summary_large_image","twitter_misc":{"Yazan:":"admin","Tahmini okuma s\u00fcresi":"1 dakika"},"schema":{"@context":"https:\/\/schema.org","@graph":[{"@type":"Article","@id":"https:\/\/kibrisdakik.com\/?p=96179#article","isPartOf":{"@id":"https:\/\/kibrisdakik.com\/?p=96179"},"author":{"name":"admin","@id":"https:\/\/kibrisdakik.com\/#\/schema\/person\/9cd9d437bbb44f72b73ba127e06d8e79"},"headline":"Hamas: Netanyahu, Refah S\u0131n\u0131r Kap\u0131s\u0131&#039;n\u0131 a\u00e7mama karar\u0131yla ate\u015fkesi a\u00e7\u0131k\u00e7a ihlal etti","datePublished":"2025-10-18T22:05:23+00:00","mainEntityOfPage":{"@id":"https:\/\/kibrisdakik.com\/?p=96179"},"wordCount":319,"commentCount":0,"image":{"@id":"https:\/\/kibrisdakik.com\/?p=96179#primaryimage"},"thumbnailUrl":"https:\/\/kibrisdakik.com\/wp-content\/uploads\/2025\/10\/refah-sinir-kapisi-aa-1513497.jpg","articleSection":["D\u00fcnya"],"inLanguage":"tr","potentialAction":[{"@type":"CommentAction","name":"Comment","target":["https:\/\/kibrisdakik.com\/?p=96179#respond"]}]},{"@type":"WebPage","@id":"https:\/\/kibrisdakik.com\/?p=96179","url":"https:\/\/kibrisdakik.com\/?p=96179","name":"Hamas: Netanyahu, Refah S\u0131n\u0131r Kap\u0131s\u0131&#039;n\u0131 a\u00e7mama karar\u0131yla ate\u015fkesi a\u00e7\u0131k\u00e7a ihlal etti -","isPartOf":{"@id":"https:\/\/kibrisdakik.com\/#website"},"primaryImageOfPage":{"@id":"https:\/\/kibrisdakik.com\/?p=96179#primaryimage"},"image":{"@id":"https:\/\/kibrisdakik.com\/?p=96179#primaryimage"},"thumbnailUrl":"https:\/\/kibrisdakik.com\/wp-content\/uploads\/2025\/10\/refah-sinir-kapisi-aa-1513497.jpg","datePublished":"2025-10-18T22:05:23+00:00","author":{"@id":"https:\/\/kibrisdakik.com\/#\/schema\/person\/9cd9d437bbb44f72b73ba127e06d8e79"},"breadcrumb":{"@id":"https:\/\/kibrisdakik.com\/?p=96179#breadcrumb"},"inLanguage":"tr","potentialAction":[{"@type":"ReadAction","target":["https:\/\/kibrisdakik.com\/?p=96179"]}]},{"@type":"ImageObject","inLanguage":"tr","@id":"https:\/\/kibrisdakik.com\/?p=96179#primaryimage","url":"https:\/\/kibrisdakik.com\/wp-content\/uploads\/2025\/10\/refah-sinir-kapisi-aa-1513497.jpg","contentUrl":"https:\/\/kibrisdakik.com\/wp-content\/uploads\/2025\/10\/refah-sinir-kapisi-aa-1513497.jpg","width":1280,"height":720},{"@type":"BreadcrumbList","@id":"https:\/\/kibrisdakik.com\/?p=96179#breadcrumb","itemListElement":[{"@type":"ListItem","position":1,"name":"Home","item":"https:\/\/kibrisdakik.com\/"},{"@type":"ListItem","position":2,"name":"Hamas: Netanyahu, Refah S\u0131n\u0131r Kap\u0131s\u0131&#039;n\u0131 a\u00e7mama karar\u0131yla ate\u015fkesi a\u00e7\u0131k\u00e7a ihlal etti"}]},{"@type":"WebSite","@id":"https:\/\/kibrisdakik.com\/#website","url":"https:\/\/kibrisdakik.com\/","name":"","description":"Tam vaktinde haber","potentialAction":[{"@type":"SearchAction","target":{"@type":"EntryPoint","urlTemplate":"https:\/\/kibrisdakik.com\/?s={search_term_string}"},"query-input":{"@type":"PropertyValueSpecification","valueRequired":true,"valueName":"search_term_string"}}],"inLanguage":"tr"},{"@type":"Person","@id":"https:\/\/kibrisdakik.com\/#\/schema\/person\/9cd9d437bbb44f72b73ba127e06d8e79","name":"admin","image":{"@type":"ImageObject","inLanguage":"tr","@id":"https:\/\/secure.gravatar.com\/avatar\/ccc17943b9d660506c869530f897617f7cb1c21a4bf30023f252596d83e1f007?s=96&d=mm&r=g","url":"https:\/\/secure.gravatar.com\/avatar\/ccc17943b9d660506c869530f897617f7cb1c21a4bf30023f252596d83e1f007?s=96&d=mm&r=g","contentUrl":"https:\/\/secure.gravatar.com\/avatar\/ccc17943b9d660506c869530f897617f7cb1c21a4bf30023f252596d83e1f007?s=96&d=mm&r=g","caption":"admin"},"sameAs":["https:\/\/kibrisdakik.com"],"url":"https:\/\/kibrisdakik.com\/?author=1"}]}},"_links":{"self":[{"href":"https:\/\/kibrisdakik.com\/index.php?rest_route=\/wp\/v2\/posts\/96179","targetHints":{"allow":["GET"]}}],"collection":[{"href":"https:\/\/kibrisdakik.com\/index.php?rest_route=\/wp\/v2\/posts"}],"about":[{"href":"https:\/\/kibrisdakik.com\/index.php?rest_route=\/wp\/v2\/types\/post"}],"author":[{"embeddable":true,"href":"https:\/\/kibrisdakik.com\/index.php?rest_route=\/wp\/v2\/users\/1"}],"replies":[{"embeddable":true,"href":"https:\/\/kibrisdakik.com\/index.php?rest_route=%2Fwp%2Fv2%2Fcomments&post=96179"}],"version-history":[{"count":0,"href":"https:\/\/kibrisdakik.com\/index.php?rest_route=\/wp\/v2\/posts\/96179\/revisions"}],"wp:featuredmedia":[{"embeddable":true,"href":"https:\/\/kibrisdakik.com\/index.php?rest_route=\/wp\/v2\/media\/95900"}],"wp:attachment":[{"href":"https:\/\/kibrisdakik.com\/index.php?rest_route=%2Fwp%2Fv2%2Fmedia&parent=96179"}],"wp:term":[{"taxonomy":"category","embeddable":true,"href":"https:\/\/kibrisdakik.com\/index.php?rest_route=%2Fwp%2Fv2%2Fcategories&post=96179"},{"taxonomy":"post_tag","embeddable":true,"href":"https:\/\/kibrisdakik.com\/index.php?rest_route=%2Fwp%2Fv2%2Ftags&post=96179"}],"curies":[{"name":"wp","href":"https:\/\/api.w.org\/{rel}","templated":true}]}}