{"id":96271,"date":"2025-10-20T03:17:11","date_gmt":"2025-10-20T00:17:11","guid":{"rendered":"https:\/\/kibrisdakik.com\/index.php\/2025\/10\/20\/filistin-devlet-baskani-abbas-gazzede-ateskesin-kalici-hale-getirilmesi-cagrisi-yapti\/"},"modified":"2025-10-20T03:17:11","modified_gmt":"2025-10-20T00:17:11","slug":"filistin-devlet-baskani-abbas-gazzede-ateskesin-kalici-hale-getirilmesi-cagrisi-yapti","status":"publish","type":"post","link":"https:\/\/kibrisdakik.com\/?p=96271","title":{"rendered":"Filistin Devlet Ba\u015fkan\u0131 Abbas, Gazzede ate\u015fkesin kal\u0131c\u0131 hale getirilmesi \u00e7a\u011fr\u0131s\u0131 yapt\u0131"},"content":{"rendered":"<p><\/p>\n<div class=\"news-content\">\n<p>\n\tFilistin resmi haber ajans\u0131 WAFA\u2019ya g\u00f6re, Filistin Devlet Ba\u015fkan\u0131 Abbas, Birle\u015fmi\u015f Milletler (BM) \u0130nsani \u0130\u015flerden Sorumlu Genel Sekreter Yard\u0131mc\u0131s\u0131 Tom Fletcher ile Ramallah&#8217;ta g\u00f6r\u00fc\u015ft\u00fc.<\/p>\n<p>\n\tAbbas g\u00f6r\u00fc\u015fmede, Trump&#8217;\u0131n plan\u0131n\u0131n &#8220;ate\u015fkesin kal\u0131c\u0131 hale getirilmesi, esir de\u011fi\u015fimi, insani yard\u0131mlar\u0131n giri\u015fi, \u0130srail\u2019in Gazze\u2019den \u00e7ekilmesi, yeniden imar s\u00fcrecine ge\u00e7ilmesi ve \u0130srail h\u00fck\u00fcmeti taraf\u0131ndan Filistin y\u00f6netiminin ve iki devletli \u00e7\u00f6z\u00fcm\u00fcn zay\u0131flat\u0131lmas\u0131na son verilmesini&#8221; kapsayan birinci a\u015famas\u0131na uyulmas\u0131 \u00e7a\u011fr\u0131s\u0131nda bulundu.<\/p>\n<p>\n\tArap \u00fclkeleri ve uluslararas\u0131 toplumun deste\u011fiyle ve ilgili taraflarla koordinasyon i\u00e7inde, Filistin devleti kurumlar\u0131n\u0131n Gazze \u015eeridi\u2019nin y\u00f6netimini \u00fcstlenmeye haz\u0131r oldu\u011funu vurgulayan Abbas, Filistin devletinin, Trump, t\u00fcm arabulucular ve ortaklarla ate\u015fkesin bir sonraki a\u015famas\u0131n\u0131 tamamlayarak, uluslararas\u0131 bar\u0131\u015f kararlar\u0131 temelinde kal\u0131c\u0131 hale gelmesi i\u00e7in \u00e7al\u0131\u015fmaya haz\u0131r oldu\u011funu ifade etti.<\/p>\n<p>\n\tFletcher ise, Abbas&#8217;a Gazze ziyareti, b\u00f6lgedeki insani durum ve BM&#8217;nin yard\u0131m ula\u015ft\u0131rma \u00e7abalar\u0131 hakk\u0131nda bilgi verdi.<\/p>\n<p>\n\tBM yetkilisi ayr\u0131ca Ramallah&#8217;ta Filistin Ba\u015fbakan\u0131 Muhammed Mustafa ile bir araya gelerek, Gazze&#8217;nin yeniden in\u015fas\u0131 ve iyile\u015ftirme planlar\u0131na y\u00f6nelik ad\u0131mlar\u0131n uygulanmas\u0131 ve koordinasyonun art\u0131r\u0131lmas\u0131 konular\u0131n\u0131 g\u00f6r\u00fc\u015ft\u00fc.<\/p>\n<p>\n\tG\u00f6r\u00fc\u015fmede, yeniden in\u015fan\u0131n Filistin liderli\u011finde, Arap ve uluslararas\u0131 ortaklar\u0131n deste\u011fiyle y\u00fcr\u00fct\u00fclmesi gerekti\u011fini yineleyen Mustafa, Filistin devleti ve kurumlar\u0131n\u0131n Gazze&#8217;de sahada faaliyet g\u00f6stermesinin ve BM kurumlar\u0131 arac\u0131l\u0131\u011f\u0131yla \u00e7abalar\u0131n\u0131n desteklenmesinin gereklili\u011fini vurgulad\u0131.<\/p>\n<p>\n\tMustafa, Gazze \u0130dari Komitesi&#8217;nin Filistin devletinin liderli\u011finde faaliyet g\u00f6stermesi ve orada bir idari veya g\u00fcvenlik bo\u015flu\u011funun olu\u015fmas\u0131na izin verilmemesi gerekti\u011fini belirtti.<\/p>\n<p>\n\tFletcher ise, BM kurulu\u015flar\u0131n\u0131n Filistin devleti kurumlar\u0131yla i\u015f birli\u011fi i\u00e7inde \u00e7al\u0131\u015fmas\u0131n\u0131n alternatifi olmad\u0131\u011f\u0131n\u0131 ve bunlar\u0131 devre d\u0131\u015f\u0131 b\u0131rakman\u0131n yard\u0131m ve yeniden in\u015fa \u00e7abalar\u0131na hizmet etmeyece\u011fini kaydetti.<\/p>\n<div class=\"news-tags\">\n<div class=\"title\">ET\u0130KETLER<\/div>\n<div class=\"tags\">\n                                                                            ABD<br \/>\n                                                                            Gazze<br \/>\n                                                                            \u0130srail&#8217;in Gazze Soyk\u0131r\u0131m\u0131<br \/>\n                                                                            Birle\u015fmi\u015f Milletler\n                                                                    <\/div>\n<\/p><\/div>\n<\/p><\/div>\n","protected":false},"excerpt":{"rendered":"<p>Filistin resmi haber ajans\u0131 WAFA\u2019ya g\u00f6re, Filistin Devlet Ba\u015fkan\u0131 Abbas, Birle\u015fmi\u015f Milletler (BM) \u0130nsani \u0130\u015flerden Sorumlu Genel Sekreter Yard\u0131mc\u0131s\u0131 Tom Fletcher ile Ramallah&#8217;ta g\u00f6r\u00fc\u015ft\u00fc. Abbas g\u00f6r\u00fc\u015fmede, Trump&#8217;\u0131n plan\u0131n\u0131n &#8220;ate\u015fkesin kal\u0131c\u0131 hale getirilmesi, esir de\u011fi\u015fimi, insani yard\u0131mlar\u0131n giri\u015fi, \u0130srail\u2019in Gazze\u2019den \u00e7ekilmesi, yeniden imar s\u00fcrecine ge\u00e7ilmesi ve \u0130srail h\u00fck\u00fcmeti taraf\u0131ndan Filistin y\u00f6netiminin ve iki devletli \u00e7\u00f6z\u00fcm\u00fcn zay\u0131flat\u0131lmas\u0131na<\/p>\n","protected":false},"author":1,"featured_media":88967,"comment_status":"open","ping_status":"open","sticky":false,"template":"","format":"standard","meta":{"footnotes":""},"categories":[306],"tags":[],"class_list":["post-96271","post","type-post","status-publish","format-standard","has-post-thumbnail","hentry","category-dunya"],"yoast_head":"<!-- This site is optimized with the Yoast SEO plugin v27.5 - https:\/\/yoast.com\/product\/yoast-seo-wordpress\/ -->\n<title>Filistin Devlet Ba\u015fkan\u0131 Abbas, Gazzede ate\u015fkesin kal\u0131c\u0131 hale getirilmesi \u00e7a\u011fr\u0131s\u0131 yapt\u0131 -<\/title>\n<meta name=\"robots\" content=\"index, follow, max-snippet:-1, max-image-preview:large, max-video-preview:-1\" \/>\n<link rel=\"canonical\" href=\"https:\/\/kibrisdakik.com\/?p=96271\" \/>\n<meta property=\"og:locale\" content=\"tr_TR\" \/>\n<meta property=\"og:type\" content=\"article\" \/>\n<meta property=\"og:title\" content=\"Filistin Devlet Ba\u015fkan\u0131 Abbas, Gazzede ate\u015fkesin kal\u0131c\u0131 hale getirilmesi \u00e7a\u011fr\u0131s\u0131 yapt\u0131 -\" \/>\n<meta property=\"og:description\" content=\"Filistin resmi haber ajans\u0131 WAFA\u2019ya g\u00f6re, Filistin Devlet Ba\u015fkan\u0131 Abbas, Birle\u015fmi\u015f Milletler (BM) \u0130nsani \u0130\u015flerden Sorumlu Genel Sekreter Yard\u0131mc\u0131s\u0131 Tom Fletcher ile Ramallah&#8217;ta g\u00f6r\u00fc\u015ft\u00fc. Abbas g\u00f6r\u00fc\u015fmede, Trump&#8217;\u0131n plan\u0131n\u0131n &#8220;ate\u015fkesin kal\u0131c\u0131 hale getirilmesi, esir de\u011fi\u015fimi, insani yard\u0131mlar\u0131n giri\u015fi, \u0130srail\u2019in Gazze\u2019den \u00e7ekilmesi, yeniden imar s\u00fcrecine ge\u00e7ilmesi ve \u0130srail h\u00fck\u00fcmeti taraf\u0131ndan Filistin y\u00f6netiminin ve iki devletli \u00e7\u00f6z\u00fcm\u00fcn zay\u0131flat\u0131lmas\u0131na\" \/>\n<meta property=\"og:url\" content=\"https:\/\/kibrisdakik.com\/?p=96271\" \/>\n<meta property=\"article:published_time\" content=\"2025-10-20T00:17:11+00:00\" \/>\n<meta property=\"og:image\" content=\"https:\/\/kibrisdakik.com\/wp-content\/uploads\/2025\/08\/mahmud-abbas-aa-2194506-740x420.jpg\" \/>\n\t<meta property=\"og:image:width\" content=\"1280\" \/>\n\t<meta property=\"og:image:height\" content=\"720\" \/>\n\t<meta property=\"og:image:type\" content=\"image\/jpeg\" \/>\n<meta name=\"author\" content=\"admin\" \/>\n<meta name=\"twitter:card\" content=\"summary_large_image\" \/>\n<meta name=\"twitter:label1\" content=\"Yazan:\" \/>\n\t<meta name=\"twitter:data1\" content=\"admin\" \/>\n\t<meta name=\"twitter:label2\" content=\"Tahmini okuma s\u00fcresi\" \/>\n\t<meta name=\"twitter:data2\" content=\"2 dakika\" \/>\n<script type=\"application\/ld+json\" class=\"yoast-schema-graph\">{\"@context\":\"https:\\\/\\\/schema.org\",\"@graph\":[{\"@type\":\"Article\",\"@id\":\"https:\\\/\\\/kibrisdakik.com\\\/?p=96271#article\",\"isPartOf\":{\"@id\":\"https:\\\/\\\/kibrisdakik.com\\\/?p=96271\"},\"author\":{\"name\":\"admin\",\"@id\":\"https:\\\/\\\/kibrisdakik.com\\\/#\\\/schema\\\/person\\\/9cd9d437bbb44f72b73ba127e06d8e79\"},\"headline\":\"Filistin Devlet Ba\u015fkan\u0131 Abbas, Gazzede ate\u015fkesin kal\u0131c\u0131 hale getirilmesi \u00e7a\u011fr\u0131s\u0131 yapt\u0131\",\"datePublished\":\"2025-10-20T00:17:11+00:00\",\"mainEntityOfPage\":{\"@id\":\"https:\\\/\\\/kibrisdakik.com\\\/?p=96271\"},\"wordCount\":373,\"commentCount\":0,\"image\":{\"@id\":\"https:\\\/\\\/kibrisdakik.com\\\/?p=96271#primaryimage\"},\"thumbnailUrl\":\"https:\\\/\\\/kibrisdakik.com\\\/wp-content\\\/uploads\\\/2025\\\/08\\\/mahmud-abbas-aa-2194506-740x420.jpg\",\"articleSection\":[\"D\u00fcnya\"],\"inLanguage\":\"tr\",\"potentialAction\":[{\"@type\":\"CommentAction\",\"name\":\"Comment\",\"target\":[\"https:\\\/\\\/kibrisdakik.com\\\/?p=96271#respond\"]}]},{\"@type\":\"WebPage\",\"@id\":\"https:\\\/\\\/kibrisdakik.com\\\/?p=96271\",\"url\":\"https:\\\/\\\/kibrisdakik.com\\\/?p=96271\",\"name\":\"Filistin Devlet Ba\u015fkan\u0131 Abbas, Gazzede ate\u015fkesin kal\u0131c\u0131 hale getirilmesi \u00e7a\u011fr\u0131s\u0131 yapt\u0131 -\",\"isPartOf\":{\"@id\":\"https:\\\/\\\/kibrisdakik.com\\\/#website\"},\"primaryImageOfPage\":{\"@id\":\"https:\\\/\\\/kibrisdakik.com\\\/?p=96271#primaryimage\"},\"image\":{\"@id\":\"https:\\\/\\\/kibrisdakik.com\\\/?p=96271#primaryimage\"},\"thumbnailUrl\":\"https:\\\/\\\/kibrisdakik.com\\\/wp-content\\\/uploads\\\/2025\\\/08\\\/mahmud-abbas-aa-2194506-740x420.jpg\",\"datePublished\":\"2025-10-20T00:17:11+00:00\",\"author\":{\"@id\":\"https:\\\/\\\/kibrisdakik.com\\\/#\\\/schema\\\/person\\\/9cd9d437bbb44f72b73ba127e06d8e79\"},\"breadcrumb\":{\"@id\":\"https:\\\/\\\/kibrisdakik.com\\\/?p=96271#breadcrumb\"},\"inLanguage\":\"tr\",\"potentialAction\":[{\"@type\":\"ReadAction\",\"target\":[\"https:\\\/\\\/kibrisdakik.com\\\/?p=96271\"]}]},{\"@type\":\"ImageObject\",\"inLanguage\":\"tr\",\"@id\":\"https:\\\/\\\/kibrisdakik.com\\\/?p=96271#primaryimage\",\"url\":\"https:\\\/\\\/kibrisdakik.com\\\/wp-content\\\/uploads\\\/2025\\\/08\\\/mahmud-abbas-aa-2194506-740x420.jpg\",\"contentUrl\":\"https:\\\/\\\/kibrisdakik.com\\\/wp-content\\\/uploads\\\/2025\\\/08\\\/mahmud-abbas-aa-2194506-740x420.jpg\",\"width\":1280,\"height\":720},{\"@type\":\"BreadcrumbList\",\"@id\":\"https:\\\/\\\/kibrisdakik.com\\\/?p=96271#breadcrumb\",\"itemListElement\":[{\"@type\":\"ListItem\",\"position\":1,\"name\":\"Home\",\"item\":\"https:\\\/\\\/kibrisdakik.com\\\/\"},{\"@type\":\"ListItem\",\"position\":2,\"name\":\"Filistin Devlet Ba\u015fkan\u0131 Abbas, Gazzede ate\u015fkesin kal\u0131c\u0131 hale getirilmesi \u00e7a\u011fr\u0131s\u0131 yapt\u0131\"}]},{\"@type\":\"WebSite\",\"@id\":\"https:\\\/\\\/kibrisdakik.com\\\/#website\",\"url\":\"https:\\\/\\\/kibrisdakik.com\\\/\",\"name\":\"\",\"description\":\"Tam vaktinde haber\",\"potentialAction\":[{\"@type\":\"SearchAction\",\"target\":{\"@type\":\"EntryPoint\",\"urlTemplate\":\"https:\\\/\\\/kibrisdakik.com\\\/?s={search_term_string}\"},\"query-input\":{\"@type\":\"PropertyValueSpecification\",\"valueRequired\":true,\"valueName\":\"search_term_string\"}}],\"inLanguage\":\"tr\"},{\"@type\":\"Person\",\"@id\":\"https:\\\/\\\/kibrisdakik.com\\\/#\\\/schema\\\/person\\\/9cd9d437bbb44f72b73ba127e06d8e79\",\"name\":\"admin\",\"image\":{\"@type\":\"ImageObject\",\"inLanguage\":\"tr\",\"@id\":\"https:\\\/\\\/secure.gravatar.com\\\/avatar\\\/ccc17943b9d660506c869530f897617f7cb1c21a4bf30023f252596d83e1f007?s=96&d=mm&r=g\",\"url\":\"https:\\\/\\\/secure.gravatar.com\\\/avatar\\\/ccc17943b9d660506c869530f897617f7cb1c21a4bf30023f252596d83e1f007?s=96&d=mm&r=g\",\"contentUrl\":\"https:\\\/\\\/secure.gravatar.com\\\/avatar\\\/ccc17943b9d660506c869530f897617f7cb1c21a4bf30023f252596d83e1f007?s=96&d=mm&r=g\",\"caption\":\"admin\"},\"sameAs\":[\"https:\\\/\\\/kibrisdakik.com\"],\"url\":\"https:\\\/\\\/kibrisdakik.com\\\/?author=1\"}]}<\/script>\n<!-- \/ Yoast SEO plugin. -->","yoast_head_json":{"title":"Filistin Devlet Ba\u015fkan\u0131 Abbas, Gazzede ate\u015fkesin kal\u0131c\u0131 hale getirilmesi \u00e7a\u011fr\u0131s\u0131 yapt\u0131 -","robots":{"index":"index","follow":"follow","max-snippet":"max-snippet:-1","max-image-preview":"max-image-preview:large","max-video-preview":"max-video-preview:-1"},"canonical":"https:\/\/kibrisdakik.com\/?p=96271","og_locale":"tr_TR","og_type":"article","og_title":"Filistin Devlet Ba\u015fkan\u0131 Abbas, Gazzede ate\u015fkesin kal\u0131c\u0131 hale getirilmesi \u00e7a\u011fr\u0131s\u0131 yapt\u0131 -","og_description":"Filistin resmi haber ajans\u0131 WAFA\u2019ya g\u00f6re, Filistin Devlet Ba\u015fkan\u0131 Abbas, Birle\u015fmi\u015f Milletler (BM) \u0130nsani \u0130\u015flerden Sorumlu Genel Sekreter Yard\u0131mc\u0131s\u0131 Tom Fletcher ile Ramallah&#8217;ta g\u00f6r\u00fc\u015ft\u00fc. Abbas g\u00f6r\u00fc\u015fmede, Trump&#8217;\u0131n plan\u0131n\u0131n &#8220;ate\u015fkesin kal\u0131c\u0131 hale getirilmesi, esir de\u011fi\u015fimi, insani yard\u0131mlar\u0131n giri\u015fi, \u0130srail\u2019in Gazze\u2019den \u00e7ekilmesi, yeniden imar s\u00fcrecine ge\u00e7ilmesi ve \u0130srail h\u00fck\u00fcmeti taraf\u0131ndan Filistin y\u00f6netiminin ve iki devletli \u00e7\u00f6z\u00fcm\u00fcn zay\u0131flat\u0131lmas\u0131na","og_url":"https:\/\/kibrisdakik.com\/?p=96271","article_published_time":"2025-10-20T00:17:11+00:00","og_image":[{"width":1280,"height":720,"url":"https:\/\/kibrisdakik.com\/wp-content\/uploads\/2025\/08\/mahmud-abbas-aa-2194506-740x420.jpg","type":"image\/jpeg"}],"author":"admin","twitter_card":"summary_large_image","twitter_misc":{"Yazan:":"admin","Tahmini okuma s\u00fcresi":"2 dakika"},"schema":{"@context":"https:\/\/schema.org","@graph":[{"@type":"Article","@id":"https:\/\/kibrisdakik.com\/?p=96271#article","isPartOf":{"@id":"https:\/\/kibrisdakik.com\/?p=96271"},"author":{"name":"admin","@id":"https:\/\/kibrisdakik.com\/#\/schema\/person\/9cd9d437bbb44f72b73ba127e06d8e79"},"headline":"Filistin Devlet Ba\u015fkan\u0131 Abbas, Gazzede ate\u015fkesin kal\u0131c\u0131 hale getirilmesi \u00e7a\u011fr\u0131s\u0131 yapt\u0131","datePublished":"2025-10-20T00:17:11+00:00","mainEntityOfPage":{"@id":"https:\/\/kibrisdakik.com\/?p=96271"},"wordCount":373,"commentCount":0,"image":{"@id":"https:\/\/kibrisdakik.com\/?p=96271#primaryimage"},"thumbnailUrl":"https:\/\/kibrisdakik.com\/wp-content\/uploads\/2025\/08\/mahmud-abbas-aa-2194506-740x420.jpg","articleSection":["D\u00fcnya"],"inLanguage":"tr","potentialAction":[{"@type":"CommentAction","name":"Comment","target":["https:\/\/kibrisdakik.com\/?p=96271#respond"]}]},{"@type":"WebPage","@id":"https:\/\/kibrisdakik.com\/?p=96271","url":"https:\/\/kibrisdakik.com\/?p=96271","name":"Filistin Devlet Ba\u015fkan\u0131 Abbas, Gazzede ate\u015fkesin kal\u0131c\u0131 hale getirilmesi \u00e7a\u011fr\u0131s\u0131 yapt\u0131 -","isPartOf":{"@id":"https:\/\/kibrisdakik.com\/#website"},"primaryImageOfPage":{"@id":"https:\/\/kibrisdakik.com\/?p=96271#primaryimage"},"image":{"@id":"https:\/\/kibrisdakik.com\/?p=96271#primaryimage"},"thumbnailUrl":"https:\/\/kibrisdakik.com\/wp-content\/uploads\/2025\/08\/mahmud-abbas-aa-2194506-740x420.jpg","datePublished":"2025-10-20T00:17:11+00:00","author":{"@id":"https:\/\/kibrisdakik.com\/#\/schema\/person\/9cd9d437bbb44f72b73ba127e06d8e79"},"breadcrumb":{"@id":"https:\/\/kibrisdakik.com\/?p=96271#breadcrumb"},"inLanguage":"tr","potentialAction":[{"@type":"ReadAction","target":["https:\/\/kibrisdakik.com\/?p=96271"]}]},{"@type":"ImageObject","inLanguage":"tr","@id":"https:\/\/kibrisdakik.com\/?p=96271#primaryimage","url":"https:\/\/kibrisdakik.com\/wp-content\/uploads\/2025\/08\/mahmud-abbas-aa-2194506-740x420.jpg","contentUrl":"https:\/\/kibrisdakik.com\/wp-content\/uploads\/2025\/08\/mahmud-abbas-aa-2194506-740x420.jpg","width":1280,"height":720},{"@type":"BreadcrumbList","@id":"https:\/\/kibrisdakik.com\/?p=96271#breadcrumb","itemListElement":[{"@type":"ListItem","position":1,"name":"Home","item":"https:\/\/kibrisdakik.com\/"},{"@type":"ListItem","position":2,"name":"Filistin Devlet Ba\u015fkan\u0131 Abbas, Gazzede ate\u015fkesin kal\u0131c\u0131 hale getirilmesi \u00e7a\u011fr\u0131s\u0131 yapt\u0131"}]},{"@type":"WebSite","@id":"https:\/\/kibrisdakik.com\/#website","url":"https:\/\/kibrisdakik.com\/","name":"","description":"Tam vaktinde haber","potentialAction":[{"@type":"SearchAction","target":{"@type":"EntryPoint","urlTemplate":"https:\/\/kibrisdakik.com\/?s={search_term_string}"},"query-input":{"@type":"PropertyValueSpecification","valueRequired":true,"valueName":"search_term_string"}}],"inLanguage":"tr"},{"@type":"Person","@id":"https:\/\/kibrisdakik.com\/#\/schema\/person\/9cd9d437bbb44f72b73ba127e06d8e79","name":"admin","image":{"@type":"ImageObject","inLanguage":"tr","@id":"https:\/\/secure.gravatar.com\/avatar\/ccc17943b9d660506c869530f897617f7cb1c21a4bf30023f252596d83e1f007?s=96&d=mm&r=g","url":"https:\/\/secure.gravatar.com\/avatar\/ccc17943b9d660506c869530f897617f7cb1c21a4bf30023f252596d83e1f007?s=96&d=mm&r=g","contentUrl":"https:\/\/secure.gravatar.com\/avatar\/ccc17943b9d660506c869530f897617f7cb1c21a4bf30023f252596d83e1f007?s=96&d=mm&r=g","caption":"admin"},"sameAs":["https:\/\/kibrisdakik.com"],"url":"https:\/\/kibrisdakik.com\/?author=1"}]}},"_links":{"self":[{"href":"https:\/\/kibrisdakik.com\/index.php?rest_route=\/wp\/v2\/posts\/96271","targetHints":{"allow":["GET"]}}],"collection":[{"href":"https:\/\/kibrisdakik.com\/index.php?rest_route=\/wp\/v2\/posts"}],"about":[{"href":"https:\/\/kibrisdakik.com\/index.php?rest_route=\/wp\/v2\/types\/post"}],"author":[{"embeddable":true,"href":"https:\/\/kibrisdakik.com\/index.php?rest_route=\/wp\/v2\/users\/1"}],"replies":[{"embeddable":true,"href":"https:\/\/kibrisdakik.com\/index.php?rest_route=%2Fwp%2Fv2%2Fcomments&post=96271"}],"version-history":[{"count":0,"href":"https:\/\/kibrisdakik.com\/index.php?rest_route=\/wp\/v2\/posts\/96271\/revisions"}],"wp:featuredmedia":[{"embeddable":true,"href":"https:\/\/kibrisdakik.com\/index.php?rest_route=\/wp\/v2\/media\/88967"}],"wp:attachment":[{"href":"https:\/\/kibrisdakik.com\/index.php?rest_route=%2Fwp%2Fv2%2Fmedia&parent=96271"}],"wp:term":[{"taxonomy":"category","embeddable":true,"href":"https:\/\/kibrisdakik.com\/index.php?rest_route=%2Fwp%2Fv2%2Fcategories&post=96271"},{"taxonomy":"post_tag","embeddable":true,"href":"https:\/\/kibrisdakik.com\/index.php?rest_route=%2Fwp%2Fv2%2Ftags&post=96271"}],"curies":[{"name":"wp","href":"https:\/\/api.w.org\/{rel}","templated":true}]}}