{"id":96276,"date":"2025-10-20T09:19:13","date_gmt":"2025-10-20T06:19:13","guid":{"rendered":"https:\/\/kibrisdakik.com\/index.php\/2025\/10\/20\/macron-louvre-muzesindeki-hirsizlik-mirasimiza-saldiri\/"},"modified":"2025-10-20T09:19:13","modified_gmt":"2025-10-20T06:19:13","slug":"macron-louvre-muzesindeki-hirsizlik-mirasimiza-saldiri","status":"publish","type":"post","link":"https:\/\/kibrisdakik.com\/?p=96276","title":{"rendered":"Macron: Louvre M\u00fczesi&#039;ndeki h\u0131rs\u0131zl\u0131k miras\u0131m\u0131za sald\u0131r\u0131"},"content":{"rendered":"<p><\/p>\n<div class=\"news-content\">\n<p>\n\tMacron, ABD merkezli X \u015firketinin sosyal medya platformundaki hesab\u0131ndan yapt\u0131\u011f\u0131 a\u00e7\u0131klamada, d\u00fcnyaca \u00fcnl\u00fc Louvre M\u00fczesi&#8217;nde d\u00fcn ger\u00e7ekle\u015fen h\u0131rs\u0131zl\u0131\u011fa ili\u015fkin de\u011ferlendirmelerde bulundu.<\/p>\n<p>\n\tPayla\u015f\u0131m\u0131nda, &#8220;Louvre\u2019da ger\u00e7ekle\u015fen h\u0131rs\u0131zl\u0131k, tarihimize ve b\u00fcy\u00fck bir sevgiyle sahiplendi\u011fimiz miras\u0131m\u0131za y\u00f6nelik bir sald\u0131r\u0131d\u0131r.&#8221; ifadesine yer veren Macron, \u00e7al\u0131nan eserlerin bulunaca\u011f\u0131n\u0131 ve su\u00e7lular\u0131n adalet \u00f6n\u00fcne \u00e7\u0131kar\u0131laca\u011f\u0131n\u0131 kaydetti.<\/p>\n<\/p>\n<div class=\"related-news\">\n<div class=\"related-news-image\"><\/div>\n<div class=\"related-news-title\">Fransa&#8217;da Louvre M\u00fczesi&#8217;nden tarihi m\u00fccevherler \u00e7al\u0131nd\u0131<\/div>\n<\/div>\n<p>\n\tMacron, &#8220;Paris savc\u0131l\u0131\u011f\u0131n\u0131n y\u00fcr\u00fctt\u00fc\u011f\u00fc soru\u015fturma kapsam\u0131nda, eserlere ula\u015fmak i\u00e7in her yerde her t\u00fcrl\u00fc \u00f6nlem al\u0131nmaktad\u0131r.&#8221; dedi.<\/p>\n<p>\n\tOcakta ba\u015flat\u0131lan &#8220;Yeni R\u00f6nesans Louvre&#8221; projesi kapsam\u0131nda m\u00fcze g\u00fcvenli\u011finin g\u00fc\u00e7lendirilmesinin planland\u0131\u011f\u0131n\u0131 hat\u0131rlatan Macron, &#8220;Bu proje, haf\u0131zam\u0131z\u0131 ve k\u00fclt\u00fcr\u00fcm\u00fcz\u00fc olu\u015fturan eserlerin korunmas\u0131n\u0131n ve muhafazas\u0131n\u0131n g\u00fcvencesi olacakt\u0131r.&#8221; ifadesini kulland\u0131.<\/p>\n<p>\n\tD\u00fcnyaca \u00fcnl\u00fc Louvre M\u00fczesi&#8217;nde d\u00fcn ger\u00e7ekle\u015fen soygunda h\u0131rs\u0131zlar, kraliyet m\u00fccevherlerinin sergilendi\u011fi Apollo Galerisi&#8217;ne girmi\u015f ve 9 par\u00e7a tarihi eser niteli\u011findeki m\u00fccevheri \u00e7alm\u0131\u015ft\u0131.<\/p>\n<p>\n\tFrans\u0131z gazetesi Le Parisien&#8217;in haberine g\u00f6re \u00e7al\u0131nan m\u00fccevherlerden biri, k\u0131r\u0131k \u015fekilde m\u00fczenin d\u0131\u015f\u0131nda bulunmu\u015ftu. Haberde, h\u0131rs\u0131zlar\u0131n ka\u00e7arken d\u00fc\u015f\u00fcrd\u00fc\u011f\u00fc san\u0131lan par\u00e7an\u0131n III. Napolyon&#8217;un e\u015fi \u0130mparatori\u00e7e Eugenie&#8217;nin tac\u0131 oldu\u011fu belirtilmi\u015fti.<\/p>\n<p>\n\tM\u00fcze, soygun sonras\u0131nda kapat\u0131lm\u0131\u015ft\u0131.<\/p>\n<div class=\"news-tags\">\n<div class=\"title\">ET\u0130KETLER<\/div>\n<div class=\"tags\">\n                                                                            Emmanuel Macron<br \/>\n                                                                            Fransa\n                                                                    <\/div>\n<\/p><\/div>\n<\/p><\/div>\n","protected":false},"excerpt":{"rendered":"<p>Macron, ABD merkezli X \u015firketinin sosyal medya platformundaki hesab\u0131ndan yapt\u0131\u011f\u0131 a\u00e7\u0131klamada, d\u00fcnyaca \u00fcnl\u00fc Louvre M\u00fczesi&#8217;nde d\u00fcn ger\u00e7ekle\u015fen h\u0131rs\u0131zl\u0131\u011fa ili\u015fkin de\u011ferlendirmelerde bulundu. Payla\u015f\u0131m\u0131nda, &#8220;Louvre\u2019da ger\u00e7ekle\u015fen h\u0131rs\u0131zl\u0131k, tarihimize ve b\u00fcy\u00fck bir sevgiyle sahiplendi\u011fimiz miras\u0131m\u0131za y\u00f6nelik bir sald\u0131r\u0131d\u0131r.&#8221; ifadesine yer veren Macron, \u00e7al\u0131nan eserlerin bulunaca\u011f\u0131n\u0131 ve su\u00e7lular\u0131n adalet \u00f6n\u00fcne \u00e7\u0131kar\u0131laca\u011f\u0131n\u0131 kaydetti. Fransa&#8217;da Louvre M\u00fczesi&#8217;nden tarihi m\u00fccevherler \u00e7al\u0131nd\u0131 Macron,<\/p>\n","protected":false},"author":1,"featured_media":95024,"comment_status":"open","ping_status":"open","sticky":false,"template":"","format":"standard","meta":{"footnotes":""},"categories":[306],"tags":[],"class_list":["post-96276","post","type-post","status-publish","format-standard","has-post-thumbnail","hentry","category-dunya"],"yoast_head":"<!-- This site is optimized with the Yoast SEO plugin v27.5 - https:\/\/yoast.com\/product\/yoast-seo-wordpress\/ -->\n<title>Macron: Louvre M\u00fczesi&#039;ndeki h\u0131rs\u0131zl\u0131k miras\u0131m\u0131za sald\u0131r\u0131 -<\/title>\n<meta name=\"robots\" content=\"index, follow, max-snippet:-1, max-image-preview:large, max-video-preview:-1\" \/>\n<link rel=\"canonical\" href=\"https:\/\/kibrisdakik.com\/?p=96276\" \/>\n<meta property=\"og:locale\" content=\"tr_TR\" \/>\n<meta property=\"og:type\" content=\"article\" \/>\n<meta property=\"og:title\" content=\"Macron: Louvre M\u00fczesi&#039;ndeki h\u0131rs\u0131zl\u0131k miras\u0131m\u0131za sald\u0131r\u0131 -\" \/>\n<meta property=\"og:description\" content=\"Macron, ABD merkezli X \u015firketinin sosyal medya platformundaki hesab\u0131ndan yapt\u0131\u011f\u0131 a\u00e7\u0131klamada, d\u00fcnyaca \u00fcnl\u00fc Louvre M\u00fczesi&#8217;nde d\u00fcn ger\u00e7ekle\u015fen h\u0131rs\u0131zl\u0131\u011fa ili\u015fkin de\u011ferlendirmelerde bulundu. Payla\u015f\u0131m\u0131nda, &#8220;Louvre\u2019da ger\u00e7ekle\u015fen h\u0131rs\u0131zl\u0131k, tarihimize ve b\u00fcy\u00fck bir sevgiyle sahiplendi\u011fimiz miras\u0131m\u0131za y\u00f6nelik bir sald\u0131r\u0131d\u0131r.&#8221; ifadesine yer veren Macron, \u00e7al\u0131nan eserlerin bulunaca\u011f\u0131n\u0131 ve su\u00e7lular\u0131n adalet \u00f6n\u00fcne \u00e7\u0131kar\u0131laca\u011f\u0131n\u0131 kaydetti. Fransa&#8217;da Louvre M\u00fczesi&#8217;nden tarihi m\u00fccevherler \u00e7al\u0131nd\u0131 Macron,\" \/>\n<meta property=\"og:url\" content=\"https:\/\/kibrisdakik.com\/?p=96276\" \/>\n<meta property=\"article:published_time\" content=\"2025-10-20T06:19:13+00:00\" \/>\n<meta property=\"og:image\" content=\"https:\/\/kibrisdakik.com\/wp-content\/uploads\/2025\/10\/macron-in-un-reu-2400426.jpg\" \/>\n\t<meta property=\"og:image:width\" content=\"1280\" \/>\n\t<meta property=\"og:image:height\" content=\"720\" \/>\n\t<meta property=\"og:image:type\" content=\"image\/jpeg\" \/>\n<meta name=\"author\" content=\"admin\" \/>\n<meta name=\"twitter:card\" content=\"summary_large_image\" \/>\n<meta name=\"twitter:label1\" content=\"Yazan:\" \/>\n\t<meta name=\"twitter:data1\" content=\"admin\" \/>\n\t<meta name=\"twitter:label2\" content=\"Tahmini okuma s\u00fcresi\" \/>\n\t<meta name=\"twitter:data2\" content=\"1 dakika\" \/>\n<script type=\"application\/ld+json\" class=\"yoast-schema-graph\">{\"@context\":\"https:\\\/\\\/schema.org\",\"@graph\":[{\"@type\":\"Article\",\"@id\":\"https:\\\/\\\/kibrisdakik.com\\\/?p=96276#article\",\"isPartOf\":{\"@id\":\"https:\\\/\\\/kibrisdakik.com\\\/?p=96276\"},\"author\":{\"name\":\"admin\",\"@id\":\"https:\\\/\\\/kibrisdakik.com\\\/#\\\/schema\\\/person\\\/9cd9d437bbb44f72b73ba127e06d8e79\"},\"headline\":\"Macron: Louvre M\u00fczesi&#039;ndeki h\u0131rs\u0131zl\u0131k miras\u0131m\u0131za sald\u0131r\u0131\",\"datePublished\":\"2025-10-20T06:19:13+00:00\",\"mainEntityOfPage\":{\"@id\":\"https:\\\/\\\/kibrisdakik.com\\\/?p=96276\"},\"wordCount\":281,\"commentCount\":0,\"image\":{\"@id\":\"https:\\\/\\\/kibrisdakik.com\\\/?p=96276#primaryimage\"},\"thumbnailUrl\":\"https:\\\/\\\/kibrisdakik.com\\\/wp-content\\\/uploads\\\/2025\\\/10\\\/macron-in-un-reu-2400426.jpg\",\"articleSection\":[\"D\u00fcnya\"],\"inLanguage\":\"tr\",\"potentialAction\":[{\"@type\":\"CommentAction\",\"name\":\"Comment\",\"target\":[\"https:\\\/\\\/kibrisdakik.com\\\/?p=96276#respond\"]}]},{\"@type\":\"WebPage\",\"@id\":\"https:\\\/\\\/kibrisdakik.com\\\/?p=96276\",\"url\":\"https:\\\/\\\/kibrisdakik.com\\\/?p=96276\",\"name\":\"Macron: Louvre M\u00fczesi&#039;ndeki h\u0131rs\u0131zl\u0131k miras\u0131m\u0131za sald\u0131r\u0131 -\",\"isPartOf\":{\"@id\":\"https:\\\/\\\/kibrisdakik.com\\\/#website\"},\"primaryImageOfPage\":{\"@id\":\"https:\\\/\\\/kibrisdakik.com\\\/?p=96276#primaryimage\"},\"image\":{\"@id\":\"https:\\\/\\\/kibrisdakik.com\\\/?p=96276#primaryimage\"},\"thumbnailUrl\":\"https:\\\/\\\/kibrisdakik.com\\\/wp-content\\\/uploads\\\/2025\\\/10\\\/macron-in-un-reu-2400426.jpg\",\"datePublished\":\"2025-10-20T06:19:13+00:00\",\"author\":{\"@id\":\"https:\\\/\\\/kibrisdakik.com\\\/#\\\/schema\\\/person\\\/9cd9d437bbb44f72b73ba127e06d8e79\"},\"breadcrumb\":{\"@id\":\"https:\\\/\\\/kibrisdakik.com\\\/?p=96276#breadcrumb\"},\"inLanguage\":\"tr\",\"potentialAction\":[{\"@type\":\"ReadAction\",\"target\":[\"https:\\\/\\\/kibrisdakik.com\\\/?p=96276\"]}]},{\"@type\":\"ImageObject\",\"inLanguage\":\"tr\",\"@id\":\"https:\\\/\\\/kibrisdakik.com\\\/?p=96276#primaryimage\",\"url\":\"https:\\\/\\\/kibrisdakik.com\\\/wp-content\\\/uploads\\\/2025\\\/10\\\/macron-in-un-reu-2400426.jpg\",\"contentUrl\":\"https:\\\/\\\/kibrisdakik.com\\\/wp-content\\\/uploads\\\/2025\\\/10\\\/macron-in-un-reu-2400426.jpg\",\"width\":1280,\"height\":720},{\"@type\":\"BreadcrumbList\",\"@id\":\"https:\\\/\\\/kibrisdakik.com\\\/?p=96276#breadcrumb\",\"itemListElement\":[{\"@type\":\"ListItem\",\"position\":1,\"name\":\"Home\",\"item\":\"https:\\\/\\\/kibrisdakik.com\\\/\"},{\"@type\":\"ListItem\",\"position\":2,\"name\":\"Macron: Louvre M\u00fczesi&#039;ndeki h\u0131rs\u0131zl\u0131k miras\u0131m\u0131za sald\u0131r\u0131\"}]},{\"@type\":\"WebSite\",\"@id\":\"https:\\\/\\\/kibrisdakik.com\\\/#website\",\"url\":\"https:\\\/\\\/kibrisdakik.com\\\/\",\"name\":\"\",\"description\":\"Tam vaktinde haber\",\"potentialAction\":[{\"@type\":\"SearchAction\",\"target\":{\"@type\":\"EntryPoint\",\"urlTemplate\":\"https:\\\/\\\/kibrisdakik.com\\\/?s={search_term_string}\"},\"query-input\":{\"@type\":\"PropertyValueSpecification\",\"valueRequired\":true,\"valueName\":\"search_term_string\"}}],\"inLanguage\":\"tr\"},{\"@type\":\"Person\",\"@id\":\"https:\\\/\\\/kibrisdakik.com\\\/#\\\/schema\\\/person\\\/9cd9d437bbb44f72b73ba127e06d8e79\",\"name\":\"admin\",\"image\":{\"@type\":\"ImageObject\",\"inLanguage\":\"tr\",\"@id\":\"https:\\\/\\\/secure.gravatar.com\\\/avatar\\\/ccc17943b9d660506c869530f897617f7cb1c21a4bf30023f252596d83e1f007?s=96&d=mm&r=g\",\"url\":\"https:\\\/\\\/secure.gravatar.com\\\/avatar\\\/ccc17943b9d660506c869530f897617f7cb1c21a4bf30023f252596d83e1f007?s=96&d=mm&r=g\",\"contentUrl\":\"https:\\\/\\\/secure.gravatar.com\\\/avatar\\\/ccc17943b9d660506c869530f897617f7cb1c21a4bf30023f252596d83e1f007?s=96&d=mm&r=g\",\"caption\":\"admin\"},\"sameAs\":[\"https:\\\/\\\/kibrisdakik.com\"],\"url\":\"https:\\\/\\\/kibrisdakik.com\\\/?author=1\"}]}<\/script>\n<!-- \/ Yoast SEO plugin. -->","yoast_head_json":{"title":"Macron: Louvre M\u00fczesi&#039;ndeki h\u0131rs\u0131zl\u0131k miras\u0131m\u0131za sald\u0131r\u0131 -","robots":{"index":"index","follow":"follow","max-snippet":"max-snippet:-1","max-image-preview":"max-image-preview:large","max-video-preview":"max-video-preview:-1"},"canonical":"https:\/\/kibrisdakik.com\/?p=96276","og_locale":"tr_TR","og_type":"article","og_title":"Macron: Louvre M\u00fczesi&#039;ndeki h\u0131rs\u0131zl\u0131k miras\u0131m\u0131za sald\u0131r\u0131 -","og_description":"Macron, ABD merkezli X \u015firketinin sosyal medya platformundaki hesab\u0131ndan yapt\u0131\u011f\u0131 a\u00e7\u0131klamada, d\u00fcnyaca \u00fcnl\u00fc Louvre M\u00fczesi&#8217;nde d\u00fcn ger\u00e7ekle\u015fen h\u0131rs\u0131zl\u0131\u011fa ili\u015fkin de\u011ferlendirmelerde bulundu. Payla\u015f\u0131m\u0131nda, &#8220;Louvre\u2019da ger\u00e7ekle\u015fen h\u0131rs\u0131zl\u0131k, tarihimize ve b\u00fcy\u00fck bir sevgiyle sahiplendi\u011fimiz miras\u0131m\u0131za y\u00f6nelik bir sald\u0131r\u0131d\u0131r.&#8221; ifadesine yer veren Macron, \u00e7al\u0131nan eserlerin bulunaca\u011f\u0131n\u0131 ve su\u00e7lular\u0131n adalet \u00f6n\u00fcne \u00e7\u0131kar\u0131laca\u011f\u0131n\u0131 kaydetti. Fransa&#8217;da Louvre M\u00fczesi&#8217;nden tarihi m\u00fccevherler \u00e7al\u0131nd\u0131 Macron,","og_url":"https:\/\/kibrisdakik.com\/?p=96276","article_published_time":"2025-10-20T06:19:13+00:00","og_image":[{"width":1280,"height":720,"url":"https:\/\/kibrisdakik.com\/wp-content\/uploads\/2025\/10\/macron-in-un-reu-2400426.jpg","type":"image\/jpeg"}],"author":"admin","twitter_card":"summary_large_image","twitter_misc":{"Yazan:":"admin","Tahmini okuma s\u00fcresi":"1 dakika"},"schema":{"@context":"https:\/\/schema.org","@graph":[{"@type":"Article","@id":"https:\/\/kibrisdakik.com\/?p=96276#article","isPartOf":{"@id":"https:\/\/kibrisdakik.com\/?p=96276"},"author":{"name":"admin","@id":"https:\/\/kibrisdakik.com\/#\/schema\/person\/9cd9d437bbb44f72b73ba127e06d8e79"},"headline":"Macron: Louvre M\u00fczesi&#039;ndeki h\u0131rs\u0131zl\u0131k miras\u0131m\u0131za sald\u0131r\u0131","datePublished":"2025-10-20T06:19:13+00:00","mainEntityOfPage":{"@id":"https:\/\/kibrisdakik.com\/?p=96276"},"wordCount":281,"commentCount":0,"image":{"@id":"https:\/\/kibrisdakik.com\/?p=96276#primaryimage"},"thumbnailUrl":"https:\/\/kibrisdakik.com\/wp-content\/uploads\/2025\/10\/macron-in-un-reu-2400426.jpg","articleSection":["D\u00fcnya"],"inLanguage":"tr","potentialAction":[{"@type":"CommentAction","name":"Comment","target":["https:\/\/kibrisdakik.com\/?p=96276#respond"]}]},{"@type":"WebPage","@id":"https:\/\/kibrisdakik.com\/?p=96276","url":"https:\/\/kibrisdakik.com\/?p=96276","name":"Macron: Louvre M\u00fczesi&#039;ndeki h\u0131rs\u0131zl\u0131k miras\u0131m\u0131za sald\u0131r\u0131 -","isPartOf":{"@id":"https:\/\/kibrisdakik.com\/#website"},"primaryImageOfPage":{"@id":"https:\/\/kibrisdakik.com\/?p=96276#primaryimage"},"image":{"@id":"https:\/\/kibrisdakik.com\/?p=96276#primaryimage"},"thumbnailUrl":"https:\/\/kibrisdakik.com\/wp-content\/uploads\/2025\/10\/macron-in-un-reu-2400426.jpg","datePublished":"2025-10-20T06:19:13+00:00","author":{"@id":"https:\/\/kibrisdakik.com\/#\/schema\/person\/9cd9d437bbb44f72b73ba127e06d8e79"},"breadcrumb":{"@id":"https:\/\/kibrisdakik.com\/?p=96276#breadcrumb"},"inLanguage":"tr","potentialAction":[{"@type":"ReadAction","target":["https:\/\/kibrisdakik.com\/?p=96276"]}]},{"@type":"ImageObject","inLanguage":"tr","@id":"https:\/\/kibrisdakik.com\/?p=96276#primaryimage","url":"https:\/\/kibrisdakik.com\/wp-content\/uploads\/2025\/10\/macron-in-un-reu-2400426.jpg","contentUrl":"https:\/\/kibrisdakik.com\/wp-content\/uploads\/2025\/10\/macron-in-un-reu-2400426.jpg","width":1280,"height":720},{"@type":"BreadcrumbList","@id":"https:\/\/kibrisdakik.com\/?p=96276#breadcrumb","itemListElement":[{"@type":"ListItem","position":1,"name":"Home","item":"https:\/\/kibrisdakik.com\/"},{"@type":"ListItem","position":2,"name":"Macron: Louvre M\u00fczesi&#039;ndeki h\u0131rs\u0131zl\u0131k miras\u0131m\u0131za sald\u0131r\u0131"}]},{"@type":"WebSite","@id":"https:\/\/kibrisdakik.com\/#website","url":"https:\/\/kibrisdakik.com\/","name":"","description":"Tam vaktinde haber","potentialAction":[{"@type":"SearchAction","target":{"@type":"EntryPoint","urlTemplate":"https:\/\/kibrisdakik.com\/?s={search_term_string}"},"query-input":{"@type":"PropertyValueSpecification","valueRequired":true,"valueName":"search_term_string"}}],"inLanguage":"tr"},{"@type":"Person","@id":"https:\/\/kibrisdakik.com\/#\/schema\/person\/9cd9d437bbb44f72b73ba127e06d8e79","name":"admin","image":{"@type":"ImageObject","inLanguage":"tr","@id":"https:\/\/secure.gravatar.com\/avatar\/ccc17943b9d660506c869530f897617f7cb1c21a4bf30023f252596d83e1f007?s=96&d=mm&r=g","url":"https:\/\/secure.gravatar.com\/avatar\/ccc17943b9d660506c869530f897617f7cb1c21a4bf30023f252596d83e1f007?s=96&d=mm&r=g","contentUrl":"https:\/\/secure.gravatar.com\/avatar\/ccc17943b9d660506c869530f897617f7cb1c21a4bf30023f252596d83e1f007?s=96&d=mm&r=g","caption":"admin"},"sameAs":["https:\/\/kibrisdakik.com"],"url":"https:\/\/kibrisdakik.com\/?author=1"}]}},"_links":{"self":[{"href":"https:\/\/kibrisdakik.com\/index.php?rest_route=\/wp\/v2\/posts\/96276","targetHints":{"allow":["GET"]}}],"collection":[{"href":"https:\/\/kibrisdakik.com\/index.php?rest_route=\/wp\/v2\/posts"}],"about":[{"href":"https:\/\/kibrisdakik.com\/index.php?rest_route=\/wp\/v2\/types\/post"}],"author":[{"embeddable":true,"href":"https:\/\/kibrisdakik.com\/index.php?rest_route=\/wp\/v2\/users\/1"}],"replies":[{"embeddable":true,"href":"https:\/\/kibrisdakik.com\/index.php?rest_route=%2Fwp%2Fv2%2Fcomments&post=96276"}],"version-history":[{"count":0,"href":"https:\/\/kibrisdakik.com\/index.php?rest_route=\/wp\/v2\/posts\/96276\/revisions"}],"wp:featuredmedia":[{"embeddable":true,"href":"https:\/\/kibrisdakik.com\/index.php?rest_route=\/wp\/v2\/media\/95024"}],"wp:attachment":[{"href":"https:\/\/kibrisdakik.com\/index.php?rest_route=%2Fwp%2Fv2%2Fmedia&parent=96276"}],"wp:term":[{"taxonomy":"category","embeddable":true,"href":"https:\/\/kibrisdakik.com\/index.php?rest_route=%2Fwp%2Fv2%2Fcategories&post=96276"},{"taxonomy":"post_tag","embeddable":true,"href":"https:\/\/kibrisdakik.com\/index.php?rest_route=%2Fwp%2Fv2%2Ftags&post=96276"}],"curies":[{"name":"wp","href":"https:\/\/api.w.org\/{rel}","templated":true}]}}