{"id":96339,"date":"2025-10-20T14:49:05","date_gmt":"2025-10-20T11:49:05","guid":{"rendered":"https:\/\/kibrisdakik.com\/index.php\/2025\/10\/20\/avrupa-birliginde-kademeli-uyelik-tartismasi\/"},"modified":"2025-10-20T14:49:05","modified_gmt":"2025-10-20T11:49:05","slug":"avrupa-birliginde-kademeli-uyelik-tartismasi","status":"publish","type":"post","link":"https:\/\/kibrisdakik.com\/?p=96339","title":{"rendered":"Avrupa Birli\u011fi&#039;nde kademeli \u00fcyelik tart\u0131\u015fmas\u0131"},"content":{"rendered":"<p><\/p>\n<div class=\"news-content\">\n<p>\n\tAB kaynaklar\u0131ndan edinilen bilgiye g\u00f6re, Birlik i\u00e7erisinde Macaristan&#8217;\u0131n vetosunu a\u015farak Ukrayna&#8217;n\u0131n \u00fcyelik s\u00fcrecinde ilerleme kaydedebilmek i\u00e7in farkl\u0131 form\u00fcller de\u011ferlendiriliyor.<\/p>\n<p>\n\tBunlar i\u00e7inde &#8220;kabul edilecek yeni \u00fcyelerin ilk a\u015famada tam oy ve veto hakk\u0131 olmadan kat\u0131lmas\u0131&#8221; \u00f6ne \u00e7\u0131k\u0131yor.<\/p>\n<p>\n\t\u00d6neri, 23 Ekim&#8217;de yap\u0131lacak AB zirvesinde liderlerin masas\u0131nda olacak. Ancak bu a\u015famada &#8220;\u00e7\u0131\u011f\u0131r a\u00e7an&#8221; bir karar al\u0131nmas\u0131 beklenmiyor.<\/p>\n<p>\n\tAB i\u00e7inde uzun s\u00fcredir, karar alma s\u00fcre\u00e7lerinde oybirli\u011fi yerine nitelikli \u00e7o\u011funlukla karar verilmesine y\u00f6nelik reform \u00f6nerileri tart\u0131\u015f\u0131l\u0131yor.<\/p>\n<p>\n\t\u00d6zellikle d\u0131\u015f politika ve geni\u015fleme konular\u0131nda tek bir \u00fcye \u00fclkenin vetosuyla s\u00fcre\u00e7lerin kilitlenmesi, AB\u2019nin etkinli\u011fini zay\u0131flatt\u0131\u011f\u0131 gerek\u00e7esiyle ele\u015ftiriliyor.<\/p>\n<p>\n\tBaz\u0131 \u00fcye \u00fclkeler, veto hakk\u0131n\u0131n kademeli olarak s\u0131n\u0131rland\u0131r\u0131lmas\u0131n\u0131 ve \u00e7o\u011funluk oylamas\u0131n\u0131n daha geni\u015f alanlarda uygulanmas\u0131n\u0131 savunuyor.<\/p>\n<p>\n\tAncak bu t\u00fcr de\u011fi\u015fiklikler anla\u015fmalar\u0131n revizyonunu gerektirdi\u011fi i\u00e7in t\u00fcm \u00fcye \u00fclkelerin onay\u0131na ba\u011fl\u0131 kal\u0131yor ve ilerleme yava\u015f seyrediyor.<\/p>\n<h2>\n\tUkrayna&#8217;n\u0131n \u00fcyelik s\u00fcreci<\/h2>\n<p>\n\tUkrayna, Rusya&#8217;n\u0131n 24 \u015eubat 2022\u2019de ba\u015flatt\u0131\u011f\u0131 sava\u015f\u0131n ard\u0131ndan 28 \u015eubat 2022&#8217;de AB&#8217;ye \u00fcyelik ba\u015fvurusunda bulundu.<\/p>\n<p>\n\tAB Komisyonu, ba\u015fvuruya ili\u015fkin g\u00f6r\u00fc\u015f\u00fcn\u00fc 17 Haziran 2022&#8217;de a\u00e7\u0131klad\u0131 ve ard\u0131ndan 23 Haziran 2022&#8217;de AB Konseyi Ukrayna&#8217;ya aday \u00fclke stat\u00fcs\u00fc verdi.<\/p>\n<p>\n\tAB Konseyi, 14-15 Aral\u0131k 2023 tarihlerinde d\u00fczenlenen zirvede Ukrayna i\u00e7in m\u00fczakerelerin ba\u015flat\u0131lmas\u0131 y\u00f6n\u00fcnde karar ald\u0131.<\/p>\n<p>\n\tAncak \u00fcyelik m\u00fczakerelerinin ba\u015flat\u0131lmas\u0131 i\u00e7in gerekli olan h\u00fck\u00fcmetleraras\u0131 konferans hen\u00fcz toplanmad\u0131. S\u00fcrecin ilerlememesinin nedeni olarak, \u00f6zellikle Macaristan\u2019\u0131n vetosu g\u00f6steriliyor.<\/p>\n<p>\n\tMacaristan Ba\u015fkan\u0131 Viktor Orban, Ukrayna&#8217;n\u0131n AB \u00fcyeli\u011fi kar\u015f\u0131t\u0131 tutumunu s\u0131k s\u0131k dile getiriyor.<\/p>\n<div class=\"news-tags\">\n<div class=\"title\">ET\u0130KETLER<\/div>\n<div class=\"tags\">\n                                                                            Avrupa Birli\u011fi<br \/>\n                                                                            Macaristan\n                                                                    <\/div>\n<\/p><\/div>\n<\/p><\/div>\n","protected":false},"excerpt":{"rendered":"<p>AB kaynaklar\u0131ndan edinilen bilgiye g\u00f6re, Birlik i\u00e7erisinde Macaristan&#8217;\u0131n vetosunu a\u015farak Ukrayna&#8217;n\u0131n \u00fcyelik s\u00fcrecinde ilerleme kaydedebilmek i\u00e7in farkl\u0131 form\u00fcller de\u011ferlendiriliyor. Bunlar i\u00e7inde &#8220;kabul edilecek yeni \u00fcyelerin ilk a\u015famada tam oy ve veto hakk\u0131 olmadan kat\u0131lmas\u0131&#8221; \u00f6ne \u00e7\u0131k\u0131yor. \u00d6neri, 23 Ekim&#8217;de yap\u0131lacak AB zirvesinde liderlerin masas\u0131nda olacak. Ancak bu a\u015famada &#8220;\u00e7\u0131\u011f\u0131r a\u00e7an&#8221; bir karar al\u0131nmas\u0131 beklenmiyor. AB<\/p>\n","protected":false},"author":1,"featured_media":94497,"comment_status":"open","ping_status":"open","sticky":false,"template":"","format":"standard","meta":{"footnotes":""},"categories":[306],"tags":[],"class_list":["post-96339","post","type-post","status-publish","format-standard","has-post-thumbnail","hentry","category-dunya"],"yoast_head":"<!-- This site is optimized with the Yoast SEO plugin v27.4 - https:\/\/yoast.com\/product\/yoast-seo-wordpress\/ -->\n<title>Avrupa Birli\u011fi&#039;nde kademeli \u00fcyelik tart\u0131\u015fmas\u0131 -<\/title>\n<meta name=\"robots\" content=\"index, follow, max-snippet:-1, max-image-preview:large, max-video-preview:-1\" \/>\n<link rel=\"canonical\" href=\"https:\/\/kibrisdakik.com\/?p=96339\" \/>\n<meta property=\"og:locale\" content=\"tr_TR\" \/>\n<meta property=\"og:type\" content=\"article\" \/>\n<meta property=\"og:title\" content=\"Avrupa Birli\u011fi&#039;nde kademeli \u00fcyelik tart\u0131\u015fmas\u0131 -\" \/>\n<meta property=\"og:description\" content=\"AB kaynaklar\u0131ndan edinilen bilgiye g\u00f6re, Birlik i\u00e7erisinde Macaristan&#8217;\u0131n vetosunu a\u015farak Ukrayna&#8217;n\u0131n \u00fcyelik s\u00fcrecinde ilerleme kaydedebilmek i\u00e7in farkl\u0131 form\u00fcller de\u011ferlendiriliyor. Bunlar i\u00e7inde &#8220;kabul edilecek yeni \u00fcyelerin ilk a\u015famada tam oy ve veto hakk\u0131 olmadan kat\u0131lmas\u0131&#8221; \u00f6ne \u00e7\u0131k\u0131yor. \u00d6neri, 23 Ekim&#8217;de yap\u0131lacak AB zirvesinde liderlerin masas\u0131nda olacak. Ancak bu a\u015famada &#8220;\u00e7\u0131\u011f\u0131r a\u00e7an&#8221; bir karar al\u0131nmas\u0131 beklenmiyor. AB\" \/>\n<meta property=\"og:url\" content=\"https:\/\/kibrisdakik.com\/?p=96339\" \/>\n<meta property=\"article:published_time\" content=\"2025-10-20T11:49:05+00:00\" \/>\n<meta property=\"og:image\" content=\"https:\/\/kibrisdakik.com\/wp-content\/uploads\/2025\/10\/avrupa-birligi-ab-reu-1543463.jpg\" \/>\n\t<meta property=\"og:image:width\" content=\"1280\" \/>\n\t<meta property=\"og:image:height\" content=\"720\" \/>\n\t<meta property=\"og:image:type\" content=\"image\/jpeg\" \/>\n<meta name=\"author\" content=\"admin\" \/>\n<meta name=\"twitter:card\" content=\"summary_large_image\" \/>\n<meta name=\"twitter:label1\" content=\"Yazan:\" \/>\n\t<meta name=\"twitter:data1\" content=\"admin\" \/>\n\t<meta name=\"twitter:label2\" content=\"Tahmini okuma s\u00fcresi\" \/>\n\t<meta name=\"twitter:data2\" content=\"2 dakika\" \/>\n<script type=\"application\/ld+json\" class=\"yoast-schema-graph\">{\"@context\":\"https:\\\/\\\/schema.org\",\"@graph\":[{\"@type\":\"Article\",\"@id\":\"https:\\\/\\\/kibrisdakik.com\\\/?p=96339#article\",\"isPartOf\":{\"@id\":\"https:\\\/\\\/kibrisdakik.com\\\/?p=96339\"},\"author\":{\"name\":\"admin\",\"@id\":\"https:\\\/\\\/kibrisdakik.com\\\/#\\\/schema\\\/person\\\/9cd9d437bbb44f72b73ba127e06d8e79\"},\"headline\":\"Avrupa Birli\u011fi&#039;nde kademeli \u00fcyelik tart\u0131\u015fmas\u0131\",\"datePublished\":\"2025-10-20T11:49:05+00:00\",\"mainEntityOfPage\":{\"@id\":\"https:\\\/\\\/kibrisdakik.com\\\/?p=96339\"},\"wordCount\":314,\"commentCount\":0,\"image\":{\"@id\":\"https:\\\/\\\/kibrisdakik.com\\\/?p=96339#primaryimage\"},\"thumbnailUrl\":\"https:\\\/\\\/kibrisdakik.com\\\/wp-content\\\/uploads\\\/2025\\\/10\\\/avrupa-birligi-ab-reu-1543463.jpg\",\"articleSection\":[\"D\u00fcnya\"],\"inLanguage\":\"tr\",\"potentialAction\":[{\"@type\":\"CommentAction\",\"name\":\"Comment\",\"target\":[\"https:\\\/\\\/kibrisdakik.com\\\/?p=96339#respond\"]}]},{\"@type\":\"WebPage\",\"@id\":\"https:\\\/\\\/kibrisdakik.com\\\/?p=96339\",\"url\":\"https:\\\/\\\/kibrisdakik.com\\\/?p=96339\",\"name\":\"Avrupa Birli\u011fi&#039;nde kademeli \u00fcyelik tart\u0131\u015fmas\u0131 -\",\"isPartOf\":{\"@id\":\"https:\\\/\\\/kibrisdakik.com\\\/#website\"},\"primaryImageOfPage\":{\"@id\":\"https:\\\/\\\/kibrisdakik.com\\\/?p=96339#primaryimage\"},\"image\":{\"@id\":\"https:\\\/\\\/kibrisdakik.com\\\/?p=96339#primaryimage\"},\"thumbnailUrl\":\"https:\\\/\\\/kibrisdakik.com\\\/wp-content\\\/uploads\\\/2025\\\/10\\\/avrupa-birligi-ab-reu-1543463.jpg\",\"datePublished\":\"2025-10-20T11:49:05+00:00\",\"author\":{\"@id\":\"https:\\\/\\\/kibrisdakik.com\\\/#\\\/schema\\\/person\\\/9cd9d437bbb44f72b73ba127e06d8e79\"},\"breadcrumb\":{\"@id\":\"https:\\\/\\\/kibrisdakik.com\\\/?p=96339#breadcrumb\"},\"inLanguage\":\"tr\",\"potentialAction\":[{\"@type\":\"ReadAction\",\"target\":[\"https:\\\/\\\/kibrisdakik.com\\\/?p=96339\"]}]},{\"@type\":\"ImageObject\",\"inLanguage\":\"tr\",\"@id\":\"https:\\\/\\\/kibrisdakik.com\\\/?p=96339#primaryimage\",\"url\":\"https:\\\/\\\/kibrisdakik.com\\\/wp-content\\\/uploads\\\/2025\\\/10\\\/avrupa-birligi-ab-reu-1543463.jpg\",\"contentUrl\":\"https:\\\/\\\/kibrisdakik.com\\\/wp-content\\\/uploads\\\/2025\\\/10\\\/avrupa-birligi-ab-reu-1543463.jpg\",\"width\":1280,\"height\":720},{\"@type\":\"BreadcrumbList\",\"@id\":\"https:\\\/\\\/kibrisdakik.com\\\/?p=96339#breadcrumb\",\"itemListElement\":[{\"@type\":\"ListItem\",\"position\":1,\"name\":\"Home\",\"item\":\"https:\\\/\\\/kibrisdakik.com\\\/\"},{\"@type\":\"ListItem\",\"position\":2,\"name\":\"Avrupa Birli\u011fi&#039;nde kademeli \u00fcyelik tart\u0131\u015fmas\u0131\"}]},{\"@type\":\"WebSite\",\"@id\":\"https:\\\/\\\/kibrisdakik.com\\\/#website\",\"url\":\"https:\\\/\\\/kibrisdakik.com\\\/\",\"name\":\"\",\"description\":\"Tam vaktinde haber\",\"potentialAction\":[{\"@type\":\"SearchAction\",\"target\":{\"@type\":\"EntryPoint\",\"urlTemplate\":\"https:\\\/\\\/kibrisdakik.com\\\/?s={search_term_string}\"},\"query-input\":{\"@type\":\"PropertyValueSpecification\",\"valueRequired\":true,\"valueName\":\"search_term_string\"}}],\"inLanguage\":\"tr\"},{\"@type\":\"Person\",\"@id\":\"https:\\\/\\\/kibrisdakik.com\\\/#\\\/schema\\\/person\\\/9cd9d437bbb44f72b73ba127e06d8e79\",\"name\":\"admin\",\"image\":{\"@type\":\"ImageObject\",\"inLanguage\":\"tr\",\"@id\":\"https:\\\/\\\/secure.gravatar.com\\\/avatar\\\/ccc17943b9d660506c869530f897617f7cb1c21a4bf30023f252596d83e1f007?s=96&d=mm&r=g\",\"url\":\"https:\\\/\\\/secure.gravatar.com\\\/avatar\\\/ccc17943b9d660506c869530f897617f7cb1c21a4bf30023f252596d83e1f007?s=96&d=mm&r=g\",\"contentUrl\":\"https:\\\/\\\/secure.gravatar.com\\\/avatar\\\/ccc17943b9d660506c869530f897617f7cb1c21a4bf30023f252596d83e1f007?s=96&d=mm&r=g\",\"caption\":\"admin\"},\"sameAs\":[\"https:\\\/\\\/kibrisdakik.com\"],\"url\":\"https:\\\/\\\/kibrisdakik.com\\\/?author=1\"}]}<\/script>\n<!-- \/ Yoast SEO plugin. -->","yoast_head_json":{"title":"Avrupa Birli\u011fi&#039;nde kademeli \u00fcyelik tart\u0131\u015fmas\u0131 -","robots":{"index":"index","follow":"follow","max-snippet":"max-snippet:-1","max-image-preview":"max-image-preview:large","max-video-preview":"max-video-preview:-1"},"canonical":"https:\/\/kibrisdakik.com\/?p=96339","og_locale":"tr_TR","og_type":"article","og_title":"Avrupa Birli\u011fi&#039;nde kademeli \u00fcyelik tart\u0131\u015fmas\u0131 -","og_description":"AB kaynaklar\u0131ndan edinilen bilgiye g\u00f6re, Birlik i\u00e7erisinde Macaristan&#8217;\u0131n vetosunu a\u015farak Ukrayna&#8217;n\u0131n \u00fcyelik s\u00fcrecinde ilerleme kaydedebilmek i\u00e7in farkl\u0131 form\u00fcller de\u011ferlendiriliyor. Bunlar i\u00e7inde &#8220;kabul edilecek yeni \u00fcyelerin ilk a\u015famada tam oy ve veto hakk\u0131 olmadan kat\u0131lmas\u0131&#8221; \u00f6ne \u00e7\u0131k\u0131yor. \u00d6neri, 23 Ekim&#8217;de yap\u0131lacak AB zirvesinde liderlerin masas\u0131nda olacak. Ancak bu a\u015famada &#8220;\u00e7\u0131\u011f\u0131r a\u00e7an&#8221; bir karar al\u0131nmas\u0131 beklenmiyor. AB","og_url":"https:\/\/kibrisdakik.com\/?p=96339","article_published_time":"2025-10-20T11:49:05+00:00","og_image":[{"width":1280,"height":720,"url":"https:\/\/kibrisdakik.com\/wp-content\/uploads\/2025\/10\/avrupa-birligi-ab-reu-1543463.jpg","type":"image\/jpeg"}],"author":"admin","twitter_card":"summary_large_image","twitter_misc":{"Yazan:":"admin","Tahmini okuma s\u00fcresi":"2 dakika"},"schema":{"@context":"https:\/\/schema.org","@graph":[{"@type":"Article","@id":"https:\/\/kibrisdakik.com\/?p=96339#article","isPartOf":{"@id":"https:\/\/kibrisdakik.com\/?p=96339"},"author":{"name":"admin","@id":"https:\/\/kibrisdakik.com\/#\/schema\/person\/9cd9d437bbb44f72b73ba127e06d8e79"},"headline":"Avrupa Birli\u011fi&#039;nde kademeli \u00fcyelik tart\u0131\u015fmas\u0131","datePublished":"2025-10-20T11:49:05+00:00","mainEntityOfPage":{"@id":"https:\/\/kibrisdakik.com\/?p=96339"},"wordCount":314,"commentCount":0,"image":{"@id":"https:\/\/kibrisdakik.com\/?p=96339#primaryimage"},"thumbnailUrl":"https:\/\/kibrisdakik.com\/wp-content\/uploads\/2025\/10\/avrupa-birligi-ab-reu-1543463.jpg","articleSection":["D\u00fcnya"],"inLanguage":"tr","potentialAction":[{"@type":"CommentAction","name":"Comment","target":["https:\/\/kibrisdakik.com\/?p=96339#respond"]}]},{"@type":"WebPage","@id":"https:\/\/kibrisdakik.com\/?p=96339","url":"https:\/\/kibrisdakik.com\/?p=96339","name":"Avrupa Birli\u011fi&#039;nde kademeli \u00fcyelik tart\u0131\u015fmas\u0131 -","isPartOf":{"@id":"https:\/\/kibrisdakik.com\/#website"},"primaryImageOfPage":{"@id":"https:\/\/kibrisdakik.com\/?p=96339#primaryimage"},"image":{"@id":"https:\/\/kibrisdakik.com\/?p=96339#primaryimage"},"thumbnailUrl":"https:\/\/kibrisdakik.com\/wp-content\/uploads\/2025\/10\/avrupa-birligi-ab-reu-1543463.jpg","datePublished":"2025-10-20T11:49:05+00:00","author":{"@id":"https:\/\/kibrisdakik.com\/#\/schema\/person\/9cd9d437bbb44f72b73ba127e06d8e79"},"breadcrumb":{"@id":"https:\/\/kibrisdakik.com\/?p=96339#breadcrumb"},"inLanguage":"tr","potentialAction":[{"@type":"ReadAction","target":["https:\/\/kibrisdakik.com\/?p=96339"]}]},{"@type":"ImageObject","inLanguage":"tr","@id":"https:\/\/kibrisdakik.com\/?p=96339#primaryimage","url":"https:\/\/kibrisdakik.com\/wp-content\/uploads\/2025\/10\/avrupa-birligi-ab-reu-1543463.jpg","contentUrl":"https:\/\/kibrisdakik.com\/wp-content\/uploads\/2025\/10\/avrupa-birligi-ab-reu-1543463.jpg","width":1280,"height":720},{"@type":"BreadcrumbList","@id":"https:\/\/kibrisdakik.com\/?p=96339#breadcrumb","itemListElement":[{"@type":"ListItem","position":1,"name":"Home","item":"https:\/\/kibrisdakik.com\/"},{"@type":"ListItem","position":2,"name":"Avrupa Birli\u011fi&#039;nde kademeli \u00fcyelik tart\u0131\u015fmas\u0131"}]},{"@type":"WebSite","@id":"https:\/\/kibrisdakik.com\/#website","url":"https:\/\/kibrisdakik.com\/","name":"","description":"Tam vaktinde haber","potentialAction":[{"@type":"SearchAction","target":{"@type":"EntryPoint","urlTemplate":"https:\/\/kibrisdakik.com\/?s={search_term_string}"},"query-input":{"@type":"PropertyValueSpecification","valueRequired":true,"valueName":"search_term_string"}}],"inLanguage":"tr"},{"@type":"Person","@id":"https:\/\/kibrisdakik.com\/#\/schema\/person\/9cd9d437bbb44f72b73ba127e06d8e79","name":"admin","image":{"@type":"ImageObject","inLanguage":"tr","@id":"https:\/\/secure.gravatar.com\/avatar\/ccc17943b9d660506c869530f897617f7cb1c21a4bf30023f252596d83e1f007?s=96&d=mm&r=g","url":"https:\/\/secure.gravatar.com\/avatar\/ccc17943b9d660506c869530f897617f7cb1c21a4bf30023f252596d83e1f007?s=96&d=mm&r=g","contentUrl":"https:\/\/secure.gravatar.com\/avatar\/ccc17943b9d660506c869530f897617f7cb1c21a4bf30023f252596d83e1f007?s=96&d=mm&r=g","caption":"admin"},"sameAs":["https:\/\/kibrisdakik.com"],"url":"https:\/\/kibrisdakik.com\/?author=1"}]}},"_links":{"self":[{"href":"https:\/\/kibrisdakik.com\/index.php?rest_route=\/wp\/v2\/posts\/96339","targetHints":{"allow":["GET"]}}],"collection":[{"href":"https:\/\/kibrisdakik.com\/index.php?rest_route=\/wp\/v2\/posts"}],"about":[{"href":"https:\/\/kibrisdakik.com\/index.php?rest_route=\/wp\/v2\/types\/post"}],"author":[{"embeddable":true,"href":"https:\/\/kibrisdakik.com\/index.php?rest_route=\/wp\/v2\/users\/1"}],"replies":[{"embeddable":true,"href":"https:\/\/kibrisdakik.com\/index.php?rest_route=%2Fwp%2Fv2%2Fcomments&post=96339"}],"version-history":[{"count":0,"href":"https:\/\/kibrisdakik.com\/index.php?rest_route=\/wp\/v2\/posts\/96339\/revisions"}],"wp:featuredmedia":[{"embeddable":true,"href":"https:\/\/kibrisdakik.com\/index.php?rest_route=\/wp\/v2\/media\/94497"}],"wp:attachment":[{"href":"https:\/\/kibrisdakik.com\/index.php?rest_route=%2Fwp%2Fv2%2Fmedia&parent=96339"}],"wp:term":[{"taxonomy":"category","embeddable":true,"href":"https:\/\/kibrisdakik.com\/index.php?rest_route=%2Fwp%2Fv2%2Fcategories&post=96339"},{"taxonomy":"post_tag","embeddable":true,"href":"https:\/\/kibrisdakik.com\/index.php?rest_route=%2Fwp%2Fv2%2Ftags&post=96339"}],"curies":[{"name":"wp","href":"https:\/\/api.w.org\/{rel}","templated":true}]}}