{"id":96386,"date":"2025-10-21T07:52:12","date_gmt":"2025-10-21T04:52:12","guid":{"rendered":"https:\/\/kibrisdakik.com\/index.php\/2025\/10\/21\/portekizdeki-funikuler-kazasinin-nedeni-aciklandi\/"},"modified":"2025-10-21T07:52:12","modified_gmt":"2025-10-21T04:52:12","slug":"portekizdeki-funikuler-kazasinin-nedeni-aciklandi","status":"publish","type":"post","link":"https:\/\/kibrisdakik.com\/?p=96386","title":{"rendered":"Portekizdeki f\u00fcnik\u00fcler kazas\u0131n\u0131n nedeni a\u00e7\u0131kland\u0131"},"content":{"rendered":"<p><\/p>\n<div class=\"news-content\">\n<p>\n\t4 Eyl\u00fcl\u2019de ya\u015fanan kazada, dik bir yama\u00e7ta iki vagonun kar\u015f\u0131l\u0131kl\u0131 olarak \u00e7al\u0131\u015ft\u0131\u011f\u0131 tarihi f\u00fcnik\u00fcler raydan \u00e7\u0131karak bir binaya \u00e7arpm\u0131\u015ft\u0131. Ah\u015fap kabin tamamen par\u00e7alan\u0131rken, 16 ki\u015fi hayat\u0131n\u0131 kaybetmi\u015f, 21 ki\u015fi yaralanm\u0131\u015ft\u0131.<\/p>\n<h2>\n\t\u201cKablo yetersiz, sertifikas\u0131z ve yanl\u0131\u015f monte edilmi\u015f\u201d<\/h2>\n<p>\n\tKaza inceleme ofisinin (Office for Air and Rail Accident Prevention and Investigation) \u00f6n raporuna g\u00f6re, vagonlar\u0131 birbirine ba\u011flayarak a\u011f\u0131rl\u0131k dengesini sa\u011flayan yer alt\u0131ndaki \u00e7elik kablo kamu ta\u015f\u0131mac\u0131l\u0131\u011f\u0131 i\u00e7in onayl\u0131 de\u011fildi ve \u00fcretici talimatlar\u0131na uygun bi\u00e7imde monte edilmemi\u015fti.<br \/>\n\tKablonun kullan\u0131m s\u00fcresi bir y\u0131l\u0131 bile bulmam\u0131\u015ft\u0131.<\/p>\n<h2>\n\tG\u00fcvenlik sistemleri devre d\u0131\u015f\u0131 kald\u0131<\/h2>\n<p>\n\tRaporda, bak\u0131m kay\u0131tlar\u0131nda be\u015f kez \u201cmevcut olmayan, uygulanamaz veya eski g\u00fcvenlik standartlar\u0131na\u201d at\u0131fta bulunuldu\u011fu tespit edildi. Kablo koptu\u011funda sistemin elektri\u011fi kesmesi sonucu pn\u00f6matik fren devre d\u0131\u015f\u0131 kalm\u0131\u015f, elde kullan\u0131lan manuel fren ise arac\u0131 durdurmakta yetersiz kalm\u0131\u015ft\u0131.<\/p>\n<h2>\n\tNihai rapor gelecek y\u0131l a\u00e7\u0131klanacak<\/h2>\n<p>\n\tYetkililer, bu raporun yaln\u0131zca \u00f6n bulgular\u0131 yans\u0131tt\u0131\u011f\u0131n\u0131, sorumluluk tespiti amac\u0131 ta\u015f\u0131mad\u0131\u011f\u0131n\u0131 belirtti. Kazan\u0131n teknik nedenleri ve olas\u0131 ihmal zinciriyle ilgili kapsaml\u0131 nihai raporun gelecek y\u0131l yay\u0131mlanmas\u0131 bekleniyor.<\/p>\n<p>\n\tBu kaza, Lizbon\u2019da son y\u0131llarda ya\u015fanan en \u00f6l\u00fcmc\u00fcl toplu ta\u015f\u0131ma felaketlerinden biri olarak kay\u0131tlara ge\u00e7ti.<\/p>\n<div class=\"news-tags\">\n<div class=\"title\">ET\u0130KETLER<\/div>\n<div class=\"tags\">\n                                                                            Portekiz\n                                                                    <\/div>\n<\/p><\/div>\n<\/p><\/div>\n","protected":false},"excerpt":{"rendered":"<p>4 Eyl\u00fcl\u2019de ya\u015fanan kazada, dik bir yama\u00e7ta iki vagonun kar\u015f\u0131l\u0131kl\u0131 olarak \u00e7al\u0131\u015ft\u0131\u011f\u0131 tarihi f\u00fcnik\u00fcler raydan \u00e7\u0131karak bir binaya \u00e7arpm\u0131\u015ft\u0131. Ah\u015fap kabin tamamen par\u00e7alan\u0131rken, 16 ki\u015fi hayat\u0131n\u0131 kaybetmi\u015f, 21 ki\u015fi yaralanm\u0131\u015ft\u0131. \u201cKablo yetersiz, sertifikas\u0131z ve yanl\u0131\u015f monte edilmi\u015f\u201d Kaza inceleme ofisinin (Office for Air and Rail Accident Prevention and Investigation) \u00f6n raporuna g\u00f6re, vagonlar\u0131 birbirine ba\u011flayarak<\/p>\n","protected":false},"author":1,"featured_media":96387,"comment_status":"open","ping_status":"open","sticky":false,"template":"","format":"standard","meta":{"footnotes":""},"categories":[306],"tags":[],"class_list":["post-96386","post","type-post","status-publish","format-standard","has-post-thumbnail","hentry","category-dunya"],"yoast_head":"<!-- This site is optimized with the Yoast SEO plugin v27.4 - https:\/\/yoast.com\/product\/yoast-seo-wordpress\/ -->\n<title>Portekizdeki f\u00fcnik\u00fcler kazas\u0131n\u0131n nedeni a\u00e7\u0131kland\u0131 -<\/title>\n<meta name=\"robots\" content=\"index, follow, max-snippet:-1, max-image-preview:large, max-video-preview:-1\" \/>\n<link rel=\"canonical\" href=\"https:\/\/kibrisdakik.com\/?p=96386\" \/>\n<meta property=\"og:locale\" content=\"tr_TR\" \/>\n<meta property=\"og:type\" content=\"article\" \/>\n<meta property=\"og:title\" content=\"Portekizdeki f\u00fcnik\u00fcler kazas\u0131n\u0131n nedeni a\u00e7\u0131kland\u0131 -\" \/>\n<meta property=\"og:description\" content=\"4 Eyl\u00fcl\u2019de ya\u015fanan kazada, dik bir yama\u00e7ta iki vagonun kar\u015f\u0131l\u0131kl\u0131 olarak \u00e7al\u0131\u015ft\u0131\u011f\u0131 tarihi f\u00fcnik\u00fcler raydan \u00e7\u0131karak bir binaya \u00e7arpm\u0131\u015ft\u0131. Ah\u015fap kabin tamamen par\u00e7alan\u0131rken, 16 ki\u015fi hayat\u0131n\u0131 kaybetmi\u015f, 21 ki\u015fi yaralanm\u0131\u015ft\u0131. \u201cKablo yetersiz, sertifikas\u0131z ve yanl\u0131\u015f monte edilmi\u015f\u201d Kaza inceleme ofisinin (Office for Air and Rail Accident Prevention and Investigation) \u00f6n raporuna g\u00f6re, vagonlar\u0131 birbirine ba\u011flayarak\" \/>\n<meta property=\"og:url\" content=\"https:\/\/kibrisdakik.com\/?p=96386\" \/>\n<meta property=\"article:published_time\" content=\"2025-10-21T04:52:12+00:00\" \/>\n<meta property=\"og:image\" content=\"https:\/\/kibrisdakik.com\/wp-content\/uploads\/2025\/10\/lizbon-2394300.jpg\" \/>\n\t<meta property=\"og:image:width\" content=\"1280\" \/>\n\t<meta property=\"og:image:height\" content=\"720\" \/>\n\t<meta property=\"og:image:type\" content=\"image\/jpeg\" \/>\n<meta name=\"author\" content=\"admin\" \/>\n<meta name=\"twitter:card\" content=\"summary_large_image\" \/>\n<meta name=\"twitter:label1\" content=\"Yazan:\" \/>\n\t<meta name=\"twitter:data1\" content=\"admin\" \/>\n\t<meta name=\"twitter:label2\" content=\"Tahmini okuma s\u00fcresi\" \/>\n\t<meta name=\"twitter:data2\" content=\"1 dakika\" \/>\n<script type=\"application\/ld+json\" class=\"yoast-schema-graph\">{\"@context\":\"https:\\\/\\\/schema.org\",\"@graph\":[{\"@type\":\"Article\",\"@id\":\"https:\\\/\\\/kibrisdakik.com\\\/?p=96386#article\",\"isPartOf\":{\"@id\":\"https:\\\/\\\/kibrisdakik.com\\\/?p=96386\"},\"author\":{\"name\":\"admin\",\"@id\":\"https:\\\/\\\/kibrisdakik.com\\\/#\\\/schema\\\/person\\\/9cd9d437bbb44f72b73ba127e06d8e79\"},\"headline\":\"Portekizdeki f\u00fcnik\u00fcler kazas\u0131n\u0131n nedeni a\u00e7\u0131kland\u0131\",\"datePublished\":\"2025-10-21T04:52:12+00:00\",\"mainEntityOfPage\":{\"@id\":\"https:\\\/\\\/kibrisdakik.com\\\/?p=96386\"},\"wordCount\":245,\"commentCount\":0,\"image\":{\"@id\":\"https:\\\/\\\/kibrisdakik.com\\\/?p=96386#primaryimage\"},\"thumbnailUrl\":\"https:\\\/\\\/kibrisdakik.com\\\/wp-content\\\/uploads\\\/2025\\\/10\\\/lizbon-2394300.jpg\",\"articleSection\":[\"D\u00fcnya\"],\"inLanguage\":\"tr\",\"potentialAction\":[{\"@type\":\"CommentAction\",\"name\":\"Comment\",\"target\":[\"https:\\\/\\\/kibrisdakik.com\\\/?p=96386#respond\"]}]},{\"@type\":\"WebPage\",\"@id\":\"https:\\\/\\\/kibrisdakik.com\\\/?p=96386\",\"url\":\"https:\\\/\\\/kibrisdakik.com\\\/?p=96386\",\"name\":\"Portekizdeki f\u00fcnik\u00fcler kazas\u0131n\u0131n nedeni a\u00e7\u0131kland\u0131 -\",\"isPartOf\":{\"@id\":\"https:\\\/\\\/kibrisdakik.com\\\/#website\"},\"primaryImageOfPage\":{\"@id\":\"https:\\\/\\\/kibrisdakik.com\\\/?p=96386#primaryimage\"},\"image\":{\"@id\":\"https:\\\/\\\/kibrisdakik.com\\\/?p=96386#primaryimage\"},\"thumbnailUrl\":\"https:\\\/\\\/kibrisdakik.com\\\/wp-content\\\/uploads\\\/2025\\\/10\\\/lizbon-2394300.jpg\",\"datePublished\":\"2025-10-21T04:52:12+00:00\",\"author\":{\"@id\":\"https:\\\/\\\/kibrisdakik.com\\\/#\\\/schema\\\/person\\\/9cd9d437bbb44f72b73ba127e06d8e79\"},\"breadcrumb\":{\"@id\":\"https:\\\/\\\/kibrisdakik.com\\\/?p=96386#breadcrumb\"},\"inLanguage\":\"tr\",\"potentialAction\":[{\"@type\":\"ReadAction\",\"target\":[\"https:\\\/\\\/kibrisdakik.com\\\/?p=96386\"]}]},{\"@type\":\"ImageObject\",\"inLanguage\":\"tr\",\"@id\":\"https:\\\/\\\/kibrisdakik.com\\\/?p=96386#primaryimage\",\"url\":\"https:\\\/\\\/kibrisdakik.com\\\/wp-content\\\/uploads\\\/2025\\\/10\\\/lizbon-2394300.jpg\",\"contentUrl\":\"https:\\\/\\\/kibrisdakik.com\\\/wp-content\\\/uploads\\\/2025\\\/10\\\/lizbon-2394300.jpg\",\"width\":1280,\"height\":720},{\"@type\":\"BreadcrumbList\",\"@id\":\"https:\\\/\\\/kibrisdakik.com\\\/?p=96386#breadcrumb\",\"itemListElement\":[{\"@type\":\"ListItem\",\"position\":1,\"name\":\"Home\",\"item\":\"https:\\\/\\\/kibrisdakik.com\\\/\"},{\"@type\":\"ListItem\",\"position\":2,\"name\":\"Portekizdeki f\u00fcnik\u00fcler kazas\u0131n\u0131n nedeni a\u00e7\u0131kland\u0131\"}]},{\"@type\":\"WebSite\",\"@id\":\"https:\\\/\\\/kibrisdakik.com\\\/#website\",\"url\":\"https:\\\/\\\/kibrisdakik.com\\\/\",\"name\":\"\",\"description\":\"Tam vaktinde haber\",\"potentialAction\":[{\"@type\":\"SearchAction\",\"target\":{\"@type\":\"EntryPoint\",\"urlTemplate\":\"https:\\\/\\\/kibrisdakik.com\\\/?s={search_term_string}\"},\"query-input\":{\"@type\":\"PropertyValueSpecification\",\"valueRequired\":true,\"valueName\":\"search_term_string\"}}],\"inLanguage\":\"tr\"},{\"@type\":\"Person\",\"@id\":\"https:\\\/\\\/kibrisdakik.com\\\/#\\\/schema\\\/person\\\/9cd9d437bbb44f72b73ba127e06d8e79\",\"name\":\"admin\",\"image\":{\"@type\":\"ImageObject\",\"inLanguage\":\"tr\",\"@id\":\"https:\\\/\\\/secure.gravatar.com\\\/avatar\\\/ccc17943b9d660506c869530f897617f7cb1c21a4bf30023f252596d83e1f007?s=96&d=mm&r=g\",\"url\":\"https:\\\/\\\/secure.gravatar.com\\\/avatar\\\/ccc17943b9d660506c869530f897617f7cb1c21a4bf30023f252596d83e1f007?s=96&d=mm&r=g\",\"contentUrl\":\"https:\\\/\\\/secure.gravatar.com\\\/avatar\\\/ccc17943b9d660506c869530f897617f7cb1c21a4bf30023f252596d83e1f007?s=96&d=mm&r=g\",\"caption\":\"admin\"},\"sameAs\":[\"https:\\\/\\\/kibrisdakik.com\"],\"url\":\"https:\\\/\\\/kibrisdakik.com\\\/?author=1\"}]}<\/script>\n<!-- \/ Yoast SEO plugin. -->","yoast_head_json":{"title":"Portekizdeki f\u00fcnik\u00fcler kazas\u0131n\u0131n nedeni a\u00e7\u0131kland\u0131 -","robots":{"index":"index","follow":"follow","max-snippet":"max-snippet:-1","max-image-preview":"max-image-preview:large","max-video-preview":"max-video-preview:-1"},"canonical":"https:\/\/kibrisdakik.com\/?p=96386","og_locale":"tr_TR","og_type":"article","og_title":"Portekizdeki f\u00fcnik\u00fcler kazas\u0131n\u0131n nedeni a\u00e7\u0131kland\u0131 -","og_description":"4 Eyl\u00fcl\u2019de ya\u015fanan kazada, dik bir yama\u00e7ta iki vagonun kar\u015f\u0131l\u0131kl\u0131 olarak \u00e7al\u0131\u015ft\u0131\u011f\u0131 tarihi f\u00fcnik\u00fcler raydan \u00e7\u0131karak bir binaya \u00e7arpm\u0131\u015ft\u0131. Ah\u015fap kabin tamamen par\u00e7alan\u0131rken, 16 ki\u015fi hayat\u0131n\u0131 kaybetmi\u015f, 21 ki\u015fi yaralanm\u0131\u015ft\u0131. \u201cKablo yetersiz, sertifikas\u0131z ve yanl\u0131\u015f monte edilmi\u015f\u201d Kaza inceleme ofisinin (Office for Air and Rail Accident Prevention and Investigation) \u00f6n raporuna g\u00f6re, vagonlar\u0131 birbirine ba\u011flayarak","og_url":"https:\/\/kibrisdakik.com\/?p=96386","article_published_time":"2025-10-21T04:52:12+00:00","og_image":[{"width":1280,"height":720,"url":"https:\/\/kibrisdakik.com\/wp-content\/uploads\/2025\/10\/lizbon-2394300.jpg","type":"image\/jpeg"}],"author":"admin","twitter_card":"summary_large_image","twitter_misc":{"Yazan:":"admin","Tahmini okuma s\u00fcresi":"1 dakika"},"schema":{"@context":"https:\/\/schema.org","@graph":[{"@type":"Article","@id":"https:\/\/kibrisdakik.com\/?p=96386#article","isPartOf":{"@id":"https:\/\/kibrisdakik.com\/?p=96386"},"author":{"name":"admin","@id":"https:\/\/kibrisdakik.com\/#\/schema\/person\/9cd9d437bbb44f72b73ba127e06d8e79"},"headline":"Portekizdeki f\u00fcnik\u00fcler kazas\u0131n\u0131n nedeni a\u00e7\u0131kland\u0131","datePublished":"2025-10-21T04:52:12+00:00","mainEntityOfPage":{"@id":"https:\/\/kibrisdakik.com\/?p=96386"},"wordCount":245,"commentCount":0,"image":{"@id":"https:\/\/kibrisdakik.com\/?p=96386#primaryimage"},"thumbnailUrl":"https:\/\/kibrisdakik.com\/wp-content\/uploads\/2025\/10\/lizbon-2394300.jpg","articleSection":["D\u00fcnya"],"inLanguage":"tr","potentialAction":[{"@type":"CommentAction","name":"Comment","target":["https:\/\/kibrisdakik.com\/?p=96386#respond"]}]},{"@type":"WebPage","@id":"https:\/\/kibrisdakik.com\/?p=96386","url":"https:\/\/kibrisdakik.com\/?p=96386","name":"Portekizdeki f\u00fcnik\u00fcler kazas\u0131n\u0131n nedeni a\u00e7\u0131kland\u0131 -","isPartOf":{"@id":"https:\/\/kibrisdakik.com\/#website"},"primaryImageOfPage":{"@id":"https:\/\/kibrisdakik.com\/?p=96386#primaryimage"},"image":{"@id":"https:\/\/kibrisdakik.com\/?p=96386#primaryimage"},"thumbnailUrl":"https:\/\/kibrisdakik.com\/wp-content\/uploads\/2025\/10\/lizbon-2394300.jpg","datePublished":"2025-10-21T04:52:12+00:00","author":{"@id":"https:\/\/kibrisdakik.com\/#\/schema\/person\/9cd9d437bbb44f72b73ba127e06d8e79"},"breadcrumb":{"@id":"https:\/\/kibrisdakik.com\/?p=96386#breadcrumb"},"inLanguage":"tr","potentialAction":[{"@type":"ReadAction","target":["https:\/\/kibrisdakik.com\/?p=96386"]}]},{"@type":"ImageObject","inLanguage":"tr","@id":"https:\/\/kibrisdakik.com\/?p=96386#primaryimage","url":"https:\/\/kibrisdakik.com\/wp-content\/uploads\/2025\/10\/lizbon-2394300.jpg","contentUrl":"https:\/\/kibrisdakik.com\/wp-content\/uploads\/2025\/10\/lizbon-2394300.jpg","width":1280,"height":720},{"@type":"BreadcrumbList","@id":"https:\/\/kibrisdakik.com\/?p=96386#breadcrumb","itemListElement":[{"@type":"ListItem","position":1,"name":"Home","item":"https:\/\/kibrisdakik.com\/"},{"@type":"ListItem","position":2,"name":"Portekizdeki f\u00fcnik\u00fcler kazas\u0131n\u0131n nedeni a\u00e7\u0131kland\u0131"}]},{"@type":"WebSite","@id":"https:\/\/kibrisdakik.com\/#website","url":"https:\/\/kibrisdakik.com\/","name":"","description":"Tam vaktinde haber","potentialAction":[{"@type":"SearchAction","target":{"@type":"EntryPoint","urlTemplate":"https:\/\/kibrisdakik.com\/?s={search_term_string}"},"query-input":{"@type":"PropertyValueSpecification","valueRequired":true,"valueName":"search_term_string"}}],"inLanguage":"tr"},{"@type":"Person","@id":"https:\/\/kibrisdakik.com\/#\/schema\/person\/9cd9d437bbb44f72b73ba127e06d8e79","name":"admin","image":{"@type":"ImageObject","inLanguage":"tr","@id":"https:\/\/secure.gravatar.com\/avatar\/ccc17943b9d660506c869530f897617f7cb1c21a4bf30023f252596d83e1f007?s=96&d=mm&r=g","url":"https:\/\/secure.gravatar.com\/avatar\/ccc17943b9d660506c869530f897617f7cb1c21a4bf30023f252596d83e1f007?s=96&d=mm&r=g","contentUrl":"https:\/\/secure.gravatar.com\/avatar\/ccc17943b9d660506c869530f897617f7cb1c21a4bf30023f252596d83e1f007?s=96&d=mm&r=g","caption":"admin"},"sameAs":["https:\/\/kibrisdakik.com"],"url":"https:\/\/kibrisdakik.com\/?author=1"}]}},"_links":{"self":[{"href":"https:\/\/kibrisdakik.com\/index.php?rest_route=\/wp\/v2\/posts\/96386","targetHints":{"allow":["GET"]}}],"collection":[{"href":"https:\/\/kibrisdakik.com\/index.php?rest_route=\/wp\/v2\/posts"}],"about":[{"href":"https:\/\/kibrisdakik.com\/index.php?rest_route=\/wp\/v2\/types\/post"}],"author":[{"embeddable":true,"href":"https:\/\/kibrisdakik.com\/index.php?rest_route=\/wp\/v2\/users\/1"}],"replies":[{"embeddable":true,"href":"https:\/\/kibrisdakik.com\/index.php?rest_route=%2Fwp%2Fv2%2Fcomments&post=96386"}],"version-history":[{"count":0,"href":"https:\/\/kibrisdakik.com\/index.php?rest_route=\/wp\/v2\/posts\/96386\/revisions"}],"wp:featuredmedia":[{"embeddable":true,"href":"https:\/\/kibrisdakik.com\/index.php?rest_route=\/wp\/v2\/media\/96387"}],"wp:attachment":[{"href":"https:\/\/kibrisdakik.com\/index.php?rest_route=%2Fwp%2Fv2%2Fmedia&parent=96386"}],"wp:term":[{"taxonomy":"category","embeddable":true,"href":"https:\/\/kibrisdakik.com\/index.php?rest_route=%2Fwp%2Fv2%2Fcategories&post=96386"},{"taxonomy":"post_tag","embeddable":true,"href":"https:\/\/kibrisdakik.com\/index.php?rest_route=%2Fwp%2Fv2%2Ftags&post=96386"}],"curies":[{"name":"wp","href":"https:\/\/api.w.org\/{rel}","templated":true}]}}