{"id":96427,"date":"2025-10-21T12:24:07","date_gmt":"2025-10-21T09:24:07","guid":{"rendered":"https:\/\/kibrisdakik.com\/index.php\/2025\/10\/21\/iskele-esnaf-ve-zanaatkarlar-birliginden-erhurmana-tebrik\/"},"modified":"2025-10-21T12:24:07","modified_gmt":"2025-10-21T09:24:07","slug":"iskele-esnaf-ve-zanaatkarlar-birliginden-erhurmana-tebrik","status":"publish","type":"post","link":"https:\/\/kibrisdakik.com\/?p=96427","title":{"rendered":"\u0130SKELE ESNAF VE ZANAATK\u00c2RLAR B\u0130RL\u0130\u011e\u0130\u2019NDEN ERH\u00dcRMAN\u2019A TEBR\u0130K"},"content":{"rendered":"<p><\/p>\n<div data-text-id=\"186899\" property=\"articleBody\">\n<p>\u0130skele Esnaf ve Zanaatk\u00e2rlar Birli\u011fi\u2019nden Cumhurba\u015fkan\u0131 Tufan Erh\u00fcrman\u2019a Tebrik Mesaj\u0131: \u201c\u00dclkemize Huzur, Refah ve Adalet Getirece\u011fine \u0130nan\u0131yoruz\u201d<\/p>\n<p>\u0130skele Esnaf ve Zanaatk\u00e2rlar Birli\u011fi, y\u00fcksek oy oran\u0131yla Cumhurba\u015fkan\u0131 se\u00e7ilen Tufan Erh\u00fcrman\u2019\u0131 tebrik ederek, yeni d\u00f6nemin \u00fclkeye huzur, refah ve adalet getirmesini diledi.<\/p>\n<p>Kuzey K\u0131br\u0131s T\u00fcrk Cumhuriyeti\u2019nin (KKTC) demokratik s\u00fcrecinde halk\u0131n iradesi bir kez daha sand\u0131\u011fa yans\u0131d\u0131. Y\u00fcksek bir oy oran\u0131yla Cumhurba\u015fkan\u0131 se\u00e7ilen Tufan Erh\u00fcrman, \u00fclke genelinde \u00e7e\u015fitli kurum ve kurulu\u015flardan tebrik mesajlar\u0131 almaya devam ediyor.<\/p>\n<p>Bu kapsamda, \u0130skele Esnaf ve Zanaatk\u00e2rlar Birli\u011fi de yay\u0131mlad\u0131\u011f\u0131 mesajla Erh\u00fcrman\u2019a ba\u015far\u0131 dileklerini iletti.<\/p>\n<p>Birlik Ba\u015fkan\u0131 Serkan K\u0131rm\u0131z\u0131 imzas\u0131yla yap\u0131lan a\u00e7\u0131klamada \u015fu ifadelere yer verildi:<\/p>\n<p>\u201c\u00dclkemiz yine demokrasinin en iyi \u00f6rneklerinden birini g\u00f6stererek, halk iradesine dayal\u0131 bir se\u00e7im s\u00fcreci sonucunda Say\u0131n Tufan Erh\u00fcrman\u2019\u0131 Cumhurba\u015fkan\u0131 olarak se\u00e7mi\u015ftir.<br \/>&#13;<br \/>\n\u0130skele Esnaf ve Zanaatk\u00e2rlar Birli\u011fi olarak, halk\u0131m\u0131z\u0131n g\u00fcvenini kazanm\u0131\u015f, umutlar\u0131 ye\u015ferten bu de\u011ferli sonu\u00e7 vesilesiyle Say\u0131n Erh\u00fcrman\u2019\u0131 g\u00f6n\u00fclden kutluyoruz.\u201d<\/p>\n<p>A\u00e7\u0131klamada, Cumhurba\u015fkan\u0131 Erh\u00fcrman\u2019\u0131n hukuk\u00e7u kimli\u011fi ve siyasi tecr\u00fcbesine de dikkat \u00e7ekilerek, \u00fclkenin kar\u015f\u0131 kar\u015f\u0131ya oldu\u011fu sosyal ve ekonomik sorunlar\u0131n \u00e7\u00f6z\u00fcm\u00fcnde etkin bir liderlik g\u00f6sterece\u011fine olan inan\u00e7 vurguland\u0131.<\/p>\n<p>\u201cSay\u0131n Erh\u00fcrman\u2019\u0131n \u00f6zellikle K\u0131br\u0131s meselesi ba\u015fta olmak \u00fczere \u00fclkemizin g\u00fcndemindeki \u00f6nemli konular\u0131 \u00e7\u00f6z\u00fcmc\u00fc ve diyalog temelli bir anlay\u0131\u015fla y\u00f6netece\u011finden ku\u015fkumuz yoktur.<br \/>&#13;<br \/>\nG\u00f6revinde \u00fcst\u00fcn ba\u015far\u0131lar diler, \u00fclkemize huzur, refah ve adalet getirecek bir d\u00f6nem temenni ederiz.\u201d<\/p>\n<\/p><\/div>\n","protected":false},"excerpt":{"rendered":"<p>\u0130skele Esnaf ve Zanaatk\u00e2rlar Birli\u011fi\u2019nden Cumhurba\u015fkan\u0131 Tufan Erh\u00fcrman\u2019a Tebrik Mesaj\u0131: \u201c\u00dclkemize Huzur, Refah ve Adalet Getirece\u011fine \u0130nan\u0131yoruz\u201d \u0130skele Esnaf ve Zanaatk\u00e2rlar Birli\u011fi, y\u00fcksek oy oran\u0131yla Cumhurba\u015fkan\u0131 se\u00e7ilen Tufan Erh\u00fcrman\u2019\u0131 tebrik ederek, yeni d\u00f6nemin \u00fclkeye huzur, refah ve adalet getirmesini diledi. Kuzey K\u0131br\u0131s T\u00fcrk Cumhuriyeti\u2019nin (KKTC) demokratik s\u00fcrecinde halk\u0131n iradesi bir kez daha sand\u0131\u011fa yans\u0131d\u0131. Y\u00fcksek<\/p>\n","protected":false},"author":1,"featured_media":96428,"comment_status":"open","ping_status":"open","sticky":false,"template":"","format":"standard","meta":{"footnotes":""},"categories":[81],"tags":[],"class_list":["post-96427","post","type-post","status-publish","format-standard","has-post-thumbnail","hentry","category-kibris"],"yoast_head":"<!-- This site is optimized with the Yoast SEO plugin v28.4 - https:\/\/yoast.com\/product\/yoast-seo-wordpress\/ -->\n<title>\u0130SKELE ESNAF VE ZANAATK\u00c2RLAR B\u0130RL\u0130\u011e\u0130\u2019NDEN ERH\u00dcRMAN\u2019A TEBR\u0130K -<\/title>\n<meta name=\"robots\" content=\"index, follow, max-snippet:-1, max-image-preview:large, max-video-preview:-1\" \/>\n<link rel=\"canonical\" href=\"https:\/\/kibrisdakik.com\/?p=96427\" \/>\n<meta property=\"og:locale\" content=\"tr_TR\" \/>\n<meta property=\"og:type\" content=\"article\" \/>\n<meta property=\"og:title\" content=\"\u0130SKELE ESNAF VE ZANAATK\u00c2RLAR B\u0130RL\u0130\u011e\u0130\u2019NDEN ERH\u00dcRMAN\u2019A TEBR\u0130K -\" \/>\n<meta property=\"og:description\" content=\"\u0130skele Esnaf ve Zanaatk\u00e2rlar Birli\u011fi\u2019nden Cumhurba\u015fkan\u0131 Tufan Erh\u00fcrman\u2019a Tebrik Mesaj\u0131: \u201c\u00dclkemize Huzur, Refah ve Adalet Getirece\u011fine \u0130nan\u0131yoruz\u201d \u0130skele Esnaf ve Zanaatk\u00e2rlar Birli\u011fi, y\u00fcksek oy oran\u0131yla Cumhurba\u015fkan\u0131 se\u00e7ilen Tufan Erh\u00fcrman\u2019\u0131 tebrik ederek, yeni d\u00f6nemin \u00fclkeye huzur, refah ve adalet getirmesini diledi. Kuzey K\u0131br\u0131s T\u00fcrk Cumhuriyeti\u2019nin (KKTC) demokratik s\u00fcrecinde halk\u0131n iradesi bir kez daha sand\u0131\u011fa yans\u0131d\u0131. Y\u00fcksek\" \/>\n<meta property=\"og:url\" content=\"https:\/\/kibrisdakik.com\/?p=96427\" \/>\n<meta property=\"article:published_time\" content=\"2025-10-21T09:24:07+00:00\" \/>\n<meta property=\"og:image\" content=\"https:\/\/kibrisdakik.com\/wp-content\/uploads\/2025\/10\/mha-sari-beyaz-83.png\" \/>\n\t<meta property=\"og:image:width\" content=\"1280\" \/>\n\t<meta property=\"og:image:height\" content=\"720\" \/>\n\t<meta property=\"og:image:type\" content=\"image\/png\" \/>\n<meta name=\"author\" content=\"admin\" \/>\n<meta name=\"twitter:card\" content=\"summary_large_image\" \/>\n<meta name=\"twitter:label1\" content=\"Yazan:\" \/>\n\t<meta name=\"twitter:data1\" content=\"admin\" \/>\n\t<meta name=\"twitter:label2\" content=\"Tahmini okuma s\u00fcresi\" \/>\n\t<meta name=\"twitter:data2\" content=\"1 dakika\" \/>\n<script type=\"application\/ld+json\" class=\"yoast-schema-graph\">{\"@context\":\"https:\\\/\\\/schema.org\",\"@graph\":[{\"@type\":\"Article\",\"@id\":\"https:\\\/\\\/kibrisdakik.com\\\/?p=96427#article\",\"isPartOf\":{\"@id\":\"https:\\\/\\\/kibrisdakik.com\\\/?p=96427\"},\"author\":{\"name\":\"admin\",\"@id\":\"https:\\\/\\\/kibrisdakik.com\\\/#\\\/schema\\\/person\\\/9cd9d437bbb44f72b73ba127e06d8e79\"},\"headline\":\"\u0130SKELE ESNAF VE ZANAATK\u00c2RLAR B\u0130RL\u0130\u011e\u0130\u2019NDEN ERH\u00dcRMAN\u2019A TEBR\u0130K\",\"datePublished\":\"2025-10-21T09:24:07+00:00\",\"mainEntityOfPage\":{\"@id\":\"https:\\\/\\\/kibrisdakik.com\\\/?p=96427\"},\"wordCount\":307,\"commentCount\":0,\"publisher\":{\"@id\":\"https:\\\/\\\/kibrisdakik.com\\\/#organization\"},\"image\":{\"@id\":\"https:\\\/\\\/kibrisdakik.com\\\/?p=96427#primaryimage\"},\"thumbnailUrl\":\"https:\\\/\\\/kibrisdakik.com\\\/wp-content\\\/uploads\\\/2025\\\/10\\\/mha-sari-beyaz-83.png\",\"articleSection\":[\"K\u0131br\u0131s\"],\"inLanguage\":\"tr\",\"potentialAction\":[{\"@type\":\"CommentAction\",\"name\":\"Comment\",\"target\":[\"https:\\\/\\\/kibrisdakik.com\\\/?p=96427#respond\"]}]},{\"@type\":\"WebPage\",\"@id\":\"https:\\\/\\\/kibrisdakik.com\\\/?p=96427\",\"url\":\"https:\\\/\\\/kibrisdakik.com\\\/?p=96427\",\"name\":\"\u0130SKELE ESNAF VE ZANAATK\u00c2RLAR B\u0130RL\u0130\u011e\u0130\u2019NDEN ERH\u00dcRMAN\u2019A TEBR\u0130K -\",\"isPartOf\":{\"@id\":\"https:\\\/\\\/kibrisdakik.com\\\/#website\"},\"primaryImageOfPage\":{\"@id\":\"https:\\\/\\\/kibrisdakik.com\\\/?p=96427#primaryimage\"},\"image\":{\"@id\":\"https:\\\/\\\/kibrisdakik.com\\\/?p=96427#primaryimage\"},\"thumbnailUrl\":\"https:\\\/\\\/kibrisdakik.com\\\/wp-content\\\/uploads\\\/2025\\\/10\\\/mha-sari-beyaz-83.png\",\"datePublished\":\"2025-10-21T09:24:07+00:00\",\"breadcrumb\":{\"@id\":\"https:\\\/\\\/kibrisdakik.com\\\/?p=96427#breadcrumb\"},\"inLanguage\":\"tr\",\"potentialAction\":[{\"@type\":\"ReadAction\",\"target\":[\"https:\\\/\\\/kibrisdakik.com\\\/?p=96427\"]}]},{\"@type\":\"ImageObject\",\"inLanguage\":\"tr\",\"@id\":\"https:\\\/\\\/kibrisdakik.com\\\/?p=96427#primaryimage\",\"url\":\"https:\\\/\\\/kibrisdakik.com\\\/wp-content\\\/uploads\\\/2025\\\/10\\\/mha-sari-beyaz-83.png\",\"contentUrl\":\"https:\\\/\\\/kibrisdakik.com\\\/wp-content\\\/uploads\\\/2025\\\/10\\\/mha-sari-beyaz-83.png\",\"width\":1280,\"height\":720},{\"@type\":\"BreadcrumbList\",\"@id\":\"https:\\\/\\\/kibrisdakik.com\\\/?p=96427#breadcrumb\",\"itemListElement\":[{\"@type\":\"ListItem\",\"position\":1,\"name\":\"Home\",\"item\":\"https:\\\/\\\/kibrisdakik.com\\\/\"},{\"@type\":\"ListItem\",\"position\":2,\"name\":\"\u0130SKELE ESNAF VE ZANAATK\u00c2RLAR B\u0130RL\u0130\u011e\u0130\u2019NDEN ERH\u00dcRMAN\u2019A TEBR\u0130K\"}]},{\"@type\":\"WebSite\",\"@id\":\"https:\\\/\\\/kibrisdakik.com\\\/#website\",\"url\":\"https:\\\/\\\/kibrisdakik.com\\\/\",\"name\":\"K\u0131br\u0131s Dakik\",\"description\":\"Tam vaktinde haber\",\"publisher\":{\"@id\":\"https:\\\/\\\/kibrisdakik.com\\\/#organization\"},\"potentialAction\":[{\"@type\":\"SearchAction\",\"target\":{\"@type\":\"EntryPoint\",\"urlTemplate\":\"https:\\\/\\\/kibrisdakik.com\\\/?s={search_term_string}\"},\"query-input\":{\"@type\":\"PropertyValueSpecification\",\"valueRequired\":true,\"valueName\":\"search_term_string\"}}],\"inLanguage\":\"tr\"},{\"@type\":\"Organization\",\"@id\":\"https:\\\/\\\/kibrisdakik.com\\\/#organization\",\"name\":\"K\u0131br\u0131s Dakik\",\"url\":\"https:\\\/\\\/kibrisdakik.com\\\/\",\"logo\":{\"@type\":\"ImageObject\",\"inLanguage\":\"tr\",\"@id\":\"https:\\\/\\\/kibrisdakik.com\\\/#\\\/schema\\\/logo\\\/image\\\/\",\"url\":\"https:\\\/\\\/kibrisdakik.com\\\/wp-content\\\/uploads\\\/2025\\\/10\\\/cropped-WhatsApp-Image-2025-10-02-at-12.58.31.jpeg\",\"contentUrl\":\"https:\\\/\\\/kibrisdakik.com\\\/wp-content\\\/uploads\\\/2025\\\/10\\\/cropped-WhatsApp-Image-2025-10-02-at-12.58.31.jpeg\",\"width\":1237,\"height\":190,\"caption\":\"K\u0131br\u0131s Dakik\"},\"image\":{\"@id\":\"https:\\\/\\\/kibrisdakik.com\\\/#\\\/schema\\\/logo\\\/image\\\/\"}},{\"@type\":\"Person\",\"@id\":\"https:\\\/\\\/kibrisdakik.com\\\/#\\\/schema\\\/person\\\/9cd9d437bbb44f72b73ba127e06d8e79\",\"name\":\"admin\",\"image\":{\"@type\":\"ImageObject\",\"inLanguage\":\"tr\",\"@id\":\"https:\\\/\\\/secure.gravatar.com\\\/avatar\\\/ccc17943b9d660506c869530f897617f7cb1c21a4bf30023f252596d83e1f007?s=96&d=mm&r=g\",\"url\":\"https:\\\/\\\/secure.gravatar.com\\\/avatar\\\/ccc17943b9d660506c869530f897617f7cb1c21a4bf30023f252596d83e1f007?s=96&d=mm&r=g\",\"contentUrl\":\"https:\\\/\\\/secure.gravatar.com\\\/avatar\\\/ccc17943b9d660506c869530f897617f7cb1c21a4bf30023f252596d83e1f007?s=96&d=mm&r=g\",\"caption\":\"admin\"},\"sameAs\":[\"https:\\\/\\\/kibrisdakik.com\"],\"url\":\"https:\\\/\\\/kibrisdakik.com\\\/?author=1\"}]}<\/script>\n<!-- \/ Yoast SEO plugin. -->","yoast_head_json":{"title":"\u0130SKELE ESNAF VE ZANAATK\u00c2RLAR B\u0130RL\u0130\u011e\u0130\u2019NDEN ERH\u00dcRMAN\u2019A TEBR\u0130K -","robots":{"index":"index","follow":"follow","max-snippet":"max-snippet:-1","max-image-preview":"max-image-preview:large","max-video-preview":"max-video-preview:-1"},"canonical":"https:\/\/kibrisdakik.com\/?p=96427","og_locale":"tr_TR","og_type":"article","og_title":"\u0130SKELE ESNAF VE ZANAATK\u00c2RLAR B\u0130RL\u0130\u011e\u0130\u2019NDEN ERH\u00dcRMAN\u2019A TEBR\u0130K -","og_description":"\u0130skele Esnaf ve Zanaatk\u00e2rlar Birli\u011fi\u2019nden Cumhurba\u015fkan\u0131 Tufan Erh\u00fcrman\u2019a Tebrik Mesaj\u0131: \u201c\u00dclkemize Huzur, Refah ve Adalet Getirece\u011fine \u0130nan\u0131yoruz\u201d \u0130skele Esnaf ve Zanaatk\u00e2rlar Birli\u011fi, y\u00fcksek oy oran\u0131yla Cumhurba\u015fkan\u0131 se\u00e7ilen Tufan Erh\u00fcrman\u2019\u0131 tebrik ederek, yeni d\u00f6nemin \u00fclkeye huzur, refah ve adalet getirmesini diledi. Kuzey K\u0131br\u0131s T\u00fcrk Cumhuriyeti\u2019nin (KKTC) demokratik s\u00fcrecinde halk\u0131n iradesi bir kez daha sand\u0131\u011fa yans\u0131d\u0131. Y\u00fcksek","og_url":"https:\/\/kibrisdakik.com\/?p=96427","article_published_time":"2025-10-21T09:24:07+00:00","og_image":[{"width":1280,"height":720,"url":"https:\/\/kibrisdakik.com\/wp-content\/uploads\/2025\/10\/mha-sari-beyaz-83.png","type":"image\/png"}],"author":"admin","twitter_card":"summary_large_image","twitter_misc":{"Yazan:":"admin","Tahmini okuma s\u00fcresi":"1 dakika"},"schema":{"@context":"https:\/\/schema.org","@graph":[{"@type":"Article","@id":"https:\/\/kibrisdakik.com\/?p=96427#article","isPartOf":{"@id":"https:\/\/kibrisdakik.com\/?p=96427"},"author":{"name":"admin","@id":"https:\/\/kibrisdakik.com\/#\/schema\/person\/9cd9d437bbb44f72b73ba127e06d8e79"},"headline":"\u0130SKELE ESNAF VE ZANAATK\u00c2RLAR B\u0130RL\u0130\u011e\u0130\u2019NDEN ERH\u00dcRMAN\u2019A TEBR\u0130K","datePublished":"2025-10-21T09:24:07+00:00","mainEntityOfPage":{"@id":"https:\/\/kibrisdakik.com\/?p=96427"},"wordCount":307,"commentCount":0,"publisher":{"@id":"https:\/\/kibrisdakik.com\/#organization"},"image":{"@id":"https:\/\/kibrisdakik.com\/?p=96427#primaryimage"},"thumbnailUrl":"https:\/\/kibrisdakik.com\/wp-content\/uploads\/2025\/10\/mha-sari-beyaz-83.png","articleSection":["K\u0131br\u0131s"],"inLanguage":"tr","potentialAction":[{"@type":"CommentAction","name":"Comment","target":["https:\/\/kibrisdakik.com\/?p=96427#respond"]}]},{"@type":"WebPage","@id":"https:\/\/kibrisdakik.com\/?p=96427","url":"https:\/\/kibrisdakik.com\/?p=96427","name":"\u0130SKELE ESNAF VE ZANAATK\u00c2RLAR B\u0130RL\u0130\u011e\u0130\u2019NDEN ERH\u00dcRMAN\u2019A TEBR\u0130K -","isPartOf":{"@id":"https:\/\/kibrisdakik.com\/#website"},"primaryImageOfPage":{"@id":"https:\/\/kibrisdakik.com\/?p=96427#primaryimage"},"image":{"@id":"https:\/\/kibrisdakik.com\/?p=96427#primaryimage"},"thumbnailUrl":"https:\/\/kibrisdakik.com\/wp-content\/uploads\/2025\/10\/mha-sari-beyaz-83.png","datePublished":"2025-10-21T09:24:07+00:00","breadcrumb":{"@id":"https:\/\/kibrisdakik.com\/?p=96427#breadcrumb"},"inLanguage":"tr","potentialAction":[{"@type":"ReadAction","target":["https:\/\/kibrisdakik.com\/?p=96427"]}]},{"@type":"ImageObject","inLanguage":"tr","@id":"https:\/\/kibrisdakik.com\/?p=96427#primaryimage","url":"https:\/\/kibrisdakik.com\/wp-content\/uploads\/2025\/10\/mha-sari-beyaz-83.png","contentUrl":"https:\/\/kibrisdakik.com\/wp-content\/uploads\/2025\/10\/mha-sari-beyaz-83.png","width":1280,"height":720},{"@type":"BreadcrumbList","@id":"https:\/\/kibrisdakik.com\/?p=96427#breadcrumb","itemListElement":[{"@type":"ListItem","position":1,"name":"Home","item":"https:\/\/kibrisdakik.com\/"},{"@type":"ListItem","position":2,"name":"\u0130SKELE ESNAF VE ZANAATK\u00c2RLAR B\u0130RL\u0130\u011e\u0130\u2019NDEN ERH\u00dcRMAN\u2019A TEBR\u0130K"}]},{"@type":"WebSite","@id":"https:\/\/kibrisdakik.com\/#website","url":"https:\/\/kibrisdakik.com\/","name":"K\u0131br\u0131s Dakik","description":"Tam vaktinde haber","publisher":{"@id":"https:\/\/kibrisdakik.com\/#organization"},"potentialAction":[{"@type":"SearchAction","target":{"@type":"EntryPoint","urlTemplate":"https:\/\/kibrisdakik.com\/?s={search_term_string}"},"query-input":{"@type":"PropertyValueSpecification","valueRequired":true,"valueName":"search_term_string"}}],"inLanguage":"tr"},{"@type":"Organization","@id":"https:\/\/kibrisdakik.com\/#organization","name":"K\u0131br\u0131s Dakik","url":"https:\/\/kibrisdakik.com\/","logo":{"@type":"ImageObject","inLanguage":"tr","@id":"https:\/\/kibrisdakik.com\/#\/schema\/logo\/image\/","url":"https:\/\/kibrisdakik.com\/wp-content\/uploads\/2025\/10\/cropped-WhatsApp-Image-2025-10-02-at-12.58.31.jpeg","contentUrl":"https:\/\/kibrisdakik.com\/wp-content\/uploads\/2025\/10\/cropped-WhatsApp-Image-2025-10-02-at-12.58.31.jpeg","width":1237,"height":190,"caption":"K\u0131br\u0131s Dakik"},"image":{"@id":"https:\/\/kibrisdakik.com\/#\/schema\/logo\/image\/"}},{"@type":"Person","@id":"https:\/\/kibrisdakik.com\/#\/schema\/person\/9cd9d437bbb44f72b73ba127e06d8e79","name":"admin","image":{"@type":"ImageObject","inLanguage":"tr","@id":"https:\/\/secure.gravatar.com\/avatar\/ccc17943b9d660506c869530f897617f7cb1c21a4bf30023f252596d83e1f007?s=96&d=mm&r=g","url":"https:\/\/secure.gravatar.com\/avatar\/ccc17943b9d660506c869530f897617f7cb1c21a4bf30023f252596d83e1f007?s=96&d=mm&r=g","contentUrl":"https:\/\/secure.gravatar.com\/avatar\/ccc17943b9d660506c869530f897617f7cb1c21a4bf30023f252596d83e1f007?s=96&d=mm&r=g","caption":"admin"},"sameAs":["https:\/\/kibrisdakik.com"],"url":"https:\/\/kibrisdakik.com\/?author=1"}]}},"_links":{"self":[{"href":"https:\/\/kibrisdakik.com\/index.php?rest_route=\/wp\/v2\/posts\/96427","targetHints":{"allow":["GET"]}}],"collection":[{"href":"https:\/\/kibrisdakik.com\/index.php?rest_route=\/wp\/v2\/posts"}],"about":[{"href":"https:\/\/kibrisdakik.com\/index.php?rest_route=\/wp\/v2\/types\/post"}],"author":[{"embeddable":true,"href":"https:\/\/kibrisdakik.com\/index.php?rest_route=\/wp\/v2\/users\/1"}],"replies":[{"embeddable":true,"href":"https:\/\/kibrisdakik.com\/index.php?rest_route=%2Fwp%2Fv2%2Fcomments&post=96427"}],"version-history":[{"count":0,"href":"https:\/\/kibrisdakik.com\/index.php?rest_route=\/wp\/v2\/posts\/96427\/revisions"}],"wp:featuredmedia":[{"embeddable":true,"href":"https:\/\/kibrisdakik.com\/index.php?rest_route=\/wp\/v2\/media\/96428"}],"wp:attachment":[{"href":"https:\/\/kibrisdakik.com\/index.php?rest_route=%2Fwp%2Fv2%2Fmedia&parent=96427"}],"wp:term":[{"taxonomy":"category","embeddable":true,"href":"https:\/\/kibrisdakik.com\/index.php?rest_route=%2Fwp%2Fv2%2Fcategories&post=96427"},{"taxonomy":"post_tag","embeddable":true,"href":"https:\/\/kibrisdakik.com\/index.php?rest_route=%2Fwp%2Fv2%2Ftags&post=96427"}],"curies":[{"name":"wp","href":"https:\/\/api.w.org\/{rel}","templated":true}]}}