{"id":96464,"date":"2025-10-21T16:04:07","date_gmt":"2025-10-21T13:04:07","guid":{"rendered":"https:\/\/kibrisdakik.com\/index.php\/2025\/10\/21\/arikli-ataoglu-gorusmesinde-gundem-erken-secim\/"},"modified":"2025-10-21T16:04:07","modified_gmt":"2025-10-21T13:04:07","slug":"arikli-ataoglu-gorusmesinde-gundem-erken-secim","status":"publish","type":"post","link":"https:\/\/kibrisdakik.com\/?p=96464","title":{"rendered":"ARIKLI-ATAO\u011eLU G\u00d6R\u00dc\u015eMES\u0130NDE G\u00dcNDEM ERKEN SE\u00c7\u0130M"},"content":{"rendered":"<p><\/p>\n<div data-text-id=\"186939\" property=\"articleBody\">\n<p>YDP Genel Ba\u015fkan\u0131, Bay\u0131nd\u0131rl\u0131k ve Ula\u015ft\u0131rma Bakan\u0131 Erhan Ar\u0131kl\u0131 ile DP Genel Ba\u015fkan\u0131, Ba\u015fbakan Yard\u0131mc\u0131s\u0131, Turizm, K\u00fclt\u00fcr, Gen\u00e7lik ve \u00c7evre Bakan\u0131 Fikri Atao\u011flu\u2019nun bir araya gelerek se\u00e7im sonu\u00e7lar\u0131n\u0131 de\u011ferlendirdi\u011fi a\u00e7\u0131kland\u0131.<\/p>\n<p>Ar\u0131kl\u0131 ile Atao\u011flu&#8217;nun g\u00f6r\u00fc\u015fmede, Ba\u015fbakan ile mutab\u0131k kal\u0131nacak bir tarihte, erken genel se\u00e7im yap\u0131lmas\u0131na h\u00fck\u00fcmet ortaklar\u0131 olarak destek olma karar\u0131 ald\u0131klar\u0131 belirtildi.<\/p>\n<p>YDP taraf\u0131ndan yap\u0131lan a\u00e7\u0131klamada, Erhan Ar\u0131kl\u0131 ve Fikri Atao\u011flu&#8217;nun, Ulusal Birlik Partisi (UBP) Genel Ba\u015fkan\u0131 ve Ba\u015fbakan \u00dcnal \u00dcstel\u2019in erken se\u00e7im de dahil olmak \u00fczere verece\u011fi kararlarda, h\u00fck\u00fcmet olarak birlikte hareket etme karar\u0131 ald\u0131klar\u0131 belirtildi.<\/p>\n<p>Se\u00e7im sonu\u00e7lar\u0131na bak\u0131ld\u0131\u011f\u0131nda, halk\u0131n \u00f6zellikle i\u00e7 siyasete y\u00f6nelik olarak verdi\u011fi mesajlar\u0131n oldu\u011funa dikkati \u00e7ekilen a\u00e7\u0131klamada, konunun h\u00fck\u00fcmet ortaklar\u0131 ile de g\u00f6r\u00fc\u015f\u00fclece\u011fi belirtildi.<\/p>\n<p>\u0130ki genel ba\u015fkan\u0131n, Ulusal Birlik Partisi (UBP) Genel Ba\u015fkan\u0131 ve Ba\u015fbakan \u00dcnal \u00dcstel ile g\u00fcn i\u00e7erisinde g\u00f6r\u00fc\u015fme yapacaklar\u0131 kaydedildi.<\/p>\n<\/p><\/div>\n","protected":false},"excerpt":{"rendered":"<p>YDP Genel Ba\u015fkan\u0131, Bay\u0131nd\u0131rl\u0131k ve Ula\u015ft\u0131rma Bakan\u0131 Erhan Ar\u0131kl\u0131 ile DP Genel Ba\u015fkan\u0131, Ba\u015fbakan Yard\u0131mc\u0131s\u0131, Turizm, K\u00fclt\u00fcr, Gen\u00e7lik ve \u00c7evre Bakan\u0131 Fikri Atao\u011flu\u2019nun bir araya gelerek se\u00e7im sonu\u00e7lar\u0131n\u0131 de\u011ferlendirdi\u011fi a\u00e7\u0131kland\u0131. Ar\u0131kl\u0131 ile Atao\u011flu&#8217;nun g\u00f6r\u00fc\u015fmede, Ba\u015fbakan ile mutab\u0131k kal\u0131nacak bir tarihte, erken genel se\u00e7im yap\u0131lmas\u0131na h\u00fck\u00fcmet ortaklar\u0131 olarak destek olma karar\u0131 ald\u0131klar\u0131 belirtildi. YDP taraf\u0131ndan yap\u0131lan<\/p>\n","protected":false},"author":1,"featured_media":96465,"comment_status":"open","ping_status":"open","sticky":false,"template":"","format":"standard","meta":{"footnotes":""},"categories":[81],"tags":[],"class_list":["post-96464","post","type-post","status-publish","format-standard","has-post-thumbnail","hentry","category-kibris"],"yoast_head":"<!-- This site is optimized with the Yoast SEO plugin v27.4 - https:\/\/yoast.com\/product\/yoast-seo-wordpress\/ -->\n<title>ARIKLI-ATAO\u011eLU G\u00d6R\u00dc\u015eMES\u0130NDE G\u00dcNDEM ERKEN SE\u00c7\u0130M -<\/title>\n<meta name=\"robots\" content=\"index, follow, max-snippet:-1, max-image-preview:large, max-video-preview:-1\" \/>\n<link rel=\"canonical\" href=\"https:\/\/kibrisdakik.com\/?p=96464\" \/>\n<meta property=\"og:locale\" content=\"tr_TR\" \/>\n<meta property=\"og:type\" content=\"article\" \/>\n<meta property=\"og:title\" content=\"ARIKLI-ATAO\u011eLU G\u00d6R\u00dc\u015eMES\u0130NDE G\u00dcNDEM ERKEN SE\u00c7\u0130M -\" \/>\n<meta property=\"og:description\" content=\"YDP Genel Ba\u015fkan\u0131, Bay\u0131nd\u0131rl\u0131k ve Ula\u015ft\u0131rma Bakan\u0131 Erhan Ar\u0131kl\u0131 ile DP Genel Ba\u015fkan\u0131, Ba\u015fbakan Yard\u0131mc\u0131s\u0131, Turizm, K\u00fclt\u00fcr, Gen\u00e7lik ve \u00c7evre Bakan\u0131 Fikri Atao\u011flu\u2019nun bir araya gelerek se\u00e7im sonu\u00e7lar\u0131n\u0131 de\u011ferlendirdi\u011fi a\u00e7\u0131kland\u0131. Ar\u0131kl\u0131 ile Atao\u011flu&#8217;nun g\u00f6r\u00fc\u015fmede, Ba\u015fbakan ile mutab\u0131k kal\u0131nacak bir tarihte, erken genel se\u00e7im yap\u0131lmas\u0131na h\u00fck\u00fcmet ortaklar\u0131 olarak destek olma karar\u0131 ald\u0131klar\u0131 belirtildi. YDP taraf\u0131ndan yap\u0131lan\" \/>\n<meta property=\"og:url\" content=\"https:\/\/kibrisdakik.com\/?p=96464\" \/>\n<meta property=\"article:published_time\" content=\"2025-10-21T13:04:07+00:00\" \/>\n<meta property=\"og:image\" content=\"https:\/\/kibrisdakik.com\/wp-content\/uploads\/2025\/10\/mha-sari-beyaz-98.png\" \/>\n\t<meta property=\"og:image:width\" content=\"1280\" \/>\n\t<meta property=\"og:image:height\" content=\"720\" \/>\n\t<meta property=\"og:image:type\" content=\"image\/png\" \/>\n<meta name=\"author\" content=\"admin\" \/>\n<meta name=\"twitter:card\" content=\"summary_large_image\" \/>\n<meta name=\"twitter:label1\" content=\"Yazan:\" \/>\n\t<meta name=\"twitter:data1\" content=\"admin\" \/>\n\t<meta name=\"twitter:label2\" content=\"Tahmini okuma s\u00fcresi\" \/>\n\t<meta name=\"twitter:data2\" content=\"1 dakika\" \/>\n<script type=\"application\/ld+json\" class=\"yoast-schema-graph\">{\"@context\":\"https:\\\/\\\/schema.org\",\"@graph\":[{\"@type\":\"Article\",\"@id\":\"https:\\\/\\\/kibrisdakik.com\\\/?p=96464#article\",\"isPartOf\":{\"@id\":\"https:\\\/\\\/kibrisdakik.com\\\/?p=96464\"},\"author\":{\"name\":\"admin\",\"@id\":\"https:\\\/\\\/kibrisdakik.com\\\/#\\\/schema\\\/person\\\/9cd9d437bbb44f72b73ba127e06d8e79\"},\"headline\":\"ARIKLI-ATAO\u011eLU G\u00d6R\u00dc\u015eMES\u0130NDE G\u00dcNDEM ERKEN SE\u00c7\u0130M\",\"datePublished\":\"2025-10-21T13:04:07+00:00\",\"mainEntityOfPage\":{\"@id\":\"https:\\\/\\\/kibrisdakik.com\\\/?p=96464\"},\"wordCount\":211,\"commentCount\":0,\"image\":{\"@id\":\"https:\\\/\\\/kibrisdakik.com\\\/?p=96464#primaryimage\"},\"thumbnailUrl\":\"https:\\\/\\\/kibrisdakik.com\\\/wp-content\\\/uploads\\\/2025\\\/10\\\/mha-sari-beyaz-98.png\",\"articleSection\":[\"K\u0131br\u0131s\"],\"inLanguage\":\"tr\",\"potentialAction\":[{\"@type\":\"CommentAction\",\"name\":\"Comment\",\"target\":[\"https:\\\/\\\/kibrisdakik.com\\\/?p=96464#respond\"]}]},{\"@type\":\"WebPage\",\"@id\":\"https:\\\/\\\/kibrisdakik.com\\\/?p=96464\",\"url\":\"https:\\\/\\\/kibrisdakik.com\\\/?p=96464\",\"name\":\"ARIKLI-ATAO\u011eLU G\u00d6R\u00dc\u015eMES\u0130NDE G\u00dcNDEM ERKEN SE\u00c7\u0130M -\",\"isPartOf\":{\"@id\":\"https:\\\/\\\/kibrisdakik.com\\\/#website\"},\"primaryImageOfPage\":{\"@id\":\"https:\\\/\\\/kibrisdakik.com\\\/?p=96464#primaryimage\"},\"image\":{\"@id\":\"https:\\\/\\\/kibrisdakik.com\\\/?p=96464#primaryimage\"},\"thumbnailUrl\":\"https:\\\/\\\/kibrisdakik.com\\\/wp-content\\\/uploads\\\/2025\\\/10\\\/mha-sari-beyaz-98.png\",\"datePublished\":\"2025-10-21T13:04:07+00:00\",\"author\":{\"@id\":\"https:\\\/\\\/kibrisdakik.com\\\/#\\\/schema\\\/person\\\/9cd9d437bbb44f72b73ba127e06d8e79\"},\"breadcrumb\":{\"@id\":\"https:\\\/\\\/kibrisdakik.com\\\/?p=96464#breadcrumb\"},\"inLanguage\":\"tr\",\"potentialAction\":[{\"@type\":\"ReadAction\",\"target\":[\"https:\\\/\\\/kibrisdakik.com\\\/?p=96464\"]}]},{\"@type\":\"ImageObject\",\"inLanguage\":\"tr\",\"@id\":\"https:\\\/\\\/kibrisdakik.com\\\/?p=96464#primaryimage\",\"url\":\"https:\\\/\\\/kibrisdakik.com\\\/wp-content\\\/uploads\\\/2025\\\/10\\\/mha-sari-beyaz-98.png\",\"contentUrl\":\"https:\\\/\\\/kibrisdakik.com\\\/wp-content\\\/uploads\\\/2025\\\/10\\\/mha-sari-beyaz-98.png\",\"width\":1280,\"height\":720},{\"@type\":\"BreadcrumbList\",\"@id\":\"https:\\\/\\\/kibrisdakik.com\\\/?p=96464#breadcrumb\",\"itemListElement\":[{\"@type\":\"ListItem\",\"position\":1,\"name\":\"Home\",\"item\":\"https:\\\/\\\/kibrisdakik.com\\\/\"},{\"@type\":\"ListItem\",\"position\":2,\"name\":\"ARIKLI-ATAO\u011eLU G\u00d6R\u00dc\u015eMES\u0130NDE G\u00dcNDEM ERKEN SE\u00c7\u0130M\"}]},{\"@type\":\"WebSite\",\"@id\":\"https:\\\/\\\/kibrisdakik.com\\\/#website\",\"url\":\"https:\\\/\\\/kibrisdakik.com\\\/\",\"name\":\"\",\"description\":\"Tam vaktinde haber\",\"potentialAction\":[{\"@type\":\"SearchAction\",\"target\":{\"@type\":\"EntryPoint\",\"urlTemplate\":\"https:\\\/\\\/kibrisdakik.com\\\/?s={search_term_string}\"},\"query-input\":{\"@type\":\"PropertyValueSpecification\",\"valueRequired\":true,\"valueName\":\"search_term_string\"}}],\"inLanguage\":\"tr\"},{\"@type\":\"Person\",\"@id\":\"https:\\\/\\\/kibrisdakik.com\\\/#\\\/schema\\\/person\\\/9cd9d437bbb44f72b73ba127e06d8e79\",\"name\":\"admin\",\"image\":{\"@type\":\"ImageObject\",\"inLanguage\":\"tr\",\"@id\":\"https:\\\/\\\/secure.gravatar.com\\\/avatar\\\/ccc17943b9d660506c869530f897617f7cb1c21a4bf30023f252596d83e1f007?s=96&d=mm&r=g\",\"url\":\"https:\\\/\\\/secure.gravatar.com\\\/avatar\\\/ccc17943b9d660506c869530f897617f7cb1c21a4bf30023f252596d83e1f007?s=96&d=mm&r=g\",\"contentUrl\":\"https:\\\/\\\/secure.gravatar.com\\\/avatar\\\/ccc17943b9d660506c869530f897617f7cb1c21a4bf30023f252596d83e1f007?s=96&d=mm&r=g\",\"caption\":\"admin\"},\"sameAs\":[\"https:\\\/\\\/kibrisdakik.com\"],\"url\":\"https:\\\/\\\/kibrisdakik.com\\\/?author=1\"}]}<\/script>\n<!-- \/ Yoast SEO plugin. -->","yoast_head_json":{"title":"ARIKLI-ATAO\u011eLU G\u00d6R\u00dc\u015eMES\u0130NDE G\u00dcNDEM ERKEN SE\u00c7\u0130M -","robots":{"index":"index","follow":"follow","max-snippet":"max-snippet:-1","max-image-preview":"max-image-preview:large","max-video-preview":"max-video-preview:-1"},"canonical":"https:\/\/kibrisdakik.com\/?p=96464","og_locale":"tr_TR","og_type":"article","og_title":"ARIKLI-ATAO\u011eLU G\u00d6R\u00dc\u015eMES\u0130NDE G\u00dcNDEM ERKEN SE\u00c7\u0130M -","og_description":"YDP Genel Ba\u015fkan\u0131, Bay\u0131nd\u0131rl\u0131k ve Ula\u015ft\u0131rma Bakan\u0131 Erhan Ar\u0131kl\u0131 ile DP Genel Ba\u015fkan\u0131, Ba\u015fbakan Yard\u0131mc\u0131s\u0131, Turizm, K\u00fclt\u00fcr, Gen\u00e7lik ve \u00c7evre Bakan\u0131 Fikri Atao\u011flu\u2019nun bir araya gelerek se\u00e7im sonu\u00e7lar\u0131n\u0131 de\u011ferlendirdi\u011fi a\u00e7\u0131kland\u0131. Ar\u0131kl\u0131 ile Atao\u011flu&#8217;nun g\u00f6r\u00fc\u015fmede, Ba\u015fbakan ile mutab\u0131k kal\u0131nacak bir tarihte, erken genel se\u00e7im yap\u0131lmas\u0131na h\u00fck\u00fcmet ortaklar\u0131 olarak destek olma karar\u0131 ald\u0131klar\u0131 belirtildi. YDP taraf\u0131ndan yap\u0131lan","og_url":"https:\/\/kibrisdakik.com\/?p=96464","article_published_time":"2025-10-21T13:04:07+00:00","og_image":[{"width":1280,"height":720,"url":"https:\/\/kibrisdakik.com\/wp-content\/uploads\/2025\/10\/mha-sari-beyaz-98.png","type":"image\/png"}],"author":"admin","twitter_card":"summary_large_image","twitter_misc":{"Yazan:":"admin","Tahmini okuma s\u00fcresi":"1 dakika"},"schema":{"@context":"https:\/\/schema.org","@graph":[{"@type":"Article","@id":"https:\/\/kibrisdakik.com\/?p=96464#article","isPartOf":{"@id":"https:\/\/kibrisdakik.com\/?p=96464"},"author":{"name":"admin","@id":"https:\/\/kibrisdakik.com\/#\/schema\/person\/9cd9d437bbb44f72b73ba127e06d8e79"},"headline":"ARIKLI-ATAO\u011eLU G\u00d6R\u00dc\u015eMES\u0130NDE G\u00dcNDEM ERKEN SE\u00c7\u0130M","datePublished":"2025-10-21T13:04:07+00:00","mainEntityOfPage":{"@id":"https:\/\/kibrisdakik.com\/?p=96464"},"wordCount":211,"commentCount":0,"image":{"@id":"https:\/\/kibrisdakik.com\/?p=96464#primaryimage"},"thumbnailUrl":"https:\/\/kibrisdakik.com\/wp-content\/uploads\/2025\/10\/mha-sari-beyaz-98.png","articleSection":["K\u0131br\u0131s"],"inLanguage":"tr","potentialAction":[{"@type":"CommentAction","name":"Comment","target":["https:\/\/kibrisdakik.com\/?p=96464#respond"]}]},{"@type":"WebPage","@id":"https:\/\/kibrisdakik.com\/?p=96464","url":"https:\/\/kibrisdakik.com\/?p=96464","name":"ARIKLI-ATAO\u011eLU G\u00d6R\u00dc\u015eMES\u0130NDE G\u00dcNDEM ERKEN SE\u00c7\u0130M -","isPartOf":{"@id":"https:\/\/kibrisdakik.com\/#website"},"primaryImageOfPage":{"@id":"https:\/\/kibrisdakik.com\/?p=96464#primaryimage"},"image":{"@id":"https:\/\/kibrisdakik.com\/?p=96464#primaryimage"},"thumbnailUrl":"https:\/\/kibrisdakik.com\/wp-content\/uploads\/2025\/10\/mha-sari-beyaz-98.png","datePublished":"2025-10-21T13:04:07+00:00","author":{"@id":"https:\/\/kibrisdakik.com\/#\/schema\/person\/9cd9d437bbb44f72b73ba127e06d8e79"},"breadcrumb":{"@id":"https:\/\/kibrisdakik.com\/?p=96464#breadcrumb"},"inLanguage":"tr","potentialAction":[{"@type":"ReadAction","target":["https:\/\/kibrisdakik.com\/?p=96464"]}]},{"@type":"ImageObject","inLanguage":"tr","@id":"https:\/\/kibrisdakik.com\/?p=96464#primaryimage","url":"https:\/\/kibrisdakik.com\/wp-content\/uploads\/2025\/10\/mha-sari-beyaz-98.png","contentUrl":"https:\/\/kibrisdakik.com\/wp-content\/uploads\/2025\/10\/mha-sari-beyaz-98.png","width":1280,"height":720},{"@type":"BreadcrumbList","@id":"https:\/\/kibrisdakik.com\/?p=96464#breadcrumb","itemListElement":[{"@type":"ListItem","position":1,"name":"Home","item":"https:\/\/kibrisdakik.com\/"},{"@type":"ListItem","position":2,"name":"ARIKLI-ATAO\u011eLU G\u00d6R\u00dc\u015eMES\u0130NDE G\u00dcNDEM ERKEN SE\u00c7\u0130M"}]},{"@type":"WebSite","@id":"https:\/\/kibrisdakik.com\/#website","url":"https:\/\/kibrisdakik.com\/","name":"","description":"Tam vaktinde haber","potentialAction":[{"@type":"SearchAction","target":{"@type":"EntryPoint","urlTemplate":"https:\/\/kibrisdakik.com\/?s={search_term_string}"},"query-input":{"@type":"PropertyValueSpecification","valueRequired":true,"valueName":"search_term_string"}}],"inLanguage":"tr"},{"@type":"Person","@id":"https:\/\/kibrisdakik.com\/#\/schema\/person\/9cd9d437bbb44f72b73ba127e06d8e79","name":"admin","image":{"@type":"ImageObject","inLanguage":"tr","@id":"https:\/\/secure.gravatar.com\/avatar\/ccc17943b9d660506c869530f897617f7cb1c21a4bf30023f252596d83e1f007?s=96&d=mm&r=g","url":"https:\/\/secure.gravatar.com\/avatar\/ccc17943b9d660506c869530f897617f7cb1c21a4bf30023f252596d83e1f007?s=96&d=mm&r=g","contentUrl":"https:\/\/secure.gravatar.com\/avatar\/ccc17943b9d660506c869530f897617f7cb1c21a4bf30023f252596d83e1f007?s=96&d=mm&r=g","caption":"admin"},"sameAs":["https:\/\/kibrisdakik.com"],"url":"https:\/\/kibrisdakik.com\/?author=1"}]}},"_links":{"self":[{"href":"https:\/\/kibrisdakik.com\/index.php?rest_route=\/wp\/v2\/posts\/96464","targetHints":{"allow":["GET"]}}],"collection":[{"href":"https:\/\/kibrisdakik.com\/index.php?rest_route=\/wp\/v2\/posts"}],"about":[{"href":"https:\/\/kibrisdakik.com\/index.php?rest_route=\/wp\/v2\/types\/post"}],"author":[{"embeddable":true,"href":"https:\/\/kibrisdakik.com\/index.php?rest_route=\/wp\/v2\/users\/1"}],"replies":[{"embeddable":true,"href":"https:\/\/kibrisdakik.com\/index.php?rest_route=%2Fwp%2Fv2%2Fcomments&post=96464"}],"version-history":[{"count":0,"href":"https:\/\/kibrisdakik.com\/index.php?rest_route=\/wp\/v2\/posts\/96464\/revisions"}],"wp:featuredmedia":[{"embeddable":true,"href":"https:\/\/kibrisdakik.com\/index.php?rest_route=\/wp\/v2\/media\/96465"}],"wp:attachment":[{"href":"https:\/\/kibrisdakik.com\/index.php?rest_route=%2Fwp%2Fv2%2Fmedia&parent=96464"}],"wp:term":[{"taxonomy":"category","embeddable":true,"href":"https:\/\/kibrisdakik.com\/index.php?rest_route=%2Fwp%2Fv2%2Fcategories&post=96464"},{"taxonomy":"post_tag","embeddable":true,"href":"https:\/\/kibrisdakik.com\/index.php?rest_route=%2Fwp%2Fv2%2Ftags&post=96464"}],"curies":[{"name":"wp","href":"https:\/\/api.w.org\/{rel}","templated":true}]}}