{"id":96468,"date":"2025-10-21T16:19:20","date_gmt":"2025-10-21T13:19:20","guid":{"rendered":"https:\/\/kibrisdakik.com\/index.php\/2025\/10\/21\/isgalci-israil-ordusu-bati-seriada-filistinlilere-baski-ve-saldirilarini-surduruyor\/"},"modified":"2025-10-21T16:19:20","modified_gmt":"2025-10-21T13:19:20","slug":"isgalci-israil-ordusu-bati-seriada-filistinlilere-baski-ve-saldirilarini-surduruyor","status":"publish","type":"post","link":"https:\/\/kibrisdakik.com\/?p=96468","title":{"rendered":"\u0130\u015fgalci \u0130srail ordusu, Bat\u0131 \u015eeria&#039;da Filistinlilere bask\u0131 ve sald\u0131r\u0131lar\u0131n\u0131 s\u00fcrd\u00fcr\u00fcyor"},"content":{"rendered":"<p><\/p>\n<div class=\"news-content\">\n<p>\n\tFilistin resmi ajans\u0131 WAFA&#8217;da yer alan habere g\u00f6re, \u0130srail askerleri Cenin kentinin g\u00fcneyindeki Kefr Rai beldesinde zeytin hasad\u0131 yapan bir ki\u015fiye sald\u0131rd\u0131.<\/p>\n<p>\n\tDarbedilen \u00e7ift\u00e7i ba\u015f\u0131ndan yaraland\u0131.<\/p>\n<p>\n\t\u0130srail\u2019e ait buldozerleri, i\u015fgal alt\u0131ndaki Ramallah kentinin Um Safa k\u00f6y\u00fcnde de hafriyat ve arazi geni\u015fletme \u015feklindeki i\u015fgal uygulamalar\u0131n\u0131 s\u00fcrd\u00fcrd\u00fc.<\/p>\n<p>\n\tYerel kaynaklara g\u00f6re, \u0130srail ordusu, a\u011fustos ay\u0131nda Filistin topraklar\u0131n\u0131 gasbeden fanatik \u0130srailliler taraf\u0131ndan k\u00f6y\u00fcn do\u011fu b\u00f6lgesinde a\u00e7\u0131lan yolda asfaltlama ve geni\u015fletme \u00e7al\u0131\u015fmalar\u0131 yapt\u0131.<\/p>\n<p>\n\tFilistin topraklar\u0131n\u0131 gasbeden \u0130sraillilerin, k\u00f6y arazileri \u00fczerinde bir yerle\u015fim birimi kurdu\u011fu ve Filistinlilere ait yakla\u015f\u0131k bin 500 d\u00f6n\u00fcm araziye el koydu\u011fu belirtiliyor.<\/p>\n<p>\n\tFilistin kaynaklar\u0131na g\u00f6re, fanatik \u0130sraillilerin ge\u00e7en ay Filistinlilere d\u00fczenledi\u011fi 71 sald\u0131r\u0131 kayda al\u0131nd\u0131 ve bu sald\u0131r\u0131larda 1 ki\u015fi \u00f6ld\u00fc, 99 ki\u015fi yaraland\u0131.<\/p>\n<p>\n\tFilistin topraklar\u0131n\u0131 gasbeden \u0130sraillilerin ge\u00e7en ayki sald\u0131r\u0131lar\u0131n\u0131n yar\u0131s\u0131n\u0131n hedefinde zeytin hasad\u0131 yapan Filistinliler vard\u0131.<\/p>\n<p>\n\t\u0130\u015fgalin giderek a\u011f\u0131rla\u015ft\u0131\u011f\u0131 Bat\u0131 \u015eeria&#8217;da son y\u0131llarda zeytin hasad\u0131 d\u00f6neminde Filistinlilere y\u00f6nelik sald\u0131r\u0131larda ciddi art\u0131\u015f g\u00f6zleniyor.<\/p>\n<p>\n\tGe\u00e7en y\u0131l, zeytin hasad\u0131 d\u00f6neminde Filistinlileri hedef alan 200&#8217;den fazla olay kaydedildi. Bunun 2023&#8217;e oranla neredeyse 2 kat\u0131 oldu\u011fu belirtiliyor.<\/p>\n<p>\n\t\u0130srail&#8217;in 1967&#8217;den bu yana i\u015fgal alt\u0131nda tuttu\u011fu Bat\u0131 \u015eeria&#8217;da gasbedilen Filistin topraklar\u0131 \u00fczerine kurulu 250&#8217;ye yak\u0131n yasa d\u0131\u015f\u0131 yerle\u015fim bulunuyor.<\/p>\n<p>\n\t\u0130\u015fgal alt\u0131ndaki Bat\u0131 \u015eeria&#8217;da 451 bin, Do\u011fu Kud\u00fcs&#8217;te ise yakla\u015f\u0131k 230 bin \u0130srailli, Filistin topraklar\u0131n\u0131 gasbediyor. Uluslararas\u0131 hukuka g\u00f6re Bat\u0131 \u015eeria ve Do\u011fu Kud\u00fcs&#8217;teki bu gasplar yasa d\u0131\u015f\u0131 say\u0131l\u0131yor.<\/p>\n<div class=\"news-tags\">\n<div class=\"title\">ET\u0130KETLER<\/div>\n<div class=\"tags\">\n                                                                            \u0130srail<br \/>\n                                                                            \u0130srail&#8217;in Gazze Soyk\u0131r\u0131m\u0131<br \/>\n                                                                            Gazze\n                                                                    <\/div>\n<\/p><\/div>\n<\/p><\/div>\n","protected":false},"excerpt":{"rendered":"<p>Filistin resmi ajans\u0131 WAFA&#8217;da yer alan habere g\u00f6re, \u0130srail askerleri Cenin kentinin g\u00fcneyindeki Kefr Rai beldesinde zeytin hasad\u0131 yapan bir ki\u015fiye sald\u0131rd\u0131. Darbedilen \u00e7ift\u00e7i ba\u015f\u0131ndan yaraland\u0131. \u0130srail\u2019e ait buldozerleri, i\u015fgal alt\u0131ndaki Ramallah kentinin Um Safa k\u00f6y\u00fcnde de hafriyat ve arazi geni\u015fletme \u015feklindeki i\u015fgal uygulamalar\u0131n\u0131 s\u00fcrd\u00fcrd\u00fc. Yerel kaynaklara g\u00f6re, \u0130srail ordusu, a\u011fustos ay\u0131nda Filistin topraklar\u0131n\u0131 gasbeden<\/p>\n","protected":false},"author":1,"featured_media":96469,"comment_status":"open","ping_status":"open","sticky":false,"template":"","format":"standard","meta":{"footnotes":""},"categories":[306],"tags":[],"class_list":["post-96468","post","type-post","status-publish","format-standard","has-post-thumbnail","hentry","category-dunya"],"yoast_head":"<!-- This site is optimized with the Yoast SEO plugin v27.4 - https:\/\/yoast.com\/product\/yoast-seo-wordpress\/ -->\n<title>\u0130\u015fgalci \u0130srail ordusu, Bat\u0131 \u015eeria&#039;da Filistinlilere bask\u0131 ve sald\u0131r\u0131lar\u0131n\u0131 s\u00fcrd\u00fcr\u00fcyor -<\/title>\n<meta name=\"robots\" content=\"index, follow, max-snippet:-1, max-image-preview:large, max-video-preview:-1\" \/>\n<link rel=\"canonical\" href=\"https:\/\/kibrisdakik.com\/?p=96468\" \/>\n<meta property=\"og:locale\" content=\"tr_TR\" \/>\n<meta property=\"og:type\" content=\"article\" \/>\n<meta property=\"og:title\" content=\"\u0130\u015fgalci \u0130srail ordusu, Bat\u0131 \u015eeria&#039;da Filistinlilere bask\u0131 ve sald\u0131r\u0131lar\u0131n\u0131 s\u00fcrd\u00fcr\u00fcyor -\" \/>\n<meta property=\"og:description\" content=\"Filistin resmi ajans\u0131 WAFA&#8217;da yer alan habere g\u00f6re, \u0130srail askerleri Cenin kentinin g\u00fcneyindeki Kefr Rai beldesinde zeytin hasad\u0131 yapan bir ki\u015fiye sald\u0131rd\u0131. Darbedilen \u00e7ift\u00e7i ba\u015f\u0131ndan yaraland\u0131. \u0130srail\u2019e ait buldozerleri, i\u015fgal alt\u0131ndaki Ramallah kentinin Um Safa k\u00f6y\u00fcnde de hafriyat ve arazi geni\u015fletme \u015feklindeki i\u015fgal uygulamalar\u0131n\u0131 s\u00fcrd\u00fcrd\u00fc. Yerel kaynaklara g\u00f6re, \u0130srail ordusu, a\u011fustos ay\u0131nda Filistin topraklar\u0131n\u0131 gasbeden\" \/>\n<meta property=\"og:url\" content=\"https:\/\/kibrisdakik.com\/?p=96468\" \/>\n<meta property=\"article:published_time\" content=\"2025-10-21T13:19:20+00:00\" \/>\n<meta property=\"og:image\" content=\"https:\/\/kibrisdakik.com\/wp-content\/uploads\/2025\/10\/bati-seria-baskin-aa-2372316.jpg\" \/>\n\t<meta property=\"og:image:width\" content=\"1280\" \/>\n\t<meta property=\"og:image:height\" content=\"720\" \/>\n\t<meta property=\"og:image:type\" content=\"image\/jpeg\" \/>\n<meta name=\"author\" content=\"admin\" \/>\n<meta name=\"twitter:card\" content=\"summary_large_image\" \/>\n<meta name=\"twitter:label1\" content=\"Yazan:\" \/>\n\t<meta name=\"twitter:data1\" content=\"admin\" \/>\n\t<meta name=\"twitter:label2\" content=\"Tahmini okuma s\u00fcresi\" \/>\n\t<meta name=\"twitter:data2\" content=\"1 dakika\" \/>\n<script type=\"application\/ld+json\" class=\"yoast-schema-graph\">{\"@context\":\"https:\\\/\\\/schema.org\",\"@graph\":[{\"@type\":\"Article\",\"@id\":\"https:\\\/\\\/kibrisdakik.com\\\/?p=96468#article\",\"isPartOf\":{\"@id\":\"https:\\\/\\\/kibrisdakik.com\\\/?p=96468\"},\"author\":{\"name\":\"admin\",\"@id\":\"https:\\\/\\\/kibrisdakik.com\\\/#\\\/schema\\\/person\\\/9cd9d437bbb44f72b73ba127e06d8e79\"},\"headline\":\"\u0130\u015fgalci \u0130srail ordusu, Bat\u0131 \u015eeria&#039;da Filistinlilere bask\u0131 ve sald\u0131r\u0131lar\u0131n\u0131 s\u00fcrd\u00fcr\u00fcyor\",\"datePublished\":\"2025-10-21T13:19:20+00:00\",\"mainEntityOfPage\":{\"@id\":\"https:\\\/\\\/kibrisdakik.com\\\/?p=96468\"},\"wordCount\":313,\"commentCount\":0,\"image\":{\"@id\":\"https:\\\/\\\/kibrisdakik.com\\\/?p=96468#primaryimage\"},\"thumbnailUrl\":\"https:\\\/\\\/kibrisdakik.com\\\/wp-content\\\/uploads\\\/2025\\\/10\\\/bati-seria-baskin-aa-2372316.jpg\",\"articleSection\":[\"D\u00fcnya\"],\"inLanguage\":\"tr\",\"potentialAction\":[{\"@type\":\"CommentAction\",\"name\":\"Comment\",\"target\":[\"https:\\\/\\\/kibrisdakik.com\\\/?p=96468#respond\"]}]},{\"@type\":\"WebPage\",\"@id\":\"https:\\\/\\\/kibrisdakik.com\\\/?p=96468\",\"url\":\"https:\\\/\\\/kibrisdakik.com\\\/?p=96468\",\"name\":\"\u0130\u015fgalci \u0130srail ordusu, Bat\u0131 \u015eeria&#039;da Filistinlilere bask\u0131 ve sald\u0131r\u0131lar\u0131n\u0131 s\u00fcrd\u00fcr\u00fcyor -\",\"isPartOf\":{\"@id\":\"https:\\\/\\\/kibrisdakik.com\\\/#website\"},\"primaryImageOfPage\":{\"@id\":\"https:\\\/\\\/kibrisdakik.com\\\/?p=96468#primaryimage\"},\"image\":{\"@id\":\"https:\\\/\\\/kibrisdakik.com\\\/?p=96468#primaryimage\"},\"thumbnailUrl\":\"https:\\\/\\\/kibrisdakik.com\\\/wp-content\\\/uploads\\\/2025\\\/10\\\/bati-seria-baskin-aa-2372316.jpg\",\"datePublished\":\"2025-10-21T13:19:20+00:00\",\"author\":{\"@id\":\"https:\\\/\\\/kibrisdakik.com\\\/#\\\/schema\\\/person\\\/9cd9d437bbb44f72b73ba127e06d8e79\"},\"breadcrumb\":{\"@id\":\"https:\\\/\\\/kibrisdakik.com\\\/?p=96468#breadcrumb\"},\"inLanguage\":\"tr\",\"potentialAction\":[{\"@type\":\"ReadAction\",\"target\":[\"https:\\\/\\\/kibrisdakik.com\\\/?p=96468\"]}]},{\"@type\":\"ImageObject\",\"inLanguage\":\"tr\",\"@id\":\"https:\\\/\\\/kibrisdakik.com\\\/?p=96468#primaryimage\",\"url\":\"https:\\\/\\\/kibrisdakik.com\\\/wp-content\\\/uploads\\\/2025\\\/10\\\/bati-seria-baskin-aa-2372316.jpg\",\"contentUrl\":\"https:\\\/\\\/kibrisdakik.com\\\/wp-content\\\/uploads\\\/2025\\\/10\\\/bati-seria-baskin-aa-2372316.jpg\",\"width\":1280,\"height\":720},{\"@type\":\"BreadcrumbList\",\"@id\":\"https:\\\/\\\/kibrisdakik.com\\\/?p=96468#breadcrumb\",\"itemListElement\":[{\"@type\":\"ListItem\",\"position\":1,\"name\":\"Home\",\"item\":\"https:\\\/\\\/kibrisdakik.com\\\/\"},{\"@type\":\"ListItem\",\"position\":2,\"name\":\"\u0130\u015fgalci \u0130srail ordusu, Bat\u0131 \u015eeria&#039;da Filistinlilere bask\u0131 ve sald\u0131r\u0131lar\u0131n\u0131 s\u00fcrd\u00fcr\u00fcyor\"}]},{\"@type\":\"WebSite\",\"@id\":\"https:\\\/\\\/kibrisdakik.com\\\/#website\",\"url\":\"https:\\\/\\\/kibrisdakik.com\\\/\",\"name\":\"\",\"description\":\"Tam vaktinde haber\",\"potentialAction\":[{\"@type\":\"SearchAction\",\"target\":{\"@type\":\"EntryPoint\",\"urlTemplate\":\"https:\\\/\\\/kibrisdakik.com\\\/?s={search_term_string}\"},\"query-input\":{\"@type\":\"PropertyValueSpecification\",\"valueRequired\":true,\"valueName\":\"search_term_string\"}}],\"inLanguage\":\"tr\"},{\"@type\":\"Person\",\"@id\":\"https:\\\/\\\/kibrisdakik.com\\\/#\\\/schema\\\/person\\\/9cd9d437bbb44f72b73ba127e06d8e79\",\"name\":\"admin\",\"image\":{\"@type\":\"ImageObject\",\"inLanguage\":\"tr\",\"@id\":\"https:\\\/\\\/secure.gravatar.com\\\/avatar\\\/ccc17943b9d660506c869530f897617f7cb1c21a4bf30023f252596d83e1f007?s=96&d=mm&r=g\",\"url\":\"https:\\\/\\\/secure.gravatar.com\\\/avatar\\\/ccc17943b9d660506c869530f897617f7cb1c21a4bf30023f252596d83e1f007?s=96&d=mm&r=g\",\"contentUrl\":\"https:\\\/\\\/secure.gravatar.com\\\/avatar\\\/ccc17943b9d660506c869530f897617f7cb1c21a4bf30023f252596d83e1f007?s=96&d=mm&r=g\",\"caption\":\"admin\"},\"sameAs\":[\"https:\\\/\\\/kibrisdakik.com\"],\"url\":\"https:\\\/\\\/kibrisdakik.com\\\/?author=1\"}]}<\/script>\n<!-- \/ Yoast SEO plugin. -->","yoast_head_json":{"title":"\u0130\u015fgalci \u0130srail ordusu, Bat\u0131 \u015eeria&#039;da Filistinlilere bask\u0131 ve sald\u0131r\u0131lar\u0131n\u0131 s\u00fcrd\u00fcr\u00fcyor -","robots":{"index":"index","follow":"follow","max-snippet":"max-snippet:-1","max-image-preview":"max-image-preview:large","max-video-preview":"max-video-preview:-1"},"canonical":"https:\/\/kibrisdakik.com\/?p=96468","og_locale":"tr_TR","og_type":"article","og_title":"\u0130\u015fgalci \u0130srail ordusu, Bat\u0131 \u015eeria&#039;da Filistinlilere bask\u0131 ve sald\u0131r\u0131lar\u0131n\u0131 s\u00fcrd\u00fcr\u00fcyor -","og_description":"Filistin resmi ajans\u0131 WAFA&#8217;da yer alan habere g\u00f6re, \u0130srail askerleri Cenin kentinin g\u00fcneyindeki Kefr Rai beldesinde zeytin hasad\u0131 yapan bir ki\u015fiye sald\u0131rd\u0131. Darbedilen \u00e7ift\u00e7i ba\u015f\u0131ndan yaraland\u0131. \u0130srail\u2019e ait buldozerleri, i\u015fgal alt\u0131ndaki Ramallah kentinin Um Safa k\u00f6y\u00fcnde de hafriyat ve arazi geni\u015fletme \u015feklindeki i\u015fgal uygulamalar\u0131n\u0131 s\u00fcrd\u00fcrd\u00fc. Yerel kaynaklara g\u00f6re, \u0130srail ordusu, a\u011fustos ay\u0131nda Filistin topraklar\u0131n\u0131 gasbeden","og_url":"https:\/\/kibrisdakik.com\/?p=96468","article_published_time":"2025-10-21T13:19:20+00:00","og_image":[{"width":1280,"height":720,"url":"https:\/\/kibrisdakik.com\/wp-content\/uploads\/2025\/10\/bati-seria-baskin-aa-2372316.jpg","type":"image\/jpeg"}],"author":"admin","twitter_card":"summary_large_image","twitter_misc":{"Yazan:":"admin","Tahmini okuma s\u00fcresi":"1 dakika"},"schema":{"@context":"https:\/\/schema.org","@graph":[{"@type":"Article","@id":"https:\/\/kibrisdakik.com\/?p=96468#article","isPartOf":{"@id":"https:\/\/kibrisdakik.com\/?p=96468"},"author":{"name":"admin","@id":"https:\/\/kibrisdakik.com\/#\/schema\/person\/9cd9d437bbb44f72b73ba127e06d8e79"},"headline":"\u0130\u015fgalci \u0130srail ordusu, Bat\u0131 \u015eeria&#039;da Filistinlilere bask\u0131 ve sald\u0131r\u0131lar\u0131n\u0131 s\u00fcrd\u00fcr\u00fcyor","datePublished":"2025-10-21T13:19:20+00:00","mainEntityOfPage":{"@id":"https:\/\/kibrisdakik.com\/?p=96468"},"wordCount":313,"commentCount":0,"image":{"@id":"https:\/\/kibrisdakik.com\/?p=96468#primaryimage"},"thumbnailUrl":"https:\/\/kibrisdakik.com\/wp-content\/uploads\/2025\/10\/bati-seria-baskin-aa-2372316.jpg","articleSection":["D\u00fcnya"],"inLanguage":"tr","potentialAction":[{"@type":"CommentAction","name":"Comment","target":["https:\/\/kibrisdakik.com\/?p=96468#respond"]}]},{"@type":"WebPage","@id":"https:\/\/kibrisdakik.com\/?p=96468","url":"https:\/\/kibrisdakik.com\/?p=96468","name":"\u0130\u015fgalci \u0130srail ordusu, Bat\u0131 \u015eeria&#039;da Filistinlilere bask\u0131 ve sald\u0131r\u0131lar\u0131n\u0131 s\u00fcrd\u00fcr\u00fcyor -","isPartOf":{"@id":"https:\/\/kibrisdakik.com\/#website"},"primaryImageOfPage":{"@id":"https:\/\/kibrisdakik.com\/?p=96468#primaryimage"},"image":{"@id":"https:\/\/kibrisdakik.com\/?p=96468#primaryimage"},"thumbnailUrl":"https:\/\/kibrisdakik.com\/wp-content\/uploads\/2025\/10\/bati-seria-baskin-aa-2372316.jpg","datePublished":"2025-10-21T13:19:20+00:00","author":{"@id":"https:\/\/kibrisdakik.com\/#\/schema\/person\/9cd9d437bbb44f72b73ba127e06d8e79"},"breadcrumb":{"@id":"https:\/\/kibrisdakik.com\/?p=96468#breadcrumb"},"inLanguage":"tr","potentialAction":[{"@type":"ReadAction","target":["https:\/\/kibrisdakik.com\/?p=96468"]}]},{"@type":"ImageObject","inLanguage":"tr","@id":"https:\/\/kibrisdakik.com\/?p=96468#primaryimage","url":"https:\/\/kibrisdakik.com\/wp-content\/uploads\/2025\/10\/bati-seria-baskin-aa-2372316.jpg","contentUrl":"https:\/\/kibrisdakik.com\/wp-content\/uploads\/2025\/10\/bati-seria-baskin-aa-2372316.jpg","width":1280,"height":720},{"@type":"BreadcrumbList","@id":"https:\/\/kibrisdakik.com\/?p=96468#breadcrumb","itemListElement":[{"@type":"ListItem","position":1,"name":"Home","item":"https:\/\/kibrisdakik.com\/"},{"@type":"ListItem","position":2,"name":"\u0130\u015fgalci \u0130srail ordusu, Bat\u0131 \u015eeria&#039;da Filistinlilere bask\u0131 ve sald\u0131r\u0131lar\u0131n\u0131 s\u00fcrd\u00fcr\u00fcyor"}]},{"@type":"WebSite","@id":"https:\/\/kibrisdakik.com\/#website","url":"https:\/\/kibrisdakik.com\/","name":"","description":"Tam vaktinde haber","potentialAction":[{"@type":"SearchAction","target":{"@type":"EntryPoint","urlTemplate":"https:\/\/kibrisdakik.com\/?s={search_term_string}"},"query-input":{"@type":"PropertyValueSpecification","valueRequired":true,"valueName":"search_term_string"}}],"inLanguage":"tr"},{"@type":"Person","@id":"https:\/\/kibrisdakik.com\/#\/schema\/person\/9cd9d437bbb44f72b73ba127e06d8e79","name":"admin","image":{"@type":"ImageObject","inLanguage":"tr","@id":"https:\/\/secure.gravatar.com\/avatar\/ccc17943b9d660506c869530f897617f7cb1c21a4bf30023f252596d83e1f007?s=96&d=mm&r=g","url":"https:\/\/secure.gravatar.com\/avatar\/ccc17943b9d660506c869530f897617f7cb1c21a4bf30023f252596d83e1f007?s=96&d=mm&r=g","contentUrl":"https:\/\/secure.gravatar.com\/avatar\/ccc17943b9d660506c869530f897617f7cb1c21a4bf30023f252596d83e1f007?s=96&d=mm&r=g","caption":"admin"},"sameAs":["https:\/\/kibrisdakik.com"],"url":"https:\/\/kibrisdakik.com\/?author=1"}]}},"_links":{"self":[{"href":"https:\/\/kibrisdakik.com\/index.php?rest_route=\/wp\/v2\/posts\/96468","targetHints":{"allow":["GET"]}}],"collection":[{"href":"https:\/\/kibrisdakik.com\/index.php?rest_route=\/wp\/v2\/posts"}],"about":[{"href":"https:\/\/kibrisdakik.com\/index.php?rest_route=\/wp\/v2\/types\/post"}],"author":[{"embeddable":true,"href":"https:\/\/kibrisdakik.com\/index.php?rest_route=\/wp\/v2\/users\/1"}],"replies":[{"embeddable":true,"href":"https:\/\/kibrisdakik.com\/index.php?rest_route=%2Fwp%2Fv2%2Fcomments&post=96468"}],"version-history":[{"count":0,"href":"https:\/\/kibrisdakik.com\/index.php?rest_route=\/wp\/v2\/posts\/96468\/revisions"}],"wp:featuredmedia":[{"embeddable":true,"href":"https:\/\/kibrisdakik.com\/index.php?rest_route=\/wp\/v2\/media\/96469"}],"wp:attachment":[{"href":"https:\/\/kibrisdakik.com\/index.php?rest_route=%2Fwp%2Fv2%2Fmedia&parent=96468"}],"wp:term":[{"taxonomy":"category","embeddable":true,"href":"https:\/\/kibrisdakik.com\/index.php?rest_route=%2Fwp%2Fv2%2Fcategories&post=96468"},{"taxonomy":"post_tag","embeddable":true,"href":"https:\/\/kibrisdakik.com\/index.php?rest_route=%2Fwp%2Fv2%2Ftags&post=96468"}],"curies":[{"name":"wp","href":"https:\/\/api.w.org\/{rel}","templated":true}]}}