{"id":96474,"date":"2025-10-21T16:48:11","date_gmt":"2025-10-21T13:48:11","guid":{"rendered":"https:\/\/kibrisdakik.com\/index.php\/2025\/10\/21\/ctpden-bahcelinin-82-il-aciklamasina-sert-tepki\/"},"modified":"2025-10-21T16:48:11","modified_gmt":"2025-10-21T13:48:11","slug":"ctpden-bahcelinin-82-il-aciklamasina-sert-tepki","status":"publish","type":"post","link":"https:\/\/kibrisdakik.com\/?p=96474","title":{"rendered":"CTP\u2019DEN BAH\u00c7EL\u0130\u2019N\u0130N \u201c82. \u0130L\u201d A\u00c7IKLAMASINA SERT TEPK\u0130"},"content":{"rendered":"<p><\/p>\n<div data-text-id=\"186953\" property=\"articleBody\">\n<p>Cumhuriyet\u00e7i T\u00fcrk Partisi (CTP), MHP Genel Ba\u015fkan\u0131 Devlet Bah\u00e7eli\u2019nin Cumhurba\u015fkanl\u0131\u011f\u0131 se\u00e7imlerinin ard\u0131ndan yapt\u0131\u011f\u0131 \u201cKuzey K\u0131br\u0131s T\u00fcrkiye\u2019nin 82. ili olmal\u0131\u201d y\u00f6n\u00fcndeki a\u00e7\u0131klamas\u0131na sert tepki g\u00f6sterdi. Parti, yay\u0131mlad\u0131\u011f\u0131 yaz\u0131l\u0131 a\u00e7\u0131klamada, K\u0131br\u0131s T\u00fcrk halk\u0131n\u0131n demokratik iradesine ve kendi kaderini tayin hakk\u0131na yap\u0131lan bu t\u00fcr s\u00f6ylemlerin \u201ckabul edilemez\u201d oldu\u011funu vurgulad\u0131.<\/p>\n<p>CTP a\u00e7\u0131klamas\u0131nda \u015fu ifadelere yer verildi:<\/p>\n<p>\u201cK\u0131br\u0131s T\u00fcrk halk\u0131, 2025 Cumhurba\u015fkanl\u0131\u011f\u0131 se\u00e7imlerinde bir kez daha kendi gelece\u011fini belirleme hakk\u0131n\u0131 g\u00fc\u00e7l\u00fc bir bi\u00e7imde kullanm\u0131\u015f ve demokratik iradesini sand\u0131\u011fa yans\u0131tm\u0131\u015ft\u0131r.<br \/>&#13;<br \/>\nResm\u00ee se\u00e7im sonu\u00e7lar\u0131na g\u00f6re, CTP Genel Ba\u015fkan\u0131 Tufan Erh\u00fcrman, oylar\u0131n %62,76\u2019s\u0131n\u0131 alarak Kuzey K\u0131br\u0131s T\u00fcrk Cumhuriyeti\u2019nin yeni Cumhurba\u015fkan\u0131 se\u00e7ilmi\u015ftir. Bu sonu\u00e7, halk\u0131m\u0131z\u0131n de\u011fi\u015fim, \u00f6ng\u00f6r\u00fclebilir bir gelecek ihtiyac\u0131, karde\u015flik ruhu, \u00e7\u00f6z\u00fcm ve ortak ak\u0131l y\u00f6n\u00fcndeki talebinin a\u00e7\u0131k ifadesidir.\u201d<\/p>\n<p>CTP, se\u00e7im s\u00fcrecinde demokratik kat\u0131l\u0131m g\u00f6steren t\u00fcm yurtta\u015flara te\u015fekk\u00fcr ederek, \u201cHalk\u0131n iradesine sayg\u0131 g\u00f6stermek ve sand\u0131ktan \u00e7\u0131kan mesaj\u0131 kabullenmek t\u00fcm kesimlerin \u00f6nemsemesi gereken ilkelerdir\u201d ifadelerine yer verdi.<\/p>\n<p>A\u00e7\u0131klamada, demokratik olgunlu\u011fun korunmas\u0131 gerekti\u011fine dikkat \u00e7ekilerek, \u201cHalk\u0131m\u0131z\u0131n g\u00fcvenini ve ili\u015fkilerini zedeleyecek a\u00e7\u0131klamalara izin vermemek hepimizin ortak sorumlulu\u011fudur\u201d denildi.<\/p>\n<p>Bah\u00e7eli\u2019nin a\u00e7\u0131klamalar\u0131na at\u0131fta bulunulan b\u00f6l\u00fcmde ise \u015fu ifadeler kullan\u0131ld\u0131:<\/p>\n<p>\u201cT\u00fcrkiye Cumhuriyeti siyasi partilerinden Milliyet\u00e7i Hareket Partisi (MHP) Genel Ba\u015fkan\u0131 Devlet Bah\u00e7eli\u2019nin, Kuzey K\u0131br\u0131s T\u00fcrk Cumhuriyeti\u2019nin T\u00fcrkiye\u2019nin \u201882. ili\u2019 olmas\u0131 y\u00f6n\u00fcndeki ifadeleri, K\u0131br\u0131s T\u00fcrk halk\u0131n\u0131n iradesine, siyasi e\u015fitli\u011fine ve uluslararas\u0131 hukuk ger\u00e7eklerine tamamen ayk\u0131r\u0131d\u0131r. Kabul edilemezdir.<br \/>&#13;<br \/>\nBu t\u00fcr a\u00e7\u0131klamalar, K\u0131br\u0131s T\u00fcrk halk\u0131n\u0131n kendi kaderini tayin hakk\u0131na, y\u0131llard\u0131r s\u00fcregelen kendi kendini y\u00f6netme m\u00fccadelesine ve uluslararas\u0131 alanda sayg\u0131 g\u00f6ren e\u015fit siyasi \u00f6zne olma talebine a\u00e7\u0131k bir sald\u0131r\u0131 ve sayg\u0131s\u0131zl\u0131kt\u0131r.\u201d<\/p>\n<p>CTP a\u00e7\u0131klamas\u0131n\u0131 \u015fu ifadelerle tamamlad\u0131:<\/p>\n<p>\u201cK\u0131br\u0131s T\u00fcrk halk\u0131n\u0131n iradesini de\u011fersizle\u015ftiren herhangi bir siyasi s\u00f6ylem bizim i\u00e7in kabul edilebilir de\u011fildir.<br \/>&#13;<br \/>\nCTP olarak hem toplumsal karde\u015flik ruhunun peki\u015fmesine hem de T\u00fcrkiye Cumhuriyeti ile sayg\u0131n karde\u015flik ili\u015fkilerinin geli\u015fmesine katk\u0131 koymaya ve t\u00fcm kesimleri bu bilin\u00e7le hareket etmeye davet ederiz.\u201d<\/p>\n<\/p><\/div>\n","protected":false},"excerpt":{"rendered":"<p>Cumhuriyet\u00e7i T\u00fcrk Partisi (CTP), MHP Genel Ba\u015fkan\u0131 Devlet Bah\u00e7eli\u2019nin Cumhurba\u015fkanl\u0131\u011f\u0131 se\u00e7imlerinin ard\u0131ndan yapt\u0131\u011f\u0131 \u201cKuzey K\u0131br\u0131s T\u00fcrkiye\u2019nin 82. ili olmal\u0131\u201d y\u00f6n\u00fcndeki a\u00e7\u0131klamas\u0131na sert tepki g\u00f6sterdi. Parti, yay\u0131mlad\u0131\u011f\u0131 yaz\u0131l\u0131 a\u00e7\u0131klamada, K\u0131br\u0131s T\u00fcrk halk\u0131n\u0131n demokratik iradesine ve kendi kaderini tayin hakk\u0131na yap\u0131lan bu t\u00fcr s\u00f6ylemlerin \u201ckabul edilemez\u201d oldu\u011funu vurgulad\u0131. CTP a\u00e7\u0131klamas\u0131nda \u015fu ifadelere yer verildi: \u201cK\u0131br\u0131s T\u00fcrk halk\u0131,<\/p>\n","protected":false},"author":1,"featured_media":96475,"comment_status":"open","ping_status":"open","sticky":false,"template":"","format":"standard","meta":{"footnotes":""},"categories":[81],"tags":[],"class_list":["post-96474","post","type-post","status-publish","format-standard","has-post-thumbnail","hentry","category-kibris"],"yoast_head":"<!-- This site is optimized with the Yoast SEO plugin v27.5 - https:\/\/yoast.com\/product\/yoast-seo-wordpress\/ -->\n<title>CTP\u2019DEN BAH\u00c7EL\u0130\u2019N\u0130N \u201c82. \u0130L\u201d A\u00c7IKLAMASINA SERT TEPK\u0130 -<\/title>\n<meta name=\"robots\" content=\"index, follow, max-snippet:-1, max-image-preview:large, max-video-preview:-1\" \/>\n<link rel=\"canonical\" href=\"https:\/\/kibrisdakik.com\/?p=96474\" \/>\n<meta property=\"og:locale\" content=\"tr_TR\" \/>\n<meta property=\"og:type\" content=\"article\" \/>\n<meta property=\"og:title\" content=\"CTP\u2019DEN BAH\u00c7EL\u0130\u2019N\u0130N \u201c82. \u0130L\u201d A\u00c7IKLAMASINA SERT TEPK\u0130 -\" \/>\n<meta property=\"og:description\" content=\"Cumhuriyet\u00e7i T\u00fcrk Partisi (CTP), MHP Genel Ba\u015fkan\u0131 Devlet Bah\u00e7eli\u2019nin Cumhurba\u015fkanl\u0131\u011f\u0131 se\u00e7imlerinin ard\u0131ndan yapt\u0131\u011f\u0131 \u201cKuzey K\u0131br\u0131s T\u00fcrkiye\u2019nin 82. ili olmal\u0131\u201d y\u00f6n\u00fcndeki a\u00e7\u0131klamas\u0131na sert tepki g\u00f6sterdi. Parti, yay\u0131mlad\u0131\u011f\u0131 yaz\u0131l\u0131 a\u00e7\u0131klamada, K\u0131br\u0131s T\u00fcrk halk\u0131n\u0131n demokratik iradesine ve kendi kaderini tayin hakk\u0131na yap\u0131lan bu t\u00fcr s\u00f6ylemlerin \u201ckabul edilemez\u201d oldu\u011funu vurgulad\u0131. CTP a\u00e7\u0131klamas\u0131nda \u015fu ifadelere yer verildi: \u201cK\u0131br\u0131s T\u00fcrk halk\u0131,\" \/>\n<meta property=\"og:url\" content=\"https:\/\/kibrisdakik.com\/?p=96474\" \/>\n<meta property=\"article:published_time\" content=\"2025-10-21T13:48:11+00:00\" \/>\n<meta property=\"og:image\" content=\"https:\/\/kibrisdakik.com\/wp-content\/uploads\/2025\/10\/mha-sari-beyaz-104.png\" \/>\n\t<meta property=\"og:image:width\" content=\"1280\" \/>\n\t<meta property=\"og:image:height\" content=\"720\" \/>\n\t<meta property=\"og:image:type\" content=\"image\/png\" \/>\n<meta name=\"author\" content=\"admin\" \/>\n<meta name=\"twitter:card\" content=\"summary_large_image\" \/>\n<meta name=\"twitter:label1\" content=\"Yazan:\" \/>\n\t<meta name=\"twitter:data1\" content=\"admin\" \/>\n\t<meta name=\"twitter:label2\" content=\"Tahmini okuma s\u00fcresi\" \/>\n\t<meta name=\"twitter:data2\" content=\"2 dakika\" \/>\n<script type=\"application\/ld+json\" class=\"yoast-schema-graph\">{\"@context\":\"https:\\\/\\\/schema.org\",\"@graph\":[{\"@type\":\"Article\",\"@id\":\"https:\\\/\\\/kibrisdakik.com\\\/?p=96474#article\",\"isPartOf\":{\"@id\":\"https:\\\/\\\/kibrisdakik.com\\\/?p=96474\"},\"author\":{\"name\":\"admin\",\"@id\":\"https:\\\/\\\/kibrisdakik.com\\\/#\\\/schema\\\/person\\\/9cd9d437bbb44f72b73ba127e06d8e79\"},\"headline\":\"CTP\u2019DEN BAH\u00c7EL\u0130\u2019N\u0130N \u201c82. \u0130L\u201d A\u00c7IKLAMASINA SERT TEPK\u0130\",\"datePublished\":\"2025-10-21T13:48:11+00:00\",\"mainEntityOfPage\":{\"@id\":\"https:\\\/\\\/kibrisdakik.com\\\/?p=96474\"},\"wordCount\":457,\"commentCount\":0,\"image\":{\"@id\":\"https:\\\/\\\/kibrisdakik.com\\\/?p=96474#primaryimage\"},\"thumbnailUrl\":\"https:\\\/\\\/kibrisdakik.com\\\/wp-content\\\/uploads\\\/2025\\\/10\\\/mha-sari-beyaz-104.png\",\"articleSection\":[\"K\u0131br\u0131s\"],\"inLanguage\":\"tr\",\"potentialAction\":[{\"@type\":\"CommentAction\",\"name\":\"Comment\",\"target\":[\"https:\\\/\\\/kibrisdakik.com\\\/?p=96474#respond\"]}]},{\"@type\":\"WebPage\",\"@id\":\"https:\\\/\\\/kibrisdakik.com\\\/?p=96474\",\"url\":\"https:\\\/\\\/kibrisdakik.com\\\/?p=96474\",\"name\":\"CTP\u2019DEN BAH\u00c7EL\u0130\u2019N\u0130N \u201c82. \u0130L\u201d A\u00c7IKLAMASINA SERT TEPK\u0130 -\",\"isPartOf\":{\"@id\":\"https:\\\/\\\/kibrisdakik.com\\\/#website\"},\"primaryImageOfPage\":{\"@id\":\"https:\\\/\\\/kibrisdakik.com\\\/?p=96474#primaryimage\"},\"image\":{\"@id\":\"https:\\\/\\\/kibrisdakik.com\\\/?p=96474#primaryimage\"},\"thumbnailUrl\":\"https:\\\/\\\/kibrisdakik.com\\\/wp-content\\\/uploads\\\/2025\\\/10\\\/mha-sari-beyaz-104.png\",\"datePublished\":\"2025-10-21T13:48:11+00:00\",\"author\":{\"@id\":\"https:\\\/\\\/kibrisdakik.com\\\/#\\\/schema\\\/person\\\/9cd9d437bbb44f72b73ba127e06d8e79\"},\"breadcrumb\":{\"@id\":\"https:\\\/\\\/kibrisdakik.com\\\/?p=96474#breadcrumb\"},\"inLanguage\":\"tr\",\"potentialAction\":[{\"@type\":\"ReadAction\",\"target\":[\"https:\\\/\\\/kibrisdakik.com\\\/?p=96474\"]}]},{\"@type\":\"ImageObject\",\"inLanguage\":\"tr\",\"@id\":\"https:\\\/\\\/kibrisdakik.com\\\/?p=96474#primaryimage\",\"url\":\"https:\\\/\\\/kibrisdakik.com\\\/wp-content\\\/uploads\\\/2025\\\/10\\\/mha-sari-beyaz-104.png\",\"contentUrl\":\"https:\\\/\\\/kibrisdakik.com\\\/wp-content\\\/uploads\\\/2025\\\/10\\\/mha-sari-beyaz-104.png\",\"width\":1280,\"height\":720},{\"@type\":\"BreadcrumbList\",\"@id\":\"https:\\\/\\\/kibrisdakik.com\\\/?p=96474#breadcrumb\",\"itemListElement\":[{\"@type\":\"ListItem\",\"position\":1,\"name\":\"Home\",\"item\":\"https:\\\/\\\/kibrisdakik.com\\\/\"},{\"@type\":\"ListItem\",\"position\":2,\"name\":\"CTP\u2019DEN BAH\u00c7EL\u0130\u2019N\u0130N \u201c82. \u0130L\u201d A\u00c7IKLAMASINA SERT TEPK\u0130\"}]},{\"@type\":\"WebSite\",\"@id\":\"https:\\\/\\\/kibrisdakik.com\\\/#website\",\"url\":\"https:\\\/\\\/kibrisdakik.com\\\/\",\"name\":\"\",\"description\":\"Tam vaktinde haber\",\"potentialAction\":[{\"@type\":\"SearchAction\",\"target\":{\"@type\":\"EntryPoint\",\"urlTemplate\":\"https:\\\/\\\/kibrisdakik.com\\\/?s={search_term_string}\"},\"query-input\":{\"@type\":\"PropertyValueSpecification\",\"valueRequired\":true,\"valueName\":\"search_term_string\"}}],\"inLanguage\":\"tr\"},{\"@type\":\"Person\",\"@id\":\"https:\\\/\\\/kibrisdakik.com\\\/#\\\/schema\\\/person\\\/9cd9d437bbb44f72b73ba127e06d8e79\",\"name\":\"admin\",\"image\":{\"@type\":\"ImageObject\",\"inLanguage\":\"tr\",\"@id\":\"https:\\\/\\\/secure.gravatar.com\\\/avatar\\\/ccc17943b9d660506c869530f897617f7cb1c21a4bf30023f252596d83e1f007?s=96&d=mm&r=g\",\"url\":\"https:\\\/\\\/secure.gravatar.com\\\/avatar\\\/ccc17943b9d660506c869530f897617f7cb1c21a4bf30023f252596d83e1f007?s=96&d=mm&r=g\",\"contentUrl\":\"https:\\\/\\\/secure.gravatar.com\\\/avatar\\\/ccc17943b9d660506c869530f897617f7cb1c21a4bf30023f252596d83e1f007?s=96&d=mm&r=g\",\"caption\":\"admin\"},\"sameAs\":[\"https:\\\/\\\/kibrisdakik.com\"],\"url\":\"https:\\\/\\\/kibrisdakik.com\\\/?author=1\"}]}<\/script>\n<!-- \/ Yoast SEO plugin. -->","yoast_head_json":{"title":"CTP\u2019DEN BAH\u00c7EL\u0130\u2019N\u0130N \u201c82. \u0130L\u201d A\u00c7IKLAMASINA SERT TEPK\u0130 -","robots":{"index":"index","follow":"follow","max-snippet":"max-snippet:-1","max-image-preview":"max-image-preview:large","max-video-preview":"max-video-preview:-1"},"canonical":"https:\/\/kibrisdakik.com\/?p=96474","og_locale":"tr_TR","og_type":"article","og_title":"CTP\u2019DEN BAH\u00c7EL\u0130\u2019N\u0130N \u201c82. \u0130L\u201d A\u00c7IKLAMASINA SERT TEPK\u0130 -","og_description":"Cumhuriyet\u00e7i T\u00fcrk Partisi (CTP), MHP Genel Ba\u015fkan\u0131 Devlet Bah\u00e7eli\u2019nin Cumhurba\u015fkanl\u0131\u011f\u0131 se\u00e7imlerinin ard\u0131ndan yapt\u0131\u011f\u0131 \u201cKuzey K\u0131br\u0131s T\u00fcrkiye\u2019nin 82. ili olmal\u0131\u201d y\u00f6n\u00fcndeki a\u00e7\u0131klamas\u0131na sert tepki g\u00f6sterdi. Parti, yay\u0131mlad\u0131\u011f\u0131 yaz\u0131l\u0131 a\u00e7\u0131klamada, K\u0131br\u0131s T\u00fcrk halk\u0131n\u0131n demokratik iradesine ve kendi kaderini tayin hakk\u0131na yap\u0131lan bu t\u00fcr s\u00f6ylemlerin \u201ckabul edilemez\u201d oldu\u011funu vurgulad\u0131. CTP a\u00e7\u0131klamas\u0131nda \u015fu ifadelere yer verildi: \u201cK\u0131br\u0131s T\u00fcrk halk\u0131,","og_url":"https:\/\/kibrisdakik.com\/?p=96474","article_published_time":"2025-10-21T13:48:11+00:00","og_image":[{"width":1280,"height":720,"url":"https:\/\/kibrisdakik.com\/wp-content\/uploads\/2025\/10\/mha-sari-beyaz-104.png","type":"image\/png"}],"author":"admin","twitter_card":"summary_large_image","twitter_misc":{"Yazan:":"admin","Tahmini okuma s\u00fcresi":"2 dakika"},"schema":{"@context":"https:\/\/schema.org","@graph":[{"@type":"Article","@id":"https:\/\/kibrisdakik.com\/?p=96474#article","isPartOf":{"@id":"https:\/\/kibrisdakik.com\/?p=96474"},"author":{"name":"admin","@id":"https:\/\/kibrisdakik.com\/#\/schema\/person\/9cd9d437bbb44f72b73ba127e06d8e79"},"headline":"CTP\u2019DEN BAH\u00c7EL\u0130\u2019N\u0130N \u201c82. \u0130L\u201d A\u00c7IKLAMASINA SERT TEPK\u0130","datePublished":"2025-10-21T13:48:11+00:00","mainEntityOfPage":{"@id":"https:\/\/kibrisdakik.com\/?p=96474"},"wordCount":457,"commentCount":0,"image":{"@id":"https:\/\/kibrisdakik.com\/?p=96474#primaryimage"},"thumbnailUrl":"https:\/\/kibrisdakik.com\/wp-content\/uploads\/2025\/10\/mha-sari-beyaz-104.png","articleSection":["K\u0131br\u0131s"],"inLanguage":"tr","potentialAction":[{"@type":"CommentAction","name":"Comment","target":["https:\/\/kibrisdakik.com\/?p=96474#respond"]}]},{"@type":"WebPage","@id":"https:\/\/kibrisdakik.com\/?p=96474","url":"https:\/\/kibrisdakik.com\/?p=96474","name":"CTP\u2019DEN BAH\u00c7EL\u0130\u2019N\u0130N \u201c82. \u0130L\u201d A\u00c7IKLAMASINA SERT TEPK\u0130 -","isPartOf":{"@id":"https:\/\/kibrisdakik.com\/#website"},"primaryImageOfPage":{"@id":"https:\/\/kibrisdakik.com\/?p=96474#primaryimage"},"image":{"@id":"https:\/\/kibrisdakik.com\/?p=96474#primaryimage"},"thumbnailUrl":"https:\/\/kibrisdakik.com\/wp-content\/uploads\/2025\/10\/mha-sari-beyaz-104.png","datePublished":"2025-10-21T13:48:11+00:00","author":{"@id":"https:\/\/kibrisdakik.com\/#\/schema\/person\/9cd9d437bbb44f72b73ba127e06d8e79"},"breadcrumb":{"@id":"https:\/\/kibrisdakik.com\/?p=96474#breadcrumb"},"inLanguage":"tr","potentialAction":[{"@type":"ReadAction","target":["https:\/\/kibrisdakik.com\/?p=96474"]}]},{"@type":"ImageObject","inLanguage":"tr","@id":"https:\/\/kibrisdakik.com\/?p=96474#primaryimage","url":"https:\/\/kibrisdakik.com\/wp-content\/uploads\/2025\/10\/mha-sari-beyaz-104.png","contentUrl":"https:\/\/kibrisdakik.com\/wp-content\/uploads\/2025\/10\/mha-sari-beyaz-104.png","width":1280,"height":720},{"@type":"BreadcrumbList","@id":"https:\/\/kibrisdakik.com\/?p=96474#breadcrumb","itemListElement":[{"@type":"ListItem","position":1,"name":"Home","item":"https:\/\/kibrisdakik.com\/"},{"@type":"ListItem","position":2,"name":"CTP\u2019DEN BAH\u00c7EL\u0130\u2019N\u0130N \u201c82. \u0130L\u201d A\u00c7IKLAMASINA SERT TEPK\u0130"}]},{"@type":"WebSite","@id":"https:\/\/kibrisdakik.com\/#website","url":"https:\/\/kibrisdakik.com\/","name":"","description":"Tam vaktinde haber","potentialAction":[{"@type":"SearchAction","target":{"@type":"EntryPoint","urlTemplate":"https:\/\/kibrisdakik.com\/?s={search_term_string}"},"query-input":{"@type":"PropertyValueSpecification","valueRequired":true,"valueName":"search_term_string"}}],"inLanguage":"tr"},{"@type":"Person","@id":"https:\/\/kibrisdakik.com\/#\/schema\/person\/9cd9d437bbb44f72b73ba127e06d8e79","name":"admin","image":{"@type":"ImageObject","inLanguage":"tr","@id":"https:\/\/secure.gravatar.com\/avatar\/ccc17943b9d660506c869530f897617f7cb1c21a4bf30023f252596d83e1f007?s=96&d=mm&r=g","url":"https:\/\/secure.gravatar.com\/avatar\/ccc17943b9d660506c869530f897617f7cb1c21a4bf30023f252596d83e1f007?s=96&d=mm&r=g","contentUrl":"https:\/\/secure.gravatar.com\/avatar\/ccc17943b9d660506c869530f897617f7cb1c21a4bf30023f252596d83e1f007?s=96&d=mm&r=g","caption":"admin"},"sameAs":["https:\/\/kibrisdakik.com"],"url":"https:\/\/kibrisdakik.com\/?author=1"}]}},"_links":{"self":[{"href":"https:\/\/kibrisdakik.com\/index.php?rest_route=\/wp\/v2\/posts\/96474","targetHints":{"allow":["GET"]}}],"collection":[{"href":"https:\/\/kibrisdakik.com\/index.php?rest_route=\/wp\/v2\/posts"}],"about":[{"href":"https:\/\/kibrisdakik.com\/index.php?rest_route=\/wp\/v2\/types\/post"}],"author":[{"embeddable":true,"href":"https:\/\/kibrisdakik.com\/index.php?rest_route=\/wp\/v2\/users\/1"}],"replies":[{"embeddable":true,"href":"https:\/\/kibrisdakik.com\/index.php?rest_route=%2Fwp%2Fv2%2Fcomments&post=96474"}],"version-history":[{"count":0,"href":"https:\/\/kibrisdakik.com\/index.php?rest_route=\/wp\/v2\/posts\/96474\/revisions"}],"wp:featuredmedia":[{"embeddable":true,"href":"https:\/\/kibrisdakik.com\/index.php?rest_route=\/wp\/v2\/media\/96475"}],"wp:attachment":[{"href":"https:\/\/kibrisdakik.com\/index.php?rest_route=%2Fwp%2Fv2%2Fmedia&parent=96474"}],"wp:term":[{"taxonomy":"category","embeddable":true,"href":"https:\/\/kibrisdakik.com\/index.php?rest_route=%2Fwp%2Fv2%2Fcategories&post=96474"},{"taxonomy":"post_tag","embeddable":true,"href":"https:\/\/kibrisdakik.com\/index.php?rest_route=%2Fwp%2Fv2%2Ftags&post=96474"}],"curies":[{"name":"wp","href":"https:\/\/api.w.org\/{rel}","templated":true}]}}