{"id":96496,"date":"2025-10-21T18:27:18","date_gmt":"2025-10-21T15:27:18","guid":{"rendered":"https:\/\/kibrisdakik.com\/index.php\/2025\/10\/21\/izlem-gurcag-altugra-ubpde-olaganustu-kurultay-sart\/"},"modified":"2025-10-21T18:27:18","modified_gmt":"2025-10-21T15:27:18","slug":"izlem-gurcag-altugra-ubpde-olaganustu-kurultay-sart","status":"publish","type":"post","link":"https:\/\/kibrisdakik.com\/?p=96496","title":{"rendered":"\u0130ZLEM G\u00dcR\u00c7A\u011e ALTU\u011eRA: UBP\u2019DE OLA\u011eAN\u00dcST\u00dc KURULTAY \u015eART"},"content":{"rendered":"<p><\/p>\n<div data-text-id=\"186966\" property=\"articleBody\">\n<article dir=\"auto\" tabindex=\"-1\">&#13;<\/p>\n<p>Ulusal Birlik Partisi (UBP) Milletvekili \u0130zlem G\u00fcr\u00e7a\u011f Altu\u011fra, son se\u00e7im sonu\u00e7lar\u0131n\u0131n ard\u0131ndan partisinde ya\u015fanan moral bozuklu\u011fu ve k\u0131rg\u0131nl\u0131klara dikkat \u00e7ekerek, ola\u011fan\u00fcst\u00fc kurultay \u00e7a\u011fr\u0131s\u0131 yapt\u0131.<\/p>\n<p>&#13;<br \/>\n&#13;<\/p>\n<p>Altu\u011fra, UBP\u2019nin halk\u0131n kar\u015f\u0131s\u0131na \u00fc\u00e7 kez \u00e7\u0131kt\u0131\u011f\u0131n\u0131 ve hi\u00e7birinde g\u00fcvenoyu alamad\u0131\u011f\u0131n\u0131 vurgulad\u0131. Buna belediye ba\u015fkanl\u0131\u011f\u0131 se\u00e7imleri, bir ki\u015filik milletvekilli\u011fi ara se\u00e7imi ve cumhurba\u015fkanl\u0131\u011f\u0131 se\u00e7imi dahil.<\/p>\n<p>                                &#13;<br \/>\n&#13;<\/p>\n<p>Parti taban\u0131nda k\u0131rg\u0131nl\u0131k ve moral bozuklu\u011fu oldu\u011funu belirten Altu\u011fra, \u201cParti i\u00e7inde yap\u0131lan uygulamalar liyakattan, adaletten ve hukuktan uzak. T\u00fcm bunlardan dolay\u0131 parti i\u00e7indeki huzursuzluk egemenli\u011fini koruyor\u201d dedi.<\/p>\n<p>&#13;<br \/>\n&#13;<\/p>\n<p>Se\u00e7imin \u00fczerinden iki g\u00fcn ge\u00e7ti\u011fini hat\u0131rlatan Altu\u011fra, UBP\u2019de h\u00e2l\u00e2 grup toplant\u0131s\u0131 yap\u0131lmad\u0131\u011f\u0131n\u0131, fatura baz\u0131 milletvekillerine kesilmeye \u00e7al\u0131\u015f\u0131lsa da bunun nafile oldu\u011funu s\u00f6yledi.<\/p>\n<p>&#13;<br \/>\n&#13;<\/p>\n<p>UBP y\u00f6netimine net mesaj veren Altu\u011fra, \u201cYap\u0131lmas\u0131 gereken gayet a\u00e7\u0131k ve nettir. Tabandan y\u00fckselerek gelen sesler do\u011frultusunda, hemen \u015fimdi ola\u011fan\u00fcst\u00fc kurultay yap\u0131lmal\u0131d\u0131r\u201d ifadelerini kulland\u0131.<\/p>\n<p>&#13;<br \/>\n&#13;<\/p>\n<p>Bu a\u00e7\u0131klama, partideki i\u00e7 gerilimin ve taban\u0131n taleplerinin artarak devam etti\u011fini ortaya koydu.<\/p>\n<p>&#13;<br \/>\n<\/article>\n<\/p><\/div>\n","protected":false},"excerpt":{"rendered":"<p>&#13; Ulusal Birlik Partisi (UBP) Milletvekili \u0130zlem G\u00fcr\u00e7a\u011f Altu\u011fra, son se\u00e7im sonu\u00e7lar\u0131n\u0131n ard\u0131ndan partisinde ya\u015fanan moral bozuklu\u011fu ve k\u0131rg\u0131nl\u0131klara dikkat \u00e7ekerek, ola\u011fan\u00fcst\u00fc kurultay \u00e7a\u011fr\u0131s\u0131 yapt\u0131. &#13; &#13; Altu\u011fra, UBP\u2019nin halk\u0131n kar\u015f\u0131s\u0131na \u00fc\u00e7 kez \u00e7\u0131kt\u0131\u011f\u0131n\u0131 ve hi\u00e7birinde g\u00fcvenoyu alamad\u0131\u011f\u0131n\u0131 vurgulad\u0131. Buna belediye ba\u015fkanl\u0131\u011f\u0131 se\u00e7imleri, bir ki\u015filik milletvekilli\u011fi ara se\u00e7imi ve cumhurba\u015fkanl\u0131\u011f\u0131 se\u00e7imi dahil. &#13; &#13; Parti<\/p>\n","protected":false},"author":1,"featured_media":96497,"comment_status":"open","ping_status":"open","sticky":false,"template":"","format":"standard","meta":{"footnotes":""},"categories":[81],"tags":[],"class_list":["post-96496","post","type-post","status-publish","format-standard","has-post-thumbnail","hentry","category-kibris"],"yoast_head":"<!-- This site is optimized with the Yoast SEO plugin v27.5 - https:\/\/yoast.com\/product\/yoast-seo-wordpress\/ -->\n<title>\u0130ZLEM G\u00dcR\u00c7A\u011e ALTU\u011eRA: UBP\u2019DE OLA\u011eAN\u00dcST\u00dc KURULTAY \u015eART -<\/title>\n<meta name=\"robots\" content=\"index, follow, max-snippet:-1, max-image-preview:large, max-video-preview:-1\" \/>\n<link rel=\"canonical\" href=\"https:\/\/kibrisdakik.com\/?p=96496\" \/>\n<meta property=\"og:locale\" content=\"tr_TR\" \/>\n<meta property=\"og:type\" content=\"article\" \/>\n<meta property=\"og:title\" content=\"\u0130ZLEM G\u00dcR\u00c7A\u011e ALTU\u011eRA: UBP\u2019DE OLA\u011eAN\u00dcST\u00dc KURULTAY \u015eART -\" \/>\n<meta property=\"og:description\" content=\"&#013; Ulusal Birlik Partisi (UBP) Milletvekili \u0130zlem G\u00fcr\u00e7a\u011f Altu\u011fra, son se\u00e7im sonu\u00e7lar\u0131n\u0131n ard\u0131ndan partisinde ya\u015fanan moral bozuklu\u011fu ve k\u0131rg\u0131nl\u0131klara dikkat \u00e7ekerek, ola\u011fan\u00fcst\u00fc kurultay \u00e7a\u011fr\u0131s\u0131 yapt\u0131. &#013; &#013; Altu\u011fra, UBP\u2019nin halk\u0131n kar\u015f\u0131s\u0131na \u00fc\u00e7 kez \u00e7\u0131kt\u0131\u011f\u0131n\u0131 ve hi\u00e7birinde g\u00fcvenoyu alamad\u0131\u011f\u0131n\u0131 vurgulad\u0131. Buna belediye ba\u015fkanl\u0131\u011f\u0131 se\u00e7imleri, bir ki\u015filik milletvekilli\u011fi ara se\u00e7imi ve cumhurba\u015fkanl\u0131\u011f\u0131 se\u00e7imi dahil. &#013; &#013; Parti\" \/>\n<meta property=\"og:url\" content=\"https:\/\/kibrisdakik.com\/?p=96496\" \/>\n<meta property=\"article:published_time\" content=\"2025-10-21T15:27:18+00:00\" \/>\n<meta property=\"og:image\" content=\"https:\/\/kibrisdakik.com\/wp-content\/uploads\/2025\/10\/mha-sari-beyaz-110.png\" \/>\n\t<meta property=\"og:image:width\" content=\"1280\" \/>\n\t<meta property=\"og:image:height\" content=\"720\" \/>\n\t<meta property=\"og:image:type\" content=\"image\/png\" \/>\n<meta name=\"author\" content=\"admin\" \/>\n<meta name=\"twitter:card\" content=\"summary_large_image\" \/>\n<meta name=\"twitter:label1\" content=\"Yazan:\" \/>\n\t<meta name=\"twitter:data1\" content=\"admin\" \/>\n\t<meta name=\"twitter:label2\" content=\"Tahmini okuma s\u00fcresi\" \/>\n\t<meta name=\"twitter:data2\" content=\"1 dakika\" \/>\n<script type=\"application\/ld+json\" class=\"yoast-schema-graph\">{\"@context\":\"https:\\\/\\\/schema.org\",\"@graph\":[{\"@type\":\"Article\",\"@id\":\"https:\\\/\\\/kibrisdakik.com\\\/?p=96496#article\",\"isPartOf\":{\"@id\":\"https:\\\/\\\/kibrisdakik.com\\\/?p=96496\"},\"author\":{\"name\":\"admin\",\"@id\":\"https:\\\/\\\/kibrisdakik.com\\\/#\\\/schema\\\/person\\\/9cd9d437bbb44f72b73ba127e06d8e79\"},\"headline\":\"\u0130ZLEM G\u00dcR\u00c7A\u011e ALTU\u011eRA: UBP\u2019DE OLA\u011eAN\u00dcST\u00dc KURULTAY \u015eART\",\"datePublished\":\"2025-10-21T15:27:18+00:00\",\"mainEntityOfPage\":{\"@id\":\"https:\\\/\\\/kibrisdakik.com\\\/?p=96496\"},\"wordCount\":220,\"commentCount\":0,\"image\":{\"@id\":\"https:\\\/\\\/kibrisdakik.com\\\/?p=96496#primaryimage\"},\"thumbnailUrl\":\"https:\\\/\\\/kibrisdakik.com\\\/wp-content\\\/uploads\\\/2025\\\/10\\\/mha-sari-beyaz-110.png\",\"articleSection\":[\"K\u0131br\u0131s\"],\"inLanguage\":\"tr\",\"potentialAction\":[{\"@type\":\"CommentAction\",\"name\":\"Comment\",\"target\":[\"https:\\\/\\\/kibrisdakik.com\\\/?p=96496#respond\"]}]},{\"@type\":\"WebPage\",\"@id\":\"https:\\\/\\\/kibrisdakik.com\\\/?p=96496\",\"url\":\"https:\\\/\\\/kibrisdakik.com\\\/?p=96496\",\"name\":\"\u0130ZLEM G\u00dcR\u00c7A\u011e ALTU\u011eRA: UBP\u2019DE OLA\u011eAN\u00dcST\u00dc KURULTAY \u015eART -\",\"isPartOf\":{\"@id\":\"https:\\\/\\\/kibrisdakik.com\\\/#website\"},\"primaryImageOfPage\":{\"@id\":\"https:\\\/\\\/kibrisdakik.com\\\/?p=96496#primaryimage\"},\"image\":{\"@id\":\"https:\\\/\\\/kibrisdakik.com\\\/?p=96496#primaryimage\"},\"thumbnailUrl\":\"https:\\\/\\\/kibrisdakik.com\\\/wp-content\\\/uploads\\\/2025\\\/10\\\/mha-sari-beyaz-110.png\",\"datePublished\":\"2025-10-21T15:27:18+00:00\",\"author\":{\"@id\":\"https:\\\/\\\/kibrisdakik.com\\\/#\\\/schema\\\/person\\\/9cd9d437bbb44f72b73ba127e06d8e79\"},\"breadcrumb\":{\"@id\":\"https:\\\/\\\/kibrisdakik.com\\\/?p=96496#breadcrumb\"},\"inLanguage\":\"tr\",\"potentialAction\":[{\"@type\":\"ReadAction\",\"target\":[\"https:\\\/\\\/kibrisdakik.com\\\/?p=96496\"]}]},{\"@type\":\"ImageObject\",\"inLanguage\":\"tr\",\"@id\":\"https:\\\/\\\/kibrisdakik.com\\\/?p=96496#primaryimage\",\"url\":\"https:\\\/\\\/kibrisdakik.com\\\/wp-content\\\/uploads\\\/2025\\\/10\\\/mha-sari-beyaz-110.png\",\"contentUrl\":\"https:\\\/\\\/kibrisdakik.com\\\/wp-content\\\/uploads\\\/2025\\\/10\\\/mha-sari-beyaz-110.png\",\"width\":1280,\"height\":720},{\"@type\":\"BreadcrumbList\",\"@id\":\"https:\\\/\\\/kibrisdakik.com\\\/?p=96496#breadcrumb\",\"itemListElement\":[{\"@type\":\"ListItem\",\"position\":1,\"name\":\"Home\",\"item\":\"https:\\\/\\\/kibrisdakik.com\\\/\"},{\"@type\":\"ListItem\",\"position\":2,\"name\":\"\u0130ZLEM G\u00dcR\u00c7A\u011e ALTU\u011eRA: UBP\u2019DE OLA\u011eAN\u00dcST\u00dc KURULTAY \u015eART\"}]},{\"@type\":\"WebSite\",\"@id\":\"https:\\\/\\\/kibrisdakik.com\\\/#website\",\"url\":\"https:\\\/\\\/kibrisdakik.com\\\/\",\"name\":\"\",\"description\":\"Tam vaktinde haber\",\"potentialAction\":[{\"@type\":\"SearchAction\",\"target\":{\"@type\":\"EntryPoint\",\"urlTemplate\":\"https:\\\/\\\/kibrisdakik.com\\\/?s={search_term_string}\"},\"query-input\":{\"@type\":\"PropertyValueSpecification\",\"valueRequired\":true,\"valueName\":\"search_term_string\"}}],\"inLanguage\":\"tr\"},{\"@type\":\"Person\",\"@id\":\"https:\\\/\\\/kibrisdakik.com\\\/#\\\/schema\\\/person\\\/9cd9d437bbb44f72b73ba127e06d8e79\",\"name\":\"admin\",\"image\":{\"@type\":\"ImageObject\",\"inLanguage\":\"tr\",\"@id\":\"https:\\\/\\\/secure.gravatar.com\\\/avatar\\\/ccc17943b9d660506c869530f897617f7cb1c21a4bf30023f252596d83e1f007?s=96&d=mm&r=g\",\"url\":\"https:\\\/\\\/secure.gravatar.com\\\/avatar\\\/ccc17943b9d660506c869530f897617f7cb1c21a4bf30023f252596d83e1f007?s=96&d=mm&r=g\",\"contentUrl\":\"https:\\\/\\\/secure.gravatar.com\\\/avatar\\\/ccc17943b9d660506c869530f897617f7cb1c21a4bf30023f252596d83e1f007?s=96&d=mm&r=g\",\"caption\":\"admin\"},\"sameAs\":[\"https:\\\/\\\/kibrisdakik.com\"],\"url\":\"https:\\\/\\\/kibrisdakik.com\\\/?author=1\"}]}<\/script>\n<!-- \/ Yoast SEO plugin. -->","yoast_head_json":{"title":"\u0130ZLEM G\u00dcR\u00c7A\u011e ALTU\u011eRA: UBP\u2019DE OLA\u011eAN\u00dcST\u00dc KURULTAY \u015eART -","robots":{"index":"index","follow":"follow","max-snippet":"max-snippet:-1","max-image-preview":"max-image-preview:large","max-video-preview":"max-video-preview:-1"},"canonical":"https:\/\/kibrisdakik.com\/?p=96496","og_locale":"tr_TR","og_type":"article","og_title":"\u0130ZLEM G\u00dcR\u00c7A\u011e ALTU\u011eRA: UBP\u2019DE OLA\u011eAN\u00dcST\u00dc KURULTAY \u015eART -","og_description":"&#13; Ulusal Birlik Partisi (UBP) Milletvekili \u0130zlem G\u00fcr\u00e7a\u011f Altu\u011fra, son se\u00e7im sonu\u00e7lar\u0131n\u0131n ard\u0131ndan partisinde ya\u015fanan moral bozuklu\u011fu ve k\u0131rg\u0131nl\u0131klara dikkat \u00e7ekerek, ola\u011fan\u00fcst\u00fc kurultay \u00e7a\u011fr\u0131s\u0131 yapt\u0131. &#13; &#13; Altu\u011fra, UBP\u2019nin halk\u0131n kar\u015f\u0131s\u0131na \u00fc\u00e7 kez \u00e7\u0131kt\u0131\u011f\u0131n\u0131 ve hi\u00e7birinde g\u00fcvenoyu alamad\u0131\u011f\u0131n\u0131 vurgulad\u0131. Buna belediye ba\u015fkanl\u0131\u011f\u0131 se\u00e7imleri, bir ki\u015filik milletvekilli\u011fi ara se\u00e7imi ve cumhurba\u015fkanl\u0131\u011f\u0131 se\u00e7imi dahil. &#13; &#13; Parti","og_url":"https:\/\/kibrisdakik.com\/?p=96496","article_published_time":"2025-10-21T15:27:18+00:00","og_image":[{"width":1280,"height":720,"url":"https:\/\/kibrisdakik.com\/wp-content\/uploads\/2025\/10\/mha-sari-beyaz-110.png","type":"image\/png"}],"author":"admin","twitter_card":"summary_large_image","twitter_misc":{"Yazan:":"admin","Tahmini okuma s\u00fcresi":"1 dakika"},"schema":{"@context":"https:\/\/schema.org","@graph":[{"@type":"Article","@id":"https:\/\/kibrisdakik.com\/?p=96496#article","isPartOf":{"@id":"https:\/\/kibrisdakik.com\/?p=96496"},"author":{"name":"admin","@id":"https:\/\/kibrisdakik.com\/#\/schema\/person\/9cd9d437bbb44f72b73ba127e06d8e79"},"headline":"\u0130ZLEM G\u00dcR\u00c7A\u011e ALTU\u011eRA: UBP\u2019DE OLA\u011eAN\u00dcST\u00dc KURULTAY \u015eART","datePublished":"2025-10-21T15:27:18+00:00","mainEntityOfPage":{"@id":"https:\/\/kibrisdakik.com\/?p=96496"},"wordCount":220,"commentCount":0,"image":{"@id":"https:\/\/kibrisdakik.com\/?p=96496#primaryimage"},"thumbnailUrl":"https:\/\/kibrisdakik.com\/wp-content\/uploads\/2025\/10\/mha-sari-beyaz-110.png","articleSection":["K\u0131br\u0131s"],"inLanguage":"tr","potentialAction":[{"@type":"CommentAction","name":"Comment","target":["https:\/\/kibrisdakik.com\/?p=96496#respond"]}]},{"@type":"WebPage","@id":"https:\/\/kibrisdakik.com\/?p=96496","url":"https:\/\/kibrisdakik.com\/?p=96496","name":"\u0130ZLEM G\u00dcR\u00c7A\u011e ALTU\u011eRA: UBP\u2019DE OLA\u011eAN\u00dcST\u00dc KURULTAY \u015eART -","isPartOf":{"@id":"https:\/\/kibrisdakik.com\/#website"},"primaryImageOfPage":{"@id":"https:\/\/kibrisdakik.com\/?p=96496#primaryimage"},"image":{"@id":"https:\/\/kibrisdakik.com\/?p=96496#primaryimage"},"thumbnailUrl":"https:\/\/kibrisdakik.com\/wp-content\/uploads\/2025\/10\/mha-sari-beyaz-110.png","datePublished":"2025-10-21T15:27:18+00:00","author":{"@id":"https:\/\/kibrisdakik.com\/#\/schema\/person\/9cd9d437bbb44f72b73ba127e06d8e79"},"breadcrumb":{"@id":"https:\/\/kibrisdakik.com\/?p=96496#breadcrumb"},"inLanguage":"tr","potentialAction":[{"@type":"ReadAction","target":["https:\/\/kibrisdakik.com\/?p=96496"]}]},{"@type":"ImageObject","inLanguage":"tr","@id":"https:\/\/kibrisdakik.com\/?p=96496#primaryimage","url":"https:\/\/kibrisdakik.com\/wp-content\/uploads\/2025\/10\/mha-sari-beyaz-110.png","contentUrl":"https:\/\/kibrisdakik.com\/wp-content\/uploads\/2025\/10\/mha-sari-beyaz-110.png","width":1280,"height":720},{"@type":"BreadcrumbList","@id":"https:\/\/kibrisdakik.com\/?p=96496#breadcrumb","itemListElement":[{"@type":"ListItem","position":1,"name":"Home","item":"https:\/\/kibrisdakik.com\/"},{"@type":"ListItem","position":2,"name":"\u0130ZLEM G\u00dcR\u00c7A\u011e ALTU\u011eRA: UBP\u2019DE OLA\u011eAN\u00dcST\u00dc KURULTAY \u015eART"}]},{"@type":"WebSite","@id":"https:\/\/kibrisdakik.com\/#website","url":"https:\/\/kibrisdakik.com\/","name":"","description":"Tam vaktinde haber","potentialAction":[{"@type":"SearchAction","target":{"@type":"EntryPoint","urlTemplate":"https:\/\/kibrisdakik.com\/?s={search_term_string}"},"query-input":{"@type":"PropertyValueSpecification","valueRequired":true,"valueName":"search_term_string"}}],"inLanguage":"tr"},{"@type":"Person","@id":"https:\/\/kibrisdakik.com\/#\/schema\/person\/9cd9d437bbb44f72b73ba127e06d8e79","name":"admin","image":{"@type":"ImageObject","inLanguage":"tr","@id":"https:\/\/secure.gravatar.com\/avatar\/ccc17943b9d660506c869530f897617f7cb1c21a4bf30023f252596d83e1f007?s=96&d=mm&r=g","url":"https:\/\/secure.gravatar.com\/avatar\/ccc17943b9d660506c869530f897617f7cb1c21a4bf30023f252596d83e1f007?s=96&d=mm&r=g","contentUrl":"https:\/\/secure.gravatar.com\/avatar\/ccc17943b9d660506c869530f897617f7cb1c21a4bf30023f252596d83e1f007?s=96&d=mm&r=g","caption":"admin"},"sameAs":["https:\/\/kibrisdakik.com"],"url":"https:\/\/kibrisdakik.com\/?author=1"}]}},"_links":{"self":[{"href":"https:\/\/kibrisdakik.com\/index.php?rest_route=\/wp\/v2\/posts\/96496","targetHints":{"allow":["GET"]}}],"collection":[{"href":"https:\/\/kibrisdakik.com\/index.php?rest_route=\/wp\/v2\/posts"}],"about":[{"href":"https:\/\/kibrisdakik.com\/index.php?rest_route=\/wp\/v2\/types\/post"}],"author":[{"embeddable":true,"href":"https:\/\/kibrisdakik.com\/index.php?rest_route=\/wp\/v2\/users\/1"}],"replies":[{"embeddable":true,"href":"https:\/\/kibrisdakik.com\/index.php?rest_route=%2Fwp%2Fv2%2Fcomments&post=96496"}],"version-history":[{"count":0,"href":"https:\/\/kibrisdakik.com\/index.php?rest_route=\/wp\/v2\/posts\/96496\/revisions"}],"wp:featuredmedia":[{"embeddable":true,"href":"https:\/\/kibrisdakik.com\/index.php?rest_route=\/wp\/v2\/media\/96497"}],"wp:attachment":[{"href":"https:\/\/kibrisdakik.com\/index.php?rest_route=%2Fwp%2Fv2%2Fmedia&parent=96496"}],"wp:term":[{"taxonomy":"category","embeddable":true,"href":"https:\/\/kibrisdakik.com\/index.php?rest_route=%2Fwp%2Fv2%2Fcategories&post=96496"},{"taxonomy":"post_tag","embeddable":true,"href":"https:\/\/kibrisdakik.com\/index.php?rest_route=%2Fwp%2Fv2%2Ftags&post=96496"}],"curies":[{"name":"wp","href":"https:\/\/api.w.org\/{rel}","templated":true}]}}