{"id":96502,"date":"2025-10-21T19:15:06","date_gmt":"2025-10-21T16:15:06","guid":{"rendered":"https:\/\/kibrisdakik.com\/index.php\/2025\/10\/21\/apde-gazze-mesaji-bu-soykirimdaki-suc-ortakligina-son-verme-zamani-geldi\/"},"modified":"2025-10-21T19:15:06","modified_gmt":"2025-10-21T16:15:06","slug":"apde-gazze-mesaji-bu-soykirimdaki-suc-ortakligina-son-verme-zamani-geldi","status":"publish","type":"post","link":"https:\/\/kibrisdakik.com\/?p=96502","title":{"rendered":"AP&#039;de Gazze mesaj\u0131: Bu soyk\u0131r\u0131mdaki su\u00e7 ortakl\u0131\u011f\u0131na son verme zaman\u0131 geldi"},"content":{"rendered":"<p><\/p>\n<div class=\"news-content\">\n<p>\n\tStrazburg&#8217;da toplanan AP Genel Kurulunda &#8220;Orta Do\u011fu&#8217;daki bar\u0131\u015f ve AB&#8217;nin rol\u00fc&#8221; ba\u015fl\u0131kl\u0131 oturum d\u00fczenlendi.<\/p>\n<p>\n\tS\u00f6z alan bir\u00e7ok milletvekili AB&#8217;yi \u0130srail&#8217;in Gazze&#8217;deki eylemlerini durdurmak i\u00e7in yeterli \u00e7abay\u0131 g\u00f6stermemesi konusunda ele\u015ftirdi.<\/p>\n<p>\n\tK\u00fcresel Sumud Filosu&#8217;na kat\u0131larak \u0130srail&#8217;de al\u0131koyulan Filistin as\u0131ll\u0131 Frans\u0131z milletvekili Rima Hassan, &#8220;Ate\u015fkes y\u00fcr\u00fcrl\u00fc\u011fe girdi\u011finden beri \u0130srail taraf\u0131ndan defalarca ihlal edildi.&#8221; dedi.<\/p>\n<p>\n\tHassan, &#8220;AB Komisyonunun \u00f6nerdi\u011fi yapt\u0131r\u0131mlardan art\u0131k vazge\u00e7ilecek gibi g\u00f6r\u00fcn\u00fcyor. AB, \u0130srail&#8217;e Gazze ve Bat\u0131 \u015eeria&#8217;da devam eden su\u00e7lar\u0131 i\u00e7in tam yetki veriyor. Filistin i\u00e7in bar\u0131\u015f \u0130srail&#8217;den hesap sorulmas\u0131, Bat\u0131&#8217;n\u0131n su\u00e7 ortakl\u0131\u011f\u0131na son verilmesi ve apartheid ile soyk\u0131r\u0131m\u0131n sona ermesi anlam\u0131na geliyor.&#8221; diye konu\u015ftu.<\/p>\n<h2>\n\t&#8220;AB&#8217;nin bu soyk\u0131r\u0131mdaki su\u00e7 ortakl\u0131\u011f\u0131na son verme zaman\u0131 geldi&#8221;<\/h2>\n<p>\n\t\u0130rlandal\u0131 milletvekili Lynn Boylan ate\u015fkesin \u00fczerinden 11 g\u00fcn ge\u00e7ti\u011fini ifade ederek \u015funlar\u0131 kaydetti:<\/p>\n<p>\n\t&#8220;O zamandan beri Gazze&#8217;ye 153 ton bomba at\u0131ld\u0131. 62, \u0130srail i\u015fgal g\u00fc\u00e7lerinin Bat\u0131 \u015eeria&#8217;da ger\u00e7ekle\u015ftirdi\u011fi silahl\u0131 sald\u0131r\u0131lar\u0131n say\u0131s\u0131. 67 bin, Filistinlilerin \u00f6ld\u00fcr\u00fcld\u00fc\u011f\u00fcne dair olduk\u00e7a muhafazakar bir tahmin. Enkaz alt\u0131nda kalanlar\u0131n say\u0131s\u0131 bilinmiyor. 169 bin Filistinlilerin yaral\u0131 say\u0131s\u0131. 4 bin uzuvlar\u0131n\u0131 kaybeden \u00e7ocuklar\u0131n say\u0131s\u0131. 154, a\u00e7l\u0131ktan \u00f6len \u00e7ocuklar\u0131n say\u0131s\u0131. 355, \u0130srail i\u015fgal g\u00fc\u00e7lerinin Hind Receb&#8217;e s\u0131kt\u0131\u011f\u0131 kur\u015fun say\u0131s\u0131. 1722, \u00f6ld\u00fcr\u00fclen sa\u011fl\u0131k ve yard\u0131m \u00e7al\u0131\u015fanlar\u0131n\u0131n say\u0131s\u0131. 34, sald\u0131r\u0131ya u\u011frayan hastanelerin say\u0131s\u0131. Yakla\u015f\u0131k 300, \u00f6ld\u00fcr\u00fclen gazeteci ve medya \u00e7al\u0131\u015fanlar\u0131n\u0131n say\u0131s\u0131.&#8221;<\/p>\n<p>\n\t&#8220;S\u0131f\u0131r ise AB&#8217;nin ald\u0131\u011f\u0131 \u00f6nlemlerin say\u0131s\u0131d\u0131r.&#8221; diyen Boylan, &#8220;Bu ate\u015fkes, AB&#8217;nin kay\u0131ts\u0131z kalmas\u0131 i\u00e7in bir bahane olamaz. AB&#8217;nin bu soyk\u0131r\u0131mdaki su\u00e7 ortakl\u0131\u011f\u0131na son verme zaman\u0131 geldi. Adalet olmadan bar\u0131\u015f olmaz.&#8221; mesaj\u0131n\u0131 verdi.<\/p>\n<h2>\n\t&#8220;Trump&#8217;\u0131n 20 maddelik plan\u0131 80 y\u0131ll\u0131k sava\u015f ve \u00e7at\u0131\u015fmay\u0131 \u00e7\u00f6zm\u00fcyor&#8221;<\/h2>\n<p>\n\tDanimarkal\u0131 milletvekili Villy Sovndal da &#8220;(ABD Ba\u015fkan\u0131 Donald) Trump&#8217;\u0131n bar\u0131\u015f anla\u015fmas\u0131 y\u00fcr\u00fcrl\u00fc\u011fe girdi\u011finden beri yakla\u015f\u0131k 100 Filistinli \u00f6ld\u00fcr\u00fcld\u00fc ve vadedilen yard\u0131m\u0131n sadece yar\u0131s\u0131n\u0131n \u00fclkeye girmesine izin verildi. \u0130nsani ko\u015fullar korkun\u00e7. Bat\u0131 \u015eeria&#8217;da yerle\u015fimci \u015fiddeti ac\u0131mas\u0131z. Filistinli \u00e7ift\u00e7ilerin zeytin hasad\u0131 yok ediliyor ve insanlar kendi \u00fclkelerinden s\u00fcrg\u00fcn ediliyor. Trump&#8217;\u0131n 20 maddelik plan\u0131 80 y\u0131ll\u0131k sava\u015f ve \u00e7at\u0131\u015fmay\u0131 \u00e7\u00f6zm\u00fcyor.&#8221; diye konu\u015ftu.<\/p>\n<p>\n\tSava\u015f su\u00e7lular\u0131ndan hesap sorulmas\u0131 gerekti\u011finin alt\u0131n\u0131 \u00e7izen Sovndal, &#8220;Gazze&#8217;nin yeniden in\u015fa edilmesi gerekiyor ve uzun vadeli bir siyasi \u00e7\u00f6z\u00fcme ihtiyac\u0131m\u0131z var.&#8221; dedi.<\/p>\n<h2>\n\t&#8220;Kimse \u0130srail&#8217;in bedel \u00f6demesini istemiyor&#8221;<\/h2>\n<p>\n\tBel\u00e7ikal\u0131 milletvekili Marc Botenga da &#8220;\u0130ki y\u0131l s\u00fcren soyk\u0131r\u0131m. Hi\u00e7bir \u00f6nlem al\u0131nmad\u0131. Herkes Rusya&#8217;n\u0131n bedel \u00f6demesini istiyor. Ancak \u0130srail Gazze&#8217;yi yok etti\u011finde, kimse \u0130srail&#8217;in bedel \u00f6demesini istemiyor. \u0130srailliler bir sebepten dolay\u0131 bundan muaf ama ger\u00e7ek \u015fu ki, AB ve Avrupa \u00fclkeleri iki y\u0131ld\u0131r bir soyk\u0131r\u0131m\u0131 finanse ediyor ve silahland\u0131r\u0131yor.&#8221; de\u011ferlendirmesini yapt\u0131.<\/p>\n<h2>\n\t&#8220;D\u00fcnyan\u0131n g\u00f6zleri Filistin&#8217;den ayr\u0131lmamal\u0131&#8221;<\/h2>\n<p>\n\tSlovenyal\u0131 milletvekili Matjaz Nemec de &#8220;D\u00fcnyan\u0131n g\u00f6zleri Filistin&#8217;den ayr\u0131lmamal\u0131. Gazze&#8217;deki ate\u015fkes vaadi, canlar, umutlar ve hukukun kendisi pahas\u0131na en az 80 kez \u00e7i\u011fnendi.&#8221; dedi.<\/p>\n<p>\n\tNemec, &#8220;Soyk\u0131r\u0131m ve sava\u015f su\u00e7lar\u0131ndan sorumlu olanlar uluslararas\u0131 hukuka uygun olarak adalete teslim edilmeli, hesap verebilirlik m\u00fczakere edilemez. Hesap verme zorunlulu\u011fu getirilmeli. Kal\u0131c\u0131 ve adil bar\u0131\u015f ancak adalet temelleri \u00fczerine in\u015fa edilebilir.&#8221; tespitinde bulundu.<\/p>\n<h2>\n\tAB&#8217;nin \u0130srail&#8217;e kar\u015f\u0131 yapt\u0131r\u0131mlar\u0131<\/h2>\n<p>\n\tAB Komisyonu, \u0130srail&#8217;in Gazze&#8217;deki eylemleri kar\u015f\u0131s\u0131nda neredeyse 2 y\u0131ll\u0131k sessizli\u011fini bozarak 10 Eyl\u00fcl&#8217;de \u00fcye \u00fclkelere yapt\u0131r\u0131m \u00f6nerilerini a\u00e7\u0131klam\u0131\u015ft\u0131.<\/p>\n<p>\n\t\u00d6neriler, AB-\u0130srail Ortakl\u0131k Anla\u015fmas\u0131 dahilinde \u0130srail&#8217;le mallar\u0131n serbest dola\u015f\u0131m\u0131 h\u00fck\u00fcmlerinin ask\u0131ya al\u0131narak g\u00fcmr\u00fck vergileri getirilmesi, i\u015fgal alt\u0131ndaki Filistin topraklar\u0131n\u0131 gasbeden \u0130srailliler ile onlar\u0131n \u015fiddet i\u00e7eren eylemlerinden sorumlu tutulan iki bakan Itamar Ben-Gvir ve Bezalel Smotrich hakk\u0131nda k\u0131s\u0131tlamalardan olu\u015fuyor.<\/p>\n<p>\n\tTeklifin kabul edilmesi i\u00e7in AB \u00fcyelerinin nitelikli \u00e7o\u011funlu\u011fu gerekiyor.<\/p>\n<div class=\"news-tags\">\n<div class=\"title\">ET\u0130KETLER<\/div>\n<div class=\"tags\">\n                                                                            Avrupa Parlamentosu<br \/>\n                                                                            Avrupa Birli\u011fi<br \/>\n                                                                            Gazze<br \/>\n                                                                            \u0130srail&#8217;in Gazze Soyk\u0131r\u0131m\u0131<br \/>\n                                                                            \u0130srail\n                                                                    <\/div>\n<\/p><\/div>\n<\/p><\/div>\n","protected":false},"excerpt":{"rendered":"<p>Strazburg&#8217;da toplanan AP Genel Kurulunda &#8220;Orta Do\u011fu&#8217;daki bar\u0131\u015f ve AB&#8217;nin rol\u00fc&#8221; ba\u015fl\u0131kl\u0131 oturum d\u00fczenlendi. S\u00f6z alan bir\u00e7ok milletvekili AB&#8217;yi \u0130srail&#8217;in Gazze&#8217;deki eylemlerini durdurmak i\u00e7in yeterli \u00e7abay\u0131 g\u00f6stermemesi konusunda ele\u015ftirdi. K\u00fcresel Sumud Filosu&#8217;na kat\u0131larak \u0130srail&#8217;de al\u0131koyulan Filistin as\u0131ll\u0131 Frans\u0131z milletvekili Rima Hassan, &#8220;Ate\u015fkes y\u00fcr\u00fcrl\u00fc\u011fe girdi\u011finden beri \u0130srail taraf\u0131ndan defalarca ihlal edildi.&#8221; dedi. Hassan, &#8220;AB Komisyonunun \u00f6nerdi\u011fi<\/p>\n","protected":false},"author":1,"featured_media":96503,"comment_status":"open","ping_status":"open","sticky":false,"template":"","format":"standard","meta":{"footnotes":""},"categories":[306],"tags":[],"class_list":["post-96502","post","type-post","status-publish","format-standard","has-post-thumbnail","hentry","category-dunya"],"yoast_head":"<!-- This site is optimized with the Yoast SEO plugin v27.4 - https:\/\/yoast.com\/product\/yoast-seo-wordpress\/ -->\n<title>AP&#039;de Gazze mesaj\u0131: Bu soyk\u0131r\u0131mdaki su\u00e7 ortakl\u0131\u011f\u0131na son verme zaman\u0131 geldi -<\/title>\n<meta name=\"robots\" content=\"index, follow, max-snippet:-1, max-image-preview:large, max-video-preview:-1\" \/>\n<link rel=\"canonical\" href=\"https:\/\/kibrisdakik.com\/?p=96502\" \/>\n<meta property=\"og:locale\" content=\"tr_TR\" \/>\n<meta property=\"og:type\" content=\"article\" \/>\n<meta property=\"og:title\" content=\"AP&#039;de Gazze mesaj\u0131: Bu soyk\u0131r\u0131mdaki su\u00e7 ortakl\u0131\u011f\u0131na son verme zaman\u0131 geldi -\" \/>\n<meta property=\"og:description\" content=\"Strazburg&#8217;da toplanan AP Genel Kurulunda &#8220;Orta Do\u011fu&#8217;daki bar\u0131\u015f ve AB&#8217;nin rol\u00fc&#8221; ba\u015fl\u0131kl\u0131 oturum d\u00fczenlendi. S\u00f6z alan bir\u00e7ok milletvekili AB&#8217;yi \u0130srail&#8217;in Gazze&#8217;deki eylemlerini durdurmak i\u00e7in yeterli \u00e7abay\u0131 g\u00f6stermemesi konusunda ele\u015ftirdi. K\u00fcresel Sumud Filosu&#8217;na kat\u0131larak \u0130srail&#8217;de al\u0131koyulan Filistin as\u0131ll\u0131 Frans\u0131z milletvekili Rima Hassan, &#8220;Ate\u015fkes y\u00fcr\u00fcrl\u00fc\u011fe girdi\u011finden beri \u0130srail taraf\u0131ndan defalarca ihlal edildi.&#8221; dedi. Hassan, &#8220;AB Komisyonunun \u00f6nerdi\u011fi\" \/>\n<meta property=\"og:url\" content=\"https:\/\/kibrisdakik.com\/?p=96502\" \/>\n<meta property=\"article:published_time\" content=\"2025-10-21T16:15:06+00:00\" \/>\n<meta property=\"og:image\" content=\"https:\/\/kibrisdakik.com\/wp-content\/uploads\/2025\/10\/eu-parliament-reu-2410062.jpg\" \/>\n\t<meta property=\"og:image:width\" content=\"1280\" \/>\n\t<meta property=\"og:image:height\" content=\"720\" \/>\n\t<meta property=\"og:image:type\" content=\"image\/jpeg\" \/>\n<meta name=\"author\" content=\"admin\" \/>\n<meta name=\"twitter:card\" content=\"summary_large_image\" \/>\n<meta name=\"twitter:label1\" content=\"Yazan:\" \/>\n\t<meta name=\"twitter:data1\" content=\"admin\" \/>\n\t<meta name=\"twitter:label2\" content=\"Tahmini okuma s\u00fcresi\" \/>\n\t<meta name=\"twitter:data2\" content=\"4 dakika\" \/>\n<script type=\"application\/ld+json\" class=\"yoast-schema-graph\">{\"@context\":\"https:\\\/\\\/schema.org\",\"@graph\":[{\"@type\":\"Article\",\"@id\":\"https:\\\/\\\/kibrisdakik.com\\\/?p=96502#article\",\"isPartOf\":{\"@id\":\"https:\\\/\\\/kibrisdakik.com\\\/?p=96502\"},\"author\":{\"name\":\"admin\",\"@id\":\"https:\\\/\\\/kibrisdakik.com\\\/#\\\/schema\\\/person\\\/9cd9d437bbb44f72b73ba127e06d8e79\"},\"headline\":\"AP&#039;de Gazze mesaj\u0131: Bu soyk\u0131r\u0131mdaki su\u00e7 ortakl\u0131\u011f\u0131na son verme zaman\u0131 geldi\",\"datePublished\":\"2025-10-21T16:15:06+00:00\",\"mainEntityOfPage\":{\"@id\":\"https:\\\/\\\/kibrisdakik.com\\\/?p=96502\"},\"wordCount\":734,\"commentCount\":0,\"image\":{\"@id\":\"https:\\\/\\\/kibrisdakik.com\\\/?p=96502#primaryimage\"},\"thumbnailUrl\":\"https:\\\/\\\/kibrisdakik.com\\\/wp-content\\\/uploads\\\/2025\\\/10\\\/eu-parliament-reu-2410062.jpg\",\"articleSection\":[\"D\u00fcnya\"],\"inLanguage\":\"tr\",\"potentialAction\":[{\"@type\":\"CommentAction\",\"name\":\"Comment\",\"target\":[\"https:\\\/\\\/kibrisdakik.com\\\/?p=96502#respond\"]}]},{\"@type\":\"WebPage\",\"@id\":\"https:\\\/\\\/kibrisdakik.com\\\/?p=96502\",\"url\":\"https:\\\/\\\/kibrisdakik.com\\\/?p=96502\",\"name\":\"AP&#039;de Gazze mesaj\u0131: Bu soyk\u0131r\u0131mdaki su\u00e7 ortakl\u0131\u011f\u0131na son verme zaman\u0131 geldi -\",\"isPartOf\":{\"@id\":\"https:\\\/\\\/kibrisdakik.com\\\/#website\"},\"primaryImageOfPage\":{\"@id\":\"https:\\\/\\\/kibrisdakik.com\\\/?p=96502#primaryimage\"},\"image\":{\"@id\":\"https:\\\/\\\/kibrisdakik.com\\\/?p=96502#primaryimage\"},\"thumbnailUrl\":\"https:\\\/\\\/kibrisdakik.com\\\/wp-content\\\/uploads\\\/2025\\\/10\\\/eu-parliament-reu-2410062.jpg\",\"datePublished\":\"2025-10-21T16:15:06+00:00\",\"author\":{\"@id\":\"https:\\\/\\\/kibrisdakik.com\\\/#\\\/schema\\\/person\\\/9cd9d437bbb44f72b73ba127e06d8e79\"},\"breadcrumb\":{\"@id\":\"https:\\\/\\\/kibrisdakik.com\\\/?p=96502#breadcrumb\"},\"inLanguage\":\"tr\",\"potentialAction\":[{\"@type\":\"ReadAction\",\"target\":[\"https:\\\/\\\/kibrisdakik.com\\\/?p=96502\"]}]},{\"@type\":\"ImageObject\",\"inLanguage\":\"tr\",\"@id\":\"https:\\\/\\\/kibrisdakik.com\\\/?p=96502#primaryimage\",\"url\":\"https:\\\/\\\/kibrisdakik.com\\\/wp-content\\\/uploads\\\/2025\\\/10\\\/eu-parliament-reu-2410062.jpg\",\"contentUrl\":\"https:\\\/\\\/kibrisdakik.com\\\/wp-content\\\/uploads\\\/2025\\\/10\\\/eu-parliament-reu-2410062.jpg\",\"width\":1280,\"height\":720},{\"@type\":\"BreadcrumbList\",\"@id\":\"https:\\\/\\\/kibrisdakik.com\\\/?p=96502#breadcrumb\",\"itemListElement\":[{\"@type\":\"ListItem\",\"position\":1,\"name\":\"Home\",\"item\":\"https:\\\/\\\/kibrisdakik.com\\\/\"},{\"@type\":\"ListItem\",\"position\":2,\"name\":\"AP&#039;de Gazze mesaj\u0131: Bu soyk\u0131r\u0131mdaki su\u00e7 ortakl\u0131\u011f\u0131na son verme zaman\u0131 geldi\"}]},{\"@type\":\"WebSite\",\"@id\":\"https:\\\/\\\/kibrisdakik.com\\\/#website\",\"url\":\"https:\\\/\\\/kibrisdakik.com\\\/\",\"name\":\"\",\"description\":\"Tam vaktinde haber\",\"potentialAction\":[{\"@type\":\"SearchAction\",\"target\":{\"@type\":\"EntryPoint\",\"urlTemplate\":\"https:\\\/\\\/kibrisdakik.com\\\/?s={search_term_string}\"},\"query-input\":{\"@type\":\"PropertyValueSpecification\",\"valueRequired\":true,\"valueName\":\"search_term_string\"}}],\"inLanguage\":\"tr\"},{\"@type\":\"Person\",\"@id\":\"https:\\\/\\\/kibrisdakik.com\\\/#\\\/schema\\\/person\\\/9cd9d437bbb44f72b73ba127e06d8e79\",\"name\":\"admin\",\"image\":{\"@type\":\"ImageObject\",\"inLanguage\":\"tr\",\"@id\":\"https:\\\/\\\/secure.gravatar.com\\\/avatar\\\/ccc17943b9d660506c869530f897617f7cb1c21a4bf30023f252596d83e1f007?s=96&d=mm&r=g\",\"url\":\"https:\\\/\\\/secure.gravatar.com\\\/avatar\\\/ccc17943b9d660506c869530f897617f7cb1c21a4bf30023f252596d83e1f007?s=96&d=mm&r=g\",\"contentUrl\":\"https:\\\/\\\/secure.gravatar.com\\\/avatar\\\/ccc17943b9d660506c869530f897617f7cb1c21a4bf30023f252596d83e1f007?s=96&d=mm&r=g\",\"caption\":\"admin\"},\"sameAs\":[\"https:\\\/\\\/kibrisdakik.com\"],\"url\":\"https:\\\/\\\/kibrisdakik.com\\\/?author=1\"}]}<\/script>\n<!-- \/ Yoast SEO plugin. -->","yoast_head_json":{"title":"AP&#039;de Gazze mesaj\u0131: Bu soyk\u0131r\u0131mdaki su\u00e7 ortakl\u0131\u011f\u0131na son verme zaman\u0131 geldi -","robots":{"index":"index","follow":"follow","max-snippet":"max-snippet:-1","max-image-preview":"max-image-preview:large","max-video-preview":"max-video-preview:-1"},"canonical":"https:\/\/kibrisdakik.com\/?p=96502","og_locale":"tr_TR","og_type":"article","og_title":"AP&#039;de Gazze mesaj\u0131: Bu soyk\u0131r\u0131mdaki su\u00e7 ortakl\u0131\u011f\u0131na son verme zaman\u0131 geldi -","og_description":"Strazburg&#8217;da toplanan AP Genel Kurulunda &#8220;Orta Do\u011fu&#8217;daki bar\u0131\u015f ve AB&#8217;nin rol\u00fc&#8221; ba\u015fl\u0131kl\u0131 oturum d\u00fczenlendi. S\u00f6z alan bir\u00e7ok milletvekili AB&#8217;yi \u0130srail&#8217;in Gazze&#8217;deki eylemlerini durdurmak i\u00e7in yeterli \u00e7abay\u0131 g\u00f6stermemesi konusunda ele\u015ftirdi. K\u00fcresel Sumud Filosu&#8217;na kat\u0131larak \u0130srail&#8217;de al\u0131koyulan Filistin as\u0131ll\u0131 Frans\u0131z milletvekili Rima Hassan, &#8220;Ate\u015fkes y\u00fcr\u00fcrl\u00fc\u011fe girdi\u011finden beri \u0130srail taraf\u0131ndan defalarca ihlal edildi.&#8221; dedi. Hassan, &#8220;AB Komisyonunun \u00f6nerdi\u011fi","og_url":"https:\/\/kibrisdakik.com\/?p=96502","article_published_time":"2025-10-21T16:15:06+00:00","og_image":[{"width":1280,"height":720,"url":"https:\/\/kibrisdakik.com\/wp-content\/uploads\/2025\/10\/eu-parliament-reu-2410062.jpg","type":"image\/jpeg"}],"author":"admin","twitter_card":"summary_large_image","twitter_misc":{"Yazan:":"admin","Tahmini okuma s\u00fcresi":"4 dakika"},"schema":{"@context":"https:\/\/schema.org","@graph":[{"@type":"Article","@id":"https:\/\/kibrisdakik.com\/?p=96502#article","isPartOf":{"@id":"https:\/\/kibrisdakik.com\/?p=96502"},"author":{"name":"admin","@id":"https:\/\/kibrisdakik.com\/#\/schema\/person\/9cd9d437bbb44f72b73ba127e06d8e79"},"headline":"AP&#039;de Gazze mesaj\u0131: Bu soyk\u0131r\u0131mdaki su\u00e7 ortakl\u0131\u011f\u0131na son verme zaman\u0131 geldi","datePublished":"2025-10-21T16:15:06+00:00","mainEntityOfPage":{"@id":"https:\/\/kibrisdakik.com\/?p=96502"},"wordCount":734,"commentCount":0,"image":{"@id":"https:\/\/kibrisdakik.com\/?p=96502#primaryimage"},"thumbnailUrl":"https:\/\/kibrisdakik.com\/wp-content\/uploads\/2025\/10\/eu-parliament-reu-2410062.jpg","articleSection":["D\u00fcnya"],"inLanguage":"tr","potentialAction":[{"@type":"CommentAction","name":"Comment","target":["https:\/\/kibrisdakik.com\/?p=96502#respond"]}]},{"@type":"WebPage","@id":"https:\/\/kibrisdakik.com\/?p=96502","url":"https:\/\/kibrisdakik.com\/?p=96502","name":"AP&#039;de Gazze mesaj\u0131: Bu soyk\u0131r\u0131mdaki su\u00e7 ortakl\u0131\u011f\u0131na son verme zaman\u0131 geldi -","isPartOf":{"@id":"https:\/\/kibrisdakik.com\/#website"},"primaryImageOfPage":{"@id":"https:\/\/kibrisdakik.com\/?p=96502#primaryimage"},"image":{"@id":"https:\/\/kibrisdakik.com\/?p=96502#primaryimage"},"thumbnailUrl":"https:\/\/kibrisdakik.com\/wp-content\/uploads\/2025\/10\/eu-parliament-reu-2410062.jpg","datePublished":"2025-10-21T16:15:06+00:00","author":{"@id":"https:\/\/kibrisdakik.com\/#\/schema\/person\/9cd9d437bbb44f72b73ba127e06d8e79"},"breadcrumb":{"@id":"https:\/\/kibrisdakik.com\/?p=96502#breadcrumb"},"inLanguage":"tr","potentialAction":[{"@type":"ReadAction","target":["https:\/\/kibrisdakik.com\/?p=96502"]}]},{"@type":"ImageObject","inLanguage":"tr","@id":"https:\/\/kibrisdakik.com\/?p=96502#primaryimage","url":"https:\/\/kibrisdakik.com\/wp-content\/uploads\/2025\/10\/eu-parliament-reu-2410062.jpg","contentUrl":"https:\/\/kibrisdakik.com\/wp-content\/uploads\/2025\/10\/eu-parliament-reu-2410062.jpg","width":1280,"height":720},{"@type":"BreadcrumbList","@id":"https:\/\/kibrisdakik.com\/?p=96502#breadcrumb","itemListElement":[{"@type":"ListItem","position":1,"name":"Home","item":"https:\/\/kibrisdakik.com\/"},{"@type":"ListItem","position":2,"name":"AP&#039;de Gazze mesaj\u0131: Bu soyk\u0131r\u0131mdaki su\u00e7 ortakl\u0131\u011f\u0131na son verme zaman\u0131 geldi"}]},{"@type":"WebSite","@id":"https:\/\/kibrisdakik.com\/#website","url":"https:\/\/kibrisdakik.com\/","name":"","description":"Tam vaktinde haber","potentialAction":[{"@type":"SearchAction","target":{"@type":"EntryPoint","urlTemplate":"https:\/\/kibrisdakik.com\/?s={search_term_string}"},"query-input":{"@type":"PropertyValueSpecification","valueRequired":true,"valueName":"search_term_string"}}],"inLanguage":"tr"},{"@type":"Person","@id":"https:\/\/kibrisdakik.com\/#\/schema\/person\/9cd9d437bbb44f72b73ba127e06d8e79","name":"admin","image":{"@type":"ImageObject","inLanguage":"tr","@id":"https:\/\/secure.gravatar.com\/avatar\/ccc17943b9d660506c869530f897617f7cb1c21a4bf30023f252596d83e1f007?s=96&d=mm&r=g","url":"https:\/\/secure.gravatar.com\/avatar\/ccc17943b9d660506c869530f897617f7cb1c21a4bf30023f252596d83e1f007?s=96&d=mm&r=g","contentUrl":"https:\/\/secure.gravatar.com\/avatar\/ccc17943b9d660506c869530f897617f7cb1c21a4bf30023f252596d83e1f007?s=96&d=mm&r=g","caption":"admin"},"sameAs":["https:\/\/kibrisdakik.com"],"url":"https:\/\/kibrisdakik.com\/?author=1"}]}},"_links":{"self":[{"href":"https:\/\/kibrisdakik.com\/index.php?rest_route=\/wp\/v2\/posts\/96502","targetHints":{"allow":["GET"]}}],"collection":[{"href":"https:\/\/kibrisdakik.com\/index.php?rest_route=\/wp\/v2\/posts"}],"about":[{"href":"https:\/\/kibrisdakik.com\/index.php?rest_route=\/wp\/v2\/types\/post"}],"author":[{"embeddable":true,"href":"https:\/\/kibrisdakik.com\/index.php?rest_route=\/wp\/v2\/users\/1"}],"replies":[{"embeddable":true,"href":"https:\/\/kibrisdakik.com\/index.php?rest_route=%2Fwp%2Fv2%2Fcomments&post=96502"}],"version-history":[{"count":0,"href":"https:\/\/kibrisdakik.com\/index.php?rest_route=\/wp\/v2\/posts\/96502\/revisions"}],"wp:featuredmedia":[{"embeddable":true,"href":"https:\/\/kibrisdakik.com\/index.php?rest_route=\/wp\/v2\/media\/96503"}],"wp:attachment":[{"href":"https:\/\/kibrisdakik.com\/index.php?rest_route=%2Fwp%2Fv2%2Fmedia&parent=96502"}],"wp:term":[{"taxonomy":"category","embeddable":true,"href":"https:\/\/kibrisdakik.com\/index.php?rest_route=%2Fwp%2Fv2%2Fcategories&post=96502"},{"taxonomy":"post_tag","embeddable":true,"href":"https:\/\/kibrisdakik.com\/index.php?rest_route=%2Fwp%2Fv2%2Ftags&post=96502"}],"curies":[{"name":"wp","href":"https:\/\/api.w.org\/{rel}","templated":true}]}}