{"id":96574,"date":"2025-10-22T10:51:12","date_gmt":"2025-10-22T07:51:12","guid":{"rendered":"https:\/\/kibrisdakik.com\/index.php\/2025\/10\/22\/arikli-erken-secim-kacinilmaz-hale-geldi\/"},"modified":"2025-10-22T10:51:12","modified_gmt":"2025-10-22T07:51:12","slug":"arikli-erken-secim-kacinilmaz-hale-geldi","status":"publish","type":"post","link":"https:\/\/kibrisdakik.com\/?p=96574","title":{"rendered":"ARIKLI: ERKEN SE\u00c7\u0130M KA\u00c7INILMAZ HALE GELD\u0130"},"content":{"rendered":"<p><\/p>\n<div data-text-id=\"187012\" property=\"articleBody\">\n<p>Bay\u0131nd\u0131rl\u0131k ve Ula\u015ft\u0131rma Bakan\u0131, Yeniden Do\u011fu\u015f Partisi (YDP) Genel Ba\u015fkan\u0131 Erhan Ar\u0131kl\u0131, Gen\u00e7 TV\u2019de Meltem Sonay\u2019\u0131n sorular\u0131n\u0131 yan\u0131tlad\u0131. Ar\u0131kl\u0131, erken se\u00e7imin ka\u00e7\u0131n\u0131lmaz hale geldi\u011fini belirterek, 2026 y\u0131l\u0131 b\u00fct\u00e7esinin yeni meclis taraf\u0131ndan haz\u0131rlanmas\u0131 gerekti\u011fini s\u00f6yledi.<\/p>\n<p>Kampanya s\u00fcrecinde de erken se\u00e7im \u00e7a\u011fr\u0131s\u0131 yapt\u0131\u011f\u0131n\u0131 hat\u0131rlatan Ar\u0131kl\u0131, \u201cSonu\u00e7 ne olursa olsun erken se\u00e7ime gidilmelidir. Bunun i\u00e7in tarih de verdim. Ocak-\u015eubat aylar\u0131nda mutlaka se\u00e7ime gidilmeli. 2026\u2019n\u0131n b\u00fct\u00e7esini yeni meclis yapmal\u0131d\u0131r\u201d ifadelerini kulland\u0131.<\/p>\n<p>Yeni h\u00fck\u00fcmetin \u00f6nceki b\u00fct\u00e7eden sorumluluk almamas\u0131n\u0131n siyasi bir bo\u015fluk yaratt\u0131\u011f\u0131n\u0131 vurgulayan Ar\u0131kl\u0131, \u201cBirka\u00e7 ay daha bu koltuklarda kalabilmek i\u00e7in neden kendimizi y\u0131rt\u0131yoruz?\u201d diyerek mevcut durumu ele\u015ftirdi.<\/p>\n<p>\u201cNeden istifa etmiyorsunuz?\u201d sorusuna da yan\u0131t veren Ar\u0131kl\u0131, istifas\u0131n\u0131n h\u00fck\u00fcmeti de\u011fi\u015ftirmeyece\u011fini belirterek, \u201cBenim istifamla h\u00fck\u00fcmet de\u011fi\u015fmiyor. Yeterli say\u0131 var. T\u00fcm alternatifleri defalarca d\u00fc\u015f\u00fcnd\u00fck, konu\u015ftuk. Bu ak\u015fam MYK\u2019m\u0131zda bunlar\u0131 yine de\u011ferlendirece\u011fiz. Bizim istifam\u0131zla h\u00fck\u00fcmet d\u00fc\u015fecek olsayd\u0131, 10 defa h\u00fck\u00fcmeti d\u00fc\u015f\u00fcr\u00fcrd\u00fck\u201d dedi.<\/p>\n<p>Ar\u0131kl\u0131, ayr\u0131ca Demokrat Parti (DP) Genel Ba\u015fkan\u0131 Fikri Atao\u011flu ile bir araya geldiklerini belirterek, erken se\u00e7im konusunda Ba\u015fbakan \u00dcnal \u00dcstel\u2019e tam yetki verdiklerini a\u00e7\u0131klad\u0131.<\/p>\n<\/p><\/div>\n","protected":false},"excerpt":{"rendered":"<p>Bay\u0131nd\u0131rl\u0131k ve Ula\u015ft\u0131rma Bakan\u0131, Yeniden Do\u011fu\u015f Partisi (YDP) Genel Ba\u015fkan\u0131 Erhan Ar\u0131kl\u0131, Gen\u00e7 TV\u2019de Meltem Sonay\u2019\u0131n sorular\u0131n\u0131 yan\u0131tlad\u0131. Ar\u0131kl\u0131, erken se\u00e7imin ka\u00e7\u0131n\u0131lmaz hale geldi\u011fini belirterek, 2026 y\u0131l\u0131 b\u00fct\u00e7esinin yeni meclis taraf\u0131ndan haz\u0131rlanmas\u0131 gerekti\u011fini s\u00f6yledi. Kampanya s\u00fcrecinde de erken se\u00e7im \u00e7a\u011fr\u0131s\u0131 yapt\u0131\u011f\u0131n\u0131 hat\u0131rlatan Ar\u0131kl\u0131, \u201cSonu\u00e7 ne olursa olsun erken se\u00e7ime gidilmelidir. Bunun i\u00e7in tarih de verdim.<\/p>\n","protected":false},"author":1,"featured_media":96575,"comment_status":"open","ping_status":"open","sticky":false,"template":"","format":"standard","meta":{"footnotes":""},"categories":[81],"tags":[],"class_list":["post-96574","post","type-post","status-publish","format-standard","has-post-thumbnail","hentry","category-kibris"],"yoast_head":"<!-- This site is optimized with the Yoast SEO plugin v27.5 - https:\/\/yoast.com\/product\/yoast-seo-wordpress\/ -->\n<title>ARIKLI: ERKEN SE\u00c7\u0130M KA\u00c7INILMAZ HALE GELD\u0130 -<\/title>\n<meta name=\"robots\" content=\"index, follow, max-snippet:-1, max-image-preview:large, max-video-preview:-1\" \/>\n<link rel=\"canonical\" href=\"https:\/\/kibrisdakik.com\/?p=96574\" \/>\n<meta property=\"og:locale\" content=\"tr_TR\" \/>\n<meta property=\"og:type\" content=\"article\" \/>\n<meta property=\"og:title\" content=\"ARIKLI: ERKEN SE\u00c7\u0130M KA\u00c7INILMAZ HALE GELD\u0130 -\" \/>\n<meta property=\"og:description\" content=\"Bay\u0131nd\u0131rl\u0131k ve Ula\u015ft\u0131rma Bakan\u0131, Yeniden Do\u011fu\u015f Partisi (YDP) Genel Ba\u015fkan\u0131 Erhan Ar\u0131kl\u0131, Gen\u00e7 TV\u2019de Meltem Sonay\u2019\u0131n sorular\u0131n\u0131 yan\u0131tlad\u0131. Ar\u0131kl\u0131, erken se\u00e7imin ka\u00e7\u0131n\u0131lmaz hale geldi\u011fini belirterek, 2026 y\u0131l\u0131 b\u00fct\u00e7esinin yeni meclis taraf\u0131ndan haz\u0131rlanmas\u0131 gerekti\u011fini s\u00f6yledi. Kampanya s\u00fcrecinde de erken se\u00e7im \u00e7a\u011fr\u0131s\u0131 yapt\u0131\u011f\u0131n\u0131 hat\u0131rlatan Ar\u0131kl\u0131, \u201cSonu\u00e7 ne olursa olsun erken se\u00e7ime gidilmelidir. Bunun i\u00e7in tarih de verdim.\" \/>\n<meta property=\"og:url\" content=\"https:\/\/kibrisdakik.com\/?p=96574\" \/>\n<meta property=\"article:published_time\" content=\"2025-10-22T07:51:12+00:00\" \/>\n<meta property=\"og:image\" content=\"https:\/\/kibrisdakik.com\/wp-content\/uploads\/2025\/10\/mha-sari-beyaz-125.png\" \/>\n\t<meta property=\"og:image:width\" content=\"1280\" \/>\n\t<meta property=\"og:image:height\" content=\"720\" \/>\n\t<meta property=\"og:image:type\" content=\"image\/png\" \/>\n<meta name=\"author\" content=\"admin\" \/>\n<meta name=\"twitter:card\" content=\"summary_large_image\" \/>\n<meta name=\"twitter:label1\" content=\"Yazan:\" \/>\n\t<meta name=\"twitter:data1\" content=\"admin\" \/>\n\t<meta name=\"twitter:label2\" content=\"Tahmini okuma s\u00fcresi\" \/>\n\t<meta name=\"twitter:data2\" content=\"1 dakika\" \/>\n<script type=\"application\/ld+json\" class=\"yoast-schema-graph\">{\"@context\":\"https:\\\/\\\/schema.org\",\"@graph\":[{\"@type\":\"Article\",\"@id\":\"https:\\\/\\\/kibrisdakik.com\\\/?p=96574#article\",\"isPartOf\":{\"@id\":\"https:\\\/\\\/kibrisdakik.com\\\/?p=96574\"},\"author\":{\"name\":\"admin\",\"@id\":\"https:\\\/\\\/kibrisdakik.com\\\/#\\\/schema\\\/person\\\/9cd9d437bbb44f72b73ba127e06d8e79\"},\"headline\":\"ARIKLI: ERKEN SE\u00c7\u0130M KA\u00c7INILMAZ HALE GELD\u0130\",\"datePublished\":\"2025-10-22T07:51:12+00:00\",\"mainEntityOfPage\":{\"@id\":\"https:\\\/\\\/kibrisdakik.com\\\/?p=96574\"},\"wordCount\":256,\"commentCount\":0,\"image\":{\"@id\":\"https:\\\/\\\/kibrisdakik.com\\\/?p=96574#primaryimage\"},\"thumbnailUrl\":\"https:\\\/\\\/kibrisdakik.com\\\/wp-content\\\/uploads\\\/2025\\\/10\\\/mha-sari-beyaz-125.png\",\"articleSection\":[\"K\u0131br\u0131s\"],\"inLanguage\":\"tr\",\"potentialAction\":[{\"@type\":\"CommentAction\",\"name\":\"Comment\",\"target\":[\"https:\\\/\\\/kibrisdakik.com\\\/?p=96574#respond\"]}]},{\"@type\":\"WebPage\",\"@id\":\"https:\\\/\\\/kibrisdakik.com\\\/?p=96574\",\"url\":\"https:\\\/\\\/kibrisdakik.com\\\/?p=96574\",\"name\":\"ARIKLI: ERKEN SE\u00c7\u0130M KA\u00c7INILMAZ HALE GELD\u0130 -\",\"isPartOf\":{\"@id\":\"https:\\\/\\\/kibrisdakik.com\\\/#website\"},\"primaryImageOfPage\":{\"@id\":\"https:\\\/\\\/kibrisdakik.com\\\/?p=96574#primaryimage\"},\"image\":{\"@id\":\"https:\\\/\\\/kibrisdakik.com\\\/?p=96574#primaryimage\"},\"thumbnailUrl\":\"https:\\\/\\\/kibrisdakik.com\\\/wp-content\\\/uploads\\\/2025\\\/10\\\/mha-sari-beyaz-125.png\",\"datePublished\":\"2025-10-22T07:51:12+00:00\",\"author\":{\"@id\":\"https:\\\/\\\/kibrisdakik.com\\\/#\\\/schema\\\/person\\\/9cd9d437bbb44f72b73ba127e06d8e79\"},\"breadcrumb\":{\"@id\":\"https:\\\/\\\/kibrisdakik.com\\\/?p=96574#breadcrumb\"},\"inLanguage\":\"tr\",\"potentialAction\":[{\"@type\":\"ReadAction\",\"target\":[\"https:\\\/\\\/kibrisdakik.com\\\/?p=96574\"]}]},{\"@type\":\"ImageObject\",\"inLanguage\":\"tr\",\"@id\":\"https:\\\/\\\/kibrisdakik.com\\\/?p=96574#primaryimage\",\"url\":\"https:\\\/\\\/kibrisdakik.com\\\/wp-content\\\/uploads\\\/2025\\\/10\\\/mha-sari-beyaz-125.png\",\"contentUrl\":\"https:\\\/\\\/kibrisdakik.com\\\/wp-content\\\/uploads\\\/2025\\\/10\\\/mha-sari-beyaz-125.png\",\"width\":1280,\"height\":720},{\"@type\":\"BreadcrumbList\",\"@id\":\"https:\\\/\\\/kibrisdakik.com\\\/?p=96574#breadcrumb\",\"itemListElement\":[{\"@type\":\"ListItem\",\"position\":1,\"name\":\"Home\",\"item\":\"https:\\\/\\\/kibrisdakik.com\\\/\"},{\"@type\":\"ListItem\",\"position\":2,\"name\":\"ARIKLI: ERKEN SE\u00c7\u0130M KA\u00c7INILMAZ HALE GELD\u0130\"}]},{\"@type\":\"WebSite\",\"@id\":\"https:\\\/\\\/kibrisdakik.com\\\/#website\",\"url\":\"https:\\\/\\\/kibrisdakik.com\\\/\",\"name\":\"\",\"description\":\"Tam vaktinde haber\",\"potentialAction\":[{\"@type\":\"SearchAction\",\"target\":{\"@type\":\"EntryPoint\",\"urlTemplate\":\"https:\\\/\\\/kibrisdakik.com\\\/?s={search_term_string}\"},\"query-input\":{\"@type\":\"PropertyValueSpecification\",\"valueRequired\":true,\"valueName\":\"search_term_string\"}}],\"inLanguage\":\"tr\"},{\"@type\":\"Person\",\"@id\":\"https:\\\/\\\/kibrisdakik.com\\\/#\\\/schema\\\/person\\\/9cd9d437bbb44f72b73ba127e06d8e79\",\"name\":\"admin\",\"image\":{\"@type\":\"ImageObject\",\"inLanguage\":\"tr\",\"@id\":\"https:\\\/\\\/secure.gravatar.com\\\/avatar\\\/ccc17943b9d660506c869530f897617f7cb1c21a4bf30023f252596d83e1f007?s=96&d=mm&r=g\",\"url\":\"https:\\\/\\\/secure.gravatar.com\\\/avatar\\\/ccc17943b9d660506c869530f897617f7cb1c21a4bf30023f252596d83e1f007?s=96&d=mm&r=g\",\"contentUrl\":\"https:\\\/\\\/secure.gravatar.com\\\/avatar\\\/ccc17943b9d660506c869530f897617f7cb1c21a4bf30023f252596d83e1f007?s=96&d=mm&r=g\",\"caption\":\"admin\"},\"sameAs\":[\"https:\\\/\\\/kibrisdakik.com\"],\"url\":\"https:\\\/\\\/kibrisdakik.com\\\/?author=1\"}]}<\/script>\n<!-- \/ Yoast SEO plugin. -->","yoast_head_json":{"title":"ARIKLI: ERKEN SE\u00c7\u0130M KA\u00c7INILMAZ HALE GELD\u0130 -","robots":{"index":"index","follow":"follow","max-snippet":"max-snippet:-1","max-image-preview":"max-image-preview:large","max-video-preview":"max-video-preview:-1"},"canonical":"https:\/\/kibrisdakik.com\/?p=96574","og_locale":"tr_TR","og_type":"article","og_title":"ARIKLI: ERKEN SE\u00c7\u0130M KA\u00c7INILMAZ HALE GELD\u0130 -","og_description":"Bay\u0131nd\u0131rl\u0131k ve Ula\u015ft\u0131rma Bakan\u0131, Yeniden Do\u011fu\u015f Partisi (YDP) Genel Ba\u015fkan\u0131 Erhan Ar\u0131kl\u0131, Gen\u00e7 TV\u2019de Meltem Sonay\u2019\u0131n sorular\u0131n\u0131 yan\u0131tlad\u0131. Ar\u0131kl\u0131, erken se\u00e7imin ka\u00e7\u0131n\u0131lmaz hale geldi\u011fini belirterek, 2026 y\u0131l\u0131 b\u00fct\u00e7esinin yeni meclis taraf\u0131ndan haz\u0131rlanmas\u0131 gerekti\u011fini s\u00f6yledi. Kampanya s\u00fcrecinde de erken se\u00e7im \u00e7a\u011fr\u0131s\u0131 yapt\u0131\u011f\u0131n\u0131 hat\u0131rlatan Ar\u0131kl\u0131, \u201cSonu\u00e7 ne olursa olsun erken se\u00e7ime gidilmelidir. Bunun i\u00e7in tarih de verdim.","og_url":"https:\/\/kibrisdakik.com\/?p=96574","article_published_time":"2025-10-22T07:51:12+00:00","og_image":[{"width":1280,"height":720,"url":"https:\/\/kibrisdakik.com\/wp-content\/uploads\/2025\/10\/mha-sari-beyaz-125.png","type":"image\/png"}],"author":"admin","twitter_card":"summary_large_image","twitter_misc":{"Yazan:":"admin","Tahmini okuma s\u00fcresi":"1 dakika"},"schema":{"@context":"https:\/\/schema.org","@graph":[{"@type":"Article","@id":"https:\/\/kibrisdakik.com\/?p=96574#article","isPartOf":{"@id":"https:\/\/kibrisdakik.com\/?p=96574"},"author":{"name":"admin","@id":"https:\/\/kibrisdakik.com\/#\/schema\/person\/9cd9d437bbb44f72b73ba127e06d8e79"},"headline":"ARIKLI: ERKEN SE\u00c7\u0130M KA\u00c7INILMAZ HALE GELD\u0130","datePublished":"2025-10-22T07:51:12+00:00","mainEntityOfPage":{"@id":"https:\/\/kibrisdakik.com\/?p=96574"},"wordCount":256,"commentCount":0,"image":{"@id":"https:\/\/kibrisdakik.com\/?p=96574#primaryimage"},"thumbnailUrl":"https:\/\/kibrisdakik.com\/wp-content\/uploads\/2025\/10\/mha-sari-beyaz-125.png","articleSection":["K\u0131br\u0131s"],"inLanguage":"tr","potentialAction":[{"@type":"CommentAction","name":"Comment","target":["https:\/\/kibrisdakik.com\/?p=96574#respond"]}]},{"@type":"WebPage","@id":"https:\/\/kibrisdakik.com\/?p=96574","url":"https:\/\/kibrisdakik.com\/?p=96574","name":"ARIKLI: ERKEN SE\u00c7\u0130M KA\u00c7INILMAZ HALE GELD\u0130 -","isPartOf":{"@id":"https:\/\/kibrisdakik.com\/#website"},"primaryImageOfPage":{"@id":"https:\/\/kibrisdakik.com\/?p=96574#primaryimage"},"image":{"@id":"https:\/\/kibrisdakik.com\/?p=96574#primaryimage"},"thumbnailUrl":"https:\/\/kibrisdakik.com\/wp-content\/uploads\/2025\/10\/mha-sari-beyaz-125.png","datePublished":"2025-10-22T07:51:12+00:00","author":{"@id":"https:\/\/kibrisdakik.com\/#\/schema\/person\/9cd9d437bbb44f72b73ba127e06d8e79"},"breadcrumb":{"@id":"https:\/\/kibrisdakik.com\/?p=96574#breadcrumb"},"inLanguage":"tr","potentialAction":[{"@type":"ReadAction","target":["https:\/\/kibrisdakik.com\/?p=96574"]}]},{"@type":"ImageObject","inLanguage":"tr","@id":"https:\/\/kibrisdakik.com\/?p=96574#primaryimage","url":"https:\/\/kibrisdakik.com\/wp-content\/uploads\/2025\/10\/mha-sari-beyaz-125.png","contentUrl":"https:\/\/kibrisdakik.com\/wp-content\/uploads\/2025\/10\/mha-sari-beyaz-125.png","width":1280,"height":720},{"@type":"BreadcrumbList","@id":"https:\/\/kibrisdakik.com\/?p=96574#breadcrumb","itemListElement":[{"@type":"ListItem","position":1,"name":"Home","item":"https:\/\/kibrisdakik.com\/"},{"@type":"ListItem","position":2,"name":"ARIKLI: ERKEN SE\u00c7\u0130M KA\u00c7INILMAZ HALE GELD\u0130"}]},{"@type":"WebSite","@id":"https:\/\/kibrisdakik.com\/#website","url":"https:\/\/kibrisdakik.com\/","name":"","description":"Tam vaktinde haber","potentialAction":[{"@type":"SearchAction","target":{"@type":"EntryPoint","urlTemplate":"https:\/\/kibrisdakik.com\/?s={search_term_string}"},"query-input":{"@type":"PropertyValueSpecification","valueRequired":true,"valueName":"search_term_string"}}],"inLanguage":"tr"},{"@type":"Person","@id":"https:\/\/kibrisdakik.com\/#\/schema\/person\/9cd9d437bbb44f72b73ba127e06d8e79","name":"admin","image":{"@type":"ImageObject","inLanguage":"tr","@id":"https:\/\/secure.gravatar.com\/avatar\/ccc17943b9d660506c869530f897617f7cb1c21a4bf30023f252596d83e1f007?s=96&d=mm&r=g","url":"https:\/\/secure.gravatar.com\/avatar\/ccc17943b9d660506c869530f897617f7cb1c21a4bf30023f252596d83e1f007?s=96&d=mm&r=g","contentUrl":"https:\/\/secure.gravatar.com\/avatar\/ccc17943b9d660506c869530f897617f7cb1c21a4bf30023f252596d83e1f007?s=96&d=mm&r=g","caption":"admin"},"sameAs":["https:\/\/kibrisdakik.com"],"url":"https:\/\/kibrisdakik.com\/?author=1"}]}},"_links":{"self":[{"href":"https:\/\/kibrisdakik.com\/index.php?rest_route=\/wp\/v2\/posts\/96574","targetHints":{"allow":["GET"]}}],"collection":[{"href":"https:\/\/kibrisdakik.com\/index.php?rest_route=\/wp\/v2\/posts"}],"about":[{"href":"https:\/\/kibrisdakik.com\/index.php?rest_route=\/wp\/v2\/types\/post"}],"author":[{"embeddable":true,"href":"https:\/\/kibrisdakik.com\/index.php?rest_route=\/wp\/v2\/users\/1"}],"replies":[{"embeddable":true,"href":"https:\/\/kibrisdakik.com\/index.php?rest_route=%2Fwp%2Fv2%2Fcomments&post=96574"}],"version-history":[{"count":0,"href":"https:\/\/kibrisdakik.com\/index.php?rest_route=\/wp\/v2\/posts\/96574\/revisions"}],"wp:featuredmedia":[{"embeddable":true,"href":"https:\/\/kibrisdakik.com\/index.php?rest_route=\/wp\/v2\/media\/96575"}],"wp:attachment":[{"href":"https:\/\/kibrisdakik.com\/index.php?rest_route=%2Fwp%2Fv2%2Fmedia&parent=96574"}],"wp:term":[{"taxonomy":"category","embeddable":true,"href":"https:\/\/kibrisdakik.com\/index.php?rest_route=%2Fwp%2Fv2%2Fcategories&post=96574"},{"taxonomy":"post_tag","embeddable":true,"href":"https:\/\/kibrisdakik.com\/index.php?rest_route=%2Fwp%2Fv2%2Ftags&post=96574"}],"curies":[{"name":"wp","href":"https:\/\/api.w.org\/{rel}","templated":true}]}}