{"id":9670,"date":"2023-07-01T17:10:14","date_gmt":"2023-07-01T17:10:14","guid":{"rendered":"https:\/\/kibrisdakik.com\/index.php\/2023\/07\/01\/bugun-kurban-bayraminin-dorduncu-ve-son-gunu\/"},"modified":"2023-07-01T17:10:14","modified_gmt":"2023-07-01T17:10:14","slug":"bugun-kurban-bayraminin-dorduncu-ve-son-gunu","status":"publish","type":"post","link":"https:\/\/kibrisdakik.com\/?p=9670","title":{"rendered":"Bug\u00fcn Kurban Bayram\u0131\u2019n\u0131n d\u00f6rd\u00fcnc\u00fc ve son g\u00fcn\u00fc"},"content":{"rendered":"<p><\/p>\n<div>\n<div class=\"mariselle-image-container center\">\n                <img width=\"336\" height=\"244\" class=\"lazy-image\" alt=\"\" decoding=\"async\" loading=\"lazy\" sizes=\"auto, (max-width: 336px) 100vw, 336px\" src=\"https:\/\/brtk.net\/wp-content\/uploads\/2023\/06\/27\/kurban-111.jpg?ver=28fd426f413f375569ad05ce9c49f203\" srcset=\"https:\/\/brtk.net\/wp-content\/uploads\/2023\/06\/27\/kurban-111.jpg?ver=28fd426f413f375569ad05ce9c49f203 336w, https:\/\/brtk.net\/wp-content\/uploads\/2023\/06\/27\/kurban-111-300x218.jpg?ver=c2462173bb4f86cfa0e5ff8b316cb3ee 300w\"\/>                            <\/div>\n<p style=\"font-weight: 300;\">Bug\u00fcn Kurban Bayram\u0131\u2019n\u0131n d\u00f6rd\u00fcnc\u00fc ve son g\u00fcn\u00fc.<\/p>\n<p style=\"font-weight: 300;\">Kurban Bayram\u0131\u2019n\u0131n son g\u00fcn\u00fc olmas\u0131na ra\u011fmen, arifenin idari tatil verilmesi ve bayram\u0131n pazar g\u00fcn\u00fcyle birle\u015fmesi nedeniyle 6 g\u00fcne \u00e7\u0131kan tatilin ise son g\u00fcn\u00fc yar\u0131n.<\/p>\n<p style=\"font-weight: 300;\">Vatanda\u015flar bayram ziyaretlerini b\u00fcy\u00fck \u00f6l\u00e7\u00fcde tamamlarken, bug\u00fcn ve yar\u0131n\u0131 dinlenmeye ve deniz kenar\u0131nda serinlemeye ay\u0131racak.<\/p>\n<p style=\"font-weight: 300;\">Bu arada Polis Bas\u0131n Subayl\u0131\u011f\u0131 sosyal medya hesab\u0131ndan yay\u0131mlad\u0131\u011f\u0131 bildiriyle vatanda\u015flar\u0131 havalar\u0131n s\u0131cak seyretti\u011fi bu g\u00fcnlerde yang\u0131nlara kar\u015f\u0131 tedbirli olmalar\u0131 i\u00e7in uyard\u0131.<\/p>\n<p style=\"font-weight: 300;\">Polis ayr\u0131ca vatanda\u015flara \u201cTrafik kurallar\u0131na uymas\u0131, uymayanlar\u0131 uyarmas\u0131 ve alkoll\u00fcyken ara\u00e7 kullanmamas\u0131\u201d \u00e7a\u011fr\u0131s\u0131n\u0131 yineledi.<\/p>\n<p style=\"font-weight: 300;\">Meteoroloji Dairesi tahminlerine g\u00f6re,\u00a0<span style=\"font-weight: 300 !important;\">Havan\u0131n bug\u00fcn az bulutlu, \u00f6\u011fle saatleri par\u00e7al\u0131 bulutlu ve yer yer sa\u011fanak ya\u011fmurlu olmas\u0131 bekleniyor.<\/span><\/p>\n<p style=\"font-weight: 300;\">Belediyeler de bayram i\u00e7in \u00f6nlemlerini ald\u0131 ve hizmetlerini s\u00fcrd\u00fcr\u00fcyor.<\/p>\n<p style=\"font-weight: 300;\">6 g\u00fcnl\u00fck tatil, 3 Temmuz Pazartesi i\u015f ba\u015f\u0131 yap\u0131lmas\u0131yla sona erecek.<\/p>\n<\/p><\/div>\n<p><script async\n                    defer\n                    crossorigin=\"anonymous\"\n                    src=\"https:\/\/connect.facebook.net\/tr_TR\/sdk.js#xfbml=1&#038;version=v3.3\"\n            ><\/script><\/p>\n","protected":false},"excerpt":{"rendered":"<p>Bug\u00fcn Kurban Bayram\u0131\u2019n\u0131n d\u00f6rd\u00fcnc\u00fc ve son g\u00fcn\u00fc. Kurban Bayram\u0131\u2019n\u0131n son g\u00fcn\u00fc olmas\u0131na ra\u011fmen, arifenin idari tatil verilmesi ve bayram\u0131n pazar g\u00fcn\u00fcyle birle\u015fmesi nedeniyle 6 g\u00fcne \u00e7\u0131kan tatilin ise son g\u00fcn\u00fc yar\u0131n. Vatanda\u015flar bayram ziyaretlerini b\u00fcy\u00fck \u00f6l\u00e7\u00fcde tamamlarken, bug\u00fcn ve yar\u0131n\u0131 dinlenmeye ve deniz kenar\u0131nda serinlemeye ay\u0131racak. Bu arada Polis Bas\u0131n Subayl\u0131\u011f\u0131 sosyal medya hesab\u0131ndan yay\u0131mlad\u0131\u011f\u0131<\/p>\n","protected":false},"author":1,"featured_media":9517,"comment_status":"open","ping_status":"open","sticky":false,"template":"","format":"standard","meta":{"footnotes":""},"categories":[1],"tags":[],"class_list":["post-9670","post","type-post","status-publish","format-standard","has-post-thumbnail","hentry","category-gundem"],"yoast_head":"<!-- This site is optimized with the Yoast SEO plugin v27.5 - https:\/\/yoast.com\/product\/yoast-seo-wordpress\/ -->\n<title>Bug\u00fcn Kurban Bayram\u0131\u2019n\u0131n d\u00f6rd\u00fcnc\u00fc ve son g\u00fcn\u00fc -<\/title>\n<meta name=\"robots\" content=\"index, follow, max-snippet:-1, max-image-preview:large, max-video-preview:-1\" \/>\n<link rel=\"canonical\" href=\"https:\/\/kibrisdakik.com\/?p=9670\" \/>\n<meta property=\"og:locale\" content=\"tr_TR\" \/>\n<meta property=\"og:type\" content=\"article\" \/>\n<meta property=\"og:title\" content=\"Bug\u00fcn Kurban Bayram\u0131\u2019n\u0131n d\u00f6rd\u00fcnc\u00fc ve son g\u00fcn\u00fc -\" \/>\n<meta property=\"og:description\" content=\"Bug\u00fcn Kurban Bayram\u0131\u2019n\u0131n d\u00f6rd\u00fcnc\u00fc ve son g\u00fcn\u00fc. Kurban Bayram\u0131\u2019n\u0131n son g\u00fcn\u00fc olmas\u0131na ra\u011fmen, arifenin idari tatil verilmesi ve bayram\u0131n pazar g\u00fcn\u00fcyle birle\u015fmesi nedeniyle 6 g\u00fcne \u00e7\u0131kan tatilin ise son g\u00fcn\u00fc yar\u0131n. Vatanda\u015flar bayram ziyaretlerini b\u00fcy\u00fck \u00f6l\u00e7\u00fcde tamamlarken, bug\u00fcn ve yar\u0131n\u0131 dinlenmeye ve deniz kenar\u0131nda serinlemeye ay\u0131racak. Bu arada Polis Bas\u0131n Subayl\u0131\u011f\u0131 sosyal medya hesab\u0131ndan yay\u0131mlad\u0131\u011f\u0131\" \/>\n<meta property=\"og:url\" content=\"https:\/\/kibrisdakik.com\/?p=9670\" \/>\n<meta property=\"article:published_time\" content=\"2023-07-01T17:10:14+00:00\" \/>\n<meta property=\"og:image\" content=\"https:\/\/kibrisdakik.com\/wp-content\/uploads\/2023\/06\/kurban-111.jpg\" \/>\n\t<meta property=\"og:image:width\" content=\"336\" \/>\n\t<meta property=\"og:image:height\" content=\"244\" \/>\n\t<meta property=\"og:image:type\" content=\"image\/jpeg\" \/>\n<meta name=\"author\" content=\"admin\" \/>\n<meta name=\"twitter:card\" content=\"summary_large_image\" \/>\n<meta name=\"twitter:label1\" content=\"Yazan:\" \/>\n\t<meta name=\"twitter:data1\" content=\"admin\" \/>\n\t<meta name=\"twitter:label2\" content=\"Tahmini okuma s\u00fcresi\" \/>\n\t<meta name=\"twitter:data2\" content=\"1 dakika\" \/>\n<script type=\"application\/ld+json\" class=\"yoast-schema-graph\">{\"@context\":\"https:\\\/\\\/schema.org\",\"@graph\":[{\"@type\":\"Article\",\"@id\":\"https:\\\/\\\/kibrisdakik.com\\\/?p=9670#article\",\"isPartOf\":{\"@id\":\"https:\\\/\\\/kibrisdakik.com\\\/?p=9670\"},\"author\":{\"name\":\"admin\",\"@id\":\"https:\\\/\\\/kibrisdakik.com\\\/#\\\/schema\\\/person\\\/9cd9d437bbb44f72b73ba127e06d8e79\"},\"headline\":\"Bug\u00fcn Kurban Bayram\u0131\u2019n\u0131n d\u00f6rd\u00fcnc\u00fc ve son g\u00fcn\u00fc\",\"datePublished\":\"2023-07-01T17:10:14+00:00\",\"mainEntityOfPage\":{\"@id\":\"https:\\\/\\\/kibrisdakik.com\\\/?p=9670\"},\"wordCount\":188,\"commentCount\":0,\"image\":{\"@id\":\"https:\\\/\\\/kibrisdakik.com\\\/?p=9670#primaryimage\"},\"thumbnailUrl\":\"https:\\\/\\\/kibrisdakik.com\\\/wp-content\\\/uploads\\\/2023\\\/06\\\/kurban-111.jpg\",\"articleSection\":[\"G\u00fcndem\"],\"inLanguage\":\"tr\",\"potentialAction\":[{\"@type\":\"CommentAction\",\"name\":\"Comment\",\"target\":[\"https:\\\/\\\/kibrisdakik.com\\\/?p=9670#respond\"]}]},{\"@type\":\"WebPage\",\"@id\":\"https:\\\/\\\/kibrisdakik.com\\\/?p=9670\",\"url\":\"https:\\\/\\\/kibrisdakik.com\\\/?p=9670\",\"name\":\"Bug\u00fcn Kurban Bayram\u0131\u2019n\u0131n d\u00f6rd\u00fcnc\u00fc ve son g\u00fcn\u00fc -\",\"isPartOf\":{\"@id\":\"https:\\\/\\\/kibrisdakik.com\\\/#website\"},\"primaryImageOfPage\":{\"@id\":\"https:\\\/\\\/kibrisdakik.com\\\/?p=9670#primaryimage\"},\"image\":{\"@id\":\"https:\\\/\\\/kibrisdakik.com\\\/?p=9670#primaryimage\"},\"thumbnailUrl\":\"https:\\\/\\\/kibrisdakik.com\\\/wp-content\\\/uploads\\\/2023\\\/06\\\/kurban-111.jpg\",\"datePublished\":\"2023-07-01T17:10:14+00:00\",\"author\":{\"@id\":\"https:\\\/\\\/kibrisdakik.com\\\/#\\\/schema\\\/person\\\/9cd9d437bbb44f72b73ba127e06d8e79\"},\"breadcrumb\":{\"@id\":\"https:\\\/\\\/kibrisdakik.com\\\/?p=9670#breadcrumb\"},\"inLanguage\":\"tr\",\"potentialAction\":[{\"@type\":\"ReadAction\",\"target\":[\"https:\\\/\\\/kibrisdakik.com\\\/?p=9670\"]}]},{\"@type\":\"ImageObject\",\"inLanguage\":\"tr\",\"@id\":\"https:\\\/\\\/kibrisdakik.com\\\/?p=9670#primaryimage\",\"url\":\"https:\\\/\\\/kibrisdakik.com\\\/wp-content\\\/uploads\\\/2023\\\/06\\\/kurban-111.jpg\",\"contentUrl\":\"https:\\\/\\\/kibrisdakik.com\\\/wp-content\\\/uploads\\\/2023\\\/06\\\/kurban-111.jpg\",\"width\":336,\"height\":244},{\"@type\":\"BreadcrumbList\",\"@id\":\"https:\\\/\\\/kibrisdakik.com\\\/?p=9670#breadcrumb\",\"itemListElement\":[{\"@type\":\"ListItem\",\"position\":1,\"name\":\"Home\",\"item\":\"https:\\\/\\\/kibrisdakik.com\\\/\"},{\"@type\":\"ListItem\",\"position\":2,\"name\":\"Bug\u00fcn Kurban Bayram\u0131\u2019n\u0131n d\u00f6rd\u00fcnc\u00fc ve son g\u00fcn\u00fc\"}]},{\"@type\":\"WebSite\",\"@id\":\"https:\\\/\\\/kibrisdakik.com\\\/#website\",\"url\":\"https:\\\/\\\/kibrisdakik.com\\\/\",\"name\":\"\",\"description\":\"Tam vaktinde haber\",\"potentialAction\":[{\"@type\":\"SearchAction\",\"target\":{\"@type\":\"EntryPoint\",\"urlTemplate\":\"https:\\\/\\\/kibrisdakik.com\\\/?s={search_term_string}\"},\"query-input\":{\"@type\":\"PropertyValueSpecification\",\"valueRequired\":true,\"valueName\":\"search_term_string\"}}],\"inLanguage\":\"tr\"},{\"@type\":\"Person\",\"@id\":\"https:\\\/\\\/kibrisdakik.com\\\/#\\\/schema\\\/person\\\/9cd9d437bbb44f72b73ba127e06d8e79\",\"name\":\"admin\",\"image\":{\"@type\":\"ImageObject\",\"inLanguage\":\"tr\",\"@id\":\"https:\\\/\\\/secure.gravatar.com\\\/avatar\\\/ccc17943b9d660506c869530f897617f7cb1c21a4bf30023f252596d83e1f007?s=96&d=mm&r=g\",\"url\":\"https:\\\/\\\/secure.gravatar.com\\\/avatar\\\/ccc17943b9d660506c869530f897617f7cb1c21a4bf30023f252596d83e1f007?s=96&d=mm&r=g\",\"contentUrl\":\"https:\\\/\\\/secure.gravatar.com\\\/avatar\\\/ccc17943b9d660506c869530f897617f7cb1c21a4bf30023f252596d83e1f007?s=96&d=mm&r=g\",\"caption\":\"admin\"},\"sameAs\":[\"https:\\\/\\\/kibrisdakik.com\"],\"url\":\"https:\\\/\\\/kibrisdakik.com\\\/?author=1\"}]}<\/script>\n<!-- \/ Yoast SEO plugin. -->","yoast_head_json":{"title":"Bug\u00fcn Kurban Bayram\u0131\u2019n\u0131n d\u00f6rd\u00fcnc\u00fc ve son g\u00fcn\u00fc -","robots":{"index":"index","follow":"follow","max-snippet":"max-snippet:-1","max-image-preview":"max-image-preview:large","max-video-preview":"max-video-preview:-1"},"canonical":"https:\/\/kibrisdakik.com\/?p=9670","og_locale":"tr_TR","og_type":"article","og_title":"Bug\u00fcn Kurban Bayram\u0131\u2019n\u0131n d\u00f6rd\u00fcnc\u00fc ve son g\u00fcn\u00fc -","og_description":"Bug\u00fcn Kurban Bayram\u0131\u2019n\u0131n d\u00f6rd\u00fcnc\u00fc ve son g\u00fcn\u00fc. Kurban Bayram\u0131\u2019n\u0131n son g\u00fcn\u00fc olmas\u0131na ra\u011fmen, arifenin idari tatil verilmesi ve bayram\u0131n pazar g\u00fcn\u00fcyle birle\u015fmesi nedeniyle 6 g\u00fcne \u00e7\u0131kan tatilin ise son g\u00fcn\u00fc yar\u0131n. Vatanda\u015flar bayram ziyaretlerini b\u00fcy\u00fck \u00f6l\u00e7\u00fcde tamamlarken, bug\u00fcn ve yar\u0131n\u0131 dinlenmeye ve deniz kenar\u0131nda serinlemeye ay\u0131racak. Bu arada Polis Bas\u0131n Subayl\u0131\u011f\u0131 sosyal medya hesab\u0131ndan yay\u0131mlad\u0131\u011f\u0131","og_url":"https:\/\/kibrisdakik.com\/?p=9670","article_published_time":"2023-07-01T17:10:14+00:00","og_image":[{"width":336,"height":244,"url":"https:\/\/kibrisdakik.com\/wp-content\/uploads\/2023\/06\/kurban-111.jpg","type":"image\/jpeg"}],"author":"admin","twitter_card":"summary_large_image","twitter_misc":{"Yazan:":"admin","Tahmini okuma s\u00fcresi":"1 dakika"},"schema":{"@context":"https:\/\/schema.org","@graph":[{"@type":"Article","@id":"https:\/\/kibrisdakik.com\/?p=9670#article","isPartOf":{"@id":"https:\/\/kibrisdakik.com\/?p=9670"},"author":{"name":"admin","@id":"https:\/\/kibrisdakik.com\/#\/schema\/person\/9cd9d437bbb44f72b73ba127e06d8e79"},"headline":"Bug\u00fcn Kurban Bayram\u0131\u2019n\u0131n d\u00f6rd\u00fcnc\u00fc ve son g\u00fcn\u00fc","datePublished":"2023-07-01T17:10:14+00:00","mainEntityOfPage":{"@id":"https:\/\/kibrisdakik.com\/?p=9670"},"wordCount":188,"commentCount":0,"image":{"@id":"https:\/\/kibrisdakik.com\/?p=9670#primaryimage"},"thumbnailUrl":"https:\/\/kibrisdakik.com\/wp-content\/uploads\/2023\/06\/kurban-111.jpg","articleSection":["G\u00fcndem"],"inLanguage":"tr","potentialAction":[{"@type":"CommentAction","name":"Comment","target":["https:\/\/kibrisdakik.com\/?p=9670#respond"]}]},{"@type":"WebPage","@id":"https:\/\/kibrisdakik.com\/?p=9670","url":"https:\/\/kibrisdakik.com\/?p=9670","name":"Bug\u00fcn Kurban Bayram\u0131\u2019n\u0131n d\u00f6rd\u00fcnc\u00fc ve son g\u00fcn\u00fc -","isPartOf":{"@id":"https:\/\/kibrisdakik.com\/#website"},"primaryImageOfPage":{"@id":"https:\/\/kibrisdakik.com\/?p=9670#primaryimage"},"image":{"@id":"https:\/\/kibrisdakik.com\/?p=9670#primaryimage"},"thumbnailUrl":"https:\/\/kibrisdakik.com\/wp-content\/uploads\/2023\/06\/kurban-111.jpg","datePublished":"2023-07-01T17:10:14+00:00","author":{"@id":"https:\/\/kibrisdakik.com\/#\/schema\/person\/9cd9d437bbb44f72b73ba127e06d8e79"},"breadcrumb":{"@id":"https:\/\/kibrisdakik.com\/?p=9670#breadcrumb"},"inLanguage":"tr","potentialAction":[{"@type":"ReadAction","target":["https:\/\/kibrisdakik.com\/?p=9670"]}]},{"@type":"ImageObject","inLanguage":"tr","@id":"https:\/\/kibrisdakik.com\/?p=9670#primaryimage","url":"https:\/\/kibrisdakik.com\/wp-content\/uploads\/2023\/06\/kurban-111.jpg","contentUrl":"https:\/\/kibrisdakik.com\/wp-content\/uploads\/2023\/06\/kurban-111.jpg","width":336,"height":244},{"@type":"BreadcrumbList","@id":"https:\/\/kibrisdakik.com\/?p=9670#breadcrumb","itemListElement":[{"@type":"ListItem","position":1,"name":"Home","item":"https:\/\/kibrisdakik.com\/"},{"@type":"ListItem","position":2,"name":"Bug\u00fcn Kurban Bayram\u0131\u2019n\u0131n d\u00f6rd\u00fcnc\u00fc ve son g\u00fcn\u00fc"}]},{"@type":"WebSite","@id":"https:\/\/kibrisdakik.com\/#website","url":"https:\/\/kibrisdakik.com\/","name":"","description":"Tam vaktinde haber","potentialAction":[{"@type":"SearchAction","target":{"@type":"EntryPoint","urlTemplate":"https:\/\/kibrisdakik.com\/?s={search_term_string}"},"query-input":{"@type":"PropertyValueSpecification","valueRequired":true,"valueName":"search_term_string"}}],"inLanguage":"tr"},{"@type":"Person","@id":"https:\/\/kibrisdakik.com\/#\/schema\/person\/9cd9d437bbb44f72b73ba127e06d8e79","name":"admin","image":{"@type":"ImageObject","inLanguage":"tr","@id":"https:\/\/secure.gravatar.com\/avatar\/ccc17943b9d660506c869530f897617f7cb1c21a4bf30023f252596d83e1f007?s=96&d=mm&r=g","url":"https:\/\/secure.gravatar.com\/avatar\/ccc17943b9d660506c869530f897617f7cb1c21a4bf30023f252596d83e1f007?s=96&d=mm&r=g","contentUrl":"https:\/\/secure.gravatar.com\/avatar\/ccc17943b9d660506c869530f897617f7cb1c21a4bf30023f252596d83e1f007?s=96&d=mm&r=g","caption":"admin"},"sameAs":["https:\/\/kibrisdakik.com"],"url":"https:\/\/kibrisdakik.com\/?author=1"}]}},"_links":{"self":[{"href":"https:\/\/kibrisdakik.com\/index.php?rest_route=\/wp\/v2\/posts\/9670","targetHints":{"allow":["GET"]}}],"collection":[{"href":"https:\/\/kibrisdakik.com\/index.php?rest_route=\/wp\/v2\/posts"}],"about":[{"href":"https:\/\/kibrisdakik.com\/index.php?rest_route=\/wp\/v2\/types\/post"}],"author":[{"embeddable":true,"href":"https:\/\/kibrisdakik.com\/index.php?rest_route=\/wp\/v2\/users\/1"}],"replies":[{"embeddable":true,"href":"https:\/\/kibrisdakik.com\/index.php?rest_route=%2Fwp%2Fv2%2Fcomments&post=9670"}],"version-history":[{"count":0,"href":"https:\/\/kibrisdakik.com\/index.php?rest_route=\/wp\/v2\/posts\/9670\/revisions"}],"wp:featuredmedia":[{"embeddable":true,"href":"https:\/\/kibrisdakik.com\/index.php?rest_route=\/wp\/v2\/media\/9517"}],"wp:attachment":[{"href":"https:\/\/kibrisdakik.com\/index.php?rest_route=%2Fwp%2Fv2%2Fmedia&parent=9670"}],"wp:term":[{"taxonomy":"category","embeddable":true,"href":"https:\/\/kibrisdakik.com\/index.php?rest_route=%2Fwp%2Fv2%2Fcategories&post=9670"},{"taxonomy":"post_tag","embeddable":true,"href":"https:\/\/kibrisdakik.com\/index.php?rest_route=%2Fwp%2Fv2%2Ftags&post=9670"}],"curies":[{"name":"wp","href":"https:\/\/api.w.org\/{rel}","templated":true}]}}