{"id":96719,"date":"2025-10-23T08:07:00","date_gmt":"2025-10-23T05:07:00","guid":{"rendered":"https:\/\/kibrisdakik.com\/index.php\/2025\/10\/23\/louvreun-ardindan-fransada-bir-muze-daha-soyuldu\/"},"modified":"2025-10-23T08:07:00","modified_gmt":"2025-10-23T05:07:00","slug":"louvreun-ardindan-fransada-bir-muze-daha-soyuldu","status":"publish","type":"post","link":"https:\/\/kibrisdakik.com\/?p=96719","title":{"rendered":"Louvre&#039;un ard\u0131ndan Fransa&#039;da bir m\u00fcze daha soyuldu"},"content":{"rendered":"<p><\/p>\n<div class=\"news-content\">\n<p>\n\tFransa\u2019n\u0131n kamu yay\u0131n kurulu\u015fu Franceinfo\u2019nun bildirdi\u011fine g\u00f6re, m\u00fcze \u00e7al\u0131\u015fanlar\u0131 pazartesi sabah\u0131 binan\u0131n \u00f6n kap\u0131s\u0131n\u0131n k\u0131r\u0131ld\u0131\u011f\u0131n\u0131 ve bir vitrinin par\u00e7aland\u0131\u011f\u0131n\u0131 fark etti. \u00c7al\u0131nan koleksiyonun, 2011 y\u0131l\u0131nda bina yenilenirken in\u015faat i\u015f\u00e7ileri taraf\u0131ndan bulunan **\u201chazine koleksiyonu\u201d**na ait oldu\u011fu belirtildi.<\/p>\n<p>\n\tYetkililere g\u00f6re, h\u0131rs\u0131zlar yaln\u0131zca de\u011ferli par\u00e7alar\u0131 hedef ald\u0131; m\u00fczede bulunan di\u011fer eserler yerinde b\u0131rak\u0131ld\u0131. \u00c7al\u0131nan 1.633 g\u00fcm\u00fc\u015f ve 319 alt\u0131n madeni paran\u0131n toplam de\u011ferinin yakla\u015f\u0131k 90 bin euro oldu\u011fu tahmin ediliyor.<\/p>\n<h2>\n\tG\u00fcvenlik zaaflar\u0131 tart\u0131\u015fma yaratt\u0131<\/h2>\n<p>\n\tLangres Belediyesi, soygunun \u201cplanl\u0131 ve hedefe y\u00f6nelik\u201d bir sald\u0131r\u0131 oldu\u011funu a\u00e7\u0131klad\u0131. Olay sonras\u0131 m\u00fcze ge\u00e7ici olarak kapat\u0131l\u0131rken, g\u00fcvenlik sistemlerinin yenilenmesi s\u00fcresince gece denetimleri i\u00e7in \u00f6zel bir g\u00fcvenlik firmas\u0131 g\u00f6revlendirildi.<\/p>\n<p>\n\tSon haftalarda Fransa\u2019da ya\u015fanan \u00fc\u00e7 b\u00fcy\u00fck m\u00fcze h\u0131rs\u0131zl\u0131\u011f\u0131, k\u00fclt\u00fcrel miras\u0131n korunmas\u0131na ili\u015fkin g\u00fcvenlik \u00f6nlemlerini yeniden g\u00fcndeme ta\u015f\u0131d\u0131.<\/p>\n<p>\n\t16 Ekim\u2019de, Paris\u2019teki Do\u011fa Tarihi Ulusal M\u00fczesinden 1,5 milyon euro de\u011ferinde alt\u0131n k\u00fcl\u00e7eler \u00e7al\u0131nd\u0131.<\/p>\n<p>\n\t19 Ekim\u2019de ise Louvre\u2019daki Napolyon d\u00f6nemine ait sekiz m\u00fccevher, g\u00fcnd\u00fcz vakti ger\u00e7ekle\u015ftirilen bir bask\u0131nla \u00e7al\u0131nd\u0131.<\/p>\n<p>\n\t21 Ekim\u2019de de Langres\u2019taki bu madeni para soygunu ya\u015fand\u0131.<\/p>\n<h2>\n\tSiyasilerden sert tepki<\/h2>\n<p>\n\tArt arda ya\u015fanan h\u0131rs\u0131zl\u0131klar, muhalefet partilerinden sert tepkilere neden oldu. Avrupa Parlamentosu \u00dcyesi Marion Mar\u00e9chal, Fransa\u2019n\u0131n \u201cd\u00fcnyan\u0131n alay konusu h\u00e2line geldi\u011fini\u201d s\u00f6yledi ve Louvre Direkt\u00f6r\u00fc Laurence Des Cars ile g\u00fcvenlik \u015fefi Dominique Buffin\u2019in istifas\u0131n\u0131 istedi.<\/p>\n<p>\n\tMar\u00e9chal, Des Cars\u2019\u0131 \u201cg\u00fcvenlik deneyimi yerine \u00e7e\u015fitlilik politikalar\u0131na \u00f6ncelik vermekle\u201d su\u00e7lad\u0131.<br \/>\n\tA\u015f\u0131r\u0131 sa\u011fc\u0131 Ulusal Birlik Partisi lideri Jordan Bardella ise Louvre soygununu \u201cdevletin \u00e7\u00f6k\u00fc\u015f\u00fcn\u00fcn yans\u0131mas\u0131 olan tahamm\u00fcl edilemez bir utan\u00e7\u201d olarak nitelendirdi.<\/p>\n<p>\n\tFransa K\u00fclt\u00fcr Bakanl\u0131\u011f\u0131\u2019n\u0131n, m\u00fcze g\u00fcvenlik protokollerinin yeniden de\u011ferlendirilmesi i\u00e7in \u00fclke genelinde bir inceleme ba\u015flatmas\u0131 bekleniyor.<\/p>\n<div class=\"news-tags\">\n<div class=\"title\">ET\u0130KETLER<\/div>\n<div class=\"tags\">\n                                                                            Fransa<br \/>\n                                                                            M\u00fcze\n                                                                    <\/div>\n<\/p><\/div>\n<\/p><\/div>\n","protected":false},"excerpt":{"rendered":"<p>Fransa\u2019n\u0131n kamu yay\u0131n kurulu\u015fu Franceinfo\u2019nun bildirdi\u011fine g\u00f6re, m\u00fcze \u00e7al\u0131\u015fanlar\u0131 pazartesi sabah\u0131 binan\u0131n \u00f6n kap\u0131s\u0131n\u0131n k\u0131r\u0131ld\u0131\u011f\u0131n\u0131 ve bir vitrinin par\u00e7aland\u0131\u011f\u0131n\u0131 fark etti. \u00c7al\u0131nan koleksiyonun, 2011 y\u0131l\u0131nda bina yenilenirken in\u015faat i\u015f\u00e7ileri taraf\u0131ndan bulunan **\u201chazine koleksiyonu\u201d**na ait oldu\u011fu belirtildi. Yetkililere g\u00f6re, h\u0131rs\u0131zlar yaln\u0131zca de\u011ferli par\u00e7alar\u0131 hedef ald\u0131; m\u00fczede bulunan di\u011fer eserler yerinde b\u0131rak\u0131ld\u0131. \u00c7al\u0131nan 1.633 g\u00fcm\u00fc\u015f ve 319<\/p>\n","protected":false},"author":1,"featured_media":96720,"comment_status":"open","ping_status":"open","sticky":false,"template":"","format":"standard","meta":{"footnotes":""},"categories":[306],"tags":[],"class_list":["post-96719","post","type-post","status-publish","format-standard","has-post-thumbnail","hentry","category-dunya"],"yoast_head":"<!-- This site is optimized with the Yoast SEO plugin v27.5 - https:\/\/yoast.com\/product\/yoast-seo-wordpress\/ -->\n<title>Louvre&#039;un ard\u0131ndan Fransa&#039;da bir m\u00fcze daha soyuldu -<\/title>\n<meta name=\"robots\" content=\"index, follow, max-snippet:-1, max-image-preview:large, max-video-preview:-1\" \/>\n<link rel=\"canonical\" href=\"https:\/\/kibrisdakik.com\/?p=96719\" \/>\n<meta property=\"og:locale\" content=\"tr_TR\" \/>\n<meta property=\"og:type\" content=\"article\" \/>\n<meta property=\"og:title\" content=\"Louvre&#039;un ard\u0131ndan Fransa&#039;da bir m\u00fcze daha soyuldu -\" \/>\n<meta property=\"og:description\" content=\"Fransa\u2019n\u0131n kamu yay\u0131n kurulu\u015fu Franceinfo\u2019nun bildirdi\u011fine g\u00f6re, m\u00fcze \u00e7al\u0131\u015fanlar\u0131 pazartesi sabah\u0131 binan\u0131n \u00f6n kap\u0131s\u0131n\u0131n k\u0131r\u0131ld\u0131\u011f\u0131n\u0131 ve bir vitrinin par\u00e7aland\u0131\u011f\u0131n\u0131 fark etti. \u00c7al\u0131nan koleksiyonun, 2011 y\u0131l\u0131nda bina yenilenirken in\u015faat i\u015f\u00e7ileri taraf\u0131ndan bulunan **\u201chazine koleksiyonu\u201d**na ait oldu\u011fu belirtildi. Yetkililere g\u00f6re, h\u0131rs\u0131zlar yaln\u0131zca de\u011ferli par\u00e7alar\u0131 hedef ald\u0131; m\u00fczede bulunan di\u011fer eserler yerinde b\u0131rak\u0131ld\u0131. \u00c7al\u0131nan 1.633 g\u00fcm\u00fc\u015f ve 319\" \/>\n<meta property=\"og:url\" content=\"https:\/\/kibrisdakik.com\/?p=96719\" \/>\n<meta property=\"article:published_time\" content=\"2025-10-23T05:07:00+00:00\" \/>\n<meta property=\"og:image\" content=\"https:\/\/kibrisdakik.com\/wp-content\/uploads\/2025\/10\/fransa-polis-aa-1759701.jpg\" \/>\n\t<meta property=\"og:image:width\" content=\"1280\" \/>\n\t<meta property=\"og:image:height\" content=\"720\" \/>\n\t<meta property=\"og:image:type\" content=\"image\/jpeg\" \/>\n<meta name=\"author\" content=\"admin\" \/>\n<meta name=\"twitter:card\" content=\"summary_large_image\" \/>\n<meta name=\"twitter:label1\" content=\"Yazan:\" \/>\n\t<meta name=\"twitter:data1\" content=\"admin\" \/>\n\t<meta name=\"twitter:label2\" content=\"Tahmini okuma s\u00fcresi\" \/>\n\t<meta name=\"twitter:data2\" content=\"2 dakika\" \/>\n<script type=\"application\/ld+json\" class=\"yoast-schema-graph\">{\"@context\":\"https:\\\/\\\/schema.org\",\"@graph\":[{\"@type\":\"Article\",\"@id\":\"https:\\\/\\\/kibrisdakik.com\\\/?p=96719#article\",\"isPartOf\":{\"@id\":\"https:\\\/\\\/kibrisdakik.com\\\/?p=96719\"},\"author\":{\"name\":\"admin\",\"@id\":\"https:\\\/\\\/kibrisdakik.com\\\/#\\\/schema\\\/person\\\/9cd9d437bbb44f72b73ba127e06d8e79\"},\"headline\":\"Louvre&#039;un ard\u0131ndan Fransa&#039;da bir m\u00fcze daha soyuldu\",\"datePublished\":\"2025-10-23T05:07:00+00:00\",\"mainEntityOfPage\":{\"@id\":\"https:\\\/\\\/kibrisdakik.com\\\/?p=96719\"},\"wordCount\":378,\"commentCount\":0,\"image\":{\"@id\":\"https:\\\/\\\/kibrisdakik.com\\\/?p=96719#primaryimage\"},\"thumbnailUrl\":\"https:\\\/\\\/kibrisdakik.com\\\/wp-content\\\/uploads\\\/2025\\\/10\\\/fransa-polis-aa-1759701.jpg\",\"articleSection\":[\"D\u00fcnya\"],\"inLanguage\":\"tr\",\"potentialAction\":[{\"@type\":\"CommentAction\",\"name\":\"Comment\",\"target\":[\"https:\\\/\\\/kibrisdakik.com\\\/?p=96719#respond\"]}]},{\"@type\":\"WebPage\",\"@id\":\"https:\\\/\\\/kibrisdakik.com\\\/?p=96719\",\"url\":\"https:\\\/\\\/kibrisdakik.com\\\/?p=96719\",\"name\":\"Louvre&#039;un ard\u0131ndan Fransa&#039;da bir m\u00fcze daha soyuldu -\",\"isPartOf\":{\"@id\":\"https:\\\/\\\/kibrisdakik.com\\\/#website\"},\"primaryImageOfPage\":{\"@id\":\"https:\\\/\\\/kibrisdakik.com\\\/?p=96719#primaryimage\"},\"image\":{\"@id\":\"https:\\\/\\\/kibrisdakik.com\\\/?p=96719#primaryimage\"},\"thumbnailUrl\":\"https:\\\/\\\/kibrisdakik.com\\\/wp-content\\\/uploads\\\/2025\\\/10\\\/fransa-polis-aa-1759701.jpg\",\"datePublished\":\"2025-10-23T05:07:00+00:00\",\"author\":{\"@id\":\"https:\\\/\\\/kibrisdakik.com\\\/#\\\/schema\\\/person\\\/9cd9d437bbb44f72b73ba127e06d8e79\"},\"breadcrumb\":{\"@id\":\"https:\\\/\\\/kibrisdakik.com\\\/?p=96719#breadcrumb\"},\"inLanguage\":\"tr\",\"potentialAction\":[{\"@type\":\"ReadAction\",\"target\":[\"https:\\\/\\\/kibrisdakik.com\\\/?p=96719\"]}]},{\"@type\":\"ImageObject\",\"inLanguage\":\"tr\",\"@id\":\"https:\\\/\\\/kibrisdakik.com\\\/?p=96719#primaryimage\",\"url\":\"https:\\\/\\\/kibrisdakik.com\\\/wp-content\\\/uploads\\\/2025\\\/10\\\/fransa-polis-aa-1759701.jpg\",\"contentUrl\":\"https:\\\/\\\/kibrisdakik.com\\\/wp-content\\\/uploads\\\/2025\\\/10\\\/fransa-polis-aa-1759701.jpg\",\"width\":1280,\"height\":720},{\"@type\":\"BreadcrumbList\",\"@id\":\"https:\\\/\\\/kibrisdakik.com\\\/?p=96719#breadcrumb\",\"itemListElement\":[{\"@type\":\"ListItem\",\"position\":1,\"name\":\"Home\",\"item\":\"https:\\\/\\\/kibrisdakik.com\\\/\"},{\"@type\":\"ListItem\",\"position\":2,\"name\":\"Louvre&#039;un ard\u0131ndan Fransa&#039;da bir m\u00fcze daha soyuldu\"}]},{\"@type\":\"WebSite\",\"@id\":\"https:\\\/\\\/kibrisdakik.com\\\/#website\",\"url\":\"https:\\\/\\\/kibrisdakik.com\\\/\",\"name\":\"\",\"description\":\"Tam vaktinde haber\",\"potentialAction\":[{\"@type\":\"SearchAction\",\"target\":{\"@type\":\"EntryPoint\",\"urlTemplate\":\"https:\\\/\\\/kibrisdakik.com\\\/?s={search_term_string}\"},\"query-input\":{\"@type\":\"PropertyValueSpecification\",\"valueRequired\":true,\"valueName\":\"search_term_string\"}}],\"inLanguage\":\"tr\"},{\"@type\":\"Person\",\"@id\":\"https:\\\/\\\/kibrisdakik.com\\\/#\\\/schema\\\/person\\\/9cd9d437bbb44f72b73ba127e06d8e79\",\"name\":\"admin\",\"image\":{\"@type\":\"ImageObject\",\"inLanguage\":\"tr\",\"@id\":\"https:\\\/\\\/secure.gravatar.com\\\/avatar\\\/ccc17943b9d660506c869530f897617f7cb1c21a4bf30023f252596d83e1f007?s=96&d=mm&r=g\",\"url\":\"https:\\\/\\\/secure.gravatar.com\\\/avatar\\\/ccc17943b9d660506c869530f897617f7cb1c21a4bf30023f252596d83e1f007?s=96&d=mm&r=g\",\"contentUrl\":\"https:\\\/\\\/secure.gravatar.com\\\/avatar\\\/ccc17943b9d660506c869530f897617f7cb1c21a4bf30023f252596d83e1f007?s=96&d=mm&r=g\",\"caption\":\"admin\"},\"sameAs\":[\"https:\\\/\\\/kibrisdakik.com\"],\"url\":\"https:\\\/\\\/kibrisdakik.com\\\/?author=1\"}]}<\/script>\n<!-- \/ Yoast SEO plugin. -->","yoast_head_json":{"title":"Louvre&#039;un ard\u0131ndan Fransa&#039;da bir m\u00fcze daha soyuldu -","robots":{"index":"index","follow":"follow","max-snippet":"max-snippet:-1","max-image-preview":"max-image-preview:large","max-video-preview":"max-video-preview:-1"},"canonical":"https:\/\/kibrisdakik.com\/?p=96719","og_locale":"tr_TR","og_type":"article","og_title":"Louvre&#039;un ard\u0131ndan Fransa&#039;da bir m\u00fcze daha soyuldu -","og_description":"Fransa\u2019n\u0131n kamu yay\u0131n kurulu\u015fu Franceinfo\u2019nun bildirdi\u011fine g\u00f6re, m\u00fcze \u00e7al\u0131\u015fanlar\u0131 pazartesi sabah\u0131 binan\u0131n \u00f6n kap\u0131s\u0131n\u0131n k\u0131r\u0131ld\u0131\u011f\u0131n\u0131 ve bir vitrinin par\u00e7aland\u0131\u011f\u0131n\u0131 fark etti. \u00c7al\u0131nan koleksiyonun, 2011 y\u0131l\u0131nda bina yenilenirken in\u015faat i\u015f\u00e7ileri taraf\u0131ndan bulunan **\u201chazine koleksiyonu\u201d**na ait oldu\u011fu belirtildi. Yetkililere g\u00f6re, h\u0131rs\u0131zlar yaln\u0131zca de\u011ferli par\u00e7alar\u0131 hedef ald\u0131; m\u00fczede bulunan di\u011fer eserler yerinde b\u0131rak\u0131ld\u0131. \u00c7al\u0131nan 1.633 g\u00fcm\u00fc\u015f ve 319","og_url":"https:\/\/kibrisdakik.com\/?p=96719","article_published_time":"2025-10-23T05:07:00+00:00","og_image":[{"width":1280,"height":720,"url":"https:\/\/kibrisdakik.com\/wp-content\/uploads\/2025\/10\/fransa-polis-aa-1759701.jpg","type":"image\/jpeg"}],"author":"admin","twitter_card":"summary_large_image","twitter_misc":{"Yazan:":"admin","Tahmini okuma s\u00fcresi":"2 dakika"},"schema":{"@context":"https:\/\/schema.org","@graph":[{"@type":"Article","@id":"https:\/\/kibrisdakik.com\/?p=96719#article","isPartOf":{"@id":"https:\/\/kibrisdakik.com\/?p=96719"},"author":{"name":"admin","@id":"https:\/\/kibrisdakik.com\/#\/schema\/person\/9cd9d437bbb44f72b73ba127e06d8e79"},"headline":"Louvre&#039;un ard\u0131ndan Fransa&#039;da bir m\u00fcze daha soyuldu","datePublished":"2025-10-23T05:07:00+00:00","mainEntityOfPage":{"@id":"https:\/\/kibrisdakik.com\/?p=96719"},"wordCount":378,"commentCount":0,"image":{"@id":"https:\/\/kibrisdakik.com\/?p=96719#primaryimage"},"thumbnailUrl":"https:\/\/kibrisdakik.com\/wp-content\/uploads\/2025\/10\/fransa-polis-aa-1759701.jpg","articleSection":["D\u00fcnya"],"inLanguage":"tr","potentialAction":[{"@type":"CommentAction","name":"Comment","target":["https:\/\/kibrisdakik.com\/?p=96719#respond"]}]},{"@type":"WebPage","@id":"https:\/\/kibrisdakik.com\/?p=96719","url":"https:\/\/kibrisdakik.com\/?p=96719","name":"Louvre&#039;un ard\u0131ndan Fransa&#039;da bir m\u00fcze daha soyuldu -","isPartOf":{"@id":"https:\/\/kibrisdakik.com\/#website"},"primaryImageOfPage":{"@id":"https:\/\/kibrisdakik.com\/?p=96719#primaryimage"},"image":{"@id":"https:\/\/kibrisdakik.com\/?p=96719#primaryimage"},"thumbnailUrl":"https:\/\/kibrisdakik.com\/wp-content\/uploads\/2025\/10\/fransa-polis-aa-1759701.jpg","datePublished":"2025-10-23T05:07:00+00:00","author":{"@id":"https:\/\/kibrisdakik.com\/#\/schema\/person\/9cd9d437bbb44f72b73ba127e06d8e79"},"breadcrumb":{"@id":"https:\/\/kibrisdakik.com\/?p=96719#breadcrumb"},"inLanguage":"tr","potentialAction":[{"@type":"ReadAction","target":["https:\/\/kibrisdakik.com\/?p=96719"]}]},{"@type":"ImageObject","inLanguage":"tr","@id":"https:\/\/kibrisdakik.com\/?p=96719#primaryimage","url":"https:\/\/kibrisdakik.com\/wp-content\/uploads\/2025\/10\/fransa-polis-aa-1759701.jpg","contentUrl":"https:\/\/kibrisdakik.com\/wp-content\/uploads\/2025\/10\/fransa-polis-aa-1759701.jpg","width":1280,"height":720},{"@type":"BreadcrumbList","@id":"https:\/\/kibrisdakik.com\/?p=96719#breadcrumb","itemListElement":[{"@type":"ListItem","position":1,"name":"Home","item":"https:\/\/kibrisdakik.com\/"},{"@type":"ListItem","position":2,"name":"Louvre&#039;un ard\u0131ndan Fransa&#039;da bir m\u00fcze daha soyuldu"}]},{"@type":"WebSite","@id":"https:\/\/kibrisdakik.com\/#website","url":"https:\/\/kibrisdakik.com\/","name":"","description":"Tam vaktinde haber","potentialAction":[{"@type":"SearchAction","target":{"@type":"EntryPoint","urlTemplate":"https:\/\/kibrisdakik.com\/?s={search_term_string}"},"query-input":{"@type":"PropertyValueSpecification","valueRequired":true,"valueName":"search_term_string"}}],"inLanguage":"tr"},{"@type":"Person","@id":"https:\/\/kibrisdakik.com\/#\/schema\/person\/9cd9d437bbb44f72b73ba127e06d8e79","name":"admin","image":{"@type":"ImageObject","inLanguage":"tr","@id":"https:\/\/secure.gravatar.com\/avatar\/ccc17943b9d660506c869530f897617f7cb1c21a4bf30023f252596d83e1f007?s=96&d=mm&r=g","url":"https:\/\/secure.gravatar.com\/avatar\/ccc17943b9d660506c869530f897617f7cb1c21a4bf30023f252596d83e1f007?s=96&d=mm&r=g","contentUrl":"https:\/\/secure.gravatar.com\/avatar\/ccc17943b9d660506c869530f897617f7cb1c21a4bf30023f252596d83e1f007?s=96&d=mm&r=g","caption":"admin"},"sameAs":["https:\/\/kibrisdakik.com"],"url":"https:\/\/kibrisdakik.com\/?author=1"}]}},"_links":{"self":[{"href":"https:\/\/kibrisdakik.com\/index.php?rest_route=\/wp\/v2\/posts\/96719","targetHints":{"allow":["GET"]}}],"collection":[{"href":"https:\/\/kibrisdakik.com\/index.php?rest_route=\/wp\/v2\/posts"}],"about":[{"href":"https:\/\/kibrisdakik.com\/index.php?rest_route=\/wp\/v2\/types\/post"}],"author":[{"embeddable":true,"href":"https:\/\/kibrisdakik.com\/index.php?rest_route=\/wp\/v2\/users\/1"}],"replies":[{"embeddable":true,"href":"https:\/\/kibrisdakik.com\/index.php?rest_route=%2Fwp%2Fv2%2Fcomments&post=96719"}],"version-history":[{"count":0,"href":"https:\/\/kibrisdakik.com\/index.php?rest_route=\/wp\/v2\/posts\/96719\/revisions"}],"wp:featuredmedia":[{"embeddable":true,"href":"https:\/\/kibrisdakik.com\/index.php?rest_route=\/wp\/v2\/media\/96720"}],"wp:attachment":[{"href":"https:\/\/kibrisdakik.com\/index.php?rest_route=%2Fwp%2Fv2%2Fmedia&parent=96719"}],"wp:term":[{"taxonomy":"category","embeddable":true,"href":"https:\/\/kibrisdakik.com\/index.php?rest_route=%2Fwp%2Fv2%2Fcategories&post=96719"},{"taxonomy":"post_tag","embeddable":true,"href":"https:\/\/kibrisdakik.com\/index.php?rest_route=%2Fwp%2Fv2%2Ftags&post=96719"}],"curies":[{"name":"wp","href":"https:\/\/api.w.org\/{rel}","templated":true}]}}